{"id":9648,"date":"2023-06-22T03:13:00","date_gmt":"2023-06-22T03:13:00","guid":{"rendered":"https:\/\/revistaliterariaelgatonegro.com\/?p=9648"},"modified":"2023-06-20T15:14:46","modified_gmt":"2023-06-20T15:14:46","slug":"el-museo-thyssen-bornemisza-y-udit-unen-grandes-obras-de-la-pintura-y-formacion-en-el-diseno-de-moda","status":"publish","type":"post","link":"https:\/\/revistaliterariaelgatonegro.com\/?p=9648","title":{"rendered":"El Museo Thyssen-Bornemisza y UDIT unen grandes obras de la pintura y formaci\u00f3n en el dise\u00f1o de moda"},"content":{"rendered":"\n<p>El Museo Nacional Thyssen-Bornemisza y UDIT, Universidad de Dise\u00f1o y Tecnolog\u00eda se han unido para desarrollar una colaboraci\u00f3n \u00fanica a trav\u00e9s de la cual m\u00e1s de 50 alumnos del Grado Universitario Oficial en Dise\u00f1o de Moda reinterpretar\u00e1n diferentes obras de la colecci\u00f3n permanente del museo, pertenecientes a las \u00e9pocas impresionista y renacentista, para convertirlas en protagonistas de las colecciones que se presentar\u00e1n en los desfiles de UDIT en la pasarela Mercedes-Benz Fashion Week Madrid de septiembre de 2023 y febrero de 2024.<\/p>\n\n\n\n<figure class=\"wp-block-image alignleft size-large is-resized\"><img decoding=\"async\" src=\"https:\/\/revistaliterariaelgatonegro.com\/wp-content\/uploads\/2023\/06\/Visita-de-los-alumnos-de-los-grados-al-Museo-Thyssen-700x467.jpg\" alt=\"\" class=\"wp-image-9655\" width=\"525\" height=\"350\" srcset=\"https:\/\/revistaliterariaelgatonegro.com\/wp-content\/uploads\/2023\/06\/Visita-de-los-alumnos-de-los-grados-al-Museo-Thyssen-700x467.jpg 700w, https:\/\/revistaliterariaelgatonegro.com\/wp-content\/uploads\/2023\/06\/Visita-de-los-alumnos-de-los-grados-al-Museo-Thyssen-300x200.jpg 300w, https:\/\/revistaliterariaelgatonegro.com\/wp-content\/uploads\/2023\/06\/Visita-de-los-alumnos-de-los-grados-al-Museo-Thyssen-scaled-64x43.jpg 64w, https:\/\/revistaliterariaelgatonegro.com\/wp-content\/uploads\/2023\/06\/Visita-de-los-alumnos-de-los-grados-al-Museo-Thyssen-768x512.jpg 768w, https:\/\/revistaliterariaelgatonegro.com\/wp-content\/uploads\/2023\/06\/Visita-de-los-alumnos-de-los-grados-al-Museo-Thyssen-1536x1024.jpg 1536w, https:\/\/revistaliterariaelgatonegro.com\/wp-content\/uploads\/2023\/06\/Visita-de-los-alumnos-de-los-grados-al-Museo-Thyssen-2048x1365.jpg 2048w, https:\/\/revistaliterariaelgatonegro.com\/wp-content\/uploads\/2023\/06\/Visita-de-los-alumnos-de-los-grados-al-Museo-Thyssen-1800x1200.jpg 1800w\" sizes=\"(max-width: 525px) 100vw, 525px\" \/><\/figure>\n\n\n\n<p>El acuerdo, firmado por Evelio Acevedo, director gerente del Museo Thyssen-Bornemisza, y Rosa P\u00e9rez Sanz, presidenta de UDIT, engloba adem\u00e1s otras dos \u00e1reas formativas de la universidad: Dise\u00f1o Gr\u00e1fico y Dise\u00f1o de Producto. Los alumnos de estas \u00e1reas han podido trabajar en diferentes proyectos de dise\u00f1o que tendr\u00e1n la oportunidad de ser expuestos y vendidos en la tienda del Museo Thyssen- Bornemisza pr\u00f3ximamente.<\/p>\n\n\n\n<p>La colaboraci\u00f3n acad\u00e9mica entre UDIT y el Museo Thyssen comenz\u00f3 en el mes de febrero de este a\u00f1o, cuando los alumnos del Grado en Dise\u00f1o de Moda tuvieron la oportunidad de disfrutar de varias visitas privadas en las que se les explicaron las corrientes art\u00edsticas del Renacimiento y el Impresionismo, mostr\u00e1ndoles las obras m\u00e1s representativas de cada una de ellas. A partir de ese momento, comenz\u00f3 el proceso de documentaci\u00f3n, investigaci\u00f3n y trabajo de sus diferentes colecciones que ha contado con el acompa\u00f1amiento de profesores y profesionales de la universidad y el museo.<\/p>\n\n\n\n<p>En el acuerdo de colaboraci\u00f3n tambi\u00e9n se recoge la publicaci\u00f3n de un libro editado por la universidad y el museo, la organizaci\u00f3n de una sesi\u00f3n de fotos en el propio museo que se llevar\u00e1 a cabo con las piezas dise\u00f1adas por los alumnos y la exhibici\u00f3n de algunas de estas prendas en la tienda del Thyssen.<\/p>\n\n\n\n<figure class=\"wp-block-image alignright size-large is-resized\"><img decoding=\"async\" src=\"https:\/\/revistaliterariaelgatonegro.com\/wp-content\/uploads\/2023\/06\/Evelio-Acevedo-director-gerente-del-Museo-Thyssen-Bornemisza-y-Rosa-Perez-Sanz-presidenta-de-UDIT-700x467.jpg\" alt=\"\" class=\"wp-image-9653\" width=\"525\" height=\"350\" srcset=\"https:\/\/revistaliterariaelgatonegro.com\/wp-content\/uploads\/2023\/06\/Evelio-Acevedo-director-gerente-del-Museo-Thyssen-Bornemisza-y-Rosa-Perez-Sanz-presidenta-de-UDIT-700x467.jpg 700w, https:\/\/revistaliterariaelgatonegro.com\/wp-content\/uploads\/2023\/06\/Evelio-Acevedo-director-gerente-del-Museo-Thyssen-Bornemisza-y-Rosa-Perez-Sanz-presidenta-de-UDIT-300x200.jpg 300w, https:\/\/revistaliterariaelgatonegro.com\/wp-content\/uploads\/2023\/06\/Evelio-Acevedo-director-gerente-del-Museo-Thyssen-Bornemisza-y-Rosa-Perez-Sanz-presidenta-de-UDIT-scaled-64x43.jpg 64w, https:\/\/revistaliterariaelgatonegro.com\/wp-content\/uploads\/2023\/06\/Evelio-Acevedo-director-gerente-del-Museo-Thyssen-Bornemisza-y-Rosa-Perez-Sanz-presidenta-de-UDIT-768x512.jpg 768w, https:\/\/revistaliterariaelgatonegro.com\/wp-content\/uploads\/2023\/06\/Evelio-Acevedo-director-gerente-del-Museo-Thyssen-Bornemisza-y-Rosa-Perez-Sanz-presidenta-de-UDIT-1536x1024.jpg 1536w, https:\/\/revistaliterariaelgatonegro.com\/wp-content\/uploads\/2023\/06\/Evelio-Acevedo-director-gerente-del-Museo-Thyssen-Bornemisza-y-Rosa-Perez-Sanz-presidenta-de-UDIT-2048x1365.jpg 2048w, https:\/\/revistaliterariaelgatonegro.com\/wp-content\/uploads\/2023\/06\/Evelio-Acevedo-director-gerente-del-Museo-Thyssen-Bornemisza-y-Rosa-Perez-Sanz-presidenta-de-UDIT-1800x1200.jpg 1800w\" sizes=\"(max-width: 525px) 100vw, 525px\" \/><figcaption class=\"wp-element-caption\">Evelio Acevedo y Rosa P\u00e9rez, en una sala del Museo Thyssen<\/figcaption><\/figure>\n\n\n\n<p>El objetivo principal de esta colaboraci\u00f3n es apoyar el talento de los j\u00f3venes dise\u00f1adores convirtiendo su trabajo en un escaparate de la imagen de la ciudad de Madrid, as\u00ed como acercar el arte a las nuevas generaciones a trav\u00e9s de la iniciativa.<\/p>\n\n\n\n<p>UDIT es la primera Universidad de Dise\u00f1o y Tecnolog\u00eda<strong> <\/strong>en Espa\u00f1a, impulsora de las industrias creativas, y representa la culminaci\u00f3n de los m\u00e1s de 20 a\u00f1os del proyecto educativo de ESNE. El mayor campus universitario especializado en Dise\u00f1o y Tecnolog\u00eda de Espa\u00f1a est\u00e1 ubicado en el coraz\u00f3n de Madrid y dispone de m\u00e1s de 13.000 m2 de instalaciones punteras. Esta instituci\u00f3n pionera cuenta en sus aulas con m\u00e1s de 2.300 estudiantes que se forman para convertirse en las nuevas generaciones que impulsen las industrias creativas.<\/p>\n\n\n\n<p>En el curso 2023-2024 la oferta formativa de UDIT la conformar\u00e1n nueve Grados universitarios Oficiales: Dise\u00f1o de Moda, Dise\u00f1o Multimedia y Gr\u00e1fico, Dise\u00f1o de Interiores, Dise\u00f1o de Producto, Dise\u00f1o y Desarrollo de Videojuegos y Entornos Virtuales, Dise\u00f1o Audiovisual e Ilustraci\u00f3n, Gesti\u00f3n y Comunicaci\u00f3n de la Moda, Animaci\u00f3n, Publicidad y Creaci\u00f3n de Marca.<\/p>\n\n\n\n<p>A nivel de postgrado, UDIT impartir\u00e1 en el pr\u00f3ximo curso siete M\u00e1steres Universitarios Oficiales: Experiencia de Usuario, Dise\u00f1o Gr\u00e1fico, Dise\u00f1o de Interiores, Ilustraci\u00f3n, Dise\u00f1o de Producto, Inteligencia Artificial y Dise\u00f1o de Moda.<\/p>\n\n\n\n<p>El Museo Nacional Thyssen-Bornemisza<strong> <\/strong>es la instituci\u00f3n p\u00fablica que alberga una de las colecciones pict\u00f3ricas m\u00e1s importantes del mundo, con casi 900 obras de arte reunidas a lo largo de siete d\u00e9cadas por la familia Thyssen-Bornemisza. El Estado espa\u00f1ol adquiri\u00f3 la colecci\u00f3n en 1993. Durero, Rafael, Tiziano, Rembrandt, Caravaggio, Monet, R\u00e9noir, C\u00e9zanne, Van Gogh, Morisot, Picasso, Hopper, Rothko\u2026 son algunos de los grandes nombres de la historia de la pintura presentes en el museo, que ofrece un recorrido por la historia del arte occidental desde el siglo XII al XX. Desde 2004 el museo tambi\u00e9n exhibe obras en alquiler de la colecci\u00f3n privada de la Baronesa Carmen Thyssen-Bornemisza.<\/p>\n","protected":false},"excerpt":{"rendered":"<p>El Museo Nacional Thyssen-Bornemisza y UDIT, Universidad de Dise\u00f1o y Tecnolog\u00eda se han unido para desarrollar una colaboraci\u00f3n<\/p>\n","protected":false},"author":1,"featured_media":9651,"comment_status":"open","ping_status":"open","sticky":false,"template":"","format":"standard","meta":{"footnotes":""},"categories":[119,35],"tags":[],"class_list":["post-9648","post","type-post","status-publish","format-standard","has-post-thumbnail","hentry","category-hablamos-de-2","category-pintura"],"yoast_head":"<!-- This site is optimized with the Yoast SEO plugin v27.4 - https:\/\/yoast.com\/product\/yoast-seo-wordpress\/ -->\n<title>El Museo Thyssen-Bornemisza y UDIT unen grandes obras de la pintura y formaci\u00f3n en el dise\u00f1o de moda - REVISTA CULTURAL<\/title>\n<meta name=\"robots\" content=\"index, follow, max-snippet:-1, max-image-preview:large, max-video-preview:-1\" \/>\n<link rel=\"canonical\" href=\"https:\/\/revistaliterariaelgatonegro.com\/?p=9648\" \/>\n<meta property=\"og:locale\" content=\"es_ES\" \/>\n<meta property=\"og:type\" content=\"article\" \/>\n<meta property=\"og:title\" content=\"El Museo Thyssen-Bornemisza y UDIT unen grandes obras de la pintura y formaci\u00f3n en el dise\u00f1o de moda - REVISTA CULTURAL\" \/>\n<meta property=\"og:description\" content=\"El Museo Nacional Thyssen-Bornemisza y UDIT, Universidad de Dise\u00f1o y Tecnolog\u00eda se han unido para desarrollar una colaboraci\u00f3n\" \/>\n<meta property=\"og:url\" content=\"https:\/\/revistaliterariaelgatonegro.com\/?p=9648\" \/>\n<meta property=\"og:site_name\" content=\"REVISTA CULTURAL\" \/>\n<meta property=\"article:published_time\" content=\"2023-06-22T03:13:00+00:00\" \/>\n<meta property=\"og:image\" content=\"https:\/\/revistaliterariaelgatonegro.com\/wp-content\/uploads\/2023\/06\/Thyssen-UDIT-Firma.jpg\" \/>\n\t<meta property=\"og:image:width\" content=\"1350\" \/>\n\t<meta property=\"og:image:height\" content=\"900\" \/>\n\t<meta property=\"og:image:type\" content=\"image\/jpeg\" \/>\n<meta name=\"author\" content=\"administrador\" \/>\n<meta name=\"twitter:card\" content=\"summary_large_image\" \/>\n<meta name=\"twitter:image\" content=\"https:\/\/revistaliterariaelgatonegro.com\/wp-content\/uploads\/2023\/06\/Thyssen-UDIT-Firma.jpg\" \/>\n<meta name=\"twitter:label1\" content=\"Escrito por\" \/>\n\t<meta name=\"twitter:data1\" content=\"\" \/>\n\t<meta name=\"twitter:label2\" content=\"Tiempo de lectura\" \/>\n\t<meta name=\"twitter:data2\" content=\"4 minutos\" \/>\n<script type=\"application\/ld+json\" class=\"yoast-schema-graph\">{\"@context\":\"https:\\\/\\\/schema.org\",\"@graph\":[{\"@type\":\"Article\",\"@id\":\"https:\\\/\\\/revistaliterariaelgatonegro.com\\\/?p=9648#article\",\"isPartOf\":{\"@id\":\"https:\\\/\\\/revistaliterariaelgatonegro.com\\\/?p=9648\"},\"author\":{\"name\":\"administrador\",\"@id\":\"https:\\\/\\\/revistaliterariaelgatonegro.com\\\/#\\\/schema\\\/person\\\/6a37dd51e0f101e394e91c123fd12e8a\"},\"headline\":\"El Museo Thyssen-Bornemisza y UDIT unen grandes obras de la pintura y formaci\u00f3n en el dise\u00f1o de moda\",\"datePublished\":\"2023-06-22T03:13:00+00:00\",\"mainEntityOfPage\":{\"@id\":\"https:\\\/\\\/revistaliterariaelgatonegro.com\\\/?p=9648\"},\"wordCount\":719,\"commentCount\":0,\"publisher\":{\"@id\":\"https:\\\/\\\/revistaliterariaelgatonegro.com\\\/#\\\/schema\\\/person\\\/6a37dd51e0f101e394e91c123fd12e8a\"},\"image\":{\"@id\":\"https:\\\/\\\/revistaliterariaelgatonegro.com\\\/?p=9648#primaryimage\"},\"thumbnailUrl\":\"https:\\\/\\\/revistaliterariaelgatonegro.com\\\/wp-content\\\/uploads\\\/2023\\\/06\\\/Thyssen-UDIT-Firma.jpg\",\"articleSection\":[\"Hablamos de...\",\"Pintura\"],\"inLanguage\":\"es\",\"potentialAction\":[{\"@type\":\"CommentAction\",\"name\":\"Comment\",\"target\":[\"https:\\\/\\\/revistaliterariaelgatonegro.com\\\/?p=9648#respond\"]}]},{\"@type\":\"WebPage\",\"@id\":\"https:\\\/\\\/revistaliterariaelgatonegro.com\\\/?p=9648\",\"url\":\"https:\\\/\\\/revistaliterariaelgatonegro.com\\\/?p=9648\",\"name\":\"El Museo Thyssen-Bornemisza y UDIT unen grandes obras de la pintura y formaci\u00f3n en el dise\u00f1o de moda - REVISTA CULTURAL\",\"isPartOf\":{\"@id\":\"https:\\\/\\\/revistaliterariaelgatonegro.com\\\/#website\"},\"primaryImageOfPage\":{\"@id\":\"https:\\\/\\\/revistaliterariaelgatonegro.com\\\/?p=9648#primaryimage\"},\"image\":{\"@id\":\"https:\\\/\\\/revistaliterariaelgatonegro.com\\\/?p=9648#primaryimage\"},\"thumbnailUrl\":\"https:\\\/\\\/revistaliterariaelgatonegro.com\\\/wp-content\\\/uploads\\\/2023\\\/06\\\/Thyssen-UDIT-Firma.jpg\",\"datePublished\":\"2023-06-22T03:13:00+00:00\",\"breadcrumb\":{\"@id\":\"https:\\\/\\\/revistaliterariaelgatonegro.com\\\/?p=9648#breadcrumb\"},\"inLanguage\":\"es\",\"potentialAction\":[{\"@type\":\"ReadAction\",\"target\":[\"https:\\\/\\\/revistaliterariaelgatonegro.com\\\/?p=9648\"]}]},{\"@type\":\"ImageObject\",\"inLanguage\":\"es\",\"@id\":\"https:\\\/\\\/revistaliterariaelgatonegro.com\\\/?p=9648#primaryimage\",\"url\":\"https:\\\/\\\/revistaliterariaelgatonegro.com\\\/wp-content\\\/uploads\\\/2023\\\/06\\\/Thyssen-UDIT-Firma.jpg\",\"contentUrl\":\"https:\\\/\\\/revistaliterariaelgatonegro.com\\\/wp-content\\\/uploads\\\/2023\\\/06\\\/Thyssen-UDIT-Firma.jpg\",\"width\":1350,\"height\":900},{\"@type\":\"BreadcrumbList\",\"@id\":\"https:\\\/\\\/revistaliterariaelgatonegro.com\\\/?p=9648#breadcrumb\",\"itemListElement\":[{\"@type\":\"ListItem\",\"position\":1,\"name\":\"Portada\",\"item\":\"https:\\\/\\\/revistaliterariaelgatonegro.com\\\/\"},{\"@type\":\"ListItem\",\"position\":2,\"name\":\"El Museo Thyssen-Bornemisza y UDIT unen grandes obras de la pintura y formaci\u00f3n en el dise\u00f1o de moda\"}]},{\"@type\":\"WebSite\",\"@id\":\"https:\\\/\\\/revistaliterariaelgatonegro.com\\\/#website\",\"url\":\"https:\\\/\\\/revistaliterariaelgatonegro.com\\\/\",\"name\":\"REVISTA CULTURAL\",\"description\":\" Un nuevo espacio para la divulgaci\u00f3n literaria, as\u00ed como dem\u00e1s artes \",\"publisher\":{\"@id\":\"https:\\\/\\\/revistaliterariaelgatonegro.com\\\/#\\\/schema\\\/person\\\/6a37dd51e0f101e394e91c123fd12e8a\"},\"potentialAction\":[{\"@type\":\"SearchAction\",\"target\":{\"@type\":\"EntryPoint\",\"urlTemplate\":\"https:\\\/\\\/revistaliterariaelgatonegro.com\\\/?s={search_term_string}\"},\"query-input\":{\"@type\":\"PropertyValueSpecification\",\"valueRequired\":true,\"valueName\":\"search_term_string\"}}],\"inLanguage\":\"es\"},{\"@type\":[\"Person\",\"Organization\"],\"@id\":\"https:\\\/\\\/revistaliterariaelgatonegro.com\\\/#\\\/schema\\\/person\\\/6a37dd51e0f101e394e91c123fd12e8a\",\"name\":\"administrador\",\"image\":{\"@type\":\"ImageObject\",\"inLanguage\":\"es\",\"@id\":\"https:\\\/\\\/revistaliterariaelgatonegro.com\\\/wp-content\\\/uploads\\\/2025\\\/12\\\/cropped-Logotipo-Logo-Marca-personal-Pastel-Amarillo-12-Photoroom.png\",\"url\":\"https:\\\/\\\/revistaliterariaelgatonegro.com\\\/wp-content\\\/uploads\\\/2025\\\/12\\\/cropped-Logotipo-Logo-Marca-personal-Pastel-Amarillo-12-Photoroom.png\",\"contentUrl\":\"https:\\\/\\\/revistaliterariaelgatonegro.com\\\/wp-content\\\/uploads\\\/2025\\\/12\\\/cropped-Logotipo-Logo-Marca-personal-Pastel-Amarillo-12-Photoroom.png\",\"width\":364,\"height\":212,\"caption\":\"administrador\"},\"logo\":{\"@id\":\"https:\\\/\\\/revistaliterariaelgatonegro.com\\\/wp-content\\\/uploads\\\/2025\\\/12\\\/cropped-Logotipo-Logo-Marca-personal-Pastel-Amarillo-12-Photoroom.png\"},\"sameAs\":[\"http:\\\/\\\/s864831950.mialojamiento.es\"]}]}<\/script>\n<!-- \/ Yoast SEO plugin. -->","yoast_head_json":{"title":"El Museo Thyssen-Bornemisza y UDIT unen grandes obras de la pintura y formaci\u00f3n en el dise\u00f1o de moda - REVISTA CULTURAL","robots":{"index":"index","follow":"follow","max-snippet":"max-snippet:-1","max-image-preview":"max-image-preview:large","max-video-preview":"max-video-preview:-1"},"canonical":"https:\/\/revistaliterariaelgatonegro.com\/?p=9648","og_locale":"es_ES","og_type":"article","og_title":"El Museo Thyssen-Bornemisza y UDIT unen grandes obras de la pintura y formaci\u00f3n en el dise\u00f1o de moda - REVISTA CULTURAL","og_description":"El Museo Nacional Thyssen-Bornemisza y UDIT, Universidad de Dise\u00f1o y Tecnolog\u00eda se han unido para desarrollar una colaboraci\u00f3n","og_url":"https:\/\/revistaliterariaelgatonegro.com\/?p=9648","og_site_name":"REVISTA CULTURAL","article_published_time":"2023-06-22T03:13:00+00:00","og_image":[{"width":1350,"height":900,"url":"https:\/\/revistaliterariaelgatonegro.com\/wp-content\/uploads\/2023\/06\/Thyssen-UDIT-Firma.jpg","type":"image\/jpeg"}],"author":"administrador","twitter_card":"summary_large_image","twitter_image":"https:\/\/revistaliterariaelgatonegro.com\/wp-content\/uploads\/2023\/06\/Thyssen-UDIT-Firma.jpg","twitter_misc":{"Escrito por":false,"Tiempo de lectura":"4 minutos"},"schema":{"@context":"https:\/\/schema.org","@graph":[{"@type":"Article","@id":"https:\/\/revistaliterariaelgatonegro.com\/?p=9648#article","isPartOf":{"@id":"https:\/\/revistaliterariaelgatonegro.com\/?p=9648"},"author":{"name":"administrador","@id":"https:\/\/revistaliterariaelgatonegro.com\/#\/schema\/person\/6a37dd51e0f101e394e91c123fd12e8a"},"headline":"El Museo Thyssen-Bornemisza y UDIT unen grandes obras de la pintura y formaci\u00f3n en el dise\u00f1o de moda","datePublished":"2023-06-22T03:13:00+00:00","mainEntityOfPage":{"@id":"https:\/\/revistaliterariaelgatonegro.com\/?p=9648"},"wordCount":719,"commentCount":0,"publisher":{"@id":"https:\/\/revistaliterariaelgatonegro.com\/#\/schema\/person\/6a37dd51e0f101e394e91c123fd12e8a"},"image":{"@id":"https:\/\/revistaliterariaelgatonegro.com\/?p=9648#primaryimage"},"thumbnailUrl":"https:\/\/revistaliterariaelgatonegro.com\/wp-content\/uploads\/2023\/06\/Thyssen-UDIT-Firma.jpg","articleSection":["Hablamos de...","Pintura"],"inLanguage":"es","potentialAction":[{"@type":"CommentAction","name":"Comment","target":["https:\/\/revistaliterariaelgatonegro.com\/?p=9648#respond"]}]},{"@type":"WebPage","@id":"https:\/\/revistaliterariaelgatonegro.com\/?p=9648","url":"https:\/\/revistaliterariaelgatonegro.com\/?p=9648","name":"El Museo Thyssen-Bornemisza y UDIT unen grandes obras de la pintura y formaci\u00f3n en el dise\u00f1o de moda - REVISTA CULTURAL","isPartOf":{"@id":"https:\/\/revistaliterariaelgatonegro.com\/#website"},"primaryImageOfPage":{"@id":"https:\/\/revistaliterariaelgatonegro.com\/?p=9648#primaryimage"},"image":{"@id":"https:\/\/revistaliterariaelgatonegro.com\/?p=9648#primaryimage"},"thumbnailUrl":"https:\/\/revistaliterariaelgatonegro.com\/wp-content\/uploads\/2023\/06\/Thyssen-UDIT-Firma.jpg","datePublished":"2023-06-22T03:13:00+00:00","breadcrumb":{"@id":"https:\/\/revistaliterariaelgatonegro.com\/?p=9648#breadcrumb"},"inLanguage":"es","potentialAction":[{"@type":"ReadAction","target":["https:\/\/revistaliterariaelgatonegro.com\/?p=9648"]}]},{"@type":"ImageObject","inLanguage":"es","@id":"https:\/\/revistaliterariaelgatonegro.com\/?p=9648#primaryimage","url":"https:\/\/revistaliterariaelgatonegro.com\/wp-content\/uploads\/2023\/06\/Thyssen-UDIT-Firma.jpg","contentUrl":"https:\/\/revistaliterariaelgatonegro.com\/wp-content\/uploads\/2023\/06\/Thyssen-UDIT-Firma.jpg","width":1350,"height":900},{"@type":"BreadcrumbList","@id":"https:\/\/revistaliterariaelgatonegro.com\/?p=9648#breadcrumb","itemListElement":[{"@type":"ListItem","position":1,"name":"Portada","item":"https:\/\/revistaliterariaelgatonegro.com\/"},{"@type":"ListItem","position":2,"name":"El Museo Thyssen-Bornemisza y UDIT unen grandes obras de la pintura y formaci\u00f3n en el dise\u00f1o de moda"}]},{"@type":"WebSite","@id":"https:\/\/revistaliterariaelgatonegro.com\/#website","url":"https:\/\/revistaliterariaelgatonegro.com\/","name":"REVISTA CULTURAL","description":" Un nuevo espacio para la divulgaci\u00f3n literaria, as\u00ed como dem\u00e1s artes ","publisher":{"@id":"https:\/\/revistaliterariaelgatonegro.com\/#\/schema\/person\/6a37dd51e0f101e394e91c123fd12e8a"},"potentialAction":[{"@type":"SearchAction","target":{"@type":"EntryPoint","urlTemplate":"https:\/\/revistaliterariaelgatonegro.com\/?s={search_term_string}"},"query-input":{"@type":"PropertyValueSpecification","valueRequired":true,"valueName":"search_term_string"}}],"inLanguage":"es"},{"@type":["Person","Organization"],"@id":"https:\/\/revistaliterariaelgatonegro.com\/#\/schema\/person\/6a37dd51e0f101e394e91c123fd12e8a","name":"administrador","image":{"@type":"ImageObject","inLanguage":"es","@id":"https:\/\/revistaliterariaelgatonegro.com\/wp-content\/uploads\/2025\/12\/cropped-Logotipo-Logo-Marca-personal-Pastel-Amarillo-12-Photoroom.png","url":"https:\/\/revistaliterariaelgatonegro.com\/wp-content\/uploads\/2025\/12\/cropped-Logotipo-Logo-Marca-personal-Pastel-Amarillo-12-Photoroom.png","contentUrl":"https:\/\/revistaliterariaelgatonegro.com\/wp-content\/uploads\/2025\/12\/cropped-Logotipo-Logo-Marca-personal-Pastel-Amarillo-12-Photoroom.png","width":364,"height":212,"caption":"administrador"},"logo":{"@id":"https:\/\/revistaliterariaelgatonegro.com\/wp-content\/uploads\/2025\/12\/cropped-Logotipo-Logo-Marca-personal-Pastel-Amarillo-12-Photoroom.png"},"sameAs":["http:\/\/s864831950.mialojamiento.es"]}]}},"featured_image_urls":{"full":["https:\/\/revistaliterariaelgatonegro.com\/wp-content\/uploads\/2023\/06\/Thyssen-UDIT-Firma.jpg",1350,900,false],"thumbnail":["https:\/\/revistaliterariaelgatonegro.com\/wp-content\/uploads\/2023\/06\/Thyssen-UDIT-Firma-150x150.jpg",150,150,true],"medium":["https:\/\/revistaliterariaelgatonegro.com\/wp-content\/uploads\/2023\/06\/Thyssen-UDIT-Firma-300x200.jpg",300,200,true],"medium_large":["https:\/\/revistaliterariaelgatonegro.com\/wp-content\/uploads\/2023\/06\/Thyssen-UDIT-Firma-768x512.jpg",640,427,true],"large":["https:\/\/revistaliterariaelgatonegro.com\/wp-content\/uploads\/2023\/06\/Thyssen-UDIT-Firma-700x467.jpg",640,427,true],"1536x1536":["https:\/\/revistaliterariaelgatonegro.com\/wp-content\/uploads\/2023\/06\/Thyssen-UDIT-Firma.jpg",1350,900,false],"2048x2048":["https:\/\/revistaliterariaelgatonegro.com\/wp-content\/uploads\/2023\/06\/Thyssen-UDIT-Firma.jpg",1350,900,false],"morenews-large":["https:\/\/revistaliterariaelgatonegro.com\/wp-content\/uploads\/2023\/06\/Thyssen-UDIT-Firma.jpg",825,550,false],"morenews-medium":["https:\/\/revistaliterariaelgatonegro.com\/wp-content\/uploads\/2023\/06\/Thyssen-UDIT-Firma.jpg",590,393,false],"woocommerce_thumbnail":["https:\/\/revistaliterariaelgatonegro.com\/wp-content\/uploads\/2023\/06\/Thyssen-UDIT-Firma-300x200.jpg",300,200,true],"woocommerce_single":["https:\/\/revistaliterariaelgatonegro.com\/wp-content\/uploads\/2023\/06\/Thyssen-UDIT-Firma-300x200.jpg",300,200,true],"woocommerce_gallery_thumbnail":["https:\/\/revistaliterariaelgatonegro.com\/wp-content\/uploads\/2023\/06\/Thyssen-UDIT-Firma-100x100.jpg",100,100,true],"dgwt-wcas-product-suggestion":["https:\/\/revistaliterariaelgatonegro.com\/wp-content\/uploads\/2023\/06\/Thyssen-UDIT-Firma-64x43.jpg",64,43,true]},"author_info":{"display_name":false,"author_link":"https:\/\/revistaliterariaelgatonegro.com\/?author=1"},"category_info":"<a href=\"https:\/\/revistaliterariaelgatonegro.com\/?cat=119\" rel=\"category\">Hablamos de...<\/a> <a href=\"https:\/\/revistaliterariaelgatonegro.com\/?cat=35\" rel=\"category\">Pintura<\/a>","tag_info":"Pintura","comment_count":"0","_links":{"self":[{"href":"https:\/\/revistaliterariaelgatonegro.com\/index.php?rest_route=\/wp\/v2\/posts\/9648","targetHints":{"allow":["GET"]}}],"collection":[{"href":"https:\/\/revistaliterariaelgatonegro.com\/index.php?rest_route=\/wp\/v2\/posts"}],"about":[{"href":"https:\/\/revistaliterariaelgatonegro.com\/index.php?rest_route=\/wp\/v2\/types\/post"}],"author":[{"embeddable":true,"href":"https:\/\/revistaliterariaelgatonegro.com\/index.php?rest_route=\/wp\/v2\/users\/1"}],"replies":[{"embeddable":true,"href":"https:\/\/revistaliterariaelgatonegro.com\/index.php?rest_route=%2Fwp%2Fv2%2Fcomments&post=9648"}],"version-history":[{"count":5,"href":"https:\/\/revistaliterariaelgatonegro.com\/index.php?rest_route=\/wp\/v2\/posts\/9648\/revisions"}],"predecessor-version":[{"id":9657,"href":"https:\/\/revistaliterariaelgatonegro.com\/index.php?rest_route=\/wp\/v2\/posts\/9648\/revisions\/9657"}],"wp:featuredmedia":[{"embeddable":true,"href":"https:\/\/revistaliterariaelgatonegro.com\/index.php?rest_route=\/wp\/v2\/media\/9651"}],"wp:attachment":[{"href":"https:\/\/revistaliterariaelgatonegro.com\/index.php?rest_route=%2Fwp%2Fv2%2Fmedia&parent=9648"}],"wp:term":[{"taxonomy":"category","embeddable":true,"href":"https:\/\/revistaliterariaelgatonegro.com\/index.php?rest_route=%2Fwp%2Fv2%2Fcategories&post=9648"},{"taxonomy":"post_tag","embeddable":true,"href":"https:\/\/revistaliterariaelgatonegro.com\/index.php?rest_route=%2Fwp%2Fv2%2Ftags&post=9648"}],"curies":[{"name":"wp","href":"https:\/\/api.w.org\/{rel}","templated":true}]}}