{"id":6908,"date":"2022-11-28T15:07:15","date_gmt":"2022-11-28T15:07:15","guid":{"rendered":"https:\/\/revistaliterariaelgatonegro.com\/?p=6908"},"modified":"2022-11-28T20:30:31","modified_gmt":"2022-11-28T20:30:31","slug":"buster-keaton-vuelve-a-espana-con-el-estreno-en-madrid-de-paseando-a-buster","status":"publish","type":"post","link":"https:\/\/revistaliterariaelgatonegro.com\/?p=6908","title":{"rendered":"<strong>Buster Keaton vuelve a Espa\u00f1a con el estreno en Madrid de\u00a0<em>Paseando a Buster<\/em><\/strong>"},"content":{"rendered":"\n<p class=\"has-text-align-center has-secondary-color has-text-color has-medium-font-size\"><strong>&nbsp;\u00abEl Teatro Tom\u00e1s y Valiente acoge su llegada el 10 de diciembre bajo la direcci\u00f3n de Susana Alcantud\u00bb<\/strong><\/p>\n\n\n\n<p>El deseo de acercar la cultura a las zonas rurales que tuvieron los poetas de la Generaci\u00f3n del 27 volver\u00e1 a revivir con el estreno de&nbsp;<em>Paseando a Buster<\/em>&nbsp;en el Teatro Tom\u00e1s y Valiente de Fuenlabrada el pr\u00f3ximo&nbsp;10 de diciembre. Se trata de una idea original de&nbsp;Davel Puente&nbsp;y una propuesta de la&nbsp;compa\u00f1\u00eda Goutas Teatro&nbsp;que busca recuperar la sensaci\u00f3n de asombro del p\u00fablico a trav\u00e9s de&nbsp;comedia sin palabras, m\u00fasica en directo, proyecciones y momentos participativos para toda la familia.<\/p>\n\n\n\n<figure class=\"wp-block-image aligncenter size-large\"><img decoding=\"async\" width=\"700\" height=\"696\" src=\"https:\/\/revistaliterariaelgatonegro.com\/wp-content\/uploads\/2022\/11\/Fotografia-de-Gabrielle-Lubtchansky-2-700x696.jpg\" alt=\"\" class=\"wp-image-6834\" srcset=\"https:\/\/revistaliterariaelgatonegro.com\/wp-content\/uploads\/2022\/11\/Fotografia-de-Gabrielle-Lubtchansky-2-700x696.jpg 700w, https:\/\/revistaliterariaelgatonegro.com\/wp-content\/uploads\/2022\/11\/Fotografia-de-Gabrielle-Lubtchansky-2-300x298.jpg 300w, https:\/\/revistaliterariaelgatonegro.com\/wp-content\/uploads\/2022\/11\/Fotografia-de-Gabrielle-Lubtchansky-2-scaled-100x100.jpg 100w, https:\/\/revistaliterariaelgatonegro.com\/wp-content\/uploads\/2022\/11\/Fotografia-de-Gabrielle-Lubtchansky-2-scaled-64x64.jpg 64w, https:\/\/revistaliterariaelgatonegro.com\/wp-content\/uploads\/2022\/11\/Fotografia-de-Gabrielle-Lubtchansky-2-150x150.jpg 150w, https:\/\/revistaliterariaelgatonegro.com\/wp-content\/uploads\/2022\/11\/Fotografia-de-Gabrielle-Lubtchansky-2-768x764.jpg 768w, https:\/\/revistaliterariaelgatonegro.com\/wp-content\/uploads\/2022\/11\/Fotografia-de-Gabrielle-Lubtchansky-2-1536x1528.jpg 1536w, https:\/\/revistaliterariaelgatonegro.com\/wp-content\/uploads\/2022\/11\/Fotografia-de-Gabrielle-Lubtchansky-2-2048x2037.jpg 2048w, https:\/\/revistaliterariaelgatonegro.com\/wp-content\/uploads\/2022\/11\/Fotografia-de-Gabrielle-Lubtchansky-2-1800x1791.jpg 1800w\" sizes=\"(max-width: 700px) 100vw, 700px\" \/><\/figure>\n\n\n\n<p>Bajo la direcci\u00f3n de Susana Alcantud&nbsp;(<em>SpyMonkey, The Last Baguette<\/em>), esta obra homenajea tambi\u00e9n al cine mudo de Keaton apostando por el silencio del gesto, sus gags c\u00f3micos y su relaci\u00f3n con Espa\u00f1a. Su protagonista es&nbsp;Jaime Pastor, quien interpreta a un&nbsp;cineasta que sue\u00f1a con viajar a lugares alejados de la capital para proyectar sus pel\u00edculas, como lo hicieran en su d\u00eda las Misiones Pedag\u00f3gicas de la II Rep\u00fablica en Espa\u00f1a. En su recorrido, una serie de accidentes y malas ideas har\u00e1n que&nbsp;la pel\u00edcula vaya cobrando vida delante de los ojos de todos los espectadores y espectadoras.<\/p>\n\n\n\n<p><em>Paseando a Buster<\/em>&nbsp;habla de la&nbsp;identidad&nbsp;y de la importancia de fracasa para aprender&nbsp;y se ha ido gestando en&nbsp;varias residencias en espacios de Par\u00eds&nbsp;(donde pr\u00f3ximamente llegar\u00e1 al Theatre de l&#8217;echo),&nbsp;Toulouse, Montreal, Barcelona y Extremadura. Antes de su estreno en Fuenlabrada, tendr\u00e1 3 fechas previas en las que se mostrar\u00e1 en forma de&nbsp;<em>work in progress<\/em>. Ser\u00e1n los d\u00edas 20 de noviembre en Bustarviejo, 2 de diciembre en Vallecas y 3 de diciembre en Alcal\u00e1 de Henares.<\/p>\n\n\n\n<p class=\"has-text-align-center has-secondary-color has-text-color has-medium-font-size\">\u00ab<strong>Jaime Pastor protagoniza este peque\u00f1o recorrido por el cine mudo y las Misiones Pedag\u00f3gicas de la II Rep\u00fablica<\/strong>\u00ab.<\/p>\n\n\n\n<p>Para completar esta historia llena de comedia, improvisaci\u00f3n y surrealismo, el viaje a trav\u00e9s del cine y el teatro cuenta tambi\u00e9n con el trabajo de&nbsp;Roberto del Castar&nbsp;en v\u00eddeo y asistencia de direcci\u00f3n,&nbsp;Avner Eisenberg&nbsp;y&nbsp;Misha Usov&nbsp;en mirada externa,&nbsp;Gabriel Hermo&nbsp;en escenograf\u00eda,&nbsp;Ezequiel Nobili&nbsp;en iluminaci\u00f3n y&nbsp;\u00c1ngela Lobato&nbsp;en asesor\u00eda musical.<\/p>\n\n\n\n<figure class=\"wp-block-image aligncenter size-large is-resized\"><img decoding=\"async\" src=\"https:\/\/revistaliterariaelgatonegro.com\/wp-content\/uploads\/2022\/11\/Fotografia-de-Gabrielle-Lubtchansky-1-700x538.jpg\" alt=\"\" class=\"wp-image-6832\" width=\"700\" height=\"538\" srcset=\"https:\/\/revistaliterariaelgatonegro.com\/wp-content\/uploads\/2022\/11\/Fotografia-de-Gabrielle-Lubtchansky-1-700x538.jpg 700w, https:\/\/revistaliterariaelgatonegro.com\/wp-content\/uploads\/2022\/11\/Fotografia-de-Gabrielle-Lubtchansky-1-300x231.jpg 300w, https:\/\/revistaliterariaelgatonegro.com\/wp-content\/uploads\/2022\/11\/Fotografia-de-Gabrielle-Lubtchansky-1-scaled-64x49.jpg 64w, https:\/\/revistaliterariaelgatonegro.com\/wp-content\/uploads\/2022\/11\/Fotografia-de-Gabrielle-Lubtchansky-1-768x590.jpg 768w, https:\/\/revistaliterariaelgatonegro.com\/wp-content\/uploads\/2022\/11\/Fotografia-de-Gabrielle-Lubtchansky-1-1536x1181.jpg 1536w, https:\/\/revistaliterariaelgatonegro.com\/wp-content\/uploads\/2022\/11\/Fotografia-de-Gabrielle-Lubtchansky-1-2048x1574.jpg 2048w, https:\/\/revistaliterariaelgatonegro.com\/wp-content\/uploads\/2022\/11\/Fotografia-de-Gabrielle-Lubtchansky-1-1800x1384.jpg 1800w\" sizes=\"(max-width: 700px) 100vw, 700px\" \/><\/figure>\n\n\n\n<p>Goutas Teatro, una compa\u00f1\u00eda que tiene el objetivo de poner las historias del pueblo, del teatro de nuestra cultura popular, dentro del panorama internacional y profesional.&nbsp;Fundada por Jaime Pastor, en la actualidad perteneciente a compa\u00f1\u00edas como Slava&#8217;s Snowshow o Nova Lux,&nbsp;Goutas tiene sus or\u00edgenes en el mundo itinerante del teatro y el circo, donde surgi\u00f3 la inspiraci\u00f3n para esta obra. Adem\u00e1s, su fascinaci\u00f3n por Buster Keaton y por la educaci\u00f3n popular les conect\u00f3 con las Misiones Pedag\u00f3gicas republicanas. Lorca, Luis Cernuda o Mar\u00eda Zambrano ten\u00edan una misi\u00f3n\u2026 hoy la terminaremos.<\/p>\n\n\n\n<p class=\"has-text-align-center has-secondary-color has-text-color has-medium-font-size\"><strong>\u00abLa compa\u00f1\u00eda Goutas Teatro apuesta por la comedia sin palabras, las proyecciones y la m\u00fasica en directo\u00bb.<\/strong><\/p>\n\n\n\n<figure class=\"wp-block-image aligncenter size-large\"><img decoding=\"async\" width=\"700\" height=\"665\" src=\"https:\/\/revistaliterariaelgatonegro.com\/wp-content\/uploads\/2022\/11\/Fotografia-de-Gabrielle-Lubtchansky-22-700x665.jpg\" alt=\"\" class=\"wp-image-6833\" srcset=\"https:\/\/revistaliterariaelgatonegro.com\/wp-content\/uploads\/2022\/11\/Fotografia-de-Gabrielle-Lubtchansky-22-700x665.jpg 700w, https:\/\/revistaliterariaelgatonegro.com\/wp-content\/uploads\/2022\/11\/Fotografia-de-Gabrielle-Lubtchansky-22-300x285.jpg 300w, https:\/\/revistaliterariaelgatonegro.com\/wp-content\/uploads\/2022\/11\/Fotografia-de-Gabrielle-Lubtchansky-22-scaled-64x61.jpg 64w, https:\/\/revistaliterariaelgatonegro.com\/wp-content\/uploads\/2022\/11\/Fotografia-de-Gabrielle-Lubtchansky-22-768x729.jpg 768w, https:\/\/revistaliterariaelgatonegro.com\/wp-content\/uploads\/2022\/11\/Fotografia-de-Gabrielle-Lubtchansky-22-1536x1459.jpg 1536w, https:\/\/revistaliterariaelgatonegro.com\/wp-content\/uploads\/2022\/11\/Fotografia-de-Gabrielle-Lubtchansky-22-2048x1945.jpg 2048w, https:\/\/revistaliterariaelgatonegro.com\/wp-content\/uploads\/2022\/11\/Fotografia-de-Gabrielle-Lubtchansky-22-1800x1709.jpg 1800w\" sizes=\"(max-width: 700px) 100vw, 700px\" \/><\/figure>\n\n\n\n<p>Lorca, Cernuda, Bu\u00f1uel y Zambrano ten\u00edan una misi\u00f3n: llegar a los pueblos m\u00e1s lejanos y olvidados de Espa\u00f1a llevando m\u00fasica, libros y pel\u00edculas de Buster Keaton. Hoy terminaremos lo que ellos empezaron. Las Misiones Pedag\u00f3gicas inspiran este espect\u00e1culo de comedia f\u00edsica, m\u00fasica en directo, proyecciones y accidentes&#8230; muchos accidentes y malas ideas de nuestro h\u00e9roe que har\u00e1 que la pel\u00edcula de cine mudo cobre vida delante de los espectadores.&nbsp;\u00a1Atenci\u00f3n!:&nbsp;<em>Paseando a Buster<\/em>&nbsp;contiene escenas de ca\u00eddas, resbalones y tropiezos pero ning\u00fan actor ha sido maltratado. Son todos profesionales. Esperemos.<\/p>\n\n\n\n<p>[dflip id=\u00bb6914&#8243; ][\/dflip]<\/p>\n","protected":false},"excerpt":{"rendered":"<p>&nbsp;\u00abEl Teatro Tom\u00e1s y Valiente acoge su llegada el 10 de diciembre bajo la direcci\u00f3n de Susana Alcantud\u00bb<\/p>\n","protected":false},"author":1,"featured_media":6913,"comment_status":"open","ping_status":"open","sticky":false,"template":"","format":"standard","meta":{"footnotes":""},"categories":[75,49],"tags":[],"class_list":["post-6908","post","type-post","status-publish","format-standard","has-post-thumbnail","hentry","category-cine","category-novedades-literarias"],"yoast_head":"<!-- This site is optimized with the Yoast SEO plugin v27.4 - https:\/\/yoast.com\/product\/yoast-seo-wordpress\/ -->\n<title>Buster Keaton vuelve a Espa\u00f1a con el estreno en Madrid de\u00a0Paseando a Buster - REVISTA CULTURAL<\/title>\n<meta name=\"robots\" content=\"index, follow, max-snippet:-1, max-image-preview:large, max-video-preview:-1\" \/>\n<link rel=\"canonical\" href=\"https:\/\/revistaliterariaelgatonegro.com\/?p=6908\" \/>\n<meta property=\"og:locale\" content=\"es_ES\" \/>\n<meta property=\"og:type\" content=\"article\" \/>\n<meta property=\"og:title\" content=\"Buster Keaton vuelve a Espa\u00f1a con el estreno en Madrid de\u00a0Paseando a Buster - REVISTA CULTURAL\" \/>\n<meta property=\"og:description\" content=\"&nbsp;\u00abEl Teatro Tom\u00e1s y Valiente acoge su llegada el 10 de diciembre bajo la direcci\u00f3n de Susana Alcantud\u00bb\" \/>\n<meta property=\"og:url\" content=\"https:\/\/revistaliterariaelgatonegro.com\/?p=6908\" \/>\n<meta property=\"og:site_name\" content=\"REVISTA CULTURAL\" \/>\n<meta property=\"article:published_time\" content=\"2022-11-28T15:07:15+00:00\" \/>\n<meta property=\"article:modified_time\" content=\"2022-11-28T20:30:31+00:00\" \/>\n<meta property=\"og:image\" content=\"https:\/\/revistaliterariaelgatonegro.com\/wp-content\/uploads\/2022\/11\/paseando-a-1.jpeg\" \/>\n\t<meta property=\"og:image:width\" content=\"900\" \/>\n\t<meta property=\"og:image:height\" content=\"1200\" \/>\n\t<meta property=\"og:image:type\" content=\"image\/jpeg\" \/>\n<meta name=\"author\" content=\"administrador\" \/>\n<meta name=\"twitter:card\" content=\"summary_large_image\" \/>\n<meta name=\"twitter:image\" content=\"https:\/\/revistaliterariaelgatonegro.com\/wp-content\/uploads\/2022\/11\/paseando-a-1.jpeg\" \/>\n<meta name=\"twitter:label1\" content=\"Escrito por\" \/>\n\t<meta name=\"twitter:data1\" content=\"\" \/>\n\t<meta name=\"twitter:label2\" content=\"Tiempo de lectura\" \/>\n\t<meta name=\"twitter:data2\" content=\"4 minutos\" \/>\n<script type=\"application\/ld+json\" class=\"yoast-schema-graph\">{\"@context\":\"https:\\\/\\\/schema.org\",\"@graph\":[{\"@type\":\"Article\",\"@id\":\"https:\\\/\\\/revistaliterariaelgatonegro.com\\\/?p=6908#article\",\"isPartOf\":{\"@id\":\"https:\\\/\\\/revistaliterariaelgatonegro.com\\\/?p=6908\"},\"author\":{\"name\":\"administrador\",\"@id\":\"https:\\\/\\\/revistaliterariaelgatonegro.com\\\/#\\\/schema\\\/person\\\/6a37dd51e0f101e394e91c123fd12e8a\"},\"headline\":\"Buster Keaton vuelve a Espa\u00f1a con el estreno en Madrid de\u00a0Paseando a Buster\",\"datePublished\":\"2022-11-28T15:07:15+00:00\",\"dateModified\":\"2022-11-28T20:30:31+00:00\",\"mainEntityOfPage\":{\"@id\":\"https:\\\/\\\/revistaliterariaelgatonegro.com\\\/?p=6908\"},\"wordCount\":674,\"commentCount\":0,\"publisher\":{\"@id\":\"https:\\\/\\\/revistaliterariaelgatonegro.com\\\/#\\\/schema\\\/person\\\/6a37dd51e0f101e394e91c123fd12e8a\"},\"image\":{\"@id\":\"https:\\\/\\\/revistaliterariaelgatonegro.com\\\/?p=6908#primaryimage\"},\"thumbnailUrl\":\"https:\\\/\\\/revistaliterariaelgatonegro.com\\\/wp-content\\\/uploads\\\/2022\\\/11\\\/paseando-a-1.jpeg\",\"articleSection\":[\"Cine\",\"Novedades\"],\"inLanguage\":\"es\",\"potentialAction\":[{\"@type\":\"CommentAction\",\"name\":\"Comment\",\"target\":[\"https:\\\/\\\/revistaliterariaelgatonegro.com\\\/?p=6908#respond\"]}]},{\"@type\":\"WebPage\",\"@id\":\"https:\\\/\\\/revistaliterariaelgatonegro.com\\\/?p=6908\",\"url\":\"https:\\\/\\\/revistaliterariaelgatonegro.com\\\/?p=6908\",\"name\":\"Buster Keaton vuelve a Espa\u00f1a con el estreno en Madrid de\u00a0Paseando a Buster - REVISTA CULTURAL\",\"isPartOf\":{\"@id\":\"https:\\\/\\\/revistaliterariaelgatonegro.com\\\/#website\"},\"primaryImageOfPage\":{\"@id\":\"https:\\\/\\\/revistaliterariaelgatonegro.com\\\/?p=6908#primaryimage\"},\"image\":{\"@id\":\"https:\\\/\\\/revistaliterariaelgatonegro.com\\\/?p=6908#primaryimage\"},\"thumbnailUrl\":\"https:\\\/\\\/revistaliterariaelgatonegro.com\\\/wp-content\\\/uploads\\\/2022\\\/11\\\/paseando-a-1.jpeg\",\"datePublished\":\"2022-11-28T15:07:15+00:00\",\"dateModified\":\"2022-11-28T20:30:31+00:00\",\"breadcrumb\":{\"@id\":\"https:\\\/\\\/revistaliterariaelgatonegro.com\\\/?p=6908#breadcrumb\"},\"inLanguage\":\"es\",\"potentialAction\":[{\"@type\":\"ReadAction\",\"target\":[\"https:\\\/\\\/revistaliterariaelgatonegro.com\\\/?p=6908\"]}]},{\"@type\":\"ImageObject\",\"inLanguage\":\"es\",\"@id\":\"https:\\\/\\\/revistaliterariaelgatonegro.com\\\/?p=6908#primaryimage\",\"url\":\"https:\\\/\\\/revistaliterariaelgatonegro.com\\\/wp-content\\\/uploads\\\/2022\\\/11\\\/paseando-a-1.jpeg\",\"contentUrl\":\"https:\\\/\\\/revistaliterariaelgatonegro.com\\\/wp-content\\\/uploads\\\/2022\\\/11\\\/paseando-a-1.jpeg\",\"width\":900,\"height\":1200},{\"@type\":\"BreadcrumbList\",\"@id\":\"https:\\\/\\\/revistaliterariaelgatonegro.com\\\/?p=6908#breadcrumb\",\"itemListElement\":[{\"@type\":\"ListItem\",\"position\":1,\"name\":\"Portada\",\"item\":\"https:\\\/\\\/revistaliterariaelgatonegro.com\\\/\"},{\"@type\":\"ListItem\",\"position\":2,\"name\":\"Buster Keaton vuelve a Espa\u00f1a con el estreno en Madrid de\u00a0Paseando a Buster\"}]},{\"@type\":\"WebSite\",\"@id\":\"https:\\\/\\\/revistaliterariaelgatonegro.com\\\/#website\",\"url\":\"https:\\\/\\\/revistaliterariaelgatonegro.com\\\/\",\"name\":\"REVISTA CULTURAL\",\"description\":\" Un nuevo espacio para la divulgaci\u00f3n literaria, as\u00ed como dem\u00e1s artes \",\"publisher\":{\"@id\":\"https:\\\/\\\/revistaliterariaelgatonegro.com\\\/#\\\/schema\\\/person\\\/6a37dd51e0f101e394e91c123fd12e8a\"},\"potentialAction\":[{\"@type\":\"SearchAction\",\"target\":{\"@type\":\"EntryPoint\",\"urlTemplate\":\"https:\\\/\\\/revistaliterariaelgatonegro.com\\\/?s={search_term_string}\"},\"query-input\":{\"@type\":\"PropertyValueSpecification\",\"valueRequired\":true,\"valueName\":\"search_term_string\"}}],\"inLanguage\":\"es\"},{\"@type\":[\"Person\",\"Organization\"],\"@id\":\"https:\\\/\\\/revistaliterariaelgatonegro.com\\\/#\\\/schema\\\/person\\\/6a37dd51e0f101e394e91c123fd12e8a\",\"name\":\"administrador\",\"image\":{\"@type\":\"ImageObject\",\"inLanguage\":\"es\",\"@id\":\"https:\\\/\\\/revistaliterariaelgatonegro.com\\\/wp-content\\\/uploads\\\/2025\\\/12\\\/cropped-Logotipo-Logo-Marca-personal-Pastel-Amarillo-12-Photoroom.png\",\"url\":\"https:\\\/\\\/revistaliterariaelgatonegro.com\\\/wp-content\\\/uploads\\\/2025\\\/12\\\/cropped-Logotipo-Logo-Marca-personal-Pastel-Amarillo-12-Photoroom.png\",\"contentUrl\":\"https:\\\/\\\/revistaliterariaelgatonegro.com\\\/wp-content\\\/uploads\\\/2025\\\/12\\\/cropped-Logotipo-Logo-Marca-personal-Pastel-Amarillo-12-Photoroom.png\",\"width\":364,\"height\":212,\"caption\":\"administrador\"},\"logo\":{\"@id\":\"https:\\\/\\\/revistaliterariaelgatonegro.com\\\/wp-content\\\/uploads\\\/2025\\\/12\\\/cropped-Logotipo-Logo-Marca-personal-Pastel-Amarillo-12-Photoroom.png\"},\"sameAs\":[\"http:\\\/\\\/s864831950.mialojamiento.es\"]}]}<\/script>\n<!-- \/ Yoast SEO plugin. -->","yoast_head_json":{"title":"Buster Keaton vuelve a Espa\u00f1a con el estreno en Madrid de\u00a0Paseando a Buster - REVISTA CULTURAL","robots":{"index":"index","follow":"follow","max-snippet":"max-snippet:-1","max-image-preview":"max-image-preview:large","max-video-preview":"max-video-preview:-1"},"canonical":"https:\/\/revistaliterariaelgatonegro.com\/?p=6908","og_locale":"es_ES","og_type":"article","og_title":"Buster Keaton vuelve a Espa\u00f1a con el estreno en Madrid de\u00a0Paseando a Buster - REVISTA CULTURAL","og_description":"&nbsp;\u00abEl Teatro Tom\u00e1s y Valiente acoge su llegada el 10 de diciembre bajo la direcci\u00f3n de Susana Alcantud\u00bb","og_url":"https:\/\/revistaliterariaelgatonegro.com\/?p=6908","og_site_name":"REVISTA CULTURAL","article_published_time":"2022-11-28T15:07:15+00:00","article_modified_time":"2022-11-28T20:30:31+00:00","og_image":[{"width":900,"height":1200,"url":"https:\/\/revistaliterariaelgatonegro.com\/wp-content\/uploads\/2022\/11\/paseando-a-1.jpeg","type":"image\/jpeg"}],"author":"administrador","twitter_card":"summary_large_image","twitter_image":"https:\/\/revistaliterariaelgatonegro.com\/wp-content\/uploads\/2022\/11\/paseando-a-1.jpeg","twitter_misc":{"Escrito por":false,"Tiempo de lectura":"4 minutos"},"schema":{"@context":"https:\/\/schema.org","@graph":[{"@type":"Article","@id":"https:\/\/revistaliterariaelgatonegro.com\/?p=6908#article","isPartOf":{"@id":"https:\/\/revistaliterariaelgatonegro.com\/?p=6908"},"author":{"name":"administrador","@id":"https:\/\/revistaliterariaelgatonegro.com\/#\/schema\/person\/6a37dd51e0f101e394e91c123fd12e8a"},"headline":"Buster Keaton vuelve a Espa\u00f1a con el estreno en Madrid de\u00a0Paseando a Buster","datePublished":"2022-11-28T15:07:15+00:00","dateModified":"2022-11-28T20:30:31+00:00","mainEntityOfPage":{"@id":"https:\/\/revistaliterariaelgatonegro.com\/?p=6908"},"wordCount":674,"commentCount":0,"publisher":{"@id":"https:\/\/revistaliterariaelgatonegro.com\/#\/schema\/person\/6a37dd51e0f101e394e91c123fd12e8a"},"image":{"@id":"https:\/\/revistaliterariaelgatonegro.com\/?p=6908#primaryimage"},"thumbnailUrl":"https:\/\/revistaliterariaelgatonegro.com\/wp-content\/uploads\/2022\/11\/paseando-a-1.jpeg","articleSection":["Cine","Novedades"],"inLanguage":"es","potentialAction":[{"@type":"CommentAction","name":"Comment","target":["https:\/\/revistaliterariaelgatonegro.com\/?p=6908#respond"]}]},{"@type":"WebPage","@id":"https:\/\/revistaliterariaelgatonegro.com\/?p=6908","url":"https:\/\/revistaliterariaelgatonegro.com\/?p=6908","name":"Buster Keaton vuelve a Espa\u00f1a con el estreno en Madrid de\u00a0Paseando a Buster - REVISTA CULTURAL","isPartOf":{"@id":"https:\/\/revistaliterariaelgatonegro.com\/#website"},"primaryImageOfPage":{"@id":"https:\/\/revistaliterariaelgatonegro.com\/?p=6908#primaryimage"},"image":{"@id":"https:\/\/revistaliterariaelgatonegro.com\/?p=6908#primaryimage"},"thumbnailUrl":"https:\/\/revistaliterariaelgatonegro.com\/wp-content\/uploads\/2022\/11\/paseando-a-1.jpeg","datePublished":"2022-11-28T15:07:15+00:00","dateModified":"2022-11-28T20:30:31+00:00","breadcrumb":{"@id":"https:\/\/revistaliterariaelgatonegro.com\/?p=6908#breadcrumb"},"inLanguage":"es","potentialAction":[{"@type":"ReadAction","target":["https:\/\/revistaliterariaelgatonegro.com\/?p=6908"]}]},{"@type":"ImageObject","inLanguage":"es","@id":"https:\/\/revistaliterariaelgatonegro.com\/?p=6908#primaryimage","url":"https:\/\/revistaliterariaelgatonegro.com\/wp-content\/uploads\/2022\/11\/paseando-a-1.jpeg","contentUrl":"https:\/\/revistaliterariaelgatonegro.com\/wp-content\/uploads\/2022\/11\/paseando-a-1.jpeg","width":900,"height":1200},{"@type":"BreadcrumbList","@id":"https:\/\/revistaliterariaelgatonegro.com\/?p=6908#breadcrumb","itemListElement":[{"@type":"ListItem","position":1,"name":"Portada","item":"https:\/\/revistaliterariaelgatonegro.com\/"},{"@type":"ListItem","position":2,"name":"Buster Keaton vuelve a Espa\u00f1a con el estreno en Madrid de\u00a0Paseando a Buster"}]},{"@type":"WebSite","@id":"https:\/\/revistaliterariaelgatonegro.com\/#website","url":"https:\/\/revistaliterariaelgatonegro.com\/","name":"REVISTA CULTURAL","description":" Un nuevo espacio para la divulgaci\u00f3n literaria, as\u00ed como dem\u00e1s artes ","publisher":{"@id":"https:\/\/revistaliterariaelgatonegro.com\/#\/schema\/person\/6a37dd51e0f101e394e91c123fd12e8a"},"potentialAction":[{"@type":"SearchAction","target":{"@type":"EntryPoint","urlTemplate":"https:\/\/revistaliterariaelgatonegro.com\/?s={search_term_string}"},"query-input":{"@type":"PropertyValueSpecification","valueRequired":true,"valueName":"search_term_string"}}],"inLanguage":"es"},{"@type":["Person","Organization"],"@id":"https:\/\/revistaliterariaelgatonegro.com\/#\/schema\/person\/6a37dd51e0f101e394e91c123fd12e8a","name":"administrador","image":{"@type":"ImageObject","inLanguage":"es","@id":"https:\/\/revistaliterariaelgatonegro.com\/wp-content\/uploads\/2025\/12\/cropped-Logotipo-Logo-Marca-personal-Pastel-Amarillo-12-Photoroom.png","url":"https:\/\/revistaliterariaelgatonegro.com\/wp-content\/uploads\/2025\/12\/cropped-Logotipo-Logo-Marca-personal-Pastel-Amarillo-12-Photoroom.png","contentUrl":"https:\/\/revistaliterariaelgatonegro.com\/wp-content\/uploads\/2025\/12\/cropped-Logotipo-Logo-Marca-personal-Pastel-Amarillo-12-Photoroom.png","width":364,"height":212,"caption":"administrador"},"logo":{"@id":"https:\/\/revistaliterariaelgatonegro.com\/wp-content\/uploads\/2025\/12\/cropped-Logotipo-Logo-Marca-personal-Pastel-Amarillo-12-Photoroom.png"},"sameAs":["http:\/\/s864831950.mialojamiento.es"]}]}},"featured_image_urls":{"full":["https:\/\/revistaliterariaelgatonegro.com\/wp-content\/uploads\/2022\/11\/paseando-a-1.jpeg",900,1200,false],"thumbnail":["https:\/\/revistaliterariaelgatonegro.com\/wp-content\/uploads\/2022\/11\/paseando-a-1-150x150.jpeg",150,150,true],"medium":["https:\/\/revistaliterariaelgatonegro.com\/wp-content\/uploads\/2022\/11\/paseando-a-1-225x300.jpeg",225,300,true],"medium_large":["https:\/\/revistaliterariaelgatonegro.com\/wp-content\/uploads\/2022\/11\/paseando-a-1-768x1024.jpeg",640,853,true],"large":["https:\/\/revistaliterariaelgatonegro.com\/wp-content\/uploads\/2022\/11\/paseando-a-1-700x933.jpeg",640,853,true],"1536x1536":["https:\/\/revistaliterariaelgatonegro.com\/wp-content\/uploads\/2022\/11\/paseando-a-1.jpeg",900,1200,false],"2048x2048":["https:\/\/revistaliterariaelgatonegro.com\/wp-content\/uploads\/2022\/11\/paseando-a-1.jpeg",900,1200,false],"morenews-large":["https:\/\/revistaliterariaelgatonegro.com\/wp-content\/uploads\/2022\/11\/paseando-a-1.jpeg",431,575,false],"morenews-medium":["https:\/\/revistaliterariaelgatonegro.com\/wp-content\/uploads\/2022\/11\/paseando-a-1.jpeg",308,410,false],"woocommerce_thumbnail":["https:\/\/revistaliterariaelgatonegro.com\/wp-content\/uploads\/2022\/11\/paseando-a-1-300x400.jpeg",300,400,true],"woocommerce_single":["https:\/\/revistaliterariaelgatonegro.com\/wp-content\/uploads\/2022\/11\/paseando-a-1-300x400.jpeg",300,400,true],"woocommerce_gallery_thumbnail":["https:\/\/revistaliterariaelgatonegro.com\/wp-content\/uploads\/2022\/11\/paseando-a-1-100x100.jpeg",100,100,true],"dgwt-wcas-product-suggestion":["https:\/\/revistaliterariaelgatonegro.com\/wp-content\/uploads\/2022\/11\/paseando-a-1-64x85.jpeg",64,85,true]},"author_info":{"display_name":false,"author_link":"https:\/\/revistaliterariaelgatonegro.com\/?author=1"},"category_info":"<a href=\"https:\/\/revistaliterariaelgatonegro.com\/?cat=75\" rel=\"category\">Cine<\/a> <a href=\"https:\/\/revistaliterariaelgatonegro.com\/?cat=49\" rel=\"category\">Novedades<\/a>","tag_info":"Novedades","comment_count":"0","_links":{"self":[{"href":"https:\/\/revistaliterariaelgatonegro.com\/index.php?rest_route=\/wp\/v2\/posts\/6908","targetHints":{"allow":["GET"]}}],"collection":[{"href":"https:\/\/revistaliterariaelgatonegro.com\/index.php?rest_route=\/wp\/v2\/posts"}],"about":[{"href":"https:\/\/revistaliterariaelgatonegro.com\/index.php?rest_route=\/wp\/v2\/types\/post"}],"author":[{"embeddable":true,"href":"https:\/\/revistaliterariaelgatonegro.com\/index.php?rest_route=\/wp\/v2\/users\/1"}],"replies":[{"embeddable":true,"href":"https:\/\/revistaliterariaelgatonegro.com\/index.php?rest_route=%2Fwp%2Fv2%2Fcomments&post=6908"}],"version-history":[{"count":4,"href":"https:\/\/revistaliterariaelgatonegro.com\/index.php?rest_route=\/wp\/v2\/posts\/6908\/revisions"}],"predecessor-version":[{"id":6917,"href":"https:\/\/revistaliterariaelgatonegro.com\/index.php?rest_route=\/wp\/v2\/posts\/6908\/revisions\/6917"}],"wp:featuredmedia":[{"embeddable":true,"href":"https:\/\/revistaliterariaelgatonegro.com\/index.php?rest_route=\/wp\/v2\/media\/6913"}],"wp:attachment":[{"href":"https:\/\/revistaliterariaelgatonegro.com\/index.php?rest_route=%2Fwp%2Fv2%2Fmedia&parent=6908"}],"wp:term":[{"taxonomy":"category","embeddable":true,"href":"https:\/\/revistaliterariaelgatonegro.com\/index.php?rest_route=%2Fwp%2Fv2%2Fcategories&post=6908"},{"taxonomy":"post_tag","embeddable":true,"href":"https:\/\/revistaliterariaelgatonegro.com\/index.php?rest_route=%2Fwp%2Fv2%2Ftags&post=6908"}],"curies":[{"name":"wp","href":"https:\/\/api.w.org\/{rel}","templated":true}]}}