{"id":6644,"date":"2022-11-10T07:12:00","date_gmt":"2022-11-10T07:12:00","guid":{"rendered":"https:\/\/revistaliterariaelgatonegro.com\/?p=6644"},"modified":"2022-11-07T20:54:46","modified_gmt":"2022-11-07T20:54:46","slug":"daniel-agra-entraran-a-formar-parte-de-su-coleccion-permanente-de-fotografia-del-museu-maritim-de-barcelona","status":"publish","type":"post","link":"https:\/\/revistaliterariaelgatonegro.com\/?p=6644","title":{"rendered":"Daniel Agra entrar\u00e1n a formar parte de su colecci\u00f3n permanente de fotograf\u00eda del Museu Mar\u00edtim de Barcelona"},"content":{"rendered":"\n<p>Desde principios de noviembre, seis im\u00e1genes firmadas por el fot\u00f3grafo espa\u00f1ol <a href=\"http:\/\/www.danielagra.com\">Daniel Agra<\/a> entrar\u00e1n a formar parte de su colecci\u00f3n permanente de fotograf\u00eda del Museu Mar\u00edtim de Barcelona.<\/p>\n\n\n\n<p>Desde que en 1999 el Museu apostara por una apertura mayor hacia la ciudadan\u00eda &#8211; hay que recordar que se cre\u00f3 en 1936 -, la fotograf\u00eda tiene una presencia destacada a distintos niveles con colecciones hist\u00f3ricas y documentales que han ido adquiriendo y completando tambi\u00e9n gracias a las donaciones o adquisiciones.<\/p>\n\n\n\n<figure class=\"wp-block-image aligncenter size-large\"><img decoding=\"async\" width=\"700\" height=\"464\" src=\"https:\/\/revistaliterariaelgatonegro.com\/wp-content\/uploads\/2022\/11\/Daniel-Agra-Abyssurbs--700x464.jpg\" alt=\"\" class=\"wp-image-6648\" srcset=\"https:\/\/revistaliterariaelgatonegro.com\/wp-content\/uploads\/2022\/11\/Daniel-Agra-Abyssurbs--700x464.jpg 700w, https:\/\/revistaliterariaelgatonegro.com\/wp-content\/uploads\/2022\/11\/Daniel-Agra-Abyssurbs--300x199.jpg 300w, https:\/\/revistaliterariaelgatonegro.com\/wp-content\/uploads\/2022\/11\/Daniel-Agra-Abyssurbs--64x42.jpg 64w, https:\/\/revistaliterariaelgatonegro.com\/wp-content\/uploads\/2022\/11\/Daniel-Agra-Abyssurbs--768x509.jpg 768w, https:\/\/revistaliterariaelgatonegro.com\/wp-content\/uploads\/2022\/11\/Daniel-Agra-Abyssurbs-.jpg 975w\" sizes=\"(max-width: 700px) 100vw, 700px\" \/><\/figure>\n\n\n\n<p>Las seis im\u00e1genes de Agra que se incorporan forman parte de la colecci\u00f3n Abyssurbs y, son, precisamente, las que previamente fueron expuestas en el contexto de Fotonostrum al lado de las del maestro del siglo XX Helmut Newton, que expon\u00eda su<em> Private Property<\/em>.<\/p>\n\n\n\n<p>\u00ab<em>La narrativa visual po\u00e9tica tanto de Private Property como de Abysurbs es la misma y cuando propusieron exponer junto a uno de los m\u00e1ximos exponentes de la fotograf\u00eda actual no hubo momento de duda. Era todo un honor y ahora lo es que est\u00e9n en Barcelona. Las fotograf\u00edas hablan del ser humano y de su relaci\u00f3n con el mundo. En este caso, el hecho de que las copias acaben formando parte del Museu Mar\u00edtim tiene algo de po\u00e9tico en s\u00ed mismo porque es devolver a Barcelona lo que me dio en los primeros 17 a\u00f1os de mi vida<\/em>\u00bb explica.<\/p>\n\n\n\n<p>Abyssurbs es, para Agra, un reflejo de esa parte de la sociedad que siente la individualidad como parte de la deshumanizaci\u00f3n a favor de valores como el econ\u00f3mico. Es la sensaci\u00f3n de la ciudad como tr\u00e1nsito de seres vivos que est\u00e1n rodeados de personas y entornos, pero, sin embargo, potencia el anonimato.<\/p>\n\n\n\n<figure class=\"wp-block-image aligncenter size-large\"><img decoding=\"async\" width=\"700\" height=\"464\" src=\"https:\/\/revistaliterariaelgatonegro.com\/wp-content\/uploads\/2022\/11\/Abyssurbs--700x464.jpg\" alt=\"\" class=\"wp-image-6647\" srcset=\"https:\/\/revistaliterariaelgatonegro.com\/wp-content\/uploads\/2022\/11\/Abyssurbs--700x464.jpg 700w, https:\/\/revistaliterariaelgatonegro.com\/wp-content\/uploads\/2022\/11\/Abyssurbs--300x199.jpg 300w, https:\/\/revistaliterariaelgatonegro.com\/wp-content\/uploads\/2022\/11\/Abyssurbs--64x42.jpg 64w, https:\/\/revistaliterariaelgatonegro.com\/wp-content\/uploads\/2022\/11\/Abyssurbs--768x509.jpg 768w, https:\/\/revistaliterariaelgatonegro.com\/wp-content\/uploads\/2022\/11\/Abyssurbs-.jpg 975w\" sizes=\"(max-width: 700px) 100vw, 700px\" \/><\/figure>\n\n\n\n<p>En sus composiciones se pueden ver espacios de encuentro relativamente conocidos en Galicia aportando un lenguaje visual que permite al espectador una interpretaci\u00f3n libre. \u00ab<em>Precisamente varias de las fotograf\u00edas tienen ya la aplicaci\u00f3n de dos filtros \u00f3pticos de desarrollo propio que buscan esa abstracci\u00f3n<\/em>\u00bb explica de la forma de presentar la imagen con desenfoco en ciertas zonas del resultado.<\/p>\n\n\n\n<p>Su apuesta por este trabajo en blanco y negro busca, precisamente, evitar las distracciones, centrando la atenci\u00f3n en el propio encuadre.<\/p>\n\n\n\n<p>Si hay algo que tienen como hilo conductor las seis im\u00e1genes donadas es, precisamente, el agua. La lluvia y el mar son, en este caso, una oda a la interiorizaci\u00f3n del ser, a ese aislamiento que viene dado por las grandes ciudades y por la sociedad actual. Y ning\u00fan sitio para exponerse de forma permanente como el Museu Mar\u00edtim, desde ahora su hogar.<\/p>\n\n\n\n<blockquote class=\"wp-block-quote is-layout-flow wp-block-quote-is-layout-flow\">\n<p class=\"has-secondary-color has-text-color\"><strong>\u00bfQu\u00e9 es para m\u00ed la fotograf\u00eda? \u2026 Un arte creativo con una enorme y profunda fuerza de sentimientos expresivos, un poema sin palabras que escapa de reglas y convencionalismos, la b\u00fasqueda de una brecha con el objetivo de un estilo propio, personal y sin pautas, que a veces suele eludir la habilidad en su descripci\u00f3n, contar cosas que no puedo expresar de otra manera por no encontrar las palabras, y que en t\u00e9rminos visuales a veces se materializa en resultados diferentes, transformando, adaptando o interpretando una realidad.<\/strong><\/p>\n<cite><em>Daniel Agra<\/em><\/cite><\/blockquote>\n\n\n\n<figure class=\"wp-block-image alignright size-full is-resized\"><img decoding=\"async\" src=\"https:\/\/revistaliterariaelgatonegro.com\/wp-content\/uploads\/2022\/11\/daniel-agra.jpg\" alt=\"\" class=\"wp-image-6668\" width=\"375\" height=\"663\" srcset=\"https:\/\/revistaliterariaelgatonegro.com\/wp-content\/uploads\/2022\/11\/daniel-agra.jpg 500w, https:\/\/revistaliterariaelgatonegro.com\/wp-content\/uploads\/2022\/11\/daniel-agra-300x530.jpg 300w, https:\/\/revistaliterariaelgatonegro.com\/wp-content\/uploads\/2022\/11\/daniel-agra-64x113.jpg 64w, https:\/\/revistaliterariaelgatonegro.com\/wp-content\/uploads\/2022\/11\/daniel-agra-170x300.jpg 170w\" sizes=\"(max-width: 375px) 100vw, 375px\" \/><figcaption class=\"wp-element-caption\"><em>Daniel Agra S\u00e1nchez<\/em><\/figcaption><\/figure>\n\n\n\n<p><strong>Daniel Agra S\u00e1nchez<\/strong>, Terrassa (Barcelona), 1969. Hijo de emigrantes, a los 17 a\u00f1os se traslada a vivir con su familia a la ciudad de A Coru\u00f1a. Autodidacta, siempre en continuo aprendizaje, explorara el mundo de la fotograf\u00eda a trav\u00e9s la naturaleza.<br><br>Influenciado en su infancia por maestros como Mir\u00f3, T\u00e0pies, Dal\u00ed y Gaud\u00ed, en esta nueva etapa compagina la fotograf\u00eda con su profesi\u00f3n durante 25 a\u00f1os como proveedor de materias primas para dise\u00f1adores y firmas de moda, donde descubre y se influencia de grandes maestros de todas las disciplinas.<br><br>Esto permite a su quehacer fotogr\u00e1fico escapar de cualquier regla y convencionalismo, buscando un estilo propio y personal, encuadrado en la actualidad en el Fine Art y la Abstracci\u00f3n.<\/p>\n\n\n\n<p><a href=\"https:\/\/www.facebook.com\/agradaniel\/\" target=\"_blank\" rel=\"noreferrer noopener\"><br><\/a><\/p>\n","protected":false},"excerpt":{"rendered":"<p>Desde principios de noviembre, seis im\u00e1genes firmadas por el fot\u00f3grafo espa\u00f1ol Daniel Agra entrar\u00e1n a formar parte de<\/p>\n","protected":false},"author":1,"featured_media":6645,"comment_status":"open","ping_status":"open","sticky":false,"template":"","format":"standard","meta":{"footnotes":""},"categories":[33,49],"tags":[],"class_list":["post-6644","post","type-post","status-publish","format-standard","has-post-thumbnail","hentry","category-fotografia","category-novedades-literarias"],"yoast_head":"<!-- This site is optimized with the Yoast SEO plugin v27.5 - https:\/\/yoast.com\/product\/yoast-seo-wordpress\/ -->\n<title>Daniel Agra entrar\u00e1n a formar parte de su colecci\u00f3n permanente de fotograf\u00eda del Museu Mar\u00edtim de Barcelona - REVISTA CULTURAL<\/title>\n<meta name=\"robots\" content=\"index, follow, max-snippet:-1, max-image-preview:large, max-video-preview:-1\" \/>\n<link rel=\"canonical\" href=\"https:\/\/revistaliterariaelgatonegro.com\/?p=6644\" \/>\n<meta property=\"og:locale\" content=\"es_ES\" \/>\n<meta property=\"og:type\" content=\"article\" \/>\n<meta property=\"og:title\" content=\"Daniel Agra entrar\u00e1n a formar parte de su colecci\u00f3n permanente de fotograf\u00eda del Museu Mar\u00edtim de Barcelona - REVISTA CULTURAL\" \/>\n<meta property=\"og:description\" content=\"Desde principios de noviembre, seis im\u00e1genes firmadas por el fot\u00f3grafo espa\u00f1ol Daniel Agra entrar\u00e1n a formar parte de\" \/>\n<meta property=\"og:url\" content=\"https:\/\/revistaliterariaelgatonegro.com\/?p=6644\" \/>\n<meta property=\"og:site_name\" content=\"REVISTA CULTURAL\" \/>\n<meta property=\"article:published_time\" content=\"2022-11-10T07:12:00+00:00\" \/>\n<meta property=\"og:image\" content=\"https:\/\/revistaliterariaelgatonegro.com\/wp-content\/uploads\/2022\/11\/Abyssurbs-D.-Agra-IP.jpg\" \/>\n\t<meta property=\"og:image:width\" content=\"975\" \/>\n\t<meta property=\"og:image:height\" content=\"646\" \/>\n\t<meta property=\"og:image:type\" content=\"image\/jpeg\" \/>\n<meta name=\"author\" content=\"administrador\" \/>\n<meta name=\"twitter:card\" content=\"summary_large_image\" \/>\n<meta name=\"twitter:image\" content=\"https:\/\/revistaliterariaelgatonegro.com\/wp-content\/uploads\/2022\/11\/Abyssurbs-D.-Agra-IP.jpg\" \/>\n<meta name=\"twitter:label1\" content=\"Escrito por\" \/>\n\t<meta name=\"twitter:data1\" content=\"\" \/>\n\t<meta name=\"twitter:label2\" content=\"Tiempo de lectura\" \/>\n\t<meta name=\"twitter:data2\" content=\"4 minutos\" \/>\n<script type=\"application\/ld+json\" class=\"yoast-schema-graph\">{\"@context\":\"https:\\\/\\\/schema.org\",\"@graph\":[{\"@type\":\"Article\",\"@id\":\"https:\\\/\\\/revistaliterariaelgatonegro.com\\\/?p=6644#article\",\"isPartOf\":{\"@id\":\"https:\\\/\\\/revistaliterariaelgatonegro.com\\\/?p=6644\"},\"author\":{\"name\":\"administrador\",\"@id\":\"https:\\\/\\\/revistaliterariaelgatonegro.com\\\/#\\\/schema\\\/person\\\/6a37dd51e0f101e394e91c123fd12e8a\"},\"headline\":\"Daniel Agra entrar\u00e1n a formar parte de su colecci\u00f3n permanente de fotograf\u00eda del Museu Mar\u00edtim de Barcelona\",\"datePublished\":\"2022-11-10T07:12:00+00:00\",\"mainEntityOfPage\":{\"@id\":\"https:\\\/\\\/revistaliterariaelgatonegro.com\\\/?p=6644\"},\"wordCount\":694,\"commentCount\":0,\"publisher\":{\"@id\":\"https:\\\/\\\/revistaliterariaelgatonegro.com\\\/#\\\/schema\\\/person\\\/6a37dd51e0f101e394e91c123fd12e8a\"},\"image\":{\"@id\":\"https:\\\/\\\/revistaliterariaelgatonegro.com\\\/?p=6644#primaryimage\"},\"thumbnailUrl\":\"https:\\\/\\\/revistaliterariaelgatonegro.com\\\/wp-content\\\/uploads\\\/2022\\\/11\\\/Abyssurbs-D.-Agra-IP.jpg\",\"articleSection\":[\"Fotograf\u00eda\",\"Novedades\"],\"inLanguage\":\"es\",\"potentialAction\":[{\"@type\":\"CommentAction\",\"name\":\"Comment\",\"target\":[\"https:\\\/\\\/revistaliterariaelgatonegro.com\\\/?p=6644#respond\"]}]},{\"@type\":\"WebPage\",\"@id\":\"https:\\\/\\\/revistaliterariaelgatonegro.com\\\/?p=6644\",\"url\":\"https:\\\/\\\/revistaliterariaelgatonegro.com\\\/?p=6644\",\"name\":\"Daniel Agra entrar\u00e1n a formar parte de su colecci\u00f3n permanente de fotograf\u00eda del Museu Mar\u00edtim de Barcelona - REVISTA CULTURAL\",\"isPartOf\":{\"@id\":\"https:\\\/\\\/revistaliterariaelgatonegro.com\\\/#website\"},\"primaryImageOfPage\":{\"@id\":\"https:\\\/\\\/revistaliterariaelgatonegro.com\\\/?p=6644#primaryimage\"},\"image\":{\"@id\":\"https:\\\/\\\/revistaliterariaelgatonegro.com\\\/?p=6644#primaryimage\"},\"thumbnailUrl\":\"https:\\\/\\\/revistaliterariaelgatonegro.com\\\/wp-content\\\/uploads\\\/2022\\\/11\\\/Abyssurbs-D.-Agra-IP.jpg\",\"datePublished\":\"2022-11-10T07:12:00+00:00\",\"breadcrumb\":{\"@id\":\"https:\\\/\\\/revistaliterariaelgatonegro.com\\\/?p=6644#breadcrumb\"},\"inLanguage\":\"es\",\"potentialAction\":[{\"@type\":\"ReadAction\",\"target\":[\"https:\\\/\\\/revistaliterariaelgatonegro.com\\\/?p=6644\"]}]},{\"@type\":\"ImageObject\",\"inLanguage\":\"es\",\"@id\":\"https:\\\/\\\/revistaliterariaelgatonegro.com\\\/?p=6644#primaryimage\",\"url\":\"https:\\\/\\\/revistaliterariaelgatonegro.com\\\/wp-content\\\/uploads\\\/2022\\\/11\\\/Abyssurbs-D.-Agra-IP.jpg\",\"contentUrl\":\"https:\\\/\\\/revistaliterariaelgatonegro.com\\\/wp-content\\\/uploads\\\/2022\\\/11\\\/Abyssurbs-D.-Agra-IP.jpg\",\"width\":975,\"height\":646},{\"@type\":\"BreadcrumbList\",\"@id\":\"https:\\\/\\\/revistaliterariaelgatonegro.com\\\/?p=6644#breadcrumb\",\"itemListElement\":[{\"@type\":\"ListItem\",\"position\":1,\"name\":\"Portada\",\"item\":\"https:\\\/\\\/revistaliterariaelgatonegro.com\\\/\"},{\"@type\":\"ListItem\",\"position\":2,\"name\":\"Daniel Agra entrar\u00e1n a formar parte de su colecci\u00f3n permanente de fotograf\u00eda del Museu Mar\u00edtim de Barcelona\"}]},{\"@type\":\"WebSite\",\"@id\":\"https:\\\/\\\/revistaliterariaelgatonegro.com\\\/#website\",\"url\":\"https:\\\/\\\/revistaliterariaelgatonegro.com\\\/\",\"name\":\"REVISTA CULTURAL\",\"description\":\" Un nuevo espacio para la divulgaci\u00f3n literaria, as\u00ed como dem\u00e1s artes \",\"publisher\":{\"@id\":\"https:\\\/\\\/revistaliterariaelgatonegro.com\\\/#\\\/schema\\\/person\\\/6a37dd51e0f101e394e91c123fd12e8a\"},\"potentialAction\":[{\"@type\":\"SearchAction\",\"target\":{\"@type\":\"EntryPoint\",\"urlTemplate\":\"https:\\\/\\\/revistaliterariaelgatonegro.com\\\/?s={search_term_string}\"},\"query-input\":{\"@type\":\"PropertyValueSpecification\",\"valueRequired\":true,\"valueName\":\"search_term_string\"}}],\"inLanguage\":\"es\"},{\"@type\":[\"Person\",\"Organization\"],\"@id\":\"https:\\\/\\\/revistaliterariaelgatonegro.com\\\/#\\\/schema\\\/person\\\/6a37dd51e0f101e394e91c123fd12e8a\",\"name\":\"administrador\",\"image\":{\"@type\":\"ImageObject\",\"inLanguage\":\"es\",\"@id\":\"https:\\\/\\\/revistaliterariaelgatonegro.com\\\/wp-content\\\/uploads\\\/2025\\\/12\\\/cropped-Logotipo-Logo-Marca-personal-Pastel-Amarillo-12-Photoroom.png\",\"url\":\"https:\\\/\\\/revistaliterariaelgatonegro.com\\\/wp-content\\\/uploads\\\/2025\\\/12\\\/cropped-Logotipo-Logo-Marca-personal-Pastel-Amarillo-12-Photoroom.png\",\"contentUrl\":\"https:\\\/\\\/revistaliterariaelgatonegro.com\\\/wp-content\\\/uploads\\\/2025\\\/12\\\/cropped-Logotipo-Logo-Marca-personal-Pastel-Amarillo-12-Photoroom.png\",\"width\":364,\"height\":212,\"caption\":\"administrador\"},\"logo\":{\"@id\":\"https:\\\/\\\/revistaliterariaelgatonegro.com\\\/wp-content\\\/uploads\\\/2025\\\/12\\\/cropped-Logotipo-Logo-Marca-personal-Pastel-Amarillo-12-Photoroom.png\"},\"sameAs\":[\"http:\\\/\\\/s864831950.mialojamiento.es\"]}]}<\/script>\n<!-- \/ Yoast SEO plugin. -->","yoast_head_json":{"title":"Daniel Agra entrar\u00e1n a formar parte de su colecci\u00f3n permanente de fotograf\u00eda del Museu Mar\u00edtim de Barcelona - REVISTA CULTURAL","robots":{"index":"index","follow":"follow","max-snippet":"max-snippet:-1","max-image-preview":"max-image-preview:large","max-video-preview":"max-video-preview:-1"},"canonical":"https:\/\/revistaliterariaelgatonegro.com\/?p=6644","og_locale":"es_ES","og_type":"article","og_title":"Daniel Agra entrar\u00e1n a formar parte de su colecci\u00f3n permanente de fotograf\u00eda del Museu Mar\u00edtim de Barcelona - REVISTA CULTURAL","og_description":"Desde principios de noviembre, seis im\u00e1genes firmadas por el fot\u00f3grafo espa\u00f1ol Daniel Agra entrar\u00e1n a formar parte de","og_url":"https:\/\/revistaliterariaelgatonegro.com\/?p=6644","og_site_name":"REVISTA CULTURAL","article_published_time":"2022-11-10T07:12:00+00:00","og_image":[{"width":975,"height":646,"url":"https:\/\/revistaliterariaelgatonegro.com\/wp-content\/uploads\/2022\/11\/Abyssurbs-D.-Agra-IP.jpg","type":"image\/jpeg"}],"author":"administrador","twitter_card":"summary_large_image","twitter_image":"https:\/\/revistaliterariaelgatonegro.com\/wp-content\/uploads\/2022\/11\/Abyssurbs-D.-Agra-IP.jpg","twitter_misc":{"Escrito por":false,"Tiempo de lectura":"4 minutos"},"schema":{"@context":"https:\/\/schema.org","@graph":[{"@type":"Article","@id":"https:\/\/revistaliterariaelgatonegro.com\/?p=6644#article","isPartOf":{"@id":"https:\/\/revistaliterariaelgatonegro.com\/?p=6644"},"author":{"name":"administrador","@id":"https:\/\/revistaliterariaelgatonegro.com\/#\/schema\/person\/6a37dd51e0f101e394e91c123fd12e8a"},"headline":"Daniel Agra entrar\u00e1n a formar parte de su colecci\u00f3n permanente de fotograf\u00eda del Museu Mar\u00edtim de Barcelona","datePublished":"2022-11-10T07:12:00+00:00","mainEntityOfPage":{"@id":"https:\/\/revistaliterariaelgatonegro.com\/?p=6644"},"wordCount":694,"commentCount":0,"publisher":{"@id":"https:\/\/revistaliterariaelgatonegro.com\/#\/schema\/person\/6a37dd51e0f101e394e91c123fd12e8a"},"image":{"@id":"https:\/\/revistaliterariaelgatonegro.com\/?p=6644#primaryimage"},"thumbnailUrl":"https:\/\/revistaliterariaelgatonegro.com\/wp-content\/uploads\/2022\/11\/Abyssurbs-D.-Agra-IP.jpg","articleSection":["Fotograf\u00eda","Novedades"],"inLanguage":"es","potentialAction":[{"@type":"CommentAction","name":"Comment","target":["https:\/\/revistaliterariaelgatonegro.com\/?p=6644#respond"]}]},{"@type":"WebPage","@id":"https:\/\/revistaliterariaelgatonegro.com\/?p=6644","url":"https:\/\/revistaliterariaelgatonegro.com\/?p=6644","name":"Daniel Agra entrar\u00e1n a formar parte de su colecci\u00f3n permanente de fotograf\u00eda del Museu Mar\u00edtim de Barcelona - REVISTA CULTURAL","isPartOf":{"@id":"https:\/\/revistaliterariaelgatonegro.com\/#website"},"primaryImageOfPage":{"@id":"https:\/\/revistaliterariaelgatonegro.com\/?p=6644#primaryimage"},"image":{"@id":"https:\/\/revistaliterariaelgatonegro.com\/?p=6644#primaryimage"},"thumbnailUrl":"https:\/\/revistaliterariaelgatonegro.com\/wp-content\/uploads\/2022\/11\/Abyssurbs-D.-Agra-IP.jpg","datePublished":"2022-11-10T07:12:00+00:00","breadcrumb":{"@id":"https:\/\/revistaliterariaelgatonegro.com\/?p=6644#breadcrumb"},"inLanguage":"es","potentialAction":[{"@type":"ReadAction","target":["https:\/\/revistaliterariaelgatonegro.com\/?p=6644"]}]},{"@type":"ImageObject","inLanguage":"es","@id":"https:\/\/revistaliterariaelgatonegro.com\/?p=6644#primaryimage","url":"https:\/\/revistaliterariaelgatonegro.com\/wp-content\/uploads\/2022\/11\/Abyssurbs-D.-Agra-IP.jpg","contentUrl":"https:\/\/revistaliterariaelgatonegro.com\/wp-content\/uploads\/2022\/11\/Abyssurbs-D.-Agra-IP.jpg","width":975,"height":646},{"@type":"BreadcrumbList","@id":"https:\/\/revistaliterariaelgatonegro.com\/?p=6644#breadcrumb","itemListElement":[{"@type":"ListItem","position":1,"name":"Portada","item":"https:\/\/revistaliterariaelgatonegro.com\/"},{"@type":"ListItem","position":2,"name":"Daniel Agra entrar\u00e1n a formar parte de su colecci\u00f3n permanente de fotograf\u00eda del Museu Mar\u00edtim de Barcelona"}]},{"@type":"WebSite","@id":"https:\/\/revistaliterariaelgatonegro.com\/#website","url":"https:\/\/revistaliterariaelgatonegro.com\/","name":"REVISTA CULTURAL","description":" Un nuevo espacio para la divulgaci\u00f3n literaria, as\u00ed como dem\u00e1s artes ","publisher":{"@id":"https:\/\/revistaliterariaelgatonegro.com\/#\/schema\/person\/6a37dd51e0f101e394e91c123fd12e8a"},"potentialAction":[{"@type":"SearchAction","target":{"@type":"EntryPoint","urlTemplate":"https:\/\/revistaliterariaelgatonegro.com\/?s={search_term_string}"},"query-input":{"@type":"PropertyValueSpecification","valueRequired":true,"valueName":"search_term_string"}}],"inLanguage":"es"},{"@type":["Person","Organization"],"@id":"https:\/\/revistaliterariaelgatonegro.com\/#\/schema\/person\/6a37dd51e0f101e394e91c123fd12e8a","name":"administrador","image":{"@type":"ImageObject","inLanguage":"es","@id":"https:\/\/revistaliterariaelgatonegro.com\/wp-content\/uploads\/2025\/12\/cropped-Logotipo-Logo-Marca-personal-Pastel-Amarillo-12-Photoroom.png","url":"https:\/\/revistaliterariaelgatonegro.com\/wp-content\/uploads\/2025\/12\/cropped-Logotipo-Logo-Marca-personal-Pastel-Amarillo-12-Photoroom.png","contentUrl":"https:\/\/revistaliterariaelgatonegro.com\/wp-content\/uploads\/2025\/12\/cropped-Logotipo-Logo-Marca-personal-Pastel-Amarillo-12-Photoroom.png","width":364,"height":212,"caption":"administrador"},"logo":{"@id":"https:\/\/revistaliterariaelgatonegro.com\/wp-content\/uploads\/2025\/12\/cropped-Logotipo-Logo-Marca-personal-Pastel-Amarillo-12-Photoroom.png"},"sameAs":["http:\/\/s864831950.mialojamiento.es"]}]}},"featured_image_urls":{"full":["https:\/\/revistaliterariaelgatonegro.com\/wp-content\/uploads\/2022\/11\/Abyssurbs-D.-Agra-IP.jpg",975,646,false],"thumbnail":["https:\/\/revistaliterariaelgatonegro.com\/wp-content\/uploads\/2022\/11\/Abyssurbs-D.-Agra-IP-150x150.jpg",150,150,true],"medium":["https:\/\/revistaliterariaelgatonegro.com\/wp-content\/uploads\/2022\/11\/Abyssurbs-D.-Agra-IP-300x199.jpg",300,199,true],"medium_large":["https:\/\/revistaliterariaelgatonegro.com\/wp-content\/uploads\/2022\/11\/Abyssurbs-D.-Agra-IP-768x509.jpg",640,424,true],"large":["https:\/\/revistaliterariaelgatonegro.com\/wp-content\/uploads\/2022\/11\/Abyssurbs-D.-Agra-IP-700x464.jpg",640,424,true],"1536x1536":["https:\/\/revistaliterariaelgatonegro.com\/wp-content\/uploads\/2022\/11\/Abyssurbs-D.-Agra-IP.jpg",975,646,false],"2048x2048":["https:\/\/revistaliterariaelgatonegro.com\/wp-content\/uploads\/2022\/11\/Abyssurbs-D.-Agra-IP.jpg",975,646,false],"morenews-large":["https:\/\/revistaliterariaelgatonegro.com\/wp-content\/uploads\/2022\/11\/Abyssurbs-D.-Agra-IP.jpg",825,547,false],"morenews-medium":["https:\/\/revistaliterariaelgatonegro.com\/wp-content\/uploads\/2022\/11\/Abyssurbs-D.-Agra-IP.jpg",590,391,false],"woocommerce_thumbnail":["https:\/\/revistaliterariaelgatonegro.com\/wp-content\/uploads\/2022\/11\/Abyssurbs-D.-Agra-IP-300x199.jpg",300,199,true],"woocommerce_single":["https:\/\/revistaliterariaelgatonegro.com\/wp-content\/uploads\/2022\/11\/Abyssurbs-D.-Agra-IP-300x199.jpg",300,199,true],"woocommerce_gallery_thumbnail":["https:\/\/revistaliterariaelgatonegro.com\/wp-content\/uploads\/2022\/11\/Abyssurbs-D.-Agra-IP-100x100.jpg",100,100,true],"dgwt-wcas-product-suggestion":["https:\/\/revistaliterariaelgatonegro.com\/wp-content\/uploads\/2022\/11\/Abyssurbs-D.-Agra-IP-64x42.jpg",64,42,true]},"author_info":{"display_name":false,"author_link":"https:\/\/revistaliterariaelgatonegro.com\/?author=1"},"category_info":"<a href=\"https:\/\/revistaliterariaelgatonegro.com\/?cat=33\" rel=\"category\">Fotograf\u00eda<\/a> <a href=\"https:\/\/revistaliterariaelgatonegro.com\/?cat=49\" rel=\"category\">Novedades<\/a>","tag_info":"Novedades","comment_count":"0","_links":{"self":[{"href":"https:\/\/revistaliterariaelgatonegro.com\/index.php?rest_route=\/wp\/v2\/posts\/6644","targetHints":{"allow":["GET"]}}],"collection":[{"href":"https:\/\/revistaliterariaelgatonegro.com\/index.php?rest_route=\/wp\/v2\/posts"}],"about":[{"href":"https:\/\/revistaliterariaelgatonegro.com\/index.php?rest_route=\/wp\/v2\/types\/post"}],"author":[{"embeddable":true,"href":"https:\/\/revistaliterariaelgatonegro.com\/index.php?rest_route=\/wp\/v2\/users\/1"}],"replies":[{"embeddable":true,"href":"https:\/\/revistaliterariaelgatonegro.com\/index.php?rest_route=%2Fwp%2Fv2%2Fcomments&post=6644"}],"version-history":[{"count":4,"href":"https:\/\/revistaliterariaelgatonegro.com\/index.php?rest_route=\/wp\/v2\/posts\/6644\/revisions"}],"predecessor-version":[{"id":6670,"href":"https:\/\/revistaliterariaelgatonegro.com\/index.php?rest_route=\/wp\/v2\/posts\/6644\/revisions\/6670"}],"wp:featuredmedia":[{"embeddable":true,"href":"https:\/\/revistaliterariaelgatonegro.com\/index.php?rest_route=\/wp\/v2\/media\/6645"}],"wp:attachment":[{"href":"https:\/\/revistaliterariaelgatonegro.com\/index.php?rest_route=%2Fwp%2Fv2%2Fmedia&parent=6644"}],"wp:term":[{"taxonomy":"category","embeddable":true,"href":"https:\/\/revistaliterariaelgatonegro.com\/index.php?rest_route=%2Fwp%2Fv2%2Fcategories&post=6644"},{"taxonomy":"post_tag","embeddable":true,"href":"https:\/\/revistaliterariaelgatonegro.com\/index.php?rest_route=%2Fwp%2Fv2%2Ftags&post=6644"}],"curies":[{"name":"wp","href":"https:\/\/api.w.org\/{rel}","templated":true}]}}