{"id":6617,"date":"2022-11-05T11:02:26","date_gmt":"2022-11-05T11:02:26","guid":{"rendered":"https:\/\/revistaliterariaelgatonegro.com\/?p=6617"},"modified":"2022-12-21T21:48:31","modified_gmt":"2022-12-21T21:48:31","slug":"primer-certamen-mundo-rural","status":"publish","type":"post","link":"https:\/\/revistaliterariaelgatonegro.com\/?p=6617","title":{"rendered":"Primer certamen Mundo Rural"},"content":{"rendered":"\n<p>La asociaci\u00f3n <em>Se ha escrito un libro<\/em>, convoca el primer  certamen <em>Mundo Rural<\/em> para dar visibilidad  y homenaje al medio rural.  <\/p>\n\n\n\n<ul class=\"wp-block-list\">\n<li>G\u00e9nero: Relato corto Mundo Rural.<\/li>\n\n\n\n<li>Premios: Un primer premio de 150 euros con diploma y 5 libros \/ Segundo premio con diploma y 3 libros \/ Tercer premio con 2 libros y diploma.<\/li>\n\n\n\n<li>Requisitos participantes: Mayores de 18 a\u00f1os, residentes en Espa\u00f1a.<\/li>\n\n\n\n<li>Idioma: Castellano.<\/li>\n\n\n\n<li>Entidad convocante: Asociaci\u00f3n Se ha escrito un libro.<\/li>\n\n\n\n<li>Pa\u00eds: Espa\u00f1a<\/li>\n\n\n\n<li>Fecha apertura: 7 noviembre 2022.<\/li>\n\n\n\n<li>Fecha cierre: 18 diciembre 2022 a las 23:59 horas.<\/li>\n\n\n\n<li>Fecha comunicaci\u00f3n de los ganadores en Instagram y YouTube: Primer s\u00e1bado de marzo de 2023.<\/li>\n<\/ul>\n\n\n\n<p class=\"has-secondary-color has-text-color has-medium-font-size\"><strong>BASES:<\/strong><\/p>\n\n\n\n<p>1. Modalidad relato corto, in\u00e9dito, escrito en prosa y en lengua espa\u00f1ola, de un m\u00ednimo de tres hojas y m\u00e1ximo diez hojas, escritas en Word tama\u00f1o DIN A4, letra Times New Rom\u00e1n 12 interlineado 1.0 y solo una obra por autor.<\/p>\n\n\n\n<p>Los relatos que no se ajusten a esta extensi\u00f3n ser\u00e1n rechazados por el jurado. No podr\u00e1n presentarse trabajos premiados en otros cert\u00e1menes, pendientes de fallo o publicados en cualquier tipo de formato.<\/p>\n\n\n\n<p>2. El tema del relato ha de estar relacionado con el medio rural, en todos sus contextos (los trabajos que no se ajusten a esta tem\u00e1tica ser\u00e1n rechazados). La tem\u00e1tica puede ser de estilo rom\u00e1ntico, policiaco, misterio, thriller, fant\u00e1stico\u2026<\/p>\n\n\n\n<p>3. Los relatos no deben incurrir en racismo, xenofobia, sexismo, homofobia, exaltaci\u00f3n del terrorismo y dem\u00e1s atentados contra la igualdad, la dignidad y el respeto de las personas.<\/p>\n\n\n\n<p>4. Podr\u00e1n participar en este Certamen, de forma individual, todas las personas mayores de 18 a\u00f1os residentes en Espa\u00f1a. No podr\u00e1n participar los miembros de la Asociaci\u00f3n y miembros del jurado.<\/p>\n\n\n\n<p>5. Los premios consistir\u00e1n en:<br>Primer premio: 150\u20ac, diploma y cinco ejemplares del libro.<\/p>\n\n\n\n<p>Segundo premio: Diploma y tres ejemplares del libro.<\/p>\n\n\n\n<p>Tercer premio: Diploma y dos ejemplares del libro.<\/p>\n\n\n\n<p>Los trabajos ganadores quedar\u00e1n a disposici\u00f3n de la Asociaci\u00f3n, que los publicar\u00e1 en un libro conjunto en redes y edici\u00f3n (siempre indicando la autor\u00eda del relato y un peque\u00f1o texto presentaci\u00f3n, que ser\u00e1 enviado por el autor), datos relativos a la Asociaci\u00f3n y otros colaboradores. Cediendo los derechos de autor a la asociaci\u00f3n. A tener en cuenta que los beneficios obtenidos por la venta de estos libros ser\u00e1n para las futuras ediciones de este premio.<\/p>\n\n\n\n<p>6. El jurado, estar\u00e1 presidido por la presidenta de la Asociaci\u00f3n y compuesto por miembros de la Junta Directiva y personas del mundo de la literatura.<\/p>\n\n\n\n<p>7. Los trabajos se enviar\u00e1n a la direcci\u00f3n de correo electr\u00f3nico <a href=\"mailto:sehaescritounlibro@gmail.com\">sehaescritounlibro@gmail.com<\/a> con el t\u00edtulo del relato, firmado con un seud\u00f3nimo y un n\u00famero de tel\u00e9fono. En el asunto del mensaje debe figurar \u00abI Certamen literario Se ha escrito un libro 2023\u00bb.<\/p>\n\n\n\n<p>8. El plazo de admisi\u00f3n de obras estar\u00e1 abierto desde el 7 de noviembre de 2022 hasta el 18 de diciembre de 2022 a las 23:59 h.<\/p>\n\n\n\n<p>9. El fallo del jurado, que se comunicar\u00e1 con antelaci\u00f3n a los ganadores, ser\u00e1 inapelable y se har\u00e1 p\u00fablico el s\u00e1bado 4 de marzo de 2023, a trav\u00e9s de las redes sociales de la Asociaci\u00f3n. El jurado podr\u00e1 declarar desierto alg\u00fan premio, si as\u00ed lo considera, por falta de calidad literaria.<\/p>\n\n\n\n<p>La comunicaci\u00f3n a los ganadores ser\u00e1 mediante contacto tanto por mail como por tel\u00e9fono y pediremos nos indiquen los datos de: nombre de la obra, seud\u00f3nimo, nombre y apellidos. Asimismo, se nos indicara el nombre que quieren que figure en el diploma y libro, as\u00ed como una breve biograf\u00eda.<\/p>\n\n\n\n<p>El premio en met\u00e1lico se enviar\u00e1 mediante trasferencia bancaria, los libros a trav\u00e9s de correo ordinario. La organizaci\u00f3n podr\u00e1 introducir las modificaciones que crea oportunas para el funcionamiento del certamen. La mera presentaci\u00f3n de las obras supone la aceptaci\u00f3n de las presentes bases.<\/p>\n\n\n\n<p>Los datos facilitados por los participantes solo ser\u00e1n tratados con la finalidad de participar en este certamen (Ley Org\u00e1nica 3\/2018 de 5 de diciembre sobre la Protecci\u00f3n de Datos de Car\u00e1cter Personal).<\/p>\n\n\n\n<p>El resto de relatos no premiados ser\u00e1n destruidos y sus mails borrados, no pudiendo ser utilizados para ning\u00fan fin. Los miembros del jurado externos a la asociaci\u00f3n aceptan estas bases y son responsables de dicho acto. La asociaci\u00f3n no se hace responsable de la il\u00edcita actuaci\u00f3n de dichos miembros del jurado externos.<\/p>\n\n\n\n<p class=\"has-black-color has-text-color has-medium-font-size\"><strong>Descargar Bases<\/strong><\/p>\n\n\n<p><a href=\"https:\/\/revistaliterariaelgatonegro.com\/wp-content\/uploads\/2022\/11\/Primer-Certamen-Literario.pdf\">Primer Certamen Literario<\/a><\/p>\n\n\n<p><\/p>\n","protected":false},"excerpt":{"rendered":"<p>La asociaci\u00f3n Se ha escrito un libro, convoca el primer certamen Mundo Rural para dar visibilidad y homenaje<\/p>\n","protected":false},"author":1,"featured_media":6634,"comment_status":"open","ping_status":"open","sticky":false,"template":"","format":"standard","meta":{"footnotes":""},"categories":[81],"tags":[79,92,90,91],"class_list":["post-6617","post","type-post","status-publish","format-standard","has-post-thumbnail","hentry","category-concursos","tag-certamen","tag-me-gusta-escribir","tag-medio-rural","tag-se-ha-escrito-un-libro"],"yoast_head":"<!-- This site is optimized with the Yoast SEO plugin v27.4 - https:\/\/yoast.com\/product\/yoast-seo-wordpress\/ -->\n<title>Primer certamen Mundo Rural - REVISTA CULTURAL<\/title>\n<meta name=\"robots\" content=\"index, follow, max-snippet:-1, max-image-preview:large, max-video-preview:-1\" \/>\n<link rel=\"canonical\" href=\"https:\/\/revistaliterariaelgatonegro.com\/?p=6617\" \/>\n<meta property=\"og:locale\" content=\"es_ES\" \/>\n<meta property=\"og:type\" content=\"article\" \/>\n<meta property=\"og:title\" content=\"Primer certamen Mundo Rural - REVISTA CULTURAL\" \/>\n<meta property=\"og:description\" content=\"La asociaci\u00f3n Se ha escrito un libro, convoca el primer certamen Mundo Rural para dar visibilidad y homenaje\" \/>\n<meta property=\"og:url\" content=\"https:\/\/revistaliterariaelgatonegro.com\/?p=6617\" \/>\n<meta property=\"og:site_name\" content=\"REVISTA CULTURAL\" \/>\n<meta property=\"article:published_time\" content=\"2022-11-05T11:02:26+00:00\" \/>\n<meta property=\"article:modified_time\" content=\"2022-12-21T21:48:31+00:00\" \/>\n<meta property=\"og:image\" content=\"https:\/\/revistaliterariaelgatonegro.com\/wp-content\/uploads\/2022\/11\/convocatoria-concurso.jpg\" \/>\n\t<meta property=\"og:image:width\" content=\"1080\" \/>\n\t<meta property=\"og:image:height\" content=\"1080\" \/>\n\t<meta property=\"og:image:type\" content=\"image\/jpeg\" \/>\n<meta name=\"author\" content=\"administrador\" \/>\n<meta name=\"twitter:card\" content=\"summary_large_image\" \/>\n<meta name=\"twitter:image\" content=\"https:\/\/revistaliterariaelgatonegro.com\/wp-content\/uploads\/2022\/11\/convocatoria-concurso.jpg\" \/>\n<meta name=\"twitter:label1\" content=\"Escrito por\" \/>\n\t<meta name=\"twitter:data1\" content=\"\" \/>\n<script type=\"application\/ld+json\" class=\"yoast-schema-graph\">{\"@context\":\"https:\\\/\\\/schema.org\",\"@graph\":[{\"@type\":\"Article\",\"@id\":\"https:\\\/\\\/revistaliterariaelgatonegro.com\\\/?p=6617#article\",\"isPartOf\":{\"@id\":\"https:\\\/\\\/revistaliterariaelgatonegro.com\\\/?p=6617\"},\"author\":{\"name\":\"administrador\",\"@id\":\"https:\\\/\\\/revistaliterariaelgatonegro.com\\\/#\\\/schema\\\/person\\\/6a37dd51e0f101e394e91c123fd12e8a\"},\"headline\":\"Primer certamen Mundo Rural\",\"datePublished\":\"2022-11-05T11:02:26+00:00\",\"dateModified\":\"2022-12-21T21:48:31+00:00\",\"mainEntityOfPage\":{\"@id\":\"https:\\\/\\\/revistaliterariaelgatonegro.com\\\/?p=6617\"},\"wordCount\":754,\"commentCount\":0,\"publisher\":{\"@id\":\"https:\\\/\\\/revistaliterariaelgatonegro.com\\\/#\\\/schema\\\/person\\\/6a37dd51e0f101e394e91c123fd12e8a\"},\"image\":{\"@id\":\"https:\\\/\\\/revistaliterariaelgatonegro.com\\\/?p=6617#primaryimage\"},\"thumbnailUrl\":\"https:\\\/\\\/revistaliterariaelgatonegro.com\\\/wp-content\\\/uploads\\\/2022\\\/11\\\/convocatoria-concurso-2.jpg\",\"keywords\":[\"Certamen\",\"Me gusta escribir\",\"Medio Rural\",\"Se ha escrito un libro\"],\"articleSection\":[\"Concursos\"],\"inLanguage\":\"es\",\"potentialAction\":[{\"@type\":\"CommentAction\",\"name\":\"Comment\",\"target\":[\"https:\\\/\\\/revistaliterariaelgatonegro.com\\\/?p=6617#respond\"]}]},{\"@type\":\"WebPage\",\"@id\":\"https:\\\/\\\/revistaliterariaelgatonegro.com\\\/?p=6617\",\"url\":\"https:\\\/\\\/revistaliterariaelgatonegro.com\\\/?p=6617\",\"name\":\"Primer certamen Mundo Rural - REVISTA CULTURAL\",\"isPartOf\":{\"@id\":\"https:\\\/\\\/revistaliterariaelgatonegro.com\\\/#website\"},\"primaryImageOfPage\":{\"@id\":\"https:\\\/\\\/revistaliterariaelgatonegro.com\\\/?p=6617#primaryimage\"},\"image\":{\"@id\":\"https:\\\/\\\/revistaliterariaelgatonegro.com\\\/?p=6617#primaryimage\"},\"thumbnailUrl\":\"https:\\\/\\\/revistaliterariaelgatonegro.com\\\/wp-content\\\/uploads\\\/2022\\\/11\\\/convocatoria-concurso-2.jpg\",\"datePublished\":\"2022-11-05T11:02:26+00:00\",\"dateModified\":\"2022-12-21T21:48:31+00:00\",\"breadcrumb\":{\"@id\":\"https:\\\/\\\/revistaliterariaelgatonegro.com\\\/?p=6617#breadcrumb\"},\"inLanguage\":\"es\",\"potentialAction\":[{\"@type\":\"ReadAction\",\"target\":[\"https:\\\/\\\/revistaliterariaelgatonegro.com\\\/?p=6617\"]}]},{\"@type\":\"ImageObject\",\"inLanguage\":\"es\",\"@id\":\"https:\\\/\\\/revistaliterariaelgatonegro.com\\\/?p=6617#primaryimage\",\"url\":\"https:\\\/\\\/revistaliterariaelgatonegro.com\\\/wp-content\\\/uploads\\\/2022\\\/11\\\/convocatoria-concurso-2.jpg\",\"contentUrl\":\"https:\\\/\\\/revistaliterariaelgatonegro.com\\\/wp-content\\\/uploads\\\/2022\\\/11\\\/convocatoria-concurso-2.jpg\",\"width\":800,\"height\":800},{\"@type\":\"BreadcrumbList\",\"@id\":\"https:\\\/\\\/revistaliterariaelgatonegro.com\\\/?p=6617#breadcrumb\",\"itemListElement\":[{\"@type\":\"ListItem\",\"position\":1,\"name\":\"Portada\",\"item\":\"https:\\\/\\\/revistaliterariaelgatonegro.com\\\/\"},{\"@type\":\"ListItem\",\"position\":2,\"name\":\"Primer certamen Mundo Rural\"}]},{\"@type\":\"WebSite\",\"@id\":\"https:\\\/\\\/revistaliterariaelgatonegro.com\\\/#website\",\"url\":\"https:\\\/\\\/revistaliterariaelgatonegro.com\\\/\",\"name\":\"REVISTA CULTURAL\",\"description\":\" Un nuevo espacio para la divulgaci\u00f3n literaria, as\u00ed como dem\u00e1s artes \",\"publisher\":{\"@id\":\"https:\\\/\\\/revistaliterariaelgatonegro.com\\\/#\\\/schema\\\/person\\\/6a37dd51e0f101e394e91c123fd12e8a\"},\"potentialAction\":[{\"@type\":\"SearchAction\",\"target\":{\"@type\":\"EntryPoint\",\"urlTemplate\":\"https:\\\/\\\/revistaliterariaelgatonegro.com\\\/?s={search_term_string}\"},\"query-input\":{\"@type\":\"PropertyValueSpecification\",\"valueRequired\":true,\"valueName\":\"search_term_string\"}}],\"inLanguage\":\"es\"},{\"@type\":[\"Person\",\"Organization\"],\"@id\":\"https:\\\/\\\/revistaliterariaelgatonegro.com\\\/#\\\/schema\\\/person\\\/6a37dd51e0f101e394e91c123fd12e8a\",\"name\":\"administrador\",\"image\":{\"@type\":\"ImageObject\",\"inLanguage\":\"es\",\"@id\":\"https:\\\/\\\/revistaliterariaelgatonegro.com\\\/wp-content\\\/uploads\\\/2025\\\/12\\\/cropped-Logotipo-Logo-Marca-personal-Pastel-Amarillo-12-Photoroom.png\",\"url\":\"https:\\\/\\\/revistaliterariaelgatonegro.com\\\/wp-content\\\/uploads\\\/2025\\\/12\\\/cropped-Logotipo-Logo-Marca-personal-Pastel-Amarillo-12-Photoroom.png\",\"contentUrl\":\"https:\\\/\\\/revistaliterariaelgatonegro.com\\\/wp-content\\\/uploads\\\/2025\\\/12\\\/cropped-Logotipo-Logo-Marca-personal-Pastel-Amarillo-12-Photoroom.png\",\"width\":364,\"height\":212,\"caption\":\"administrador\"},\"logo\":{\"@id\":\"https:\\\/\\\/revistaliterariaelgatonegro.com\\\/wp-content\\\/uploads\\\/2025\\\/12\\\/cropped-Logotipo-Logo-Marca-personal-Pastel-Amarillo-12-Photoroom.png\"},\"sameAs\":[\"http:\\\/\\\/s864831950.mialojamiento.es\"]}]}<\/script>\n<!-- \/ Yoast SEO plugin. -->","yoast_head_json":{"title":"Primer certamen Mundo Rural - REVISTA CULTURAL","robots":{"index":"index","follow":"follow","max-snippet":"max-snippet:-1","max-image-preview":"max-image-preview:large","max-video-preview":"max-video-preview:-1"},"canonical":"https:\/\/revistaliterariaelgatonegro.com\/?p=6617","og_locale":"es_ES","og_type":"article","og_title":"Primer certamen Mundo Rural - REVISTA CULTURAL","og_description":"La asociaci\u00f3n Se ha escrito un libro, convoca el primer certamen Mundo Rural para dar visibilidad y homenaje","og_url":"https:\/\/revistaliterariaelgatonegro.com\/?p=6617","og_site_name":"REVISTA CULTURAL","article_published_time":"2022-11-05T11:02:26+00:00","article_modified_time":"2022-12-21T21:48:31+00:00","og_image":[{"width":1080,"height":1080,"url":"https:\/\/revistaliterariaelgatonegro.com\/wp-content\/uploads\/2022\/11\/convocatoria-concurso.jpg","type":"image\/jpeg"}],"author":"administrador","twitter_card":"summary_large_image","twitter_image":"https:\/\/revistaliterariaelgatonegro.com\/wp-content\/uploads\/2022\/11\/convocatoria-concurso.jpg","twitter_misc":{"Escrito por":false},"schema":{"@context":"https:\/\/schema.org","@graph":[{"@type":"Article","@id":"https:\/\/revistaliterariaelgatonegro.com\/?p=6617#article","isPartOf":{"@id":"https:\/\/revistaliterariaelgatonegro.com\/?p=6617"},"author":{"name":"administrador","@id":"https:\/\/revistaliterariaelgatonegro.com\/#\/schema\/person\/6a37dd51e0f101e394e91c123fd12e8a"},"headline":"Primer certamen Mundo Rural","datePublished":"2022-11-05T11:02:26+00:00","dateModified":"2022-12-21T21:48:31+00:00","mainEntityOfPage":{"@id":"https:\/\/revistaliterariaelgatonegro.com\/?p=6617"},"wordCount":754,"commentCount":0,"publisher":{"@id":"https:\/\/revistaliterariaelgatonegro.com\/#\/schema\/person\/6a37dd51e0f101e394e91c123fd12e8a"},"image":{"@id":"https:\/\/revistaliterariaelgatonegro.com\/?p=6617#primaryimage"},"thumbnailUrl":"https:\/\/revistaliterariaelgatonegro.com\/wp-content\/uploads\/2022\/11\/convocatoria-concurso-2.jpg","keywords":["Certamen","Me gusta escribir","Medio Rural","Se ha escrito un libro"],"articleSection":["Concursos"],"inLanguage":"es","potentialAction":[{"@type":"CommentAction","name":"Comment","target":["https:\/\/revistaliterariaelgatonegro.com\/?p=6617#respond"]}]},{"@type":"WebPage","@id":"https:\/\/revistaliterariaelgatonegro.com\/?p=6617","url":"https:\/\/revistaliterariaelgatonegro.com\/?p=6617","name":"Primer certamen Mundo Rural - REVISTA CULTURAL","isPartOf":{"@id":"https:\/\/revistaliterariaelgatonegro.com\/#website"},"primaryImageOfPage":{"@id":"https:\/\/revistaliterariaelgatonegro.com\/?p=6617#primaryimage"},"image":{"@id":"https:\/\/revistaliterariaelgatonegro.com\/?p=6617#primaryimage"},"thumbnailUrl":"https:\/\/revistaliterariaelgatonegro.com\/wp-content\/uploads\/2022\/11\/convocatoria-concurso-2.jpg","datePublished":"2022-11-05T11:02:26+00:00","dateModified":"2022-12-21T21:48:31+00:00","breadcrumb":{"@id":"https:\/\/revistaliterariaelgatonegro.com\/?p=6617#breadcrumb"},"inLanguage":"es","potentialAction":[{"@type":"ReadAction","target":["https:\/\/revistaliterariaelgatonegro.com\/?p=6617"]}]},{"@type":"ImageObject","inLanguage":"es","@id":"https:\/\/revistaliterariaelgatonegro.com\/?p=6617#primaryimage","url":"https:\/\/revistaliterariaelgatonegro.com\/wp-content\/uploads\/2022\/11\/convocatoria-concurso-2.jpg","contentUrl":"https:\/\/revistaliterariaelgatonegro.com\/wp-content\/uploads\/2022\/11\/convocatoria-concurso-2.jpg","width":800,"height":800},{"@type":"BreadcrumbList","@id":"https:\/\/revistaliterariaelgatonegro.com\/?p=6617#breadcrumb","itemListElement":[{"@type":"ListItem","position":1,"name":"Portada","item":"https:\/\/revistaliterariaelgatonegro.com\/"},{"@type":"ListItem","position":2,"name":"Primer certamen Mundo Rural"}]},{"@type":"WebSite","@id":"https:\/\/revistaliterariaelgatonegro.com\/#website","url":"https:\/\/revistaliterariaelgatonegro.com\/","name":"REVISTA CULTURAL","description":" Un nuevo espacio para la divulgaci\u00f3n literaria, as\u00ed como dem\u00e1s artes ","publisher":{"@id":"https:\/\/revistaliterariaelgatonegro.com\/#\/schema\/person\/6a37dd51e0f101e394e91c123fd12e8a"},"potentialAction":[{"@type":"SearchAction","target":{"@type":"EntryPoint","urlTemplate":"https:\/\/revistaliterariaelgatonegro.com\/?s={search_term_string}"},"query-input":{"@type":"PropertyValueSpecification","valueRequired":true,"valueName":"search_term_string"}}],"inLanguage":"es"},{"@type":["Person","Organization"],"@id":"https:\/\/revistaliterariaelgatonegro.com\/#\/schema\/person\/6a37dd51e0f101e394e91c123fd12e8a","name":"administrador","image":{"@type":"ImageObject","inLanguage":"es","@id":"https:\/\/revistaliterariaelgatonegro.com\/wp-content\/uploads\/2025\/12\/cropped-Logotipo-Logo-Marca-personal-Pastel-Amarillo-12-Photoroom.png","url":"https:\/\/revistaliterariaelgatonegro.com\/wp-content\/uploads\/2025\/12\/cropped-Logotipo-Logo-Marca-personal-Pastel-Amarillo-12-Photoroom.png","contentUrl":"https:\/\/revistaliterariaelgatonegro.com\/wp-content\/uploads\/2025\/12\/cropped-Logotipo-Logo-Marca-personal-Pastel-Amarillo-12-Photoroom.png","width":364,"height":212,"caption":"administrador"},"logo":{"@id":"https:\/\/revistaliterariaelgatonegro.com\/wp-content\/uploads\/2025\/12\/cropped-Logotipo-Logo-Marca-personal-Pastel-Amarillo-12-Photoroom.png"},"sameAs":["http:\/\/s864831950.mialojamiento.es"]}]}},"featured_image_urls":{"full":["https:\/\/revistaliterariaelgatonegro.com\/wp-content\/uploads\/2022\/11\/convocatoria-concurso-2.jpg",800,800,false],"thumbnail":["https:\/\/revistaliterariaelgatonegro.com\/wp-content\/uploads\/2022\/11\/convocatoria-concurso-2-150x150.jpg",150,150,true],"medium":["https:\/\/revistaliterariaelgatonegro.com\/wp-content\/uploads\/2022\/11\/convocatoria-concurso-2-300x300.jpg",300,300,true],"medium_large":["https:\/\/revistaliterariaelgatonegro.com\/wp-content\/uploads\/2022\/11\/convocatoria-concurso-2-768x768.jpg",640,640,true],"large":["https:\/\/revistaliterariaelgatonegro.com\/wp-content\/uploads\/2022\/11\/convocatoria-concurso-2-700x700.jpg",640,640,true],"1536x1536":["https:\/\/revistaliterariaelgatonegro.com\/wp-content\/uploads\/2022\/11\/convocatoria-concurso-2.jpg",800,800,false],"2048x2048":["https:\/\/revistaliterariaelgatonegro.com\/wp-content\/uploads\/2022\/11\/convocatoria-concurso-2.jpg",800,800,false],"morenews-large":["https:\/\/revistaliterariaelgatonegro.com\/wp-content\/uploads\/2022\/11\/convocatoria-concurso-2.jpg",575,575,false],"morenews-medium":["https:\/\/revistaliterariaelgatonegro.com\/wp-content\/uploads\/2022\/11\/convocatoria-concurso-2.jpg",410,410,false],"woocommerce_thumbnail":["https:\/\/revistaliterariaelgatonegro.com\/wp-content\/uploads\/2022\/11\/convocatoria-concurso-2-300x300.jpg",300,300,true],"woocommerce_single":["https:\/\/revistaliterariaelgatonegro.com\/wp-content\/uploads\/2022\/11\/convocatoria-concurso-2-300x300.jpg",300,300,true],"woocommerce_gallery_thumbnail":["https:\/\/revistaliterariaelgatonegro.com\/wp-content\/uploads\/2022\/11\/convocatoria-concurso-2-100x100.jpg",100,100,true],"dgwt-wcas-product-suggestion":["https:\/\/revistaliterariaelgatonegro.com\/wp-content\/uploads\/2022\/11\/convocatoria-concurso-2-64x64.jpg",64,64,true]},"author_info":{"display_name":false,"author_link":"https:\/\/revistaliterariaelgatonegro.com\/?author=1"},"category_info":"<a href=\"https:\/\/revistaliterariaelgatonegro.com\/?cat=81\" rel=\"category\">Concursos<\/a>","tag_info":"Concursos","comment_count":"0","_links":{"self":[{"href":"https:\/\/revistaliterariaelgatonegro.com\/index.php?rest_route=\/wp\/v2\/posts\/6617","targetHints":{"allow":["GET"]}}],"collection":[{"href":"https:\/\/revistaliterariaelgatonegro.com\/index.php?rest_route=\/wp\/v2\/posts"}],"about":[{"href":"https:\/\/revistaliterariaelgatonegro.com\/index.php?rest_route=\/wp\/v2\/types\/post"}],"author":[{"embeddable":true,"href":"https:\/\/revistaliterariaelgatonegro.com\/index.php?rest_route=\/wp\/v2\/users\/1"}],"replies":[{"embeddable":true,"href":"https:\/\/revistaliterariaelgatonegro.com\/index.php?rest_route=%2Fwp%2Fv2%2Fcomments&post=6617"}],"version-history":[{"count":4,"href":"https:\/\/revistaliterariaelgatonegro.com\/index.php?rest_route=\/wp\/v2\/posts\/6617\/revisions"}],"predecessor-version":[{"id":6624,"href":"https:\/\/revistaliterariaelgatonegro.com\/index.php?rest_route=\/wp\/v2\/posts\/6617\/revisions\/6624"}],"wp:featuredmedia":[{"embeddable":true,"href":"https:\/\/revistaliterariaelgatonegro.com\/index.php?rest_route=\/wp\/v2\/media\/6634"}],"wp:attachment":[{"href":"https:\/\/revistaliterariaelgatonegro.com\/index.php?rest_route=%2Fwp%2Fv2%2Fmedia&parent=6617"}],"wp:term":[{"taxonomy":"category","embeddable":true,"href":"https:\/\/revistaliterariaelgatonegro.com\/index.php?rest_route=%2Fwp%2Fv2%2Fcategories&post=6617"},{"taxonomy":"post_tag","embeddable":true,"href":"https:\/\/revistaliterariaelgatonegro.com\/index.php?rest_route=%2Fwp%2Fv2%2Ftags&post=6617"}],"curies":[{"name":"wp","href":"https:\/\/api.w.org\/{rel}","templated":true}]}}