{"id":4332,"date":"2022-01-25T00:08:35","date_gmt":"2022-01-25T00:08:35","guid":{"rendered":"https:\/\/revistaliterariaelgatonegro.com\/?p=4332"},"modified":"2022-06-13T14:58:12","modified_gmt":"2022-06-13T14:58:12","slug":"si-quiero","status":"publish","type":"post","link":"https:\/\/revistaliterariaelgatonegro.com\/?p=4332","title":{"rendered":"S\u00ed, quiero"},"content":{"rendered":"\n<p><a href=\"http:\/\/es.globedia.com\/escuela-papel-invaluable-sociedad\" target=\"_blank\" rel=\"noreferrer noopener\">S\u00ed, quiero<\/a> recoge las vivencias de Mar\u00eda Esther Fern\u00e1ndez como maestra durante sus a\u00f1os de docencia por Asturias. Despu\u00e9s de jubilarse decidi\u00f3 escribir sus experiencias y recuerdos como maestra por los pueblos y ciudades de Asturias.<br>Una enamorada de su profesi\u00f3n que llevo durante cuarenta a\u00f1os la educaci\u00f3n y la cultura, desde las ciudades donde imparti\u00f3 clase a los lugares m\u00e1s rec\u00f3nditos.<br>Con este libro te sumergir\u00e1s en los paisajes de Asturias, y viajaras por ella sin salir de casa, al tiempo que te atrapara la pasi\u00f3n que en estas p\u00e1ginas hay por la educaci\u00f3n y la cultura.<\/p>\n\n\n\n<blockquote class=\"wp-block-quote is-layout-flow wp-block-quote-is-layout-flow\"><p>\u00abPrediqu\u00e9 mi evangelio did\u00e1ctico y puse una flor de comprensi\u00f3n en la desgracia humana, en la incultura sin culpa, en el querer y no poder, en l\u00e1grimas inocentes. Luch\u00e9 contra la injusticia y la petulancia. Les di todo lo mejor de mi vida y form\u00e9 aquellos ni\u00f1os y ni\u00f1as para ser hombres y mujeres del ma\u00f1ana. Aquellos ojos inocentes que cada ma\u00f1ana al entrar en la escuela, me miraban con amor puro, y me dec\u00edan: \u00abte queremos, nunca te olvidaremos\u00bb.<\/p><p><\/p><cite> <em>M\u00aa Esther Fern\u00e1ndez Fern\u00e1ndez<\/em><\/cite><\/blockquote>\n\n\n\n<div class=\"wp-block-buttons is-horizontal is-content-justification-left is-layout-flex wp-container-core-buttons-is-layout-20be11b6 wp-block-buttons-is-layout-flex\"><\/div>\n\n\n\n<h2 class=\"has-tertiary-color has-text-color wp-block-heading\">Primeros cap\u00edtulos<\/h2>\n\n\n\n<p>[dflip id=\u00bb5013&#8243; ][\/dflip]<\/p>\n\n\n\n<h2 class=\"has-tertiary-color has-text-color wp-block-heading\">Sobre el autor<\/h2>\n\n\n\n<p><a href=\"https:\/\/sandraovies.com\/\">Sandra Ovies Fern\u00e1ndez<\/a>, vive en un lugar pintado en azul y verde en el norte de Espa\u00f1a. De madre leonesa y padre asturiano. Es una de las fundadoras y redactora en la revista digital literaria El Gato Negro.<\/p>\n\n\n\n<p>Su \u00faltimo trabajo es un libro infantil, Los Viajes de Miguelito. Ha publicado la novela El hombre que invent\u00f3 la duda, ha reeditado El Espejo, bajo el t\u00edtulo, Un Espejo Azul, reflejo de un amor. Tambi\u00e9n ha colaborado en la obra colectiva promovida por la editorial Playa de \u00c1kaba, Generaci\u00f3n Subway.<\/p>\n","protected":false},"excerpt":{"rendered":"<p>S\u00ed, quiero recoge las vivencias de Mar\u00eda Esther Fern\u00e1ndez como maestra durante sus a\u00f1os de docencia por Asturias.<\/p>\n","protected":false},"author":1,"featured_media":5011,"comment_status":"open","ping_status":"open","sticky":false,"template":"","format":"standard","meta":{"footnotes":""},"categories":[58,4,49],"tags":[],"class_list":["post-4332","post","type-post","status-publish","format-standard","has-post-thumbnail","hentry","category-echale-un-vistazo","category-hablamos-de","category-novedades-literarias"],"yoast_head":"<!-- This site is optimized with the Yoast SEO plugin v27.4 - https:\/\/yoast.com\/product\/yoast-seo-wordpress\/ -->\n<title>S\u00ed, quiero - REVISTA CULTURAL<\/title>\n<meta name=\"robots\" content=\"index, follow, max-snippet:-1, max-image-preview:large, max-video-preview:-1\" \/>\n<link rel=\"canonical\" href=\"https:\/\/revistaliterariaelgatonegro.com\/?p=4332\" \/>\n<meta property=\"og:locale\" content=\"es_ES\" \/>\n<meta property=\"og:type\" content=\"article\" \/>\n<meta property=\"og:title\" content=\"S\u00ed, quiero - REVISTA CULTURAL\" \/>\n<meta property=\"og:description\" content=\"S\u00ed, quiero recoge las vivencias de Mar\u00eda Esther Fern\u00e1ndez como maestra durante sus a\u00f1os de docencia por Asturias.\" \/>\n<meta property=\"og:url\" content=\"https:\/\/revistaliterariaelgatonegro.com\/?p=4332\" \/>\n<meta property=\"og:site_name\" content=\"REVISTA CULTURAL\" \/>\n<meta property=\"article:published_time\" content=\"2022-01-25T00:08:35+00:00\" \/>\n<meta property=\"article:modified_time\" content=\"2022-06-13T14:58:12+00:00\" \/>\n<meta property=\"og:image\" content=\"https:\/\/revistaliterariaelgatonegro.com\/wp-content\/uploads\/2022\/01\/si-quiero.jpg\" \/>\n\t<meta property=\"og:image:width\" content=\"900\" \/>\n\t<meta property=\"og:image:height\" content=\"1200\" \/>\n\t<meta property=\"og:image:type\" content=\"image\/jpeg\" \/>\n<meta name=\"author\" content=\"administrador\" \/>\n<meta name=\"twitter:card\" content=\"summary_large_image\" \/>\n<meta name=\"twitter:label1\" content=\"Escrito por\" \/>\n\t<meta name=\"twitter:data1\" content=\"\" \/>\n\t<meta name=\"twitter:label2\" content=\"Tiempo de lectura\" \/>\n\t<meta name=\"twitter:data2\" content=\"2 minutos\" \/>\n<script type=\"application\/ld+json\" class=\"yoast-schema-graph\">{\"@context\":\"https:\\\/\\\/schema.org\",\"@graph\":[{\"@type\":\"Article\",\"@id\":\"https:\\\/\\\/revistaliterariaelgatonegro.com\\\/?p=4332#article\",\"isPartOf\":{\"@id\":\"https:\\\/\\\/revistaliterariaelgatonegro.com\\\/?p=4332\"},\"author\":{\"name\":\"administrador\",\"@id\":\"https:\\\/\\\/revistaliterariaelgatonegro.com\\\/#\\\/schema\\\/person\\\/6a37dd51e0f101e394e91c123fd12e8a\"},\"headline\":\"S\u00ed, quiero\",\"datePublished\":\"2022-01-25T00:08:35+00:00\",\"dateModified\":\"2022-06-13T14:58:12+00:00\",\"mainEntityOfPage\":{\"@id\":\"https:\\\/\\\/revistaliterariaelgatonegro.com\\\/?p=4332\"},\"wordCount\":310,\"commentCount\":0,\"publisher\":{\"@id\":\"https:\\\/\\\/revistaliterariaelgatonegro.com\\\/#\\\/schema\\\/person\\\/6a37dd51e0f101e394e91c123fd12e8a\"},\"image\":{\"@id\":\"https:\\\/\\\/revistaliterariaelgatonegro.com\\\/?p=4332#primaryimage\"},\"thumbnailUrl\":\"https:\\\/\\\/revistaliterariaelgatonegro.com\\\/wp-content\\\/uploads\\\/2022\\\/01\\\/si-quiero.jpg\",\"articleSection\":[\"\u00c9chale un vistazo\",\"Narrativa\",\"Novedades\"],\"inLanguage\":\"es\",\"potentialAction\":[{\"@type\":\"CommentAction\",\"name\":\"Comment\",\"target\":[\"https:\\\/\\\/revistaliterariaelgatonegro.com\\\/?p=4332#respond\"]}]},{\"@type\":\"WebPage\",\"@id\":\"https:\\\/\\\/revistaliterariaelgatonegro.com\\\/?p=4332\",\"url\":\"https:\\\/\\\/revistaliterariaelgatonegro.com\\\/?p=4332\",\"name\":\"S\u00ed, quiero - REVISTA CULTURAL\",\"isPartOf\":{\"@id\":\"https:\\\/\\\/revistaliterariaelgatonegro.com\\\/#website\"},\"primaryImageOfPage\":{\"@id\":\"https:\\\/\\\/revistaliterariaelgatonegro.com\\\/?p=4332#primaryimage\"},\"image\":{\"@id\":\"https:\\\/\\\/revistaliterariaelgatonegro.com\\\/?p=4332#primaryimage\"},\"thumbnailUrl\":\"https:\\\/\\\/revistaliterariaelgatonegro.com\\\/wp-content\\\/uploads\\\/2022\\\/01\\\/si-quiero.jpg\",\"datePublished\":\"2022-01-25T00:08:35+00:00\",\"dateModified\":\"2022-06-13T14:58:12+00:00\",\"breadcrumb\":{\"@id\":\"https:\\\/\\\/revistaliterariaelgatonegro.com\\\/?p=4332#breadcrumb\"},\"inLanguage\":\"es\",\"potentialAction\":[{\"@type\":\"ReadAction\",\"target\":[\"https:\\\/\\\/revistaliterariaelgatonegro.com\\\/?p=4332\"]}]},{\"@type\":\"ImageObject\",\"inLanguage\":\"es\",\"@id\":\"https:\\\/\\\/revistaliterariaelgatonegro.com\\\/?p=4332#primaryimage\",\"url\":\"https:\\\/\\\/revistaliterariaelgatonegro.com\\\/wp-content\\\/uploads\\\/2022\\\/01\\\/si-quiero.jpg\",\"contentUrl\":\"https:\\\/\\\/revistaliterariaelgatonegro.com\\\/wp-content\\\/uploads\\\/2022\\\/01\\\/si-quiero.jpg\",\"width\":900,\"height\":1200},{\"@type\":\"BreadcrumbList\",\"@id\":\"https:\\\/\\\/revistaliterariaelgatonegro.com\\\/?p=4332#breadcrumb\",\"itemListElement\":[{\"@type\":\"ListItem\",\"position\":1,\"name\":\"Portada\",\"item\":\"https:\\\/\\\/revistaliterariaelgatonegro.com\\\/\"},{\"@type\":\"ListItem\",\"position\":2,\"name\":\"S\u00ed, quiero\"}]},{\"@type\":\"WebSite\",\"@id\":\"https:\\\/\\\/revistaliterariaelgatonegro.com\\\/#website\",\"url\":\"https:\\\/\\\/revistaliterariaelgatonegro.com\\\/\",\"name\":\"REVISTA CULTURAL\",\"description\":\" Un nuevo espacio para la divulgaci\u00f3n literaria, as\u00ed como dem\u00e1s artes \",\"publisher\":{\"@id\":\"https:\\\/\\\/revistaliterariaelgatonegro.com\\\/#\\\/schema\\\/person\\\/6a37dd51e0f101e394e91c123fd12e8a\"},\"potentialAction\":[{\"@type\":\"SearchAction\",\"target\":{\"@type\":\"EntryPoint\",\"urlTemplate\":\"https:\\\/\\\/revistaliterariaelgatonegro.com\\\/?s={search_term_string}\"},\"query-input\":{\"@type\":\"PropertyValueSpecification\",\"valueRequired\":true,\"valueName\":\"search_term_string\"}}],\"inLanguage\":\"es\"},{\"@type\":[\"Person\",\"Organization\"],\"@id\":\"https:\\\/\\\/revistaliterariaelgatonegro.com\\\/#\\\/schema\\\/person\\\/6a37dd51e0f101e394e91c123fd12e8a\",\"name\":\"administrador\",\"image\":{\"@type\":\"ImageObject\",\"inLanguage\":\"es\",\"@id\":\"https:\\\/\\\/revistaliterariaelgatonegro.com\\\/wp-content\\\/uploads\\\/2025\\\/12\\\/cropped-Logotipo-Logo-Marca-personal-Pastel-Amarillo-12-Photoroom.png\",\"url\":\"https:\\\/\\\/revistaliterariaelgatonegro.com\\\/wp-content\\\/uploads\\\/2025\\\/12\\\/cropped-Logotipo-Logo-Marca-personal-Pastel-Amarillo-12-Photoroom.png\",\"contentUrl\":\"https:\\\/\\\/revistaliterariaelgatonegro.com\\\/wp-content\\\/uploads\\\/2025\\\/12\\\/cropped-Logotipo-Logo-Marca-personal-Pastel-Amarillo-12-Photoroom.png\",\"width\":364,\"height\":212,\"caption\":\"administrador\"},\"logo\":{\"@id\":\"https:\\\/\\\/revistaliterariaelgatonegro.com\\\/wp-content\\\/uploads\\\/2025\\\/12\\\/cropped-Logotipo-Logo-Marca-personal-Pastel-Amarillo-12-Photoroom.png\"},\"sameAs\":[\"http:\\\/\\\/s864831950.mialojamiento.es\"]}]}<\/script>\n<!-- \/ Yoast SEO plugin. -->","yoast_head_json":{"title":"S\u00ed, quiero - REVISTA CULTURAL","robots":{"index":"index","follow":"follow","max-snippet":"max-snippet:-1","max-image-preview":"max-image-preview:large","max-video-preview":"max-video-preview:-1"},"canonical":"https:\/\/revistaliterariaelgatonegro.com\/?p=4332","og_locale":"es_ES","og_type":"article","og_title":"S\u00ed, quiero - REVISTA CULTURAL","og_description":"S\u00ed, quiero recoge las vivencias de Mar\u00eda Esther Fern\u00e1ndez como maestra durante sus a\u00f1os de docencia por Asturias.","og_url":"https:\/\/revistaliterariaelgatonegro.com\/?p=4332","og_site_name":"REVISTA CULTURAL","article_published_time":"2022-01-25T00:08:35+00:00","article_modified_time":"2022-06-13T14:58:12+00:00","og_image":[{"width":900,"height":1200,"url":"https:\/\/revistaliterariaelgatonegro.com\/wp-content\/uploads\/2022\/01\/si-quiero.jpg","type":"image\/jpeg"}],"author":"administrador","twitter_card":"summary_large_image","twitter_misc":{"Escrito por":false,"Tiempo de lectura":"2 minutos"},"schema":{"@context":"https:\/\/schema.org","@graph":[{"@type":"Article","@id":"https:\/\/revistaliterariaelgatonegro.com\/?p=4332#article","isPartOf":{"@id":"https:\/\/revistaliterariaelgatonegro.com\/?p=4332"},"author":{"name":"administrador","@id":"https:\/\/revistaliterariaelgatonegro.com\/#\/schema\/person\/6a37dd51e0f101e394e91c123fd12e8a"},"headline":"S\u00ed, quiero","datePublished":"2022-01-25T00:08:35+00:00","dateModified":"2022-06-13T14:58:12+00:00","mainEntityOfPage":{"@id":"https:\/\/revistaliterariaelgatonegro.com\/?p=4332"},"wordCount":310,"commentCount":0,"publisher":{"@id":"https:\/\/revistaliterariaelgatonegro.com\/#\/schema\/person\/6a37dd51e0f101e394e91c123fd12e8a"},"image":{"@id":"https:\/\/revistaliterariaelgatonegro.com\/?p=4332#primaryimage"},"thumbnailUrl":"https:\/\/revistaliterariaelgatonegro.com\/wp-content\/uploads\/2022\/01\/si-quiero.jpg","articleSection":["\u00c9chale un vistazo","Narrativa","Novedades"],"inLanguage":"es","potentialAction":[{"@type":"CommentAction","name":"Comment","target":["https:\/\/revistaliterariaelgatonegro.com\/?p=4332#respond"]}]},{"@type":"WebPage","@id":"https:\/\/revistaliterariaelgatonegro.com\/?p=4332","url":"https:\/\/revistaliterariaelgatonegro.com\/?p=4332","name":"S\u00ed, quiero - REVISTA CULTURAL","isPartOf":{"@id":"https:\/\/revistaliterariaelgatonegro.com\/#website"},"primaryImageOfPage":{"@id":"https:\/\/revistaliterariaelgatonegro.com\/?p=4332#primaryimage"},"image":{"@id":"https:\/\/revistaliterariaelgatonegro.com\/?p=4332#primaryimage"},"thumbnailUrl":"https:\/\/revistaliterariaelgatonegro.com\/wp-content\/uploads\/2022\/01\/si-quiero.jpg","datePublished":"2022-01-25T00:08:35+00:00","dateModified":"2022-06-13T14:58:12+00:00","breadcrumb":{"@id":"https:\/\/revistaliterariaelgatonegro.com\/?p=4332#breadcrumb"},"inLanguage":"es","potentialAction":[{"@type":"ReadAction","target":["https:\/\/revistaliterariaelgatonegro.com\/?p=4332"]}]},{"@type":"ImageObject","inLanguage":"es","@id":"https:\/\/revistaliterariaelgatonegro.com\/?p=4332#primaryimage","url":"https:\/\/revistaliterariaelgatonegro.com\/wp-content\/uploads\/2022\/01\/si-quiero.jpg","contentUrl":"https:\/\/revistaliterariaelgatonegro.com\/wp-content\/uploads\/2022\/01\/si-quiero.jpg","width":900,"height":1200},{"@type":"BreadcrumbList","@id":"https:\/\/revistaliterariaelgatonegro.com\/?p=4332#breadcrumb","itemListElement":[{"@type":"ListItem","position":1,"name":"Portada","item":"https:\/\/revistaliterariaelgatonegro.com\/"},{"@type":"ListItem","position":2,"name":"S\u00ed, quiero"}]},{"@type":"WebSite","@id":"https:\/\/revistaliterariaelgatonegro.com\/#website","url":"https:\/\/revistaliterariaelgatonegro.com\/","name":"REVISTA CULTURAL","description":" Un nuevo espacio para la divulgaci\u00f3n literaria, as\u00ed como dem\u00e1s artes ","publisher":{"@id":"https:\/\/revistaliterariaelgatonegro.com\/#\/schema\/person\/6a37dd51e0f101e394e91c123fd12e8a"},"potentialAction":[{"@type":"SearchAction","target":{"@type":"EntryPoint","urlTemplate":"https:\/\/revistaliterariaelgatonegro.com\/?s={search_term_string}"},"query-input":{"@type":"PropertyValueSpecification","valueRequired":true,"valueName":"search_term_string"}}],"inLanguage":"es"},{"@type":["Person","Organization"],"@id":"https:\/\/revistaliterariaelgatonegro.com\/#\/schema\/person\/6a37dd51e0f101e394e91c123fd12e8a","name":"administrador","image":{"@type":"ImageObject","inLanguage":"es","@id":"https:\/\/revistaliterariaelgatonegro.com\/wp-content\/uploads\/2025\/12\/cropped-Logotipo-Logo-Marca-personal-Pastel-Amarillo-12-Photoroom.png","url":"https:\/\/revistaliterariaelgatonegro.com\/wp-content\/uploads\/2025\/12\/cropped-Logotipo-Logo-Marca-personal-Pastel-Amarillo-12-Photoroom.png","contentUrl":"https:\/\/revistaliterariaelgatonegro.com\/wp-content\/uploads\/2025\/12\/cropped-Logotipo-Logo-Marca-personal-Pastel-Amarillo-12-Photoroom.png","width":364,"height":212,"caption":"administrador"},"logo":{"@id":"https:\/\/revistaliterariaelgatonegro.com\/wp-content\/uploads\/2025\/12\/cropped-Logotipo-Logo-Marca-personal-Pastel-Amarillo-12-Photoroom.png"},"sameAs":["http:\/\/s864831950.mialojamiento.es"]}]}},"featured_image_urls":{"full":["https:\/\/revistaliterariaelgatonegro.com\/wp-content\/uploads\/2022\/01\/si-quiero.jpg",900,1200,false],"thumbnail":["https:\/\/revistaliterariaelgatonegro.com\/wp-content\/uploads\/2022\/01\/si-quiero-150x150.jpg",150,150,true],"medium":["https:\/\/revistaliterariaelgatonegro.com\/wp-content\/uploads\/2022\/01\/si-quiero-225x300.jpg",225,300,true],"medium_large":["https:\/\/revistaliterariaelgatonegro.com\/wp-content\/uploads\/2022\/01\/si-quiero-768x1024.jpg",640,853,true],"large":["https:\/\/revistaliterariaelgatonegro.com\/wp-content\/uploads\/2022\/01\/si-quiero-700x933.jpg",640,853,true],"1536x1536":["https:\/\/revistaliterariaelgatonegro.com\/wp-content\/uploads\/2022\/01\/si-quiero.jpg",900,1200,false],"2048x2048":["https:\/\/revistaliterariaelgatonegro.com\/wp-content\/uploads\/2022\/01\/si-quiero.jpg",900,1200,false],"morenews-large":["https:\/\/revistaliterariaelgatonegro.com\/wp-content\/uploads\/2022\/01\/si-quiero.jpg",431,575,false],"morenews-medium":["https:\/\/revistaliterariaelgatonegro.com\/wp-content\/uploads\/2022\/01\/si-quiero.jpg",308,410,false],"woocommerce_thumbnail":["https:\/\/revistaliterariaelgatonegro.com\/wp-content\/uploads\/2022\/01\/si-quiero-300x400.jpg",300,400,true],"woocommerce_single":["https:\/\/revistaliterariaelgatonegro.com\/wp-content\/uploads\/2022\/01\/si-quiero-300x400.jpg",300,400,true],"woocommerce_gallery_thumbnail":["https:\/\/revistaliterariaelgatonegro.com\/wp-content\/uploads\/2022\/01\/si-quiero-100x100.jpg",100,100,true],"dgwt-wcas-product-suggestion":["https:\/\/revistaliterariaelgatonegro.com\/wp-content\/uploads\/2022\/01\/si-quiero-64x85.jpg",64,85,true]},"author_info":{"display_name":false,"author_link":"https:\/\/revistaliterariaelgatonegro.com\/?author=1"},"category_info":"<a href=\"https:\/\/revistaliterariaelgatonegro.com\/?cat=58\" rel=\"category\">\u00c9chale un vistazo<\/a> <a href=\"https:\/\/revistaliterariaelgatonegro.com\/?cat=4\" rel=\"category\">Narrativa<\/a> <a href=\"https:\/\/revistaliterariaelgatonegro.com\/?cat=49\" rel=\"category\">Novedades<\/a>","tag_info":"Novedades","comment_count":"0","_links":{"self":[{"href":"https:\/\/revistaliterariaelgatonegro.com\/index.php?rest_route=\/wp\/v2\/posts\/4332","targetHints":{"allow":["GET"]}}],"collection":[{"href":"https:\/\/revistaliterariaelgatonegro.com\/index.php?rest_route=\/wp\/v2\/posts"}],"about":[{"href":"https:\/\/revistaliterariaelgatonegro.com\/index.php?rest_route=\/wp\/v2\/types\/post"}],"author":[{"embeddable":true,"href":"https:\/\/revistaliterariaelgatonegro.com\/index.php?rest_route=\/wp\/v2\/users\/1"}],"replies":[{"embeddable":true,"href":"https:\/\/revistaliterariaelgatonegro.com\/index.php?rest_route=%2Fwp%2Fv2%2Fcomments&post=4332"}],"version-history":[{"count":7,"href":"https:\/\/revistaliterariaelgatonegro.com\/index.php?rest_route=\/wp\/v2\/posts\/4332\/revisions"}],"predecessor-version":[{"id":5240,"href":"https:\/\/revistaliterariaelgatonegro.com\/index.php?rest_route=\/wp\/v2\/posts\/4332\/revisions\/5240"}],"wp:featuredmedia":[{"embeddable":true,"href":"https:\/\/revistaliterariaelgatonegro.com\/index.php?rest_route=\/wp\/v2\/media\/5011"}],"wp:attachment":[{"href":"https:\/\/revistaliterariaelgatonegro.com\/index.php?rest_route=%2Fwp%2Fv2%2Fmedia&parent=4332"}],"wp:term":[{"taxonomy":"category","embeddable":true,"href":"https:\/\/revistaliterariaelgatonegro.com\/index.php?rest_route=%2Fwp%2Fv2%2Fcategories&post=4332"},{"taxonomy":"post_tag","embeddable":true,"href":"https:\/\/revistaliterariaelgatonegro.com\/index.php?rest_route=%2Fwp%2Fv2%2Ftags&post=4332"}],"curies":[{"name":"wp","href":"https:\/\/api.w.org\/{rel}","templated":true}]}}