{"id":4057,"date":"2021-12-10T04:10:10","date_gmt":"2021-12-10T04:10:10","guid":{"rendered":"https:\/\/revistaliterariaelgatonegro.com\/?p=4057"},"modified":"2022-03-12T04:03:35","modified_gmt":"2022-03-12T04:03:35","slug":"la-decepcion-tambien-es-bella","status":"publish","type":"post","link":"https:\/\/revistaliterariaelgatonegro.com\/?p=4057","title":{"rendered":"La decepci\u00f3n tambi\u00e9n es bella"},"content":{"rendered":"\n<p class=\"has-drop-cap\">El d\u00eda era desapacible, las peque\u00f1as treguas que daba la lluvia eran como suspiros que mediaban entre un llanto y otro. El cielo lloraba y el d\u00eda se solidariz\u00f3 con \u00e9l y se visti\u00f3 de un gris plomizo con unas t\u00edmidas pinceladas de azules apagados. El invierno con su f\u00e9rrea mano iba desplazando al suave oto\u00f1o.<\/p>\n\n\n\n<p>&nbsp;Manuela se acerco a la ventana y paseo su mirada por el jard\u00edn; \u00abest\u00e1 agonizando el oto\u00f1o, otro oto\u00f1o que se va\u2026\u00bb, pens\u00f3 con cierta melancol\u00eda.&nbsp;<\/p>\n\n\n\n<p>Manuela no era dada a melancol\u00edas ni tristezas, pero de repente se sinti\u00f3 descrita en ese paisaje oto\u00f1al que se resist\u00eda ante lo inevitable. Los \u00e1rboles que eran despojados de sus vestiduras, el cielo gris, el verde de los prados que daban color y alegr\u00eda junto con las oto\u00f1ales hojas de las hortensias que se resist\u00edan a partir.<\/p>\n\n\n\n<p> De repente la tristeza la embargo. Se sinti\u00f3 desprotegida, como esos \u00e1rboles que eran zarandeados por el viento, por el modo injusto que hab\u00eda, era, y seria tratada. Vulnerable y sola, como las ramas de los \u00e1rboles sin sus hojas; se pregunt\u00f3 si realmente merec\u00eda la pena ser buena persona, ya que parece que la vida premia la maldad disfrazada de falsa bondad.<\/p>\n\n\n\n<p>Un profundo abatimiento comenz\u00f3 a abrirse paso en su pecho causando una opresi\u00f3n que le dificultaba la respiraci\u00f3n. Menospreciada, y utilizada por personas en las que hab\u00eda confiado. Decepcionada por haberse equivocado y poner expectativas donde no las hab\u00eda\u2026Defraudada porque con determinados actos le han demostrado que no es merecedora de ser amada. Cansada de tener que reinventarse una y otra vez. &nbsp;Profundamente hastiada de <em>los Peter Pan <\/em>que la vida se empe\u00f1aba en ponerle una y otra vez en su camino\u2026, pero tambi\u00e9n era como el verde luminoso de los prados, que con su color daba luz al paisaje, o como las hojas de las hortensias que se resist\u00edan a la llegada del invierno y continuaban en su sitio dando alegr\u00eda con sus tonos amarillentos. A\u00fan conservaba ilusi\u00f3n y esperanza en el ser humano. &nbsp;<\/p>\n\n\n\n<h6 class=\"wp-block-heading\">Autor: Sandra Ovies Fern\u00e1ndez <\/h6>\n\n\n\n<p><\/p>\n","protected":false},"excerpt":{"rendered":"<p>El d\u00eda era desapacible, las peque\u00f1as treguas que daba la lluvia eran como suspiros que mediaban entre un<\/p>\n","protected":false},"author":1,"featured_media":4058,"comment_status":"open","ping_status":"open","sticky":false,"template":"","format":"standard","meta":{"footnotes":""},"categories":[4],"tags":[],"class_list":["post-4057","post","type-post","status-publish","format-standard","has-post-thumbnail","hentry","category-hablamos-de"],"yoast_head":"<!-- This site is optimized with the Yoast SEO plugin v27.4 - https:\/\/yoast.com\/product\/yoast-seo-wordpress\/ -->\n<title>La decepci\u00f3n tambi\u00e9n es bella - REVISTA CULTURAL<\/title>\n<meta name=\"robots\" content=\"index, follow, max-snippet:-1, max-image-preview:large, max-video-preview:-1\" \/>\n<link rel=\"canonical\" href=\"https:\/\/revistaliterariaelgatonegro.com\/?p=4057\" \/>\n<meta property=\"og:locale\" content=\"es_ES\" \/>\n<meta property=\"og:type\" content=\"article\" \/>\n<meta property=\"og:title\" content=\"La decepci\u00f3n tambi\u00e9n es bella - REVISTA CULTURAL\" \/>\n<meta property=\"og:description\" content=\"El d\u00eda era desapacible, las peque\u00f1as treguas que daba la lluvia eran como suspiros que mediaban entre un\" \/>\n<meta property=\"og:url\" content=\"https:\/\/revistaliterariaelgatonegro.com\/?p=4057\" \/>\n<meta property=\"og:site_name\" content=\"REVISTA CULTURAL\" \/>\n<meta property=\"article:published_time\" content=\"2021-12-10T04:10:10+00:00\" \/>\n<meta property=\"article:modified_time\" content=\"2022-03-12T04:03:35+00:00\" \/>\n<meta property=\"og:image\" content=\"https:\/\/revistaliterariaelgatonegro.com\/wp-content\/uploads\/2021\/12\/La-decepcion-tambien-es-bella.jpg\" \/>\n\t<meta property=\"og:image:width\" content=\"900\" \/>\n\t<meta property=\"og:image:height\" content=\"1085\" \/>\n\t<meta property=\"og:image:type\" content=\"image\/jpeg\" \/>\n<meta name=\"author\" content=\"administrador\" \/>\n<meta name=\"twitter:card\" content=\"summary_large_image\" \/>\n<meta name=\"twitter:image\" content=\"https:\/\/revistaliterariaelgatonegro.com\/wp-content\/uploads\/2021\/12\/La-decepcion-tambien-es-bella.jpg\" \/>\n<meta name=\"twitter:label1\" content=\"Escrito por\" \/>\n\t<meta name=\"twitter:data1\" content=\"\" \/>\n\t<meta name=\"twitter:label2\" content=\"Tiempo de lectura\" \/>\n\t<meta name=\"twitter:data2\" content=\"2 minutos\" \/>\n<script type=\"application\/ld+json\" class=\"yoast-schema-graph\">{\"@context\":\"https:\\\/\\\/schema.org\",\"@graph\":[{\"@type\":\"Article\",\"@id\":\"https:\\\/\\\/revistaliterariaelgatonegro.com\\\/?p=4057#article\",\"isPartOf\":{\"@id\":\"https:\\\/\\\/revistaliterariaelgatonegro.com\\\/?p=4057\"},\"author\":{\"name\":\"administrador\",\"@id\":\"https:\\\/\\\/revistaliterariaelgatonegro.com\\\/#\\\/schema\\\/person\\\/6a37dd51e0f101e394e91c123fd12e8a\"},\"headline\":\"La decepci\u00f3n tambi\u00e9n es bella\",\"datePublished\":\"2021-12-10T04:10:10+00:00\",\"dateModified\":\"2022-03-12T04:03:35+00:00\",\"mainEntityOfPage\":{\"@id\":\"https:\\\/\\\/revistaliterariaelgatonegro.com\\\/?p=4057\"},\"wordCount\":383,\"commentCount\":0,\"publisher\":{\"@id\":\"https:\\\/\\\/revistaliterariaelgatonegro.com\\\/#\\\/schema\\\/person\\\/6a37dd51e0f101e394e91c123fd12e8a\"},\"image\":{\"@id\":\"https:\\\/\\\/revistaliterariaelgatonegro.com\\\/?p=4057#primaryimage\"},\"thumbnailUrl\":\"https:\\\/\\\/revistaliterariaelgatonegro.com\\\/wp-content\\\/uploads\\\/2021\\\/12\\\/La-decepcion-tambien-es-bella.jpg\",\"articleSection\":[\"Narrativa\"],\"inLanguage\":\"es\",\"potentialAction\":[{\"@type\":\"CommentAction\",\"name\":\"Comment\",\"target\":[\"https:\\\/\\\/revistaliterariaelgatonegro.com\\\/?p=4057#respond\"]}]},{\"@type\":\"WebPage\",\"@id\":\"https:\\\/\\\/revistaliterariaelgatonegro.com\\\/?p=4057\",\"url\":\"https:\\\/\\\/revistaliterariaelgatonegro.com\\\/?p=4057\",\"name\":\"La decepci\u00f3n tambi\u00e9n es bella - REVISTA CULTURAL\",\"isPartOf\":{\"@id\":\"https:\\\/\\\/revistaliterariaelgatonegro.com\\\/#website\"},\"primaryImageOfPage\":{\"@id\":\"https:\\\/\\\/revistaliterariaelgatonegro.com\\\/?p=4057#primaryimage\"},\"image\":{\"@id\":\"https:\\\/\\\/revistaliterariaelgatonegro.com\\\/?p=4057#primaryimage\"},\"thumbnailUrl\":\"https:\\\/\\\/revistaliterariaelgatonegro.com\\\/wp-content\\\/uploads\\\/2021\\\/12\\\/La-decepcion-tambien-es-bella.jpg\",\"datePublished\":\"2021-12-10T04:10:10+00:00\",\"dateModified\":\"2022-03-12T04:03:35+00:00\",\"breadcrumb\":{\"@id\":\"https:\\\/\\\/revistaliterariaelgatonegro.com\\\/?p=4057#breadcrumb\"},\"inLanguage\":\"es\",\"potentialAction\":[{\"@type\":\"ReadAction\",\"target\":[\"https:\\\/\\\/revistaliterariaelgatonegro.com\\\/?p=4057\"]}]},{\"@type\":\"ImageObject\",\"inLanguage\":\"es\",\"@id\":\"https:\\\/\\\/revistaliterariaelgatonegro.com\\\/?p=4057#primaryimage\",\"url\":\"https:\\\/\\\/revistaliterariaelgatonegro.com\\\/wp-content\\\/uploads\\\/2021\\\/12\\\/La-decepcion-tambien-es-bella.jpg\",\"contentUrl\":\"https:\\\/\\\/revistaliterariaelgatonegro.com\\\/wp-content\\\/uploads\\\/2021\\\/12\\\/La-decepcion-tambien-es-bella.jpg\",\"width\":900,\"height\":1085},{\"@type\":\"BreadcrumbList\",\"@id\":\"https:\\\/\\\/revistaliterariaelgatonegro.com\\\/?p=4057#breadcrumb\",\"itemListElement\":[{\"@type\":\"ListItem\",\"position\":1,\"name\":\"Portada\",\"item\":\"https:\\\/\\\/revistaliterariaelgatonegro.com\\\/\"},{\"@type\":\"ListItem\",\"position\":2,\"name\":\"La decepci\u00f3n tambi\u00e9n es bella\"}]},{\"@type\":\"WebSite\",\"@id\":\"https:\\\/\\\/revistaliterariaelgatonegro.com\\\/#website\",\"url\":\"https:\\\/\\\/revistaliterariaelgatonegro.com\\\/\",\"name\":\"REVISTA CULTURAL\",\"description\":\" Un nuevo espacio para la divulgaci\u00f3n literaria, as\u00ed como dem\u00e1s artes \",\"publisher\":{\"@id\":\"https:\\\/\\\/revistaliterariaelgatonegro.com\\\/#\\\/schema\\\/person\\\/6a37dd51e0f101e394e91c123fd12e8a\"},\"potentialAction\":[{\"@type\":\"SearchAction\",\"target\":{\"@type\":\"EntryPoint\",\"urlTemplate\":\"https:\\\/\\\/revistaliterariaelgatonegro.com\\\/?s={search_term_string}\"},\"query-input\":{\"@type\":\"PropertyValueSpecification\",\"valueRequired\":true,\"valueName\":\"search_term_string\"}}],\"inLanguage\":\"es\"},{\"@type\":[\"Person\",\"Organization\"],\"@id\":\"https:\\\/\\\/revistaliterariaelgatonegro.com\\\/#\\\/schema\\\/person\\\/6a37dd51e0f101e394e91c123fd12e8a\",\"name\":\"administrador\",\"image\":{\"@type\":\"ImageObject\",\"inLanguage\":\"es\",\"@id\":\"https:\\\/\\\/revistaliterariaelgatonegro.com\\\/wp-content\\\/uploads\\\/2025\\\/12\\\/cropped-Logotipo-Logo-Marca-personal-Pastel-Amarillo-12-Photoroom.png\",\"url\":\"https:\\\/\\\/revistaliterariaelgatonegro.com\\\/wp-content\\\/uploads\\\/2025\\\/12\\\/cropped-Logotipo-Logo-Marca-personal-Pastel-Amarillo-12-Photoroom.png\",\"contentUrl\":\"https:\\\/\\\/revistaliterariaelgatonegro.com\\\/wp-content\\\/uploads\\\/2025\\\/12\\\/cropped-Logotipo-Logo-Marca-personal-Pastel-Amarillo-12-Photoroom.png\",\"width\":364,\"height\":212,\"caption\":\"administrador\"},\"logo\":{\"@id\":\"https:\\\/\\\/revistaliterariaelgatonegro.com\\\/wp-content\\\/uploads\\\/2025\\\/12\\\/cropped-Logotipo-Logo-Marca-personal-Pastel-Amarillo-12-Photoroom.png\"},\"sameAs\":[\"http:\\\/\\\/s864831950.mialojamiento.es\"]}]}<\/script>\n<!-- \/ Yoast SEO plugin. -->","yoast_head_json":{"title":"La decepci\u00f3n tambi\u00e9n es bella - REVISTA CULTURAL","robots":{"index":"index","follow":"follow","max-snippet":"max-snippet:-1","max-image-preview":"max-image-preview:large","max-video-preview":"max-video-preview:-1"},"canonical":"https:\/\/revistaliterariaelgatonegro.com\/?p=4057","og_locale":"es_ES","og_type":"article","og_title":"La decepci\u00f3n tambi\u00e9n es bella - REVISTA CULTURAL","og_description":"El d\u00eda era desapacible, las peque\u00f1as treguas que daba la lluvia eran como suspiros que mediaban entre un","og_url":"https:\/\/revistaliterariaelgatonegro.com\/?p=4057","og_site_name":"REVISTA CULTURAL","article_published_time":"2021-12-10T04:10:10+00:00","article_modified_time":"2022-03-12T04:03:35+00:00","og_image":[{"width":900,"height":1085,"url":"https:\/\/revistaliterariaelgatonegro.com\/wp-content\/uploads\/2021\/12\/La-decepcion-tambien-es-bella.jpg","type":"image\/jpeg"}],"author":"administrador","twitter_card":"summary_large_image","twitter_image":"https:\/\/revistaliterariaelgatonegro.com\/wp-content\/uploads\/2021\/12\/La-decepcion-tambien-es-bella.jpg","twitter_misc":{"Escrito por":false,"Tiempo de lectura":"2 minutos"},"schema":{"@context":"https:\/\/schema.org","@graph":[{"@type":"Article","@id":"https:\/\/revistaliterariaelgatonegro.com\/?p=4057#article","isPartOf":{"@id":"https:\/\/revistaliterariaelgatonegro.com\/?p=4057"},"author":{"name":"administrador","@id":"https:\/\/revistaliterariaelgatonegro.com\/#\/schema\/person\/6a37dd51e0f101e394e91c123fd12e8a"},"headline":"La decepci\u00f3n tambi\u00e9n es bella","datePublished":"2021-12-10T04:10:10+00:00","dateModified":"2022-03-12T04:03:35+00:00","mainEntityOfPage":{"@id":"https:\/\/revistaliterariaelgatonegro.com\/?p=4057"},"wordCount":383,"commentCount":0,"publisher":{"@id":"https:\/\/revistaliterariaelgatonegro.com\/#\/schema\/person\/6a37dd51e0f101e394e91c123fd12e8a"},"image":{"@id":"https:\/\/revistaliterariaelgatonegro.com\/?p=4057#primaryimage"},"thumbnailUrl":"https:\/\/revistaliterariaelgatonegro.com\/wp-content\/uploads\/2021\/12\/La-decepcion-tambien-es-bella.jpg","articleSection":["Narrativa"],"inLanguage":"es","potentialAction":[{"@type":"CommentAction","name":"Comment","target":["https:\/\/revistaliterariaelgatonegro.com\/?p=4057#respond"]}]},{"@type":"WebPage","@id":"https:\/\/revistaliterariaelgatonegro.com\/?p=4057","url":"https:\/\/revistaliterariaelgatonegro.com\/?p=4057","name":"La decepci\u00f3n tambi\u00e9n es bella - REVISTA CULTURAL","isPartOf":{"@id":"https:\/\/revistaliterariaelgatonegro.com\/#website"},"primaryImageOfPage":{"@id":"https:\/\/revistaliterariaelgatonegro.com\/?p=4057#primaryimage"},"image":{"@id":"https:\/\/revistaliterariaelgatonegro.com\/?p=4057#primaryimage"},"thumbnailUrl":"https:\/\/revistaliterariaelgatonegro.com\/wp-content\/uploads\/2021\/12\/La-decepcion-tambien-es-bella.jpg","datePublished":"2021-12-10T04:10:10+00:00","dateModified":"2022-03-12T04:03:35+00:00","breadcrumb":{"@id":"https:\/\/revistaliterariaelgatonegro.com\/?p=4057#breadcrumb"},"inLanguage":"es","potentialAction":[{"@type":"ReadAction","target":["https:\/\/revistaliterariaelgatonegro.com\/?p=4057"]}]},{"@type":"ImageObject","inLanguage":"es","@id":"https:\/\/revistaliterariaelgatonegro.com\/?p=4057#primaryimage","url":"https:\/\/revistaliterariaelgatonegro.com\/wp-content\/uploads\/2021\/12\/La-decepcion-tambien-es-bella.jpg","contentUrl":"https:\/\/revistaliterariaelgatonegro.com\/wp-content\/uploads\/2021\/12\/La-decepcion-tambien-es-bella.jpg","width":900,"height":1085},{"@type":"BreadcrumbList","@id":"https:\/\/revistaliterariaelgatonegro.com\/?p=4057#breadcrumb","itemListElement":[{"@type":"ListItem","position":1,"name":"Portada","item":"https:\/\/revistaliterariaelgatonegro.com\/"},{"@type":"ListItem","position":2,"name":"La decepci\u00f3n tambi\u00e9n es bella"}]},{"@type":"WebSite","@id":"https:\/\/revistaliterariaelgatonegro.com\/#website","url":"https:\/\/revistaliterariaelgatonegro.com\/","name":"REVISTA CULTURAL","description":" Un nuevo espacio para la divulgaci\u00f3n literaria, as\u00ed como dem\u00e1s artes ","publisher":{"@id":"https:\/\/revistaliterariaelgatonegro.com\/#\/schema\/person\/6a37dd51e0f101e394e91c123fd12e8a"},"potentialAction":[{"@type":"SearchAction","target":{"@type":"EntryPoint","urlTemplate":"https:\/\/revistaliterariaelgatonegro.com\/?s={search_term_string}"},"query-input":{"@type":"PropertyValueSpecification","valueRequired":true,"valueName":"search_term_string"}}],"inLanguage":"es"},{"@type":["Person","Organization"],"@id":"https:\/\/revistaliterariaelgatonegro.com\/#\/schema\/person\/6a37dd51e0f101e394e91c123fd12e8a","name":"administrador","image":{"@type":"ImageObject","inLanguage":"es","@id":"https:\/\/revistaliterariaelgatonegro.com\/wp-content\/uploads\/2025\/12\/cropped-Logotipo-Logo-Marca-personal-Pastel-Amarillo-12-Photoroom.png","url":"https:\/\/revistaliterariaelgatonegro.com\/wp-content\/uploads\/2025\/12\/cropped-Logotipo-Logo-Marca-personal-Pastel-Amarillo-12-Photoroom.png","contentUrl":"https:\/\/revistaliterariaelgatonegro.com\/wp-content\/uploads\/2025\/12\/cropped-Logotipo-Logo-Marca-personal-Pastel-Amarillo-12-Photoroom.png","width":364,"height":212,"caption":"administrador"},"logo":{"@id":"https:\/\/revistaliterariaelgatonegro.com\/wp-content\/uploads\/2025\/12\/cropped-Logotipo-Logo-Marca-personal-Pastel-Amarillo-12-Photoroom.png"},"sameAs":["http:\/\/s864831950.mialojamiento.es"]}]}},"featured_image_urls":{"full":["https:\/\/revistaliterariaelgatonegro.com\/wp-content\/uploads\/2021\/12\/La-decepcion-tambien-es-bella.jpg",900,1085,false],"thumbnail":["https:\/\/revistaliterariaelgatonegro.com\/wp-content\/uploads\/2021\/12\/La-decepcion-tambien-es-bella-150x150.jpg",150,150,true],"medium":["https:\/\/revistaliterariaelgatonegro.com\/wp-content\/uploads\/2021\/12\/La-decepcion-tambien-es-bella-249x300.jpg",249,300,true],"medium_large":["https:\/\/revistaliterariaelgatonegro.com\/wp-content\/uploads\/2021\/12\/La-decepcion-tambien-es-bella-768x926.jpg",640,772,true],"large":["https:\/\/revistaliterariaelgatonegro.com\/wp-content\/uploads\/2021\/12\/La-decepcion-tambien-es-bella-700x844.jpg",640,772,true],"1536x1536":["https:\/\/revistaliterariaelgatonegro.com\/wp-content\/uploads\/2021\/12\/La-decepcion-tambien-es-bella.jpg",900,1085,false],"2048x2048":["https:\/\/revistaliterariaelgatonegro.com\/wp-content\/uploads\/2021\/12\/La-decepcion-tambien-es-bella.jpg",900,1085,false],"morenews-large":["https:\/\/revistaliterariaelgatonegro.com\/wp-content\/uploads\/2021\/12\/La-decepcion-tambien-es-bella.jpg",477,575,false],"morenews-medium":["https:\/\/revistaliterariaelgatonegro.com\/wp-content\/uploads\/2021\/12\/La-decepcion-tambien-es-bella.jpg",340,410,false],"woocommerce_thumbnail":["https:\/\/revistaliterariaelgatonegro.com\/wp-content\/uploads\/2021\/12\/La-decepcion-tambien-es-bella-300x362.jpg",300,362,true],"woocommerce_single":["https:\/\/revistaliterariaelgatonegro.com\/wp-content\/uploads\/2021\/12\/La-decepcion-tambien-es-bella-300x362.jpg",300,362,true],"woocommerce_gallery_thumbnail":["https:\/\/revistaliterariaelgatonegro.com\/wp-content\/uploads\/2021\/12\/La-decepcion-tambien-es-bella-100x100.jpg",100,100,true],"dgwt-wcas-product-suggestion":["https:\/\/revistaliterariaelgatonegro.com\/wp-content\/uploads\/2021\/12\/La-decepcion-tambien-es-bella-64x77.jpg",64,77,true]},"author_info":{"display_name":false,"author_link":"https:\/\/revistaliterariaelgatonegro.com\/?author=1"},"category_info":"<a href=\"https:\/\/revistaliterariaelgatonegro.com\/?cat=4\" rel=\"category\">Narrativa<\/a>","tag_info":"Narrativa","comment_count":"0","_links":{"self":[{"href":"https:\/\/revistaliterariaelgatonegro.com\/index.php?rest_route=\/wp\/v2\/posts\/4057","targetHints":{"allow":["GET"]}}],"collection":[{"href":"https:\/\/revistaliterariaelgatonegro.com\/index.php?rest_route=\/wp\/v2\/posts"}],"about":[{"href":"https:\/\/revistaliterariaelgatonegro.com\/index.php?rest_route=\/wp\/v2\/types\/post"}],"author":[{"embeddable":true,"href":"https:\/\/revistaliterariaelgatonegro.com\/index.php?rest_route=\/wp\/v2\/users\/1"}],"replies":[{"embeddable":true,"href":"https:\/\/revistaliterariaelgatonegro.com\/index.php?rest_route=%2Fwp%2Fv2%2Fcomments&post=4057"}],"version-history":[{"count":6,"href":"https:\/\/revistaliterariaelgatonegro.com\/index.php?rest_route=\/wp\/v2\/posts\/4057\/revisions"}],"predecessor-version":[{"id":4528,"href":"https:\/\/revistaliterariaelgatonegro.com\/index.php?rest_route=\/wp\/v2\/posts\/4057\/revisions\/4528"}],"wp:featuredmedia":[{"embeddable":true,"href":"https:\/\/revistaliterariaelgatonegro.com\/index.php?rest_route=\/wp\/v2\/media\/4058"}],"wp:attachment":[{"href":"https:\/\/revistaliterariaelgatonegro.com\/index.php?rest_route=%2Fwp%2Fv2%2Fmedia&parent=4057"}],"wp:term":[{"taxonomy":"category","embeddable":true,"href":"https:\/\/revistaliterariaelgatonegro.com\/index.php?rest_route=%2Fwp%2Fv2%2Fcategories&post=4057"},{"taxonomy":"post_tag","embeddable":true,"href":"https:\/\/revistaliterariaelgatonegro.com\/index.php?rest_route=%2Fwp%2Fv2%2Ftags&post=4057"}],"curies":[{"name":"wp","href":"https:\/\/api.w.org\/{rel}","templated":true}]}}