{"id":3968,"date":"2021-12-06T21:29:19","date_gmt":"2021-12-06T21:29:19","guid":{"rendered":"https:\/\/revistaliterariaelgatonegro.com\/?p=3968"},"modified":"2021-12-06T21:29:20","modified_gmt":"2021-12-06T21:29:20","slug":"hazte-cargo-de-tu-poder","status":"publish","type":"post","link":"https:\/\/revistaliterariaelgatonegro.com\/?p=3968","title":{"rendered":"Hazte Cargo de tu Poder"},"content":{"rendered":"\n<p>Hay un lugar en ti donde todo es posible y t\u00fa eres todo lo que necesitas. Deja de buscar dioses fuera porque la mayor fuente de divinidad est\u00e1 dentro de ti.<\/p>\n\n\n\n<p>&#8211; Mar\u00eda Fern\u00e1ndez \u2013<\/p>\n\n\n\n<p class=\"has-drop-cap\">\u00bfY si te dijera que tu \u00fanico miedo no es cometer errores sino vivir acorde a tu poder? Est\u00e1s frente a un libro que har\u00e1 despertar el poder que hay en ti. \u00c9se que t\u00fa ni siquiera sabes que tienes. \u00c9se que te hace ser m\u00e1s sabio, m\u00e1s fuerte, m\u00e1s valiente, m\u00e1s resiliente y, sobre todo, mejor persona<\/p>\n\n\n\n<p>Si a todos los seres humanos nos dieran un manual de instrucciones para saber c\u00f3mo vivir en plenitud todo ser\u00eda m\u00e1s f\u00e1cil. Ad\u00e9ntrate con Mar\u00eda en un lugar donde todo es posible y t\u00fa eres lo \u00fanico que necesitas. Dejas de buscar dioses fuera porque la mayor fuente de divinidad est\u00e1 dentro de ti.<\/p>\n\n\n\n<p><em>Hazte cargo de tu poder<\/em>&nbsp;te ayudar\u00e1 a descubrir tu potencial, a tenerte a ti mismo como principal recurso, y a conocer por qu\u00e9 el amor es la mayor fuerza generadora de cambios. Est\u00e1s frente un libro que har\u00e1 despertar el poder que hay en ti. \u00c9se que t\u00fa ni siquiera sabes que tienes. \u00c9se que te hace ser m\u00e1s sabio, m\u00e1s fuerte, m\u00e1s valiente, m\u00e1s resiliente y, sobre todo, mejor persona.<\/p>\n\n\n\n<p>Es hora de que despiertes y te comas el mundo. Olv\u00eddate de m\u00e1scaras y saca a relucir tu esencia m\u00e1s pura y real. Mar\u00eda Fern\u00e1ndez, coach de \u00e9xito, te ayudar\u00e1 a romper las ataduras mentales que no te permiten conseguir tus objetivos, para que logres ser la persona que siempre quisiste ser.<\/p>\n\n\n\n<p>Cuando descubras tu poder, ya nada ser\u00e1 igual. Al principio, y por momentos, creer\u00e1s que es una ilusi\u00f3n. Pero conf\u00eda, la ilusi\u00f3n fue vivir como has vivido hasta ahora.<\/p>\n\n\n\n<h1 class=\"has-text-align-center is-style-widget-title has-white-color has-primary-background-color has-text-color has-background wp-block-heading\">\u00c9chale un Vistazo<\/h1>\n\n\n\n<p>[dflip id=\u00bb3982&#8243; ][\/dflip]<\/p>\n\n\n\n<div class=\"wp-block-buttons is-content-justification-center is-layout-flex wp-block-buttons-is-layout-flex\">\n<div class=\"wp-block-button is-style-outline is-style-outline--1\"><a class=\"wp-block-button__link\" href=\"https:\/\/www.casadellibro.com\/libro-hazte-cargo-de-tu-poder\/9788413440866\/12461026\" target=\"_blank\" rel=\"noreferrer noopener\">Papel<\/a><\/div>\n\n\n\n<div class=\"wp-block-button is-style-outline is-style-outline--2\"><a class=\"wp-block-button__link\" href=\"https:\/\/www.casadellibro.com\/ebook-hazte-cargo-de-tu-poder-ebook\/9788413441153\/12514861\" target=\"_blank\" rel=\"noreferrer noopener\">eBook<\/a><\/div>\n<\/div>\n\n\n\n<figure class=\"wp-block-embed is-type-video is-provider-youtube wp-block-embed-youtube wp-embed-aspect-16-9 wp-has-aspect-ratio\"><div class=\"wp-block-embed__wrapper\">\n<iframe title=\"HAZTE CARGO DE TU PODER - Mar\u00eda Fern\u00e1ndez\" width=\"640\" height=\"360\" src=\"https:\/\/www.youtube.com\/embed\/XI6hLayR1gc?feature=oembed\" frameborder=\"0\" allow=\"accelerometer; autoplay; clipboard-write; encrypted-media; gyroscope; picture-in-picture; web-share\" referrerpolicy=\"strict-origin-when-cross-origin\" allowfullscreen><\/iframe>\n<\/div><\/figure>\n\n\n\n<h1 class=\"has-text-align-center has-primary-color has-text-color wp-block-heading\"><strong>Sobre la Autora<\/strong><\/h1>\n\n\n\n<div class=\"wp-block-columns is-layout-flex wp-container-core-columns-is-layout-28f84493 wp-block-columns-is-layout-flex\">\n<div class=\"wp-block-column is-layout-flow wp-block-column-is-layout-flow\">\n<figure class=\"wp-block-image size-large\"><img decoding=\"async\" width=\"700\" height=\"933\" src=\"https:\/\/revistaliterariaelgatonegro.com\/wp-content\/uploads\/2021\/12\/3.-Foto_Maria-Fernandez_Chaqueta-turquesa_Brazos-cruzados-700x933.jpg\" alt=\"\" class=\"wp-image-3973\" srcset=\"https:\/\/revistaliterariaelgatonegro.com\/wp-content\/uploads\/2021\/12\/3.-Foto_Maria-Fernandez_Chaqueta-turquesa_Brazos-cruzados-700x933.jpg 700w, https:\/\/revistaliterariaelgatonegro.com\/wp-content\/uploads\/2021\/12\/3.-Foto_Maria-Fernandez_Chaqueta-turquesa_Brazos-cruzados-300x400.jpg 300w, https:\/\/revistaliterariaelgatonegro.com\/wp-content\/uploads\/2021\/12\/3.-Foto_Maria-Fernandez_Chaqueta-turquesa_Brazos-cruzados-64x85.jpg 64w, https:\/\/revistaliterariaelgatonegro.com\/wp-content\/uploads\/2021\/12\/3.-Foto_Maria-Fernandez_Chaqueta-turquesa_Brazos-cruzados-225x300.jpg 225w, https:\/\/revistaliterariaelgatonegro.com\/wp-content\/uploads\/2021\/12\/3.-Foto_Maria-Fernandez_Chaqueta-turquesa_Brazos-cruzados-768x1024.jpg 768w, https:\/\/revistaliterariaelgatonegro.com\/wp-content\/uploads\/2021\/12\/3.-Foto_Maria-Fernandez_Chaqueta-turquesa_Brazos-cruzados.jpg 900w\" sizes=\"(max-width: 700px) 100vw, 700px\" \/><\/figure>\n<\/div>\n\n\n\n<div class=\"wp-block-column is-layout-flow wp-block-column-is-layout-flow\">\n<p><strong>Mar\u00eda Fern\u00e1ndez<\/strong>&nbsp;es coach personal, ejecutivo y de equipos por la Federaci\u00f3n Internacional de Coaching (ICF), conferenciante internacional, motivadora de equipos y formadora en habilidades directivas y sociales.<\/p>\n\n\n\n<p>Entre sus clientes destacan Banco de Espa\u00f1a, Banco Santander, Mondel\u0113z, M\u00e1sM\u00f3vil, o las farmac\u00e9uticas Abbvie y Johnson &amp; Johnson. Ha colaborado en empresas y organismos como Mentes Expertas y la Fundaci\u00f3n Atresmedia.<\/p>\n\n\n\n<p>Ha colaborado en importantes medios audiovisuales y escritos. Asimismo, es autora de&nbsp;<em>El peque\u00f1o libro que har\u00e1 grande tu vida<\/em>&nbsp;(Alienta, 2018).<\/p>\n<\/div>\n<\/div>\n","protected":false},"excerpt":{"rendered":"<p>Hay un lugar en ti donde todo es posible y t\u00fa eres todo lo que necesitas. Deja de<\/p>\n","protected":false},"author":1,"featured_media":3972,"comment_status":"open","ping_status":"open","sticky":false,"template":"","format":"standard","meta":{"footnotes":""},"categories":[58,34,49],"tags":[],"class_list":["post-3968","post","type-post","status-publish","format-standard","has-post-thumbnail","hentry","category-echale-un-vistazo","category-libros","category-novedades-literarias"],"yoast_head":"<!-- This site is optimized with the Yoast SEO plugin v27.4 - https:\/\/yoast.com\/product\/yoast-seo-wordpress\/ -->\n<title>Hazte Cargo de tu Poder - REVISTA CULTURAL<\/title>\n<meta name=\"robots\" content=\"index, follow, max-snippet:-1, max-image-preview:large, max-video-preview:-1\" \/>\n<link rel=\"canonical\" href=\"https:\/\/revistaliterariaelgatonegro.com\/?p=3968\" \/>\n<meta property=\"og:locale\" content=\"es_ES\" \/>\n<meta property=\"og:type\" content=\"article\" \/>\n<meta property=\"og:title\" content=\"Hazte Cargo de tu Poder - REVISTA CULTURAL\" \/>\n<meta property=\"og:description\" content=\"Hay un lugar en ti donde todo es posible y t\u00fa eres todo lo que necesitas. Deja de\" \/>\n<meta property=\"og:url\" content=\"https:\/\/revistaliterariaelgatonegro.com\/?p=3968\" \/>\n<meta property=\"og:site_name\" content=\"REVISTA CULTURAL\" \/>\n<meta property=\"article:published_time\" content=\"2021-12-06T21:29:19+00:00\" \/>\n<meta property=\"article:modified_time\" content=\"2021-12-06T21:29:20+00:00\" \/>\n<meta property=\"og:image\" content=\"https:\/\/revistaliterariaelgatonegro.com\/wp-content\/uploads\/2021\/12\/harte-cargo-de-tu-poder.jpg\" \/>\n\t<meta property=\"og:image:width\" content=\"760\" \/>\n\t<meta property=\"og:image:height\" content=\"1200\" \/>\n\t<meta property=\"og:image:type\" content=\"image\/jpeg\" \/>\n<meta name=\"author\" content=\"administrador\" \/>\n<meta name=\"twitter:card\" content=\"summary_large_image\" \/>\n<meta name=\"twitter:image\" content=\"https:\/\/revistaliterariaelgatonegro.com\/wp-content\/uploads\/2021\/12\/harte-cargo-de-tu-poder.jpg\" \/>\n<meta name=\"twitter:label1\" content=\"Escrito por\" \/>\n\t<meta name=\"twitter:data1\" content=\"\" \/>\n\t<meta name=\"twitter:label2\" content=\"Tiempo de lectura\" \/>\n\t<meta name=\"twitter:data2\" content=\"2 minutos\" \/>\n<script type=\"application\/ld+json\" class=\"yoast-schema-graph\">{\"@context\":\"https:\\\/\\\/schema.org\",\"@graph\":[{\"@type\":\"Article\",\"@id\":\"https:\\\/\\\/revistaliterariaelgatonegro.com\\\/?p=3968#article\",\"isPartOf\":{\"@id\":\"https:\\\/\\\/revistaliterariaelgatonegro.com\\\/?p=3968\"},\"author\":{\"name\":\"administrador\",\"@id\":\"https:\\\/\\\/revistaliterariaelgatonegro.com\\\/#\\\/schema\\\/person\\\/6a37dd51e0f101e394e91c123fd12e8a\"},\"headline\":\"Hazte Cargo de tu Poder\",\"datePublished\":\"2021-12-06T21:29:19+00:00\",\"dateModified\":\"2021-12-06T21:29:20+00:00\",\"mainEntityOfPage\":{\"@id\":\"https:\\\/\\\/revistaliterariaelgatonegro.com\\\/?p=3968\"},\"wordCount\":443,\"commentCount\":0,\"publisher\":{\"@id\":\"https:\\\/\\\/revistaliterariaelgatonegro.com\\\/#\\\/schema\\\/person\\\/6a37dd51e0f101e394e91c123fd12e8a\"},\"image\":{\"@id\":\"https:\\\/\\\/revistaliterariaelgatonegro.com\\\/?p=3968#primaryimage\"},\"thumbnailUrl\":\"https:\\\/\\\/revistaliterariaelgatonegro.com\\\/wp-content\\\/uploads\\\/2021\\\/12\\\/harte-cargo-de-tu-poder.jpg\",\"articleSection\":[\"\u00c9chale un vistazo\",\"Libros\",\"Novedades\"],\"inLanguage\":\"es\",\"potentialAction\":[{\"@type\":\"CommentAction\",\"name\":\"Comment\",\"target\":[\"https:\\\/\\\/revistaliterariaelgatonegro.com\\\/?p=3968#respond\"]}]},{\"@type\":\"WebPage\",\"@id\":\"https:\\\/\\\/revistaliterariaelgatonegro.com\\\/?p=3968\",\"url\":\"https:\\\/\\\/revistaliterariaelgatonegro.com\\\/?p=3968\",\"name\":\"Hazte Cargo de tu Poder - REVISTA CULTURAL\",\"isPartOf\":{\"@id\":\"https:\\\/\\\/revistaliterariaelgatonegro.com\\\/#website\"},\"primaryImageOfPage\":{\"@id\":\"https:\\\/\\\/revistaliterariaelgatonegro.com\\\/?p=3968#primaryimage\"},\"image\":{\"@id\":\"https:\\\/\\\/revistaliterariaelgatonegro.com\\\/?p=3968#primaryimage\"},\"thumbnailUrl\":\"https:\\\/\\\/revistaliterariaelgatonegro.com\\\/wp-content\\\/uploads\\\/2021\\\/12\\\/harte-cargo-de-tu-poder.jpg\",\"datePublished\":\"2021-12-06T21:29:19+00:00\",\"dateModified\":\"2021-12-06T21:29:20+00:00\",\"breadcrumb\":{\"@id\":\"https:\\\/\\\/revistaliterariaelgatonegro.com\\\/?p=3968#breadcrumb\"},\"inLanguage\":\"es\",\"potentialAction\":[{\"@type\":\"ReadAction\",\"target\":[\"https:\\\/\\\/revistaliterariaelgatonegro.com\\\/?p=3968\"]}]},{\"@type\":\"ImageObject\",\"inLanguage\":\"es\",\"@id\":\"https:\\\/\\\/revistaliterariaelgatonegro.com\\\/?p=3968#primaryimage\",\"url\":\"https:\\\/\\\/revistaliterariaelgatonegro.com\\\/wp-content\\\/uploads\\\/2021\\\/12\\\/harte-cargo-de-tu-poder.jpg\",\"contentUrl\":\"https:\\\/\\\/revistaliterariaelgatonegro.com\\\/wp-content\\\/uploads\\\/2021\\\/12\\\/harte-cargo-de-tu-poder.jpg\",\"width\":760,\"height\":1200},{\"@type\":\"BreadcrumbList\",\"@id\":\"https:\\\/\\\/revistaliterariaelgatonegro.com\\\/?p=3968#breadcrumb\",\"itemListElement\":[{\"@type\":\"ListItem\",\"position\":1,\"name\":\"Portada\",\"item\":\"https:\\\/\\\/revistaliterariaelgatonegro.com\\\/\"},{\"@type\":\"ListItem\",\"position\":2,\"name\":\"Hazte Cargo de tu Poder\"}]},{\"@type\":\"WebSite\",\"@id\":\"https:\\\/\\\/revistaliterariaelgatonegro.com\\\/#website\",\"url\":\"https:\\\/\\\/revistaliterariaelgatonegro.com\\\/\",\"name\":\"REVISTA CULTURAL\",\"description\":\" Un nuevo espacio para la divulgaci\u00f3n literaria, as\u00ed como dem\u00e1s artes \",\"publisher\":{\"@id\":\"https:\\\/\\\/revistaliterariaelgatonegro.com\\\/#\\\/schema\\\/person\\\/6a37dd51e0f101e394e91c123fd12e8a\"},\"potentialAction\":[{\"@type\":\"SearchAction\",\"target\":{\"@type\":\"EntryPoint\",\"urlTemplate\":\"https:\\\/\\\/revistaliterariaelgatonegro.com\\\/?s={search_term_string}\"},\"query-input\":{\"@type\":\"PropertyValueSpecification\",\"valueRequired\":true,\"valueName\":\"search_term_string\"}}],\"inLanguage\":\"es\"},{\"@type\":[\"Person\",\"Organization\"],\"@id\":\"https:\\\/\\\/revistaliterariaelgatonegro.com\\\/#\\\/schema\\\/person\\\/6a37dd51e0f101e394e91c123fd12e8a\",\"name\":\"administrador\",\"image\":{\"@type\":\"ImageObject\",\"inLanguage\":\"es\",\"@id\":\"https:\\\/\\\/revistaliterariaelgatonegro.com\\\/wp-content\\\/uploads\\\/2025\\\/12\\\/cropped-Logotipo-Logo-Marca-personal-Pastel-Amarillo-12-Photoroom.png\",\"url\":\"https:\\\/\\\/revistaliterariaelgatonegro.com\\\/wp-content\\\/uploads\\\/2025\\\/12\\\/cropped-Logotipo-Logo-Marca-personal-Pastel-Amarillo-12-Photoroom.png\",\"contentUrl\":\"https:\\\/\\\/revistaliterariaelgatonegro.com\\\/wp-content\\\/uploads\\\/2025\\\/12\\\/cropped-Logotipo-Logo-Marca-personal-Pastel-Amarillo-12-Photoroom.png\",\"width\":364,\"height\":212,\"caption\":\"administrador\"},\"logo\":{\"@id\":\"https:\\\/\\\/revistaliterariaelgatonegro.com\\\/wp-content\\\/uploads\\\/2025\\\/12\\\/cropped-Logotipo-Logo-Marca-personal-Pastel-Amarillo-12-Photoroom.png\"},\"sameAs\":[\"http:\\\/\\\/s864831950.mialojamiento.es\"]}]}<\/script>\n<!-- \/ Yoast SEO plugin. -->","yoast_head_json":{"title":"Hazte Cargo de tu Poder - REVISTA CULTURAL","robots":{"index":"index","follow":"follow","max-snippet":"max-snippet:-1","max-image-preview":"max-image-preview:large","max-video-preview":"max-video-preview:-1"},"canonical":"https:\/\/revistaliterariaelgatonegro.com\/?p=3968","og_locale":"es_ES","og_type":"article","og_title":"Hazte Cargo de tu Poder - REVISTA CULTURAL","og_description":"Hay un lugar en ti donde todo es posible y t\u00fa eres todo lo que necesitas. Deja de","og_url":"https:\/\/revistaliterariaelgatonegro.com\/?p=3968","og_site_name":"REVISTA CULTURAL","article_published_time":"2021-12-06T21:29:19+00:00","article_modified_time":"2021-12-06T21:29:20+00:00","og_image":[{"width":760,"height":1200,"url":"https:\/\/revistaliterariaelgatonegro.com\/wp-content\/uploads\/2021\/12\/harte-cargo-de-tu-poder.jpg","type":"image\/jpeg"}],"author":"administrador","twitter_card":"summary_large_image","twitter_image":"https:\/\/revistaliterariaelgatonegro.com\/wp-content\/uploads\/2021\/12\/harte-cargo-de-tu-poder.jpg","twitter_misc":{"Escrito por":false,"Tiempo de lectura":"2 minutos"},"schema":{"@context":"https:\/\/schema.org","@graph":[{"@type":"Article","@id":"https:\/\/revistaliterariaelgatonegro.com\/?p=3968#article","isPartOf":{"@id":"https:\/\/revistaliterariaelgatonegro.com\/?p=3968"},"author":{"name":"administrador","@id":"https:\/\/revistaliterariaelgatonegro.com\/#\/schema\/person\/6a37dd51e0f101e394e91c123fd12e8a"},"headline":"Hazte Cargo de tu Poder","datePublished":"2021-12-06T21:29:19+00:00","dateModified":"2021-12-06T21:29:20+00:00","mainEntityOfPage":{"@id":"https:\/\/revistaliterariaelgatonegro.com\/?p=3968"},"wordCount":443,"commentCount":0,"publisher":{"@id":"https:\/\/revistaliterariaelgatonegro.com\/#\/schema\/person\/6a37dd51e0f101e394e91c123fd12e8a"},"image":{"@id":"https:\/\/revistaliterariaelgatonegro.com\/?p=3968#primaryimage"},"thumbnailUrl":"https:\/\/revistaliterariaelgatonegro.com\/wp-content\/uploads\/2021\/12\/harte-cargo-de-tu-poder.jpg","articleSection":["\u00c9chale un vistazo","Libros","Novedades"],"inLanguage":"es","potentialAction":[{"@type":"CommentAction","name":"Comment","target":["https:\/\/revistaliterariaelgatonegro.com\/?p=3968#respond"]}]},{"@type":"WebPage","@id":"https:\/\/revistaliterariaelgatonegro.com\/?p=3968","url":"https:\/\/revistaliterariaelgatonegro.com\/?p=3968","name":"Hazte Cargo de tu Poder - REVISTA CULTURAL","isPartOf":{"@id":"https:\/\/revistaliterariaelgatonegro.com\/#website"},"primaryImageOfPage":{"@id":"https:\/\/revistaliterariaelgatonegro.com\/?p=3968#primaryimage"},"image":{"@id":"https:\/\/revistaliterariaelgatonegro.com\/?p=3968#primaryimage"},"thumbnailUrl":"https:\/\/revistaliterariaelgatonegro.com\/wp-content\/uploads\/2021\/12\/harte-cargo-de-tu-poder.jpg","datePublished":"2021-12-06T21:29:19+00:00","dateModified":"2021-12-06T21:29:20+00:00","breadcrumb":{"@id":"https:\/\/revistaliterariaelgatonegro.com\/?p=3968#breadcrumb"},"inLanguage":"es","potentialAction":[{"@type":"ReadAction","target":["https:\/\/revistaliterariaelgatonegro.com\/?p=3968"]}]},{"@type":"ImageObject","inLanguage":"es","@id":"https:\/\/revistaliterariaelgatonegro.com\/?p=3968#primaryimage","url":"https:\/\/revistaliterariaelgatonegro.com\/wp-content\/uploads\/2021\/12\/harte-cargo-de-tu-poder.jpg","contentUrl":"https:\/\/revistaliterariaelgatonegro.com\/wp-content\/uploads\/2021\/12\/harte-cargo-de-tu-poder.jpg","width":760,"height":1200},{"@type":"BreadcrumbList","@id":"https:\/\/revistaliterariaelgatonegro.com\/?p=3968#breadcrumb","itemListElement":[{"@type":"ListItem","position":1,"name":"Portada","item":"https:\/\/revistaliterariaelgatonegro.com\/"},{"@type":"ListItem","position":2,"name":"Hazte Cargo de tu Poder"}]},{"@type":"WebSite","@id":"https:\/\/revistaliterariaelgatonegro.com\/#website","url":"https:\/\/revistaliterariaelgatonegro.com\/","name":"REVISTA CULTURAL","description":" Un nuevo espacio para la divulgaci\u00f3n literaria, as\u00ed como dem\u00e1s artes ","publisher":{"@id":"https:\/\/revistaliterariaelgatonegro.com\/#\/schema\/person\/6a37dd51e0f101e394e91c123fd12e8a"},"potentialAction":[{"@type":"SearchAction","target":{"@type":"EntryPoint","urlTemplate":"https:\/\/revistaliterariaelgatonegro.com\/?s={search_term_string}"},"query-input":{"@type":"PropertyValueSpecification","valueRequired":true,"valueName":"search_term_string"}}],"inLanguage":"es"},{"@type":["Person","Organization"],"@id":"https:\/\/revistaliterariaelgatonegro.com\/#\/schema\/person\/6a37dd51e0f101e394e91c123fd12e8a","name":"administrador","image":{"@type":"ImageObject","inLanguage":"es","@id":"https:\/\/revistaliterariaelgatonegro.com\/wp-content\/uploads\/2025\/12\/cropped-Logotipo-Logo-Marca-personal-Pastel-Amarillo-12-Photoroom.png","url":"https:\/\/revistaliterariaelgatonegro.com\/wp-content\/uploads\/2025\/12\/cropped-Logotipo-Logo-Marca-personal-Pastel-Amarillo-12-Photoroom.png","contentUrl":"https:\/\/revistaliterariaelgatonegro.com\/wp-content\/uploads\/2025\/12\/cropped-Logotipo-Logo-Marca-personal-Pastel-Amarillo-12-Photoroom.png","width":364,"height":212,"caption":"administrador"},"logo":{"@id":"https:\/\/revistaliterariaelgatonegro.com\/wp-content\/uploads\/2025\/12\/cropped-Logotipo-Logo-Marca-personal-Pastel-Amarillo-12-Photoroom.png"},"sameAs":["http:\/\/s864831950.mialojamiento.es"]}]}},"featured_image_urls":{"full":["https:\/\/revistaliterariaelgatonegro.com\/wp-content\/uploads\/2021\/12\/harte-cargo-de-tu-poder.jpg",760,1200,false],"thumbnail":["https:\/\/revistaliterariaelgatonegro.com\/wp-content\/uploads\/2021\/12\/harte-cargo-de-tu-poder-150x150.jpg",150,150,true],"medium":["https:\/\/revistaliterariaelgatonegro.com\/wp-content\/uploads\/2021\/12\/harte-cargo-de-tu-poder-190x300.jpg",190,300,true],"medium_large":["https:\/\/revistaliterariaelgatonegro.com\/wp-content\/uploads\/2021\/12\/harte-cargo-de-tu-poder.jpg",640,1011,false],"large":["https:\/\/revistaliterariaelgatonegro.com\/wp-content\/uploads\/2021\/12\/harte-cargo-de-tu-poder-700x1105.jpg",640,1010,true],"1536x1536":["https:\/\/revistaliterariaelgatonegro.com\/wp-content\/uploads\/2021\/12\/harte-cargo-de-tu-poder.jpg",760,1200,false],"2048x2048":["https:\/\/revistaliterariaelgatonegro.com\/wp-content\/uploads\/2021\/12\/harte-cargo-de-tu-poder.jpg",760,1200,false],"morenews-large":["https:\/\/revistaliterariaelgatonegro.com\/wp-content\/uploads\/2021\/12\/harte-cargo-de-tu-poder.jpg",364,575,false],"morenews-medium":["https:\/\/revistaliterariaelgatonegro.com\/wp-content\/uploads\/2021\/12\/harte-cargo-de-tu-poder.jpg",260,410,false],"woocommerce_thumbnail":["https:\/\/revistaliterariaelgatonegro.com\/wp-content\/uploads\/2021\/12\/harte-cargo-de-tu-poder-300x474.jpg",300,474,true],"woocommerce_single":["https:\/\/revistaliterariaelgatonegro.com\/wp-content\/uploads\/2021\/12\/harte-cargo-de-tu-poder-300x474.jpg",300,474,true],"woocommerce_gallery_thumbnail":["https:\/\/revistaliterariaelgatonegro.com\/wp-content\/uploads\/2021\/12\/harte-cargo-de-tu-poder-100x100.jpg",100,100,true],"dgwt-wcas-product-suggestion":["https:\/\/revistaliterariaelgatonegro.com\/wp-content\/uploads\/2021\/12\/harte-cargo-de-tu-poder-64x101.jpg",64,101,true]},"author_info":{"display_name":false,"author_link":"https:\/\/revistaliterariaelgatonegro.com\/?author=1"},"category_info":"<a href=\"https:\/\/revistaliterariaelgatonegro.com\/?cat=58\" rel=\"category\">\u00c9chale un vistazo<\/a> <a href=\"https:\/\/revistaliterariaelgatonegro.com\/?cat=34\" rel=\"category\">Libros<\/a> <a href=\"https:\/\/revistaliterariaelgatonegro.com\/?cat=49\" rel=\"category\">Novedades<\/a>","tag_info":"Novedades","comment_count":"0","_links":{"self":[{"href":"https:\/\/revistaliterariaelgatonegro.com\/index.php?rest_route=\/wp\/v2\/posts\/3968","targetHints":{"allow":["GET"]}}],"collection":[{"href":"https:\/\/revistaliterariaelgatonegro.com\/index.php?rest_route=\/wp\/v2\/posts"}],"about":[{"href":"https:\/\/revistaliterariaelgatonegro.com\/index.php?rest_route=\/wp\/v2\/types\/post"}],"author":[{"embeddable":true,"href":"https:\/\/revistaliterariaelgatonegro.com\/index.php?rest_route=\/wp\/v2\/users\/1"}],"replies":[{"embeddable":true,"href":"https:\/\/revistaliterariaelgatonegro.com\/index.php?rest_route=%2Fwp%2Fv2%2Fcomments&post=3968"}],"version-history":[{"count":8,"href":"https:\/\/revistaliterariaelgatonegro.com\/index.php?rest_route=\/wp\/v2\/posts\/3968\/revisions"}],"predecessor-version":[{"id":4032,"href":"https:\/\/revistaliterariaelgatonegro.com\/index.php?rest_route=\/wp\/v2\/posts\/3968\/revisions\/4032"}],"wp:featuredmedia":[{"embeddable":true,"href":"https:\/\/revistaliterariaelgatonegro.com\/index.php?rest_route=\/wp\/v2\/media\/3972"}],"wp:attachment":[{"href":"https:\/\/revistaliterariaelgatonegro.com\/index.php?rest_route=%2Fwp%2Fv2%2Fmedia&parent=3968"}],"wp:term":[{"taxonomy":"category","embeddable":true,"href":"https:\/\/revistaliterariaelgatonegro.com\/index.php?rest_route=%2Fwp%2Fv2%2Fcategories&post=3968"},{"taxonomy":"post_tag","embeddable":true,"href":"https:\/\/revistaliterariaelgatonegro.com\/index.php?rest_route=%2Fwp%2Fv2%2Ftags&post=3968"}],"curies":[{"name":"wp","href":"https:\/\/api.w.org\/{rel}","templated":true}]}}