{"id":3251,"date":"2021-10-17T19:49:58","date_gmt":"2021-10-17T19:49:58","guid":{"rendered":"https:\/\/revistaliterariaelgatonegro.com\/?p=3251"},"modified":"2021-10-17T19:49:59","modified_gmt":"2021-10-17T19:49:59","slug":"la-mascara","status":"publish","type":"post","link":"https:\/\/revistaliterariaelgatonegro.com\/?p=3251","title":{"rendered":"La M\u00e1scara"},"content":{"rendered":"\n<h6 class=\"wp-block-heading\">Fotograf\u00eda: <a href=\"https:\/\/revistaliterariaelgatonegro.com\/presentacion-de-noel-vicens-boileau\" target=\"_blank\" rel=\"noreferrer noopener\">No\u00ebl Vicens Boileau<\/a>. M\u00e1scara, Venecia <\/h6>\n\n\n\n<p>\u00abDespu\u00e9s de cierta edad, empezamos a utilizar una m\u00e1scara de seguridad y certeza. Con el tiempo, esa m\u00e1scara se pega a la cara y ya no se puede quitar\u00bb.<\/p>\n\n\n\n<p>Paulo Coelho<\/p>\n\n\n\n<p>La m\u00e1scara de tipo duro, el ni\u00f1o bueno, el salvador&#8230; Todos utilizamos m\u00e1scaras en alg\u00fan momento, pero algunas las llevamos tanto tiempo que se quedan adheridas a nuestro ser.<\/p>\n\n\n\n<p>las m\u00e1scaras son mecanismos de defensa inconscientes que intentan poner a salvo nuestro verdadero <em>yo<\/em> cuando puede estar en peligro. Es un engranaje que nos permite sobrevivir; por lo tanto,\u00a0llevar una m\u00e1scara no es necesariamente algo perjudicial\u00a0para nosotros.<\/p>\n\n\n\n<p>Sin embargo, hay circunstancias en que esa m\u00e1scara que adoptamos no cumple esta funci\u00f3n adaptativa<strong>,<\/strong>\u00a0sino m\u00e1s bien todo lo contrario&#8230;.<\/p>\n\n\n\n<p>Sandra Ovies Fern\u00e1ndez<\/p>\n","protected":false},"excerpt":{"rendered":"<p>Fotograf\u00eda: No\u00ebl Vicens Boileau. M\u00e1scara, Venecia \u00abDespu\u00e9s de cierta edad, empezamos a utilizar una m\u00e1scara de seguridad y<\/p>\n","protected":false},"author":1,"featured_media":3254,"comment_status":"open","ping_status":"open","sticky":false,"template":"","format":"standard","meta":{"footnotes":""},"categories":[33],"tags":[],"class_list":["post-3251","post","type-post","status-publish","format-standard","has-post-thumbnail","hentry","category-fotografia"],"yoast_head":"<!-- This site is optimized with the Yoast SEO plugin v27.5 - https:\/\/yoast.com\/product\/yoast-seo-wordpress\/ -->\n<title>La M\u00e1scara - REVISTA CULTURAL<\/title>\n<meta name=\"description\" content=\"las m\u00e1scaras son mecanismos de defensa inconscientes que intentan poner a salvo nuestro verdadero yo cuando puede estar en peligro. Es un engranaje que nos permite sobrevivir; por lo tanto,\u00a0llevar una m\u00e1scara no es necesariamente algo perjudicial\u00a0para nosotros.\" \/>\n<meta name=\"robots\" content=\"index, follow, max-snippet:-1, max-image-preview:large, max-video-preview:-1\" \/>\n<link rel=\"canonical\" href=\"https:\/\/revistaliterariaelgatonegro.com\/?p=3251\" \/>\n<meta property=\"og:locale\" content=\"es_ES\" \/>\n<meta property=\"og:type\" content=\"article\" \/>\n<meta property=\"og:title\" content=\"La M\u00e1scara - REVISTA CULTURAL\" \/>\n<meta property=\"og:description\" content=\"las m\u00e1scaras son mecanismos de defensa inconscientes que intentan poner a salvo nuestro verdadero yo cuando puede estar en peligro. Es un engranaje que nos permite sobrevivir; por lo tanto,\u00a0llevar una m\u00e1scara no es necesariamente algo perjudicial\u00a0para nosotros.\" \/>\n<meta property=\"og:url\" content=\"https:\/\/revistaliterariaelgatonegro.com\/?p=3251\" \/>\n<meta property=\"og:site_name\" content=\"REVISTA CULTURAL\" \/>\n<meta property=\"article:published_time\" content=\"2021-10-17T19:49:58+00:00\" \/>\n<meta property=\"article:modified_time\" content=\"2021-10-17T19:49:59+00:00\" \/>\n<meta property=\"og:image\" content=\"https:\/\/revistaliterariaelgatonegro.com\/wp-content\/uploads\/2021\/10\/la-mascara.jpeg\" \/>\n\t<meta property=\"og:image:width\" content=\"500\" \/>\n\t<meta property=\"og:image:height\" content=\"667\" \/>\n\t<meta property=\"og:image:type\" content=\"image\/jpeg\" \/>\n<meta name=\"author\" content=\"administrador\" \/>\n<meta name=\"twitter:card\" content=\"summary_large_image\" \/>\n<meta name=\"twitter:image\" content=\"https:\/\/revistaliterariaelgatonegro.com\/wp-content\/uploads\/2021\/10\/la-mascara.jpeg\" \/>\n<meta name=\"twitter:label1\" content=\"Escrito por\" \/>\n\t<meta name=\"twitter:data1\" content=\"\" \/>\n\t<meta name=\"twitter:label2\" content=\"Tiempo de lectura\" \/>\n\t<meta name=\"twitter:data2\" content=\"1 minuto\" \/>\n<script type=\"application\/ld+json\" class=\"yoast-schema-graph\">{\"@context\":\"https:\\\/\\\/schema.org\",\"@graph\":[{\"@type\":\"Article\",\"@id\":\"https:\\\/\\\/revistaliterariaelgatonegro.com\\\/?p=3251#article\",\"isPartOf\":{\"@id\":\"https:\\\/\\\/revistaliterariaelgatonegro.com\\\/?p=3251\"},\"author\":{\"name\":\"administrador\",\"@id\":\"https:\\\/\\\/revistaliterariaelgatonegro.com\\\/#\\\/schema\\\/person\\\/6a37dd51e0f101e394e91c123fd12e8a\"},\"headline\":\"La M\u00e1scara\",\"datePublished\":\"2021-10-17T19:49:58+00:00\",\"dateModified\":\"2021-10-17T19:49:59+00:00\",\"mainEntityOfPage\":{\"@id\":\"https:\\\/\\\/revistaliterariaelgatonegro.com\\\/?p=3251\"},\"wordCount\":149,\"commentCount\":0,\"publisher\":{\"@id\":\"https:\\\/\\\/revistaliterariaelgatonegro.com\\\/#\\\/schema\\\/person\\\/6a37dd51e0f101e394e91c123fd12e8a\"},\"image\":{\"@id\":\"https:\\\/\\\/revistaliterariaelgatonegro.com\\\/?p=3251#primaryimage\"},\"thumbnailUrl\":\"https:\\\/\\\/revistaliterariaelgatonegro.com\\\/wp-content\\\/uploads\\\/2021\\\/10\\\/la-mascara.jpeg\",\"articleSection\":[\"Fotograf\u00eda\"],\"inLanguage\":\"es\",\"potentialAction\":[{\"@type\":\"CommentAction\",\"name\":\"Comment\",\"target\":[\"https:\\\/\\\/revistaliterariaelgatonegro.com\\\/?p=3251#respond\"]}]},{\"@type\":\"WebPage\",\"@id\":\"https:\\\/\\\/revistaliterariaelgatonegro.com\\\/?p=3251\",\"url\":\"https:\\\/\\\/revistaliterariaelgatonegro.com\\\/?p=3251\",\"name\":\"La M\u00e1scara - REVISTA CULTURAL\",\"isPartOf\":{\"@id\":\"https:\\\/\\\/revistaliterariaelgatonegro.com\\\/#website\"},\"primaryImageOfPage\":{\"@id\":\"https:\\\/\\\/revistaliterariaelgatonegro.com\\\/?p=3251#primaryimage\"},\"image\":{\"@id\":\"https:\\\/\\\/revistaliterariaelgatonegro.com\\\/?p=3251#primaryimage\"},\"thumbnailUrl\":\"https:\\\/\\\/revistaliterariaelgatonegro.com\\\/wp-content\\\/uploads\\\/2021\\\/10\\\/la-mascara.jpeg\",\"datePublished\":\"2021-10-17T19:49:58+00:00\",\"dateModified\":\"2021-10-17T19:49:59+00:00\",\"description\":\"las m\u00e1scaras son mecanismos de defensa inconscientes que intentan poner a salvo nuestro verdadero yo cuando puede estar en peligro. Es un engranaje que nos permite sobrevivir; por lo tanto,\u00a0llevar una m\u00e1scara no es necesariamente algo perjudicial\u00a0para nosotros.\",\"breadcrumb\":{\"@id\":\"https:\\\/\\\/revistaliterariaelgatonegro.com\\\/?p=3251#breadcrumb\"},\"inLanguage\":\"es\",\"potentialAction\":[{\"@type\":\"ReadAction\",\"target\":[\"https:\\\/\\\/revistaliterariaelgatonegro.com\\\/?p=3251\"]}]},{\"@type\":\"ImageObject\",\"inLanguage\":\"es\",\"@id\":\"https:\\\/\\\/revistaliterariaelgatonegro.com\\\/?p=3251#primaryimage\",\"url\":\"https:\\\/\\\/revistaliterariaelgatonegro.com\\\/wp-content\\\/uploads\\\/2021\\\/10\\\/la-mascara.jpeg\",\"contentUrl\":\"https:\\\/\\\/revistaliterariaelgatonegro.com\\\/wp-content\\\/uploads\\\/2021\\\/10\\\/la-mascara.jpeg\",\"width\":500,\"height\":667},{\"@type\":\"BreadcrumbList\",\"@id\":\"https:\\\/\\\/revistaliterariaelgatonegro.com\\\/?p=3251#breadcrumb\",\"itemListElement\":[{\"@type\":\"ListItem\",\"position\":1,\"name\":\"Portada\",\"item\":\"https:\\\/\\\/revistaliterariaelgatonegro.com\\\/\"},{\"@type\":\"ListItem\",\"position\":2,\"name\":\"La M\u00e1scara\"}]},{\"@type\":\"WebSite\",\"@id\":\"https:\\\/\\\/revistaliterariaelgatonegro.com\\\/#website\",\"url\":\"https:\\\/\\\/revistaliterariaelgatonegro.com\\\/\",\"name\":\"REVISTA CULTURAL\",\"description\":\" Un nuevo espacio para la divulgaci\u00f3n literaria, as\u00ed como dem\u00e1s artes \",\"publisher\":{\"@id\":\"https:\\\/\\\/revistaliterariaelgatonegro.com\\\/#\\\/schema\\\/person\\\/6a37dd51e0f101e394e91c123fd12e8a\"},\"potentialAction\":[{\"@type\":\"SearchAction\",\"target\":{\"@type\":\"EntryPoint\",\"urlTemplate\":\"https:\\\/\\\/revistaliterariaelgatonegro.com\\\/?s={search_term_string}\"},\"query-input\":{\"@type\":\"PropertyValueSpecification\",\"valueRequired\":true,\"valueName\":\"search_term_string\"}}],\"inLanguage\":\"es\"},{\"@type\":[\"Person\",\"Organization\"],\"@id\":\"https:\\\/\\\/revistaliterariaelgatonegro.com\\\/#\\\/schema\\\/person\\\/6a37dd51e0f101e394e91c123fd12e8a\",\"name\":\"administrador\",\"image\":{\"@type\":\"ImageObject\",\"inLanguage\":\"es\",\"@id\":\"https:\\\/\\\/revistaliterariaelgatonegro.com\\\/wp-content\\\/uploads\\\/2025\\\/12\\\/cropped-Logotipo-Logo-Marca-personal-Pastel-Amarillo-12-Photoroom.png\",\"url\":\"https:\\\/\\\/revistaliterariaelgatonegro.com\\\/wp-content\\\/uploads\\\/2025\\\/12\\\/cropped-Logotipo-Logo-Marca-personal-Pastel-Amarillo-12-Photoroom.png\",\"contentUrl\":\"https:\\\/\\\/revistaliterariaelgatonegro.com\\\/wp-content\\\/uploads\\\/2025\\\/12\\\/cropped-Logotipo-Logo-Marca-personal-Pastel-Amarillo-12-Photoroom.png\",\"width\":364,\"height\":212,\"caption\":\"administrador\"},\"logo\":{\"@id\":\"https:\\\/\\\/revistaliterariaelgatonegro.com\\\/wp-content\\\/uploads\\\/2025\\\/12\\\/cropped-Logotipo-Logo-Marca-personal-Pastel-Amarillo-12-Photoroom.png\"},\"sameAs\":[\"http:\\\/\\\/s864831950.mialojamiento.es\"]}]}<\/script>\n<!-- \/ Yoast SEO plugin. -->","yoast_head_json":{"title":"La M\u00e1scara - REVISTA CULTURAL","description":"las m\u00e1scaras son mecanismos de defensa inconscientes que intentan poner a salvo nuestro verdadero yo cuando puede estar en peligro. Es un engranaje que nos permite sobrevivir; por lo tanto,\u00a0llevar una m\u00e1scara no es necesariamente algo perjudicial\u00a0para nosotros.","robots":{"index":"index","follow":"follow","max-snippet":"max-snippet:-1","max-image-preview":"max-image-preview:large","max-video-preview":"max-video-preview:-1"},"canonical":"https:\/\/revistaliterariaelgatonegro.com\/?p=3251","og_locale":"es_ES","og_type":"article","og_title":"La M\u00e1scara - REVISTA CULTURAL","og_description":"las m\u00e1scaras son mecanismos de defensa inconscientes que intentan poner a salvo nuestro verdadero yo cuando puede estar en peligro. Es un engranaje que nos permite sobrevivir; por lo tanto,\u00a0llevar una m\u00e1scara no es necesariamente algo perjudicial\u00a0para nosotros.","og_url":"https:\/\/revistaliterariaelgatonegro.com\/?p=3251","og_site_name":"REVISTA CULTURAL","article_published_time":"2021-10-17T19:49:58+00:00","article_modified_time":"2021-10-17T19:49:59+00:00","og_image":[{"width":500,"height":667,"url":"https:\/\/revistaliterariaelgatonegro.com\/wp-content\/uploads\/2021\/10\/la-mascara.jpeg","type":"image\/jpeg"}],"author":"administrador","twitter_card":"summary_large_image","twitter_image":"https:\/\/revistaliterariaelgatonegro.com\/wp-content\/uploads\/2021\/10\/la-mascara.jpeg","twitter_misc":{"Escrito por":false,"Tiempo de lectura":"1 minuto"},"schema":{"@context":"https:\/\/schema.org","@graph":[{"@type":"Article","@id":"https:\/\/revistaliterariaelgatonegro.com\/?p=3251#article","isPartOf":{"@id":"https:\/\/revistaliterariaelgatonegro.com\/?p=3251"},"author":{"name":"administrador","@id":"https:\/\/revistaliterariaelgatonegro.com\/#\/schema\/person\/6a37dd51e0f101e394e91c123fd12e8a"},"headline":"La M\u00e1scara","datePublished":"2021-10-17T19:49:58+00:00","dateModified":"2021-10-17T19:49:59+00:00","mainEntityOfPage":{"@id":"https:\/\/revistaliterariaelgatonegro.com\/?p=3251"},"wordCount":149,"commentCount":0,"publisher":{"@id":"https:\/\/revistaliterariaelgatonegro.com\/#\/schema\/person\/6a37dd51e0f101e394e91c123fd12e8a"},"image":{"@id":"https:\/\/revistaliterariaelgatonegro.com\/?p=3251#primaryimage"},"thumbnailUrl":"https:\/\/revistaliterariaelgatonegro.com\/wp-content\/uploads\/2021\/10\/la-mascara.jpeg","articleSection":["Fotograf\u00eda"],"inLanguage":"es","potentialAction":[{"@type":"CommentAction","name":"Comment","target":["https:\/\/revistaliterariaelgatonegro.com\/?p=3251#respond"]}]},{"@type":"WebPage","@id":"https:\/\/revistaliterariaelgatonegro.com\/?p=3251","url":"https:\/\/revistaliterariaelgatonegro.com\/?p=3251","name":"La M\u00e1scara - REVISTA CULTURAL","isPartOf":{"@id":"https:\/\/revistaliterariaelgatonegro.com\/#website"},"primaryImageOfPage":{"@id":"https:\/\/revistaliterariaelgatonegro.com\/?p=3251#primaryimage"},"image":{"@id":"https:\/\/revistaliterariaelgatonegro.com\/?p=3251#primaryimage"},"thumbnailUrl":"https:\/\/revistaliterariaelgatonegro.com\/wp-content\/uploads\/2021\/10\/la-mascara.jpeg","datePublished":"2021-10-17T19:49:58+00:00","dateModified":"2021-10-17T19:49:59+00:00","description":"las m\u00e1scaras son mecanismos de defensa inconscientes que intentan poner a salvo nuestro verdadero yo cuando puede estar en peligro. Es un engranaje que nos permite sobrevivir; por lo tanto,\u00a0llevar una m\u00e1scara no es necesariamente algo perjudicial\u00a0para nosotros.","breadcrumb":{"@id":"https:\/\/revistaliterariaelgatonegro.com\/?p=3251#breadcrumb"},"inLanguage":"es","potentialAction":[{"@type":"ReadAction","target":["https:\/\/revistaliterariaelgatonegro.com\/?p=3251"]}]},{"@type":"ImageObject","inLanguage":"es","@id":"https:\/\/revistaliterariaelgatonegro.com\/?p=3251#primaryimage","url":"https:\/\/revistaliterariaelgatonegro.com\/wp-content\/uploads\/2021\/10\/la-mascara.jpeg","contentUrl":"https:\/\/revistaliterariaelgatonegro.com\/wp-content\/uploads\/2021\/10\/la-mascara.jpeg","width":500,"height":667},{"@type":"BreadcrumbList","@id":"https:\/\/revistaliterariaelgatonegro.com\/?p=3251#breadcrumb","itemListElement":[{"@type":"ListItem","position":1,"name":"Portada","item":"https:\/\/revistaliterariaelgatonegro.com\/"},{"@type":"ListItem","position":2,"name":"La M\u00e1scara"}]},{"@type":"WebSite","@id":"https:\/\/revistaliterariaelgatonegro.com\/#website","url":"https:\/\/revistaliterariaelgatonegro.com\/","name":"REVISTA CULTURAL","description":" Un nuevo espacio para la divulgaci\u00f3n literaria, as\u00ed como dem\u00e1s artes ","publisher":{"@id":"https:\/\/revistaliterariaelgatonegro.com\/#\/schema\/person\/6a37dd51e0f101e394e91c123fd12e8a"},"potentialAction":[{"@type":"SearchAction","target":{"@type":"EntryPoint","urlTemplate":"https:\/\/revistaliterariaelgatonegro.com\/?s={search_term_string}"},"query-input":{"@type":"PropertyValueSpecification","valueRequired":true,"valueName":"search_term_string"}}],"inLanguage":"es"},{"@type":["Person","Organization"],"@id":"https:\/\/revistaliterariaelgatonegro.com\/#\/schema\/person\/6a37dd51e0f101e394e91c123fd12e8a","name":"administrador","image":{"@type":"ImageObject","inLanguage":"es","@id":"https:\/\/revistaliterariaelgatonegro.com\/wp-content\/uploads\/2025\/12\/cropped-Logotipo-Logo-Marca-personal-Pastel-Amarillo-12-Photoroom.png","url":"https:\/\/revistaliterariaelgatonegro.com\/wp-content\/uploads\/2025\/12\/cropped-Logotipo-Logo-Marca-personal-Pastel-Amarillo-12-Photoroom.png","contentUrl":"https:\/\/revistaliterariaelgatonegro.com\/wp-content\/uploads\/2025\/12\/cropped-Logotipo-Logo-Marca-personal-Pastel-Amarillo-12-Photoroom.png","width":364,"height":212,"caption":"administrador"},"logo":{"@id":"https:\/\/revistaliterariaelgatonegro.com\/wp-content\/uploads\/2025\/12\/cropped-Logotipo-Logo-Marca-personal-Pastel-Amarillo-12-Photoroom.png"},"sameAs":["http:\/\/s864831950.mialojamiento.es"]}]}},"featured_image_urls":{"full":["https:\/\/revistaliterariaelgatonegro.com\/wp-content\/uploads\/2021\/10\/la-mascara.jpeg",500,667,false],"thumbnail":["https:\/\/revistaliterariaelgatonegro.com\/wp-content\/uploads\/2021\/10\/la-mascara-150x150.jpeg",150,150,true],"medium":["https:\/\/revistaliterariaelgatonegro.com\/wp-content\/uploads\/2021\/10\/la-mascara-225x300.jpeg",225,300,true],"medium_large":["https:\/\/revistaliterariaelgatonegro.com\/wp-content\/uploads\/2021\/10\/la-mascara.jpeg",500,667,false],"large":["https:\/\/revistaliterariaelgatonegro.com\/wp-content\/uploads\/2021\/10\/la-mascara.jpeg",500,667,false],"1536x1536":["https:\/\/revistaliterariaelgatonegro.com\/wp-content\/uploads\/2021\/10\/la-mascara.jpeg",500,667,false],"2048x2048":["https:\/\/revistaliterariaelgatonegro.com\/wp-content\/uploads\/2021\/10\/la-mascara.jpeg",500,667,false],"morenews-large":["https:\/\/revistaliterariaelgatonegro.com\/wp-content\/uploads\/2021\/10\/la-mascara.jpeg",431,575,false],"morenews-medium":["https:\/\/revistaliterariaelgatonegro.com\/wp-content\/uploads\/2021\/10\/la-mascara.jpeg",307,410,false],"woocommerce_thumbnail":["https:\/\/revistaliterariaelgatonegro.com\/wp-content\/uploads\/2021\/10\/la-mascara-300x400.jpeg",300,400,true],"woocommerce_single":["https:\/\/revistaliterariaelgatonegro.com\/wp-content\/uploads\/2021\/10\/la-mascara-300x400.jpeg",300,400,true],"woocommerce_gallery_thumbnail":["https:\/\/revistaliterariaelgatonegro.com\/wp-content\/uploads\/2021\/10\/la-mascara-100x100.jpeg",100,100,true],"dgwt-wcas-product-suggestion":["https:\/\/revistaliterariaelgatonegro.com\/wp-content\/uploads\/2021\/10\/la-mascara-64x85.jpeg",64,85,true]},"author_info":{"display_name":false,"author_link":"https:\/\/revistaliterariaelgatonegro.com\/?author=1"},"category_info":"<a href=\"https:\/\/revistaliterariaelgatonegro.com\/?cat=33\" rel=\"category\">Fotograf\u00eda<\/a>","tag_info":"Fotograf\u00eda","comment_count":"0","_links":{"self":[{"href":"https:\/\/revistaliterariaelgatonegro.com\/index.php?rest_route=\/wp\/v2\/posts\/3251","targetHints":{"allow":["GET"]}}],"collection":[{"href":"https:\/\/revistaliterariaelgatonegro.com\/index.php?rest_route=\/wp\/v2\/posts"}],"about":[{"href":"https:\/\/revistaliterariaelgatonegro.com\/index.php?rest_route=\/wp\/v2\/types\/post"}],"author":[{"embeddable":true,"href":"https:\/\/revistaliterariaelgatonegro.com\/index.php?rest_route=\/wp\/v2\/users\/1"}],"replies":[{"embeddable":true,"href":"https:\/\/revistaliterariaelgatonegro.com\/index.php?rest_route=%2Fwp%2Fv2%2Fcomments&post=3251"}],"version-history":[{"count":2,"href":"https:\/\/revistaliterariaelgatonegro.com\/index.php?rest_route=\/wp\/v2\/posts\/3251\/revisions"}],"predecessor-version":[{"id":3255,"href":"https:\/\/revistaliterariaelgatonegro.com\/index.php?rest_route=\/wp\/v2\/posts\/3251\/revisions\/3255"}],"wp:featuredmedia":[{"embeddable":true,"href":"https:\/\/revistaliterariaelgatonegro.com\/index.php?rest_route=\/wp\/v2\/media\/3254"}],"wp:attachment":[{"href":"https:\/\/revistaliterariaelgatonegro.com\/index.php?rest_route=%2Fwp%2Fv2%2Fmedia&parent=3251"}],"wp:term":[{"taxonomy":"category","embeddable":true,"href":"https:\/\/revistaliterariaelgatonegro.com\/index.php?rest_route=%2Fwp%2Fv2%2Fcategories&post=3251"},{"taxonomy":"post_tag","embeddable":true,"href":"https:\/\/revistaliterariaelgatonegro.com\/index.php?rest_route=%2Fwp%2Fv2%2Ftags&post=3251"}],"curies":[{"name":"wp","href":"https:\/\/api.w.org\/{rel}","templated":true}]}}