{"id":22854,"date":"2026-09-02T11:27:49","date_gmt":"2026-09-02T11:27:49","guid":{"rendered":"https:\/\/revistaliterariaelgatonegro.com\/?p=22854"},"modified":"2026-09-02T11:27:51","modified_gmt":"2026-09-02T11:27:51","slug":"hablamos-con-adriana-pannitteri","status":"publish","type":"post","link":"https:\/\/revistaliterariaelgatonegro.com\/?p=22854","title":{"rendered":"Hablamos con Adriana Pannitteri"},"content":{"rendered":"\n<h2 class=\"wp-block-heading has-text-align-center has-white-background-color has-background\">La periodista italiana Adriana Pannitteri ha escrito<em> Raffaella Carr\u00e0. La chica perfecta<\/em>. Retrata la vida de la diva italiana m\u00e1s all\u00e1 de los escenarios y explora su faceta m\u00e1s \u00edntima, su discreci\u00f3n personal, sus \u00e9xitos en Espa\u00f1a y Argentina, y su lucha silenciosa contra el c\u00e1ncer<\/h2>\n\n\n\n<p class=\"wp-block-paragraph\"><strong>\u00bfEn qu\u00e9 momento sinti\u00f3 que la vida de Raffaella Carr\u00e0 merec\u00eda ser contada en una biograf\u00eda como <em>La ragazza perfetta<\/em>?<\/strong><\/p>\n\n\n\n<p class=\"wp-block-paragraph\">Ya al d\u00eda siguiente de su muerte hab\u00eda pensado que la vida de Raffaella y su trayectoria profesional merec\u00edan ser contadas, y al cumplirse un a\u00f1o de su fallecimiento realic\u00e9 un documental para el Tg1, donde trabajaba, firmado junto con la directora Cinzia Perreca. Los materiales del archivo de la Rai conten\u00edan aut\u00e9nticas joyas.<\/p>\n\n\n\n<p class=\"wp-block-paragraph\"><strong>\u00bfQu\u00e9 signific\u00f3 para usted enfrentarse a la dimensi\u00f3n p\u00fablica y emotiva del funeral de Raffaella Carr\u00e0 en Roma?<\/strong><\/p>\n\n\n\n<p class=\"wp-block-paragraph\">Era una \u00e9poca particular, viv\u00edamos la era COVID, todo estaba trastocado. En este contexto, la muerte de un personaje p\u00fablico resultaba desgarradora. Sobre todo, porque no sab\u00edamos de su enfermedad, que ella quiso mantener en secreto.<\/p>\n\n\n\n<p class=\"wp-block-paragraph\"><strong>Ha elegido el t\u00edtulo <em>La ragazza perfetta<\/em>. \u00bfSe refiere a una perfecci\u00f3n real, a una imagen p\u00fablica o a una exigencia personal?<\/strong><\/p>\n\n\n\n<p class=\"wp-block-paragraph\">Creo que era una perfecci\u00f3n real. Quiero decir que todas las personas que estuvieron cerca de ella hablaron de una tenacidad y un compromiso fuera de lo com\u00fan. Un ejemplo tambi\u00e9n para los j\u00f3venes de hoy.<\/p>\n\n\n\n<p class=\"wp-block-paragraph\"><strong>Raffaella Carr\u00e0 fue una figura revolucionaria en la televisi\u00f3n, la m\u00fasica y el mundo del espect\u00e1culo. \u00bfEn qu\u00e9 cree que radic\u00f3 su mayor ruptura con las convenciones de su \u00e9poca?<\/strong><\/p>\n\n\n\n<p class=\"wp-block-paragraph\">La ruptura de las convenciones no est\u00e1 solo en el ombligo al descubierto del Tuca Tuca, sino en su capacidad de imponerse como personaje principal de un show o de un programa. No una figura secundaria, como ocurr\u00eda a menudo. No una azafata de televisi\u00f3n.<\/p>\n\n\n\n<p class=\"wp-block-paragraph\">Creo que ella era consciente de sus capacidades sin caer en la soberbia. Tambi\u00e9n esta es una cualidad muy poco com\u00fan. Algunas de sus declaraciones, por ejemplo, sobre la identidad sexual y la b\u00fasqueda de la felicidad sin prejuicios, me hacen pensar que era consciente de su papel.<\/p>\n\n\n\n<h2 class=\"wp-block-heading has-text-align-center\">La cuesti\u00f3n de la emancipaci\u00f3n femenina marc\u00f3 toda su vida. No fue una batalla expl\u00edcita, sino una conquista cotidiana y continua en una \u00e9poca en la que las mujeres eran realmente subalternas en el mundo del espect\u00e1culo<\/h2>\n\n\n\n<p class=\"wp-block-paragraph\"><strong>\u00bfLe ha sorprendido alguna contradicci\u00f3n entre la imagen p\u00fablica de Raffaella y su vida privada?<\/strong><\/p>\n\n\n\n<p class=\"wp-block-paragraph\">No debi\u00f3 de ser f\u00e1cil tener tanta fama. Su dimensi\u00f3n privada (pienso en su pasi\u00f3n por las cartas y por las bromas) podr\u00eda chocar con la imagen de una diva. Ella era ambas cosas. Como cuenta en el libro Luca Sabatelli, uno de sus estilistas: \u00abera la diva de las lentejuelas y la mujer que preparaba la salsa para los amigos con un delantal puesto\u00bb.<\/p>\n\n\n\n<figure class=\"wp-block-image alignwide size-large\"><img decoding=\"async\" width=\"700\" height=\"350\" src=\"https:\/\/revistaliterariaelgatonegro.com\/wp-content\/uploads\/2026\/07\/raffaella-carra-700x350.jpg\" alt=\"\" class=\"wp-image-22783\" srcset=\"https:\/\/revistaliterariaelgatonegro.com\/wp-content\/uploads\/2026\/07\/raffaella-carra-700x350.jpg 700w, https:\/\/revistaliterariaelgatonegro.com\/wp-content\/uploads\/2026\/07\/raffaella-carra-300x150.jpg 300w, https:\/\/revistaliterariaelgatonegro.com\/wp-content\/uploads\/2026\/07\/raffaella-carra-768x384.jpg 768w, https:\/\/revistaliterariaelgatonegro.com\/wp-content\/uploads\/2026\/07\/raffaella-carra-1536x768.jpg 1536w, https:\/\/revistaliterariaelgatonegro.com\/wp-content\/uploads\/2026\/07\/raffaella-carra-2048x1024.jpg 2048w, https:\/\/revistaliterariaelgatonegro.com\/wp-content\/uploads\/2026\/07\/raffaella-carra-64x32.jpg 64w\" sizes=\"(max-width: 700px) 100vw, 700px\" \/><\/figure>\n\n\n\n<p class=\"wp-block-paragraph\"><strong>Raffaella Carr\u00e0 es vista como un s\u00edmbolo de libertad, modernidad y emancipaci\u00f3n femenina. \u00bfCree que ella se defin\u00eda a s\u00ed misma de esta manera?<\/strong><\/p>\n\n\n\n<p class=\"wp-block-paragraph\">La cuesti\u00f3n de la emancipaci\u00f3n femenina marc\u00f3 toda su vida. No fue una batalla expl\u00edcita, sino una conquista cotidiana y continua en una \u00e9poca en la que las mujeres eran realmente subalternas en el mundo del espect\u00e1culo.<\/p>\n\n\n\n<p class=\"wp-block-paragraph\"><strong>\u00bfEn qu\u00e9 sentido allan\u00f3 el camino a otras mujeres en la televisi\u00f3n y en la cultura popular?<\/strong><\/p>\n\n\n\n<p class=\"wp-block-paragraph\">Mirarla, estudiarla, incluso imitarla, fue en el fondo una manera de acercar a las mujeres a un modelo de \u00e9xito.<\/p>\n\n\n\n<h2 class=\"wp-block-heading has-text-align-center\">La definir\u00eda como perfecta. As\u00ed, tal cual. Por supuesto, tambi\u00e9n una mujer con sus fragilidades, pero perfecta<\/h2>\n\n\n\n<p class=\"wp-block-paragraph\"><strong>\u00bfQu\u00e9 mensaje cree que sigue transmitiendo hoy en d\u00eda a las nuevas generaciones?<\/strong><\/p>\n\n\n\n<p class=\"wp-block-paragraph\">Las nuevas generaciones tienen la posibilidad de captar el sentido del sacrificio, el esfuerzo y la dedicaci\u00f3n que marcaron su vida. Y tambi\u00e9n me gusta recordar que ella nunca recurri\u00f3 a atajos.<\/p>\n\n\n\n<p class=\"wp-block-paragraph\"><strong>Tras escribir este libro, \u00bfqu\u00e9 palabra elegir\u00eda para definir a Raffaella Carr\u00e0?<\/strong><\/p>\n\n\n\n<p class=\"wp-block-paragraph\">La definir\u00eda como perfecta. As\u00ed, tal cual. Por supuesto, tambi\u00e9n una mujer con sus fragilidades, pero perfecta.<\/p>\n\n\n\n<p class=\"wp-block-paragraph\"><strong>\u00bfQu\u00e9 le gustar\u00eda que sintiera el lector al terminar de leer <em>Raffaella Carr\u00e0. La chica perfecta<\/em>?<\/strong><\/p>\n\n\n\n<p class=\"wp-block-paragraph\">Me gustar\u00eda que el lector comprendiera lo que yo mismo sent\u00ed: cambiar de opini\u00f3n sobre un personaje que parec\u00eda solo ombligo y trajes de ba\u00f1o. Un personaje verdadero y tambi\u00e9n profundo.<\/p>\n\n\n\n<p class=\"wp-block-paragraph\"><strong>Si pudiera hacerle una sola pregunta a Raffaella hoy, \u00bfcu\u00e1l ser\u00eda?<\/strong><\/p>\n\n\n\n<p class=\"wp-block-paragraph\">Le preguntar\u00eda: \u00bffuiste feliz? Esa es la pregunta de fondo del libro. En el fondo, la pregunta que querr\u00edamos hacerle a todos los personajes que amamos.<\/p>\n","protected":false},"excerpt":{"rendered":"<p>La periodista italiana Adriana Pannitteri ha escrito Raffaella Carr\u00e0. La chica perfecta. Retrata la vida de la diva<\/p>\n","protected":false},"author":1,"featured_media":22856,"comment_status":"open","ping_status":"open","sticky":false,"template":"","format":"standard","meta":{"footnotes":""},"categories":[121],"tags":[],"class_list":["post-22854","post","type-post","status-publish","format-standard","has-post-thumbnail","hentry","category-hablamos-con"],"yoast_head":"<!-- This site is optimized with the Yoast SEO plugin v28.4 - https:\/\/yoast.com\/product\/yoast-seo-wordpress\/ -->\n<title>Hablamos con Adriana Pannitteri - REVISTA CULTURAL<\/title>\n<meta name=\"robots\" content=\"index, follow, max-snippet:-1, max-image-preview:large, max-video-preview:-1\" \/>\n<link rel=\"canonical\" href=\"https:\/\/revistaliterariaelgatonegro.com\/?p=22854\" \/>\n<meta property=\"og:locale\" content=\"es_ES\" \/>\n<meta property=\"og:type\" content=\"article\" \/>\n<meta property=\"og:title\" content=\"Hablamos con Adriana Pannitteri - REVISTA CULTURAL\" \/>\n<meta property=\"og:description\" content=\"La periodista italiana Adriana Pannitteri ha escrito Raffaella Carr\u00e0. La chica perfecta. Retrata la vida de la diva\" \/>\n<meta property=\"og:url\" content=\"https:\/\/revistaliterariaelgatonegro.com\/?p=22854\" \/>\n<meta property=\"og:site_name\" content=\"REVISTA CULTURAL\" \/>\n<meta property=\"article:published_time\" content=\"2026-09-02T11:27:49+00:00\" \/>\n<meta property=\"article:modified_time\" content=\"2026-09-02T11:27:51+00:00\" \/>\n<meta property=\"og:image\" content=\"https:\/\/revistaliterariaelgatonegro.com\/wp-content\/uploads\/2026\/09\/Adriana-scaled.jpg\" \/>\n\t<meta property=\"og:image:width\" content=\"2560\" \/>\n\t<meta property=\"og:image:height\" content=\"1280\" \/>\n\t<meta property=\"og:image:type\" content=\"image\/jpeg\" \/>\n<meta name=\"author\" content=\"administrador\" \/>\n<meta name=\"twitter:card\" content=\"summary_large_image\" \/>\n<meta name=\"twitter:label1\" content=\"Escrito por\" \/>\n\t<meta name=\"twitter:data1\" content=\"\" \/>\n\t<meta name=\"twitter:label2\" content=\"Tiempo de lectura\" \/>\n\t<meta name=\"twitter:data2\" content=\"4 minutos\" \/>\n<script type=\"application\/ld+json\" class=\"yoast-schema-graph\">{\"@context\":\"https:\\\/\\\/schema.org\",\"@graph\":[{\"@type\":\"Article\",\"@id\":\"https:\\\/\\\/revistaliterariaelgatonegro.com\\\/?p=22854#article\",\"isPartOf\":{\"@id\":\"https:\\\/\\\/revistaliterariaelgatonegro.com\\\/?p=22854\"},\"author\":{\"name\":\"administrador\",\"@id\":\"https:\\\/\\\/revistaliterariaelgatonegro.com\\\/#\\\/schema\\\/person\\\/6a37dd51e0f101e394e91c123fd12e8a\"},\"headline\":\"Hablamos con Adriana Pannitteri\",\"datePublished\":\"2026-09-02T11:27:49+00:00\",\"dateModified\":\"2026-09-02T11:27:51+00:00\",\"mainEntityOfPage\":{\"@id\":\"https:\\\/\\\/revistaliterariaelgatonegro.com\\\/?p=22854\"},\"wordCount\":818,\"commentCount\":0,\"publisher\":{\"@id\":\"https:\\\/\\\/revistaliterariaelgatonegro.com\\\/#\\\/schema\\\/person\\\/6a37dd51e0f101e394e91c123fd12e8a\"},\"image\":{\"@id\":\"https:\\\/\\\/revistaliterariaelgatonegro.com\\\/?p=22854#primaryimage\"},\"thumbnailUrl\":\"https:\\\/\\\/revistaliterariaelgatonegro.com\\\/wp-content\\\/uploads\\\/2026\\\/09\\\/Adriana-scaled.jpg\",\"articleSection\":[\"Hablamos con...\"],\"inLanguage\":\"es\",\"potentialAction\":[{\"@type\":\"CommentAction\",\"name\":\"Comment\",\"target\":[\"https:\\\/\\\/revistaliterariaelgatonegro.com\\\/?p=22854#respond\"]}]},{\"@type\":\"WebPage\",\"@id\":\"https:\\\/\\\/revistaliterariaelgatonegro.com\\\/?p=22854\",\"url\":\"https:\\\/\\\/revistaliterariaelgatonegro.com\\\/?p=22854\",\"name\":\"Hablamos con Adriana Pannitteri - REVISTA CULTURAL\",\"isPartOf\":{\"@id\":\"https:\\\/\\\/revistaliterariaelgatonegro.com\\\/#website\"},\"primaryImageOfPage\":{\"@id\":\"https:\\\/\\\/revistaliterariaelgatonegro.com\\\/?p=22854#primaryimage\"},\"image\":{\"@id\":\"https:\\\/\\\/revistaliterariaelgatonegro.com\\\/?p=22854#primaryimage\"},\"thumbnailUrl\":\"https:\\\/\\\/revistaliterariaelgatonegro.com\\\/wp-content\\\/uploads\\\/2026\\\/09\\\/Adriana-scaled.jpg\",\"datePublished\":\"2026-09-02T11:27:49+00:00\",\"dateModified\":\"2026-09-02T11:27:51+00:00\",\"breadcrumb\":{\"@id\":\"https:\\\/\\\/revistaliterariaelgatonegro.com\\\/?p=22854#breadcrumb\"},\"inLanguage\":\"es\",\"potentialAction\":[{\"@type\":\"ReadAction\",\"target\":[\"https:\\\/\\\/revistaliterariaelgatonegro.com\\\/?p=22854\"]}]},{\"@type\":\"ImageObject\",\"inLanguage\":\"es\",\"@id\":\"https:\\\/\\\/revistaliterariaelgatonegro.com\\\/?p=22854#primaryimage\",\"url\":\"https:\\\/\\\/revistaliterariaelgatonegro.com\\\/wp-content\\\/uploads\\\/2026\\\/09\\\/Adriana-scaled.jpg\",\"contentUrl\":\"https:\\\/\\\/revistaliterariaelgatonegro.com\\\/wp-content\\\/uploads\\\/2026\\\/09\\\/Adriana-scaled.jpg\",\"width\":2560,\"height\":1280},{\"@type\":\"BreadcrumbList\",\"@id\":\"https:\\\/\\\/revistaliterariaelgatonegro.com\\\/?p=22854#breadcrumb\",\"itemListElement\":[{\"@type\":\"ListItem\",\"position\":1,\"name\":\"Portada\",\"item\":\"https:\\\/\\\/revistaliterariaelgatonegro.com\\\/\"},{\"@type\":\"ListItem\",\"position\":2,\"name\":\"Hablamos con Adriana Pannitteri\"}]},{\"@type\":\"WebSite\",\"@id\":\"https:\\\/\\\/revistaliterariaelgatonegro.com\\\/#website\",\"url\":\"https:\\\/\\\/revistaliterariaelgatonegro.com\\\/\",\"name\":\"REVISTA CULTURAL\",\"description\":\" Un nuevo espacio para la divulgaci\u00f3n literaria, as\u00ed como dem\u00e1s artes \",\"publisher\":{\"@id\":\"https:\\\/\\\/revistaliterariaelgatonegro.com\\\/#\\\/schema\\\/person\\\/6a37dd51e0f101e394e91c123fd12e8a\"},\"potentialAction\":[{\"@type\":\"SearchAction\",\"target\":{\"@type\":\"EntryPoint\",\"urlTemplate\":\"https:\\\/\\\/revistaliterariaelgatonegro.com\\\/?s={search_term_string}\"},\"query-input\":{\"@type\":\"PropertyValueSpecification\",\"valueRequired\":true,\"valueName\":\"search_term_string\"}}],\"inLanguage\":\"es\"},{\"@type\":[\"Person\",\"Organization\"],\"@id\":\"https:\\\/\\\/revistaliterariaelgatonegro.com\\\/#\\\/schema\\\/person\\\/6a37dd51e0f101e394e91c123fd12e8a\",\"name\":\"administrador\",\"image\":{\"@type\":\"ImageObject\",\"inLanguage\":\"es\",\"@id\":\"https:\\\/\\\/revistaliterariaelgatonegro.com\\\/wp-content\\\/uploads\\\/2025\\\/12\\\/cropped-Logotipo-Logo-Marca-personal-Pastel-Amarillo-12-Photoroom.png\",\"url\":\"https:\\\/\\\/revistaliterariaelgatonegro.com\\\/wp-content\\\/uploads\\\/2025\\\/12\\\/cropped-Logotipo-Logo-Marca-personal-Pastel-Amarillo-12-Photoroom.png\",\"contentUrl\":\"https:\\\/\\\/revistaliterariaelgatonegro.com\\\/wp-content\\\/uploads\\\/2025\\\/12\\\/cropped-Logotipo-Logo-Marca-personal-Pastel-Amarillo-12-Photoroom.png\",\"width\":364,\"height\":212,\"caption\":\"administrador\"},\"logo\":{\"@id\":\"https:\\\/\\\/revistaliterariaelgatonegro.com\\\/wp-content\\\/uploads\\\/2025\\\/12\\\/cropped-Logotipo-Logo-Marca-personal-Pastel-Amarillo-12-Photoroom.png\"},\"sameAs\":[\"http:\\\/\\\/s864831950.mialojamiento.es\"]}]}<\/script>\n<!-- \/ Yoast SEO plugin. -->","yoast_head_json":{"title":"Hablamos con Adriana Pannitteri - REVISTA CULTURAL","robots":{"index":"index","follow":"follow","max-snippet":"max-snippet:-1","max-image-preview":"max-image-preview:large","max-video-preview":"max-video-preview:-1"},"canonical":"https:\/\/revistaliterariaelgatonegro.com\/?p=22854","og_locale":"es_ES","og_type":"article","og_title":"Hablamos con Adriana Pannitteri - REVISTA CULTURAL","og_description":"La periodista italiana Adriana Pannitteri ha escrito Raffaella Carr\u00e0. La chica perfecta. Retrata la vida de la diva","og_url":"https:\/\/revistaliterariaelgatonegro.com\/?p=22854","og_site_name":"REVISTA CULTURAL","article_published_time":"2026-09-02T11:27:49+00:00","article_modified_time":"2026-09-02T11:27:51+00:00","og_image":[{"width":2560,"height":1280,"url":"https:\/\/revistaliterariaelgatonegro.com\/wp-content\/uploads\/2026\/09\/Adriana-scaled.jpg","type":"image\/jpeg"}],"author":"administrador","twitter_card":"summary_large_image","twitter_misc":{"Escrito por":false,"Tiempo de lectura":"4 minutos"},"schema":{"@context":"https:\/\/schema.org","@graph":[{"@type":"Article","@id":"https:\/\/revistaliterariaelgatonegro.com\/?p=22854#article","isPartOf":{"@id":"https:\/\/revistaliterariaelgatonegro.com\/?p=22854"},"author":{"name":"administrador","@id":"https:\/\/revistaliterariaelgatonegro.com\/#\/schema\/person\/6a37dd51e0f101e394e91c123fd12e8a"},"headline":"Hablamos con Adriana Pannitteri","datePublished":"2026-09-02T11:27:49+00:00","dateModified":"2026-09-02T11:27:51+00:00","mainEntityOfPage":{"@id":"https:\/\/revistaliterariaelgatonegro.com\/?p=22854"},"wordCount":818,"commentCount":0,"publisher":{"@id":"https:\/\/revistaliterariaelgatonegro.com\/#\/schema\/person\/6a37dd51e0f101e394e91c123fd12e8a"},"image":{"@id":"https:\/\/revistaliterariaelgatonegro.com\/?p=22854#primaryimage"},"thumbnailUrl":"https:\/\/revistaliterariaelgatonegro.com\/wp-content\/uploads\/2026\/09\/Adriana-scaled.jpg","articleSection":["Hablamos con..."],"inLanguage":"es","potentialAction":[{"@type":"CommentAction","name":"Comment","target":["https:\/\/revistaliterariaelgatonegro.com\/?p=22854#respond"]}]},{"@type":"WebPage","@id":"https:\/\/revistaliterariaelgatonegro.com\/?p=22854","url":"https:\/\/revistaliterariaelgatonegro.com\/?p=22854","name":"Hablamos con Adriana Pannitteri - REVISTA CULTURAL","isPartOf":{"@id":"https:\/\/revistaliterariaelgatonegro.com\/#website"},"primaryImageOfPage":{"@id":"https:\/\/revistaliterariaelgatonegro.com\/?p=22854#primaryimage"},"image":{"@id":"https:\/\/revistaliterariaelgatonegro.com\/?p=22854#primaryimage"},"thumbnailUrl":"https:\/\/revistaliterariaelgatonegro.com\/wp-content\/uploads\/2026\/09\/Adriana-scaled.jpg","datePublished":"2026-09-02T11:27:49+00:00","dateModified":"2026-09-02T11:27:51+00:00","breadcrumb":{"@id":"https:\/\/revistaliterariaelgatonegro.com\/?p=22854#breadcrumb"},"inLanguage":"es","potentialAction":[{"@type":"ReadAction","target":["https:\/\/revistaliterariaelgatonegro.com\/?p=22854"]}]},{"@type":"ImageObject","inLanguage":"es","@id":"https:\/\/revistaliterariaelgatonegro.com\/?p=22854#primaryimage","url":"https:\/\/revistaliterariaelgatonegro.com\/wp-content\/uploads\/2026\/09\/Adriana-scaled.jpg","contentUrl":"https:\/\/revistaliterariaelgatonegro.com\/wp-content\/uploads\/2026\/09\/Adriana-scaled.jpg","width":2560,"height":1280},{"@type":"BreadcrumbList","@id":"https:\/\/revistaliterariaelgatonegro.com\/?p=22854#breadcrumb","itemListElement":[{"@type":"ListItem","position":1,"name":"Portada","item":"https:\/\/revistaliterariaelgatonegro.com\/"},{"@type":"ListItem","position":2,"name":"Hablamos con Adriana Pannitteri"}]},{"@type":"WebSite","@id":"https:\/\/revistaliterariaelgatonegro.com\/#website","url":"https:\/\/revistaliterariaelgatonegro.com\/","name":"REVISTA CULTURAL","description":" Un nuevo espacio para la divulgaci\u00f3n literaria, as\u00ed como dem\u00e1s artes ","publisher":{"@id":"https:\/\/revistaliterariaelgatonegro.com\/#\/schema\/person\/6a37dd51e0f101e394e91c123fd12e8a"},"potentialAction":[{"@type":"SearchAction","target":{"@type":"EntryPoint","urlTemplate":"https:\/\/revistaliterariaelgatonegro.com\/?s={search_term_string}"},"query-input":{"@type":"PropertyValueSpecification","valueRequired":true,"valueName":"search_term_string"}}],"inLanguage":"es"},{"@type":["Person","Organization"],"@id":"https:\/\/revistaliterariaelgatonegro.com\/#\/schema\/person\/6a37dd51e0f101e394e91c123fd12e8a","name":"administrador","image":{"@type":"ImageObject","inLanguage":"es","@id":"https:\/\/revistaliterariaelgatonegro.com\/wp-content\/uploads\/2025\/12\/cropped-Logotipo-Logo-Marca-personal-Pastel-Amarillo-12-Photoroom.png","url":"https:\/\/revistaliterariaelgatonegro.com\/wp-content\/uploads\/2025\/12\/cropped-Logotipo-Logo-Marca-personal-Pastel-Amarillo-12-Photoroom.png","contentUrl":"https:\/\/revistaliterariaelgatonegro.com\/wp-content\/uploads\/2025\/12\/cropped-Logotipo-Logo-Marca-personal-Pastel-Amarillo-12-Photoroom.png","width":364,"height":212,"caption":"administrador"},"logo":{"@id":"https:\/\/revistaliterariaelgatonegro.com\/wp-content\/uploads\/2025\/12\/cropped-Logotipo-Logo-Marca-personal-Pastel-Amarillo-12-Photoroom.png"},"sameAs":["http:\/\/s864831950.mialojamiento.es"]}]}},"featured_image_urls":{"full":["https:\/\/revistaliterariaelgatonegro.com\/wp-content\/uploads\/2026\/09\/Adriana-scaled.jpg",2560,1280,false],"thumbnail":["https:\/\/revistaliterariaelgatonegro.com\/wp-content\/uploads\/2026\/09\/Adriana-150x150.jpg",150,150,true],"medium":["https:\/\/revistaliterariaelgatonegro.com\/wp-content\/uploads\/2026\/09\/Adriana-300x150.jpg",300,150,true],"medium_large":["https:\/\/revistaliterariaelgatonegro.com\/wp-content\/uploads\/2026\/09\/Adriana-768x384.jpg",640,320,true],"large":["https:\/\/revistaliterariaelgatonegro.com\/wp-content\/uploads\/2026\/09\/Adriana-700x350.jpg",640,320,true],"1536x1536":["https:\/\/revistaliterariaelgatonegro.com\/wp-content\/uploads\/2026\/09\/Adriana-1536x768.jpg",1536,768,true],"2048x2048":["https:\/\/revistaliterariaelgatonegro.com\/wp-content\/uploads\/2026\/09\/Adriana-2048x1024.jpg",2048,1024,true],"morenews-large":["https:\/\/revistaliterariaelgatonegro.com\/wp-content\/uploads\/2026\/09\/Adriana-825x575.jpg",825,575,true],"morenews-medium":["https:\/\/revistaliterariaelgatonegro.com\/wp-content\/uploads\/2026\/09\/Adriana-590x410.jpg",590,410,true],"woocommerce_thumbnail":["https:\/\/revistaliterariaelgatonegro.com\/wp-content\/uploads\/2026\/09\/Adriana-300x150.jpg",300,150,true],"woocommerce_single":["https:\/\/revistaliterariaelgatonegro.com\/wp-content\/uploads\/2026\/09\/Adriana-300x150.jpg",300,150,true],"woocommerce_gallery_thumbnail":["https:\/\/revistaliterariaelgatonegro.com\/wp-content\/uploads\/2026\/09\/Adriana-100x100.jpg",100,100,true],"dgwt-wcas-product-suggestion":["https:\/\/revistaliterariaelgatonegro.com\/wp-content\/uploads\/2026\/09\/Adriana-64x32.jpg",64,32,true]},"author_info":{"display_name":false,"author_link":"https:\/\/revistaliterariaelgatonegro.com\/?author=1"},"category_info":"<a href=\"https:\/\/revistaliterariaelgatonegro.com\/?cat=121\" rel=\"category\">Hablamos con...<\/a>","tag_info":"Hablamos con...","comment_count":"0","_links":{"self":[{"href":"https:\/\/revistaliterariaelgatonegro.com\/index.php?rest_route=\/wp\/v2\/posts\/22854","targetHints":{"allow":["GET"]}}],"collection":[{"href":"https:\/\/revistaliterariaelgatonegro.com\/index.php?rest_route=\/wp\/v2\/posts"}],"about":[{"href":"https:\/\/revistaliterariaelgatonegro.com\/index.php?rest_route=\/wp\/v2\/types\/post"}],"author":[{"embeddable":true,"href":"https:\/\/revistaliterariaelgatonegro.com\/index.php?rest_route=\/wp\/v2\/users\/1"}],"replies":[{"embeddable":true,"href":"https:\/\/revistaliterariaelgatonegro.com\/index.php?rest_route=%2Fwp%2Fv2%2Fcomments&post=22854"}],"version-history":[{"count":3,"href":"https:\/\/revistaliterariaelgatonegro.com\/index.php?rest_route=\/wp\/v2\/posts\/22854\/revisions"}],"predecessor-version":[{"id":22858,"href":"https:\/\/revistaliterariaelgatonegro.com\/index.php?rest_route=\/wp\/v2\/posts\/22854\/revisions\/22858"}],"wp:featuredmedia":[{"embeddable":true,"href":"https:\/\/revistaliterariaelgatonegro.com\/index.php?rest_route=\/wp\/v2\/media\/22856"}],"wp:attachment":[{"href":"https:\/\/revistaliterariaelgatonegro.com\/index.php?rest_route=%2Fwp%2Fv2%2Fmedia&parent=22854"}],"wp:term":[{"taxonomy":"category","embeddable":true,"href":"https:\/\/revistaliterariaelgatonegro.com\/index.php?rest_route=%2Fwp%2Fv2%2Fcategories&post=22854"},{"taxonomy":"post_tag","embeddable":true,"href":"https:\/\/revistaliterariaelgatonegro.com\/index.php?rest_route=%2Fwp%2Fv2%2Ftags&post=22854"}],"curies":[{"name":"wp","href":"https:\/\/api.w.org\/{rel}","templated":true}]}}