{"id":22848,"date":"2026-09-01T12:14:47","date_gmt":"2026-09-01T12:14:47","guid":{"rendered":"https:\/\/revistaliterariaelgatonegro.com\/?p=22848"},"modified":"2026-09-01T12:14:51","modified_gmt":"2026-09-01T12:14:51","slug":"leonardo-y-el-novio","status":"publish","type":"post","link":"https:\/\/revistaliterariaelgatonegro.com\/?p=22848","title":{"rendered":"Leonardo y el Novio"},"content":{"rendered":"\n<h2 class=\"wp-block-heading has-text-align-center\">La Sala Lola Membrives del Teatro Lara acoge desde el 3 de septiembre esta nueva propuesta que recupera a Leonardo y al Novio despu\u00e9s de su muerte para imaginar qu\u00e9 sucedi\u00f3 cuando cay\u00f3 el tel\u00f3n de <em>Bodas de sangre<\/em><\/h2>\n\n\n\n<p class=\"wp-block-paragraph\">Dirigida por Mat\u00edas Benedetti y protagonizada por Daniel Rim\u00f3n y Nehu\u00e9n S\u00e1nchez, la obra se adentra en el amor, el deseo, la culpa y la violencia desde una mirada contempor\u00e1nea y con elementos de tragicomedia. En un espacio entre la vida y la muerte, los dos personajes reconstruyen su historia y se enfrentan a una pregunta que permanece abierta: \u00bfpor qu\u00e9 llegaron hasta ese final?<\/p>\n\n\n\n<p class=\"wp-block-paragraph\">El Teatro Lara presenta desde el pr\u00f3ximo 3 de septiembre en la Sala Lola Membrives <em>Leonardo y el Novio<\/em>, una propuesta que podr\u00eda definirse como una secuela espiritual de <em>Bodas de sangre<\/em>: una historia que comienza justo donde termin\u00f3 la tragedia de Federico Garc\u00eda Lorca para preguntarse qu\u00e9 ocurri\u00f3 despu\u00e9s.<\/p>\n\n\n\n<p class=\"wp-block-paragraph\">Leonardo y el Novio est\u00e1n muertos. Ambos mataron. Y, sin embargo, la historia no ha terminado. En un espacio suspendido entre la vida y la muerte, los dos personajes se encuentran condenados a reconstruir los acontecimientos que los llevaron a enfrentarse en aquel duelo fatal. Atrapados en una memoria fragmentada, revisitan escenas de <em>Bodas de sangre<\/em> para intentar comprender qu\u00e9 los condujo hasta all\u00ed y si fue el amor, el deseo o el destino lo que termin\u00f3 empuj\u00e1ndolos hacia la tragedia.<\/p>\n\n\n\n<h2 class=\"wp-block-heading has-text-align-center\">La direcci\u00f3n, idea original y dramaturgia son de Mat\u00edas Benedetti, mientras que el reparto est\u00e1 formado por Daniel Rim\u00f3n y Nehu\u00e9n S\u00e1nchez. La producci\u00f3n corre a cargo de Boston Producciones y Kume Producciones<\/h2>\n\n\n\n<p class=\"wp-block-paragraph\">Pero <em>Leonardo y el Novio <\/em>no busca \u00fanicamente reconstruir el pasado. La obra imagina qu\u00e9 sucede con los personajes cuando la \u00faltima p\u00e1gina ya est\u00e1 escrita, cuando el tel\u00f3n ha ca\u00eddo y ya no queda nada que interpretar. Desde ah\u00ed, la propuesta plantea una pregunta tan sencilla como imposible de responder: \u00bfqu\u00e9 hay despu\u00e9s del punto final? La compa\u00f1\u00eda parte de una premisa: los personajes teatrales est\u00e1n condenados a repetir sus historias una y otra vez. Esta obra pretende romper ese bucle y dar voz a dos personajes que, en el universo de Lorca, nunca tuvieron la oportunidad de explicar su propia versi\u00f3n de los hechos. El resultado es un viaje entre la memoria, la culpa y la posibilidad de encontrar la paz, donde la tragedia convive con el humor y la tensi\u00f3n.<\/p>\n\n\n\n<h2 class=\"wp-block-heading has-text-align-center\">Con una duraci\u00f3n aproximada de 65 minutos, Leonardo y el Novio podr\u00e1 verse en la Sala Lola Membrives del Teatro Lara todos los jueves a las 19:30 h, desde el 3 de septiembre<\/h2>\n\n\n\n<p class=\"wp-block-paragraph\">La puesta en escena apuesta por una est\u00e9tica on\u00edrica y decadente, como si el tiempo hubiera quedado detenido despu\u00e9s de aquella boda. Miles de hojas de <em>Bodas de sangre<\/em> cubren el espacio junto a una mesa, una tarta que nunca lleg\u00f3 a cortarse y los atuendos de quienes pelearon hasta la muerte. Los restos de la celebraci\u00f3n se convierten as\u00ed en el escenario de un \u00faltimo encuentro entre dos hombres que buscan entender su propia historia para poder, finalmente, soltarla.<\/p>\n","protected":false},"excerpt":{"rendered":"<p>La Sala Lola Membrives del Teatro Lara acoge desde el 3 de septiembre esta nueva propuesta que recupera<\/p>\n","protected":false},"author":1,"featured_media":22851,"comment_status":"open","ping_status":"open","sticky":false,"template":"","format":"standard","meta":{"footnotes":""},"categories":[61],"tags":[124],"class_list":["post-22848","post","type-post","status-publish","format-standard","has-post-thumbnail","hentry","category-teatro","tag-teatro"],"yoast_head":"<!-- This site is optimized with the Yoast SEO plugin v28.4 - https:\/\/yoast.com\/product\/yoast-seo-wordpress\/ -->\n<title>Leonardo y el Novio - REVISTA CULTURAL<\/title>\n<meta name=\"robots\" content=\"index, follow, max-snippet:-1, max-image-preview:large, max-video-preview:-1\" \/>\n<link rel=\"canonical\" href=\"https:\/\/revistaliterariaelgatonegro.com\/?p=22848\" \/>\n<meta property=\"og:locale\" content=\"es_ES\" \/>\n<meta property=\"og:type\" content=\"article\" \/>\n<meta property=\"og:title\" content=\"Leonardo y el Novio - REVISTA CULTURAL\" \/>\n<meta property=\"og:description\" content=\"La Sala Lola Membrives del Teatro Lara acoge desde el 3 de septiembre esta nueva propuesta que recupera\" \/>\n<meta property=\"og:url\" content=\"https:\/\/revistaliterariaelgatonegro.com\/?p=22848\" \/>\n<meta property=\"og:site_name\" content=\"REVISTA CULTURAL\" \/>\n<meta property=\"article:published_time\" content=\"2026-09-01T12:14:47+00:00\" \/>\n<meta property=\"article:modified_time\" content=\"2026-09-01T12:14:51+00:00\" \/>\n<meta property=\"og:image\" content=\"https:\/\/revistaliterariaelgatonegro.com\/wp-content\/uploads\/2026\/09\/leonardo-y-el-novio-scaled.jpg\" \/>\n\t<meta property=\"og:image:width\" content=\"2560\" \/>\n\t<meta property=\"og:image:height\" content=\"1280\" \/>\n\t<meta property=\"og:image:type\" content=\"image\/jpeg\" \/>\n<meta name=\"author\" content=\"administrador\" \/>\n<meta name=\"twitter:card\" content=\"summary_large_image\" \/>\n<meta name=\"twitter:label1\" content=\"Escrito por\" \/>\n\t<meta name=\"twitter:data1\" content=\"\" \/>\n\t<meta name=\"twitter:label2\" content=\"Tiempo de lectura\" \/>\n\t<meta name=\"twitter:data2\" content=\"3 minutos\" \/>\n<script type=\"application\/ld+json\" class=\"yoast-schema-graph\">{\"@context\":\"https:\\\/\\\/schema.org\",\"@graph\":[{\"@type\":\"Article\",\"@id\":\"https:\\\/\\\/revistaliterariaelgatonegro.com\\\/?p=22848#article\",\"isPartOf\":{\"@id\":\"https:\\\/\\\/revistaliterariaelgatonegro.com\\\/?p=22848\"},\"author\":{\"name\":\"administrador\",\"@id\":\"https:\\\/\\\/revistaliterariaelgatonegro.com\\\/#\\\/schema\\\/person\\\/6a37dd51e0f101e394e91c123fd12e8a\"},\"headline\":\"Leonardo y el Novio\",\"datePublished\":\"2026-09-01T12:14:47+00:00\",\"dateModified\":\"2026-09-01T12:14:51+00:00\",\"mainEntityOfPage\":{\"@id\":\"https:\\\/\\\/revistaliterariaelgatonegro.com\\\/?p=22848\"},\"wordCount\":545,\"commentCount\":0,\"publisher\":{\"@id\":\"https:\\\/\\\/revistaliterariaelgatonegro.com\\\/#\\\/schema\\\/person\\\/6a37dd51e0f101e394e91c123fd12e8a\"},\"image\":{\"@id\":\"https:\\\/\\\/revistaliterariaelgatonegro.com\\\/?p=22848#primaryimage\"},\"thumbnailUrl\":\"https:\\\/\\\/revistaliterariaelgatonegro.com\\\/wp-content\\\/uploads\\\/2026\\\/09\\\/leonardo-y-el-novio-scaled.jpg\",\"keywords\":[\"Teatro\"],\"articleSection\":[\"Teatro\"],\"inLanguage\":\"es\",\"potentialAction\":[{\"@type\":\"CommentAction\",\"name\":\"Comment\",\"target\":[\"https:\\\/\\\/revistaliterariaelgatonegro.com\\\/?p=22848#respond\"]}]},{\"@type\":\"WebPage\",\"@id\":\"https:\\\/\\\/revistaliterariaelgatonegro.com\\\/?p=22848\",\"url\":\"https:\\\/\\\/revistaliterariaelgatonegro.com\\\/?p=22848\",\"name\":\"Leonardo y el Novio - REVISTA CULTURAL\",\"isPartOf\":{\"@id\":\"https:\\\/\\\/revistaliterariaelgatonegro.com\\\/#website\"},\"primaryImageOfPage\":{\"@id\":\"https:\\\/\\\/revistaliterariaelgatonegro.com\\\/?p=22848#primaryimage\"},\"image\":{\"@id\":\"https:\\\/\\\/revistaliterariaelgatonegro.com\\\/?p=22848#primaryimage\"},\"thumbnailUrl\":\"https:\\\/\\\/revistaliterariaelgatonegro.com\\\/wp-content\\\/uploads\\\/2026\\\/09\\\/leonardo-y-el-novio-scaled.jpg\",\"datePublished\":\"2026-09-01T12:14:47+00:00\",\"dateModified\":\"2026-09-01T12:14:51+00:00\",\"breadcrumb\":{\"@id\":\"https:\\\/\\\/revistaliterariaelgatonegro.com\\\/?p=22848#breadcrumb\"},\"inLanguage\":\"es\",\"potentialAction\":[{\"@type\":\"ReadAction\",\"target\":[\"https:\\\/\\\/revistaliterariaelgatonegro.com\\\/?p=22848\"]}]},{\"@type\":\"ImageObject\",\"inLanguage\":\"es\",\"@id\":\"https:\\\/\\\/revistaliterariaelgatonegro.com\\\/?p=22848#primaryimage\",\"url\":\"https:\\\/\\\/revistaliterariaelgatonegro.com\\\/wp-content\\\/uploads\\\/2026\\\/09\\\/leonardo-y-el-novio-scaled.jpg\",\"contentUrl\":\"https:\\\/\\\/revistaliterariaelgatonegro.com\\\/wp-content\\\/uploads\\\/2026\\\/09\\\/leonardo-y-el-novio-scaled.jpg\",\"width\":2560,\"height\":1280},{\"@type\":\"BreadcrumbList\",\"@id\":\"https:\\\/\\\/revistaliterariaelgatonegro.com\\\/?p=22848#breadcrumb\",\"itemListElement\":[{\"@type\":\"ListItem\",\"position\":1,\"name\":\"Portada\",\"item\":\"https:\\\/\\\/revistaliterariaelgatonegro.com\\\/\"},{\"@type\":\"ListItem\",\"position\":2,\"name\":\"Leonardo y el Novio\"}]},{\"@type\":\"WebSite\",\"@id\":\"https:\\\/\\\/revistaliterariaelgatonegro.com\\\/#website\",\"url\":\"https:\\\/\\\/revistaliterariaelgatonegro.com\\\/\",\"name\":\"REVISTA CULTURAL\",\"description\":\" Un nuevo espacio para la divulgaci\u00f3n literaria, as\u00ed como dem\u00e1s artes \",\"publisher\":{\"@id\":\"https:\\\/\\\/revistaliterariaelgatonegro.com\\\/#\\\/schema\\\/person\\\/6a37dd51e0f101e394e91c123fd12e8a\"},\"potentialAction\":[{\"@type\":\"SearchAction\",\"target\":{\"@type\":\"EntryPoint\",\"urlTemplate\":\"https:\\\/\\\/revistaliterariaelgatonegro.com\\\/?s={search_term_string}\"},\"query-input\":{\"@type\":\"PropertyValueSpecification\",\"valueRequired\":true,\"valueName\":\"search_term_string\"}}],\"inLanguage\":\"es\"},{\"@type\":[\"Person\",\"Organization\"],\"@id\":\"https:\\\/\\\/revistaliterariaelgatonegro.com\\\/#\\\/schema\\\/person\\\/6a37dd51e0f101e394e91c123fd12e8a\",\"name\":\"administrador\",\"image\":{\"@type\":\"ImageObject\",\"inLanguage\":\"es\",\"@id\":\"https:\\\/\\\/revistaliterariaelgatonegro.com\\\/wp-content\\\/uploads\\\/2025\\\/12\\\/cropped-Logotipo-Logo-Marca-personal-Pastel-Amarillo-12-Photoroom.png\",\"url\":\"https:\\\/\\\/revistaliterariaelgatonegro.com\\\/wp-content\\\/uploads\\\/2025\\\/12\\\/cropped-Logotipo-Logo-Marca-personal-Pastel-Amarillo-12-Photoroom.png\",\"contentUrl\":\"https:\\\/\\\/revistaliterariaelgatonegro.com\\\/wp-content\\\/uploads\\\/2025\\\/12\\\/cropped-Logotipo-Logo-Marca-personal-Pastel-Amarillo-12-Photoroom.png\",\"width\":364,\"height\":212,\"caption\":\"administrador\"},\"logo\":{\"@id\":\"https:\\\/\\\/revistaliterariaelgatonegro.com\\\/wp-content\\\/uploads\\\/2025\\\/12\\\/cropped-Logotipo-Logo-Marca-personal-Pastel-Amarillo-12-Photoroom.png\"},\"sameAs\":[\"http:\\\/\\\/s864831950.mialojamiento.es\"]}]}<\/script>\n<!-- \/ Yoast SEO plugin. -->","yoast_head_json":{"title":"Leonardo y el Novio - REVISTA CULTURAL","robots":{"index":"index","follow":"follow","max-snippet":"max-snippet:-1","max-image-preview":"max-image-preview:large","max-video-preview":"max-video-preview:-1"},"canonical":"https:\/\/revistaliterariaelgatonegro.com\/?p=22848","og_locale":"es_ES","og_type":"article","og_title":"Leonardo y el Novio - REVISTA CULTURAL","og_description":"La Sala Lola Membrives del Teatro Lara acoge desde el 3 de septiembre esta nueva propuesta que recupera","og_url":"https:\/\/revistaliterariaelgatonegro.com\/?p=22848","og_site_name":"REVISTA CULTURAL","article_published_time":"2026-09-01T12:14:47+00:00","article_modified_time":"2026-09-01T12:14:51+00:00","og_image":[{"width":2560,"height":1280,"url":"https:\/\/revistaliterariaelgatonegro.com\/wp-content\/uploads\/2026\/09\/leonardo-y-el-novio-scaled.jpg","type":"image\/jpeg"}],"author":"administrador","twitter_card":"summary_large_image","twitter_misc":{"Escrito por":false,"Tiempo de lectura":"3 minutos"},"schema":{"@context":"https:\/\/schema.org","@graph":[{"@type":"Article","@id":"https:\/\/revistaliterariaelgatonegro.com\/?p=22848#article","isPartOf":{"@id":"https:\/\/revistaliterariaelgatonegro.com\/?p=22848"},"author":{"name":"administrador","@id":"https:\/\/revistaliterariaelgatonegro.com\/#\/schema\/person\/6a37dd51e0f101e394e91c123fd12e8a"},"headline":"Leonardo y el Novio","datePublished":"2026-09-01T12:14:47+00:00","dateModified":"2026-09-01T12:14:51+00:00","mainEntityOfPage":{"@id":"https:\/\/revistaliterariaelgatonegro.com\/?p=22848"},"wordCount":545,"commentCount":0,"publisher":{"@id":"https:\/\/revistaliterariaelgatonegro.com\/#\/schema\/person\/6a37dd51e0f101e394e91c123fd12e8a"},"image":{"@id":"https:\/\/revistaliterariaelgatonegro.com\/?p=22848#primaryimage"},"thumbnailUrl":"https:\/\/revistaliterariaelgatonegro.com\/wp-content\/uploads\/2026\/09\/leonardo-y-el-novio-scaled.jpg","keywords":["Teatro"],"articleSection":["Teatro"],"inLanguage":"es","potentialAction":[{"@type":"CommentAction","name":"Comment","target":["https:\/\/revistaliterariaelgatonegro.com\/?p=22848#respond"]}]},{"@type":"WebPage","@id":"https:\/\/revistaliterariaelgatonegro.com\/?p=22848","url":"https:\/\/revistaliterariaelgatonegro.com\/?p=22848","name":"Leonardo y el Novio - REVISTA CULTURAL","isPartOf":{"@id":"https:\/\/revistaliterariaelgatonegro.com\/#website"},"primaryImageOfPage":{"@id":"https:\/\/revistaliterariaelgatonegro.com\/?p=22848#primaryimage"},"image":{"@id":"https:\/\/revistaliterariaelgatonegro.com\/?p=22848#primaryimage"},"thumbnailUrl":"https:\/\/revistaliterariaelgatonegro.com\/wp-content\/uploads\/2026\/09\/leonardo-y-el-novio-scaled.jpg","datePublished":"2026-09-01T12:14:47+00:00","dateModified":"2026-09-01T12:14:51+00:00","breadcrumb":{"@id":"https:\/\/revistaliterariaelgatonegro.com\/?p=22848#breadcrumb"},"inLanguage":"es","potentialAction":[{"@type":"ReadAction","target":["https:\/\/revistaliterariaelgatonegro.com\/?p=22848"]}]},{"@type":"ImageObject","inLanguage":"es","@id":"https:\/\/revistaliterariaelgatonegro.com\/?p=22848#primaryimage","url":"https:\/\/revistaliterariaelgatonegro.com\/wp-content\/uploads\/2026\/09\/leonardo-y-el-novio-scaled.jpg","contentUrl":"https:\/\/revistaliterariaelgatonegro.com\/wp-content\/uploads\/2026\/09\/leonardo-y-el-novio-scaled.jpg","width":2560,"height":1280},{"@type":"BreadcrumbList","@id":"https:\/\/revistaliterariaelgatonegro.com\/?p=22848#breadcrumb","itemListElement":[{"@type":"ListItem","position":1,"name":"Portada","item":"https:\/\/revistaliterariaelgatonegro.com\/"},{"@type":"ListItem","position":2,"name":"Leonardo y el Novio"}]},{"@type":"WebSite","@id":"https:\/\/revistaliterariaelgatonegro.com\/#website","url":"https:\/\/revistaliterariaelgatonegro.com\/","name":"REVISTA CULTURAL","description":" Un nuevo espacio para la divulgaci\u00f3n literaria, as\u00ed como dem\u00e1s artes ","publisher":{"@id":"https:\/\/revistaliterariaelgatonegro.com\/#\/schema\/person\/6a37dd51e0f101e394e91c123fd12e8a"},"potentialAction":[{"@type":"SearchAction","target":{"@type":"EntryPoint","urlTemplate":"https:\/\/revistaliterariaelgatonegro.com\/?s={search_term_string}"},"query-input":{"@type":"PropertyValueSpecification","valueRequired":true,"valueName":"search_term_string"}}],"inLanguage":"es"},{"@type":["Person","Organization"],"@id":"https:\/\/revistaliterariaelgatonegro.com\/#\/schema\/person\/6a37dd51e0f101e394e91c123fd12e8a","name":"administrador","image":{"@type":"ImageObject","inLanguage":"es","@id":"https:\/\/revistaliterariaelgatonegro.com\/wp-content\/uploads\/2025\/12\/cropped-Logotipo-Logo-Marca-personal-Pastel-Amarillo-12-Photoroom.png","url":"https:\/\/revistaliterariaelgatonegro.com\/wp-content\/uploads\/2025\/12\/cropped-Logotipo-Logo-Marca-personal-Pastel-Amarillo-12-Photoroom.png","contentUrl":"https:\/\/revistaliterariaelgatonegro.com\/wp-content\/uploads\/2025\/12\/cropped-Logotipo-Logo-Marca-personal-Pastel-Amarillo-12-Photoroom.png","width":364,"height":212,"caption":"administrador"},"logo":{"@id":"https:\/\/revistaliterariaelgatonegro.com\/wp-content\/uploads\/2025\/12\/cropped-Logotipo-Logo-Marca-personal-Pastel-Amarillo-12-Photoroom.png"},"sameAs":["http:\/\/s864831950.mialojamiento.es"]}]}},"featured_image_urls":{"full":["https:\/\/revistaliterariaelgatonegro.com\/wp-content\/uploads\/2026\/09\/leonardo-y-el-novio-scaled.jpg",2560,1280,false],"thumbnail":["https:\/\/revistaliterariaelgatonegro.com\/wp-content\/uploads\/2026\/09\/leonardo-y-el-novio-150x150.jpg",150,150,true],"medium":["https:\/\/revistaliterariaelgatonegro.com\/wp-content\/uploads\/2026\/09\/leonardo-y-el-novio-300x150.jpg",300,150,true],"medium_large":["https:\/\/revistaliterariaelgatonegro.com\/wp-content\/uploads\/2026\/09\/leonardo-y-el-novio-768x384.jpg",640,320,true],"large":["https:\/\/revistaliterariaelgatonegro.com\/wp-content\/uploads\/2026\/09\/leonardo-y-el-novio-700x350.jpg",640,320,true],"1536x1536":["https:\/\/revistaliterariaelgatonegro.com\/wp-content\/uploads\/2026\/09\/leonardo-y-el-novio-1536x768.jpg",1536,768,true],"2048x2048":["https:\/\/revistaliterariaelgatonegro.com\/wp-content\/uploads\/2026\/09\/leonardo-y-el-novio-2048x1024.jpg",2048,1024,true],"morenews-large":["https:\/\/revistaliterariaelgatonegro.com\/wp-content\/uploads\/2026\/09\/leonardo-y-el-novio-825x575.jpg",825,575,true],"morenews-medium":["https:\/\/revistaliterariaelgatonegro.com\/wp-content\/uploads\/2026\/09\/leonardo-y-el-novio-590x410.jpg",590,410,true],"woocommerce_thumbnail":["https:\/\/revistaliterariaelgatonegro.com\/wp-content\/uploads\/2026\/09\/leonardo-y-el-novio-300x150.jpg",300,150,true],"woocommerce_single":["https:\/\/revistaliterariaelgatonegro.com\/wp-content\/uploads\/2026\/09\/leonardo-y-el-novio-300x150.jpg",300,150,true],"woocommerce_gallery_thumbnail":["https:\/\/revistaliterariaelgatonegro.com\/wp-content\/uploads\/2026\/09\/leonardo-y-el-novio-100x100.jpg",100,100,true],"dgwt-wcas-product-suggestion":["https:\/\/revistaliterariaelgatonegro.com\/wp-content\/uploads\/2026\/09\/leonardo-y-el-novio-64x32.jpg",64,32,true]},"author_info":{"display_name":false,"author_link":"https:\/\/revistaliterariaelgatonegro.com\/?author=1"},"category_info":"<a href=\"https:\/\/revistaliterariaelgatonegro.com\/?cat=61\" rel=\"category\">Teatro<\/a>","tag_info":"Teatro","comment_count":"0","_links":{"self":[{"href":"https:\/\/revistaliterariaelgatonegro.com\/index.php?rest_route=\/wp\/v2\/posts\/22848","targetHints":{"allow":["GET"]}}],"collection":[{"href":"https:\/\/revistaliterariaelgatonegro.com\/index.php?rest_route=\/wp\/v2\/posts"}],"about":[{"href":"https:\/\/revistaliterariaelgatonegro.com\/index.php?rest_route=\/wp\/v2\/types\/post"}],"author":[{"embeddable":true,"href":"https:\/\/revistaliterariaelgatonegro.com\/index.php?rest_route=\/wp\/v2\/users\/1"}],"replies":[{"embeddable":true,"href":"https:\/\/revistaliterariaelgatonegro.com\/index.php?rest_route=%2Fwp%2Fv2%2Fcomments&post=22848"}],"version-history":[{"count":2,"href":"https:\/\/revistaliterariaelgatonegro.com\/index.php?rest_route=\/wp\/v2\/posts\/22848\/revisions"}],"predecessor-version":[{"id":22852,"href":"https:\/\/revistaliterariaelgatonegro.com\/index.php?rest_route=\/wp\/v2\/posts\/22848\/revisions\/22852"}],"wp:featuredmedia":[{"embeddable":true,"href":"https:\/\/revistaliterariaelgatonegro.com\/index.php?rest_route=\/wp\/v2\/media\/22851"}],"wp:attachment":[{"href":"https:\/\/revistaliterariaelgatonegro.com\/index.php?rest_route=%2Fwp%2Fv2%2Fmedia&parent=22848"}],"wp:term":[{"taxonomy":"category","embeddable":true,"href":"https:\/\/revistaliterariaelgatonegro.com\/index.php?rest_route=%2Fwp%2Fv2%2Fcategories&post=22848"},{"taxonomy":"post_tag","embeddable":true,"href":"https:\/\/revistaliterariaelgatonegro.com\/index.php?rest_route=%2Fwp%2Fv2%2Ftags&post=22848"}],"curies":[{"name":"wp","href":"https:\/\/api.w.org\/{rel}","templated":true}]}}