{"id":22533,"date":"2026-04-30T08:30:00","date_gmt":"2026-04-30T08:30:00","guid":{"rendered":"https:\/\/revistaliterariaelgatonegro.com\/?p=22533"},"modified":"2026-04-27T14:03:22","modified_gmt":"2026-04-27T14:03:22","slug":"programacion-mayo-2026-sala-tarambana","status":"publish","type":"post","link":"https:\/\/revistaliterariaelgatonegro.com\/?p=22533","title":{"rendered":"Programaci\u00f3n mayo 2026 Sala Tarambana"},"content":{"rendered":"\n<h2 class=\"wp-block-heading has-text-align-center\">Mayo viene cargado de novedades y propuestas en Sala Tarambana<\/h2>\n\n\n\n<p> Del 21 al 31\u00a0de mayo\u00a0regresa una nueva edici\u00f3n del\u00a0<strong>Festival VISIBLES\u00a0[arte inclusivo], <\/strong>un festival que naci\u00f3 para poner el foco en las dificultades que muchos colectivos (personas con discapacidad, mayores, en riesgo de exclusi\u00f3n social, con enfermedades mentales, que sufren maltrato, personas LGTBIQ+) tienen para desarrollarse en el d\u00eda a d\u00eda, poder enmarcar el teatro inclusivo en una ciudad con tanta oferta cultural como es Madrid y dar a conocer la INCLUSI\u00d3N a trav\u00e9s de las Artes Esc\u00e9nicas. Una nueva edici\u00f3n que Sala Tarambana sigue organizando y que seguir\u00e1 contando con varios espacios esc\u00e9nicos de Macomad (Coordinadora madrile\u00f1a de salas alternativas) y de la Red de Teatros Alternativos. Os invitamos a descubrir toda su programaci\u00f3n en el siguiente enlace.\u00a0<\/p>\n\n\n\n<p>En mayo regresa uno de los festivales m\u00e1s ic\u00f3nicos de Sala Tarambana, llega la\u00a0<strong>14\u00a0edici\u00f3n de Musicuentos, Festival Infantil de cuentos musicales y teatrales\u00a0del 9\u00a0de mayo al 7\u00a0de junio.<\/strong><br>Los cuentos han formado parte de nuestras vidas desde la m\u00e1s tierna infancia, nos han permitido volar por mundos m\u00e1gicos, protagonizar aventuras portentosas, emocionarnos\u2026 Y lo m\u00e1s importante de todo: se utilizan generaci\u00f3n tras generaci\u00f3n para transmitir la sabidur\u00eda y cultura vivas de los pueblos.<br>En el presente proyecto queremos destacar todo el abanico de posibilidades educativas que los cuentos infantiles ponen a nuestra disposici\u00f3n, sobre todo cuando van de la mano de una fiel aliada: La M\u00fasica.<br>Y si el cuento lo presentamos mediante una combinaci\u00f3n de todas estas artes (la m\u00fasica, la danza, la interpretaci\u00f3n, la escenograf\u00eda, el vestuario, el maquillaje), qu\u00e9 divertida y original podr\u00eda convertirse la historia, contada desde la perspectiva del humor, de los detalles; un relato sencillo, cercano y nuestro. Enrevesados laberintos de ficci\u00f3n, suspense, magia y sorpresas.<\/p>\n\n\n\n<p><strong>Tres ser\u00e1n las propuestas que formar\u00e1n parte de la programaci\u00f3n<\/strong>\u00a0de esta edici\u00f3n. La compa\u00f1\u00eda\u00a0<strong>Improxpresi\u00f3n (Toledo)<\/strong>, la compa\u00f1\u00eda\u00a0<strong>Le Mandarinier\u00a0(Francia)<\/strong>,\u00a0y\u00a0<strong>Estudio Enfocados (Madrid)<\/strong>\u00a0ser\u00e1n las compa\u00f1\u00edas encargadas de hacernos disfrutar con sus espect\u00e1culos de cuentos y m\u00fasica.<\/p>\n\n\n\n<p>Adem\u00e1s de estos dos festivales, en la sala tambi\u00e9n podremos ver cuatro\u00a0propuestas\u00a0dentro su programaci\u00f3n para adultos:\u00a0<strong><em>4200 Km.<\/em><\/strong>, de Teatro de lo Inestable (Valencia);\u00a0<strong><em>No eres nadie hasta que te disparan<\/em><\/strong>, de Rafael Soler (Madrid);\u00a0<strong><em>Juicio a una zorra<\/em><\/strong>, de Fussion Teatro (Sevilla); y la exitosa\u00a0<strong><em>La escuela perdida<\/em><\/strong>\u00a0de la compa\u00f1\u00eda Solo es nuestro deseo (Madrid).<\/p>\n\n\n\n<p><\/p>\n","protected":false},"excerpt":{"rendered":"<p>Mayo viene cargado de novedades y propuestas en Sala Tarambana Del 21 al 31\u00a0de mayo\u00a0regresa una nueva edici\u00f3n<\/p>\n","protected":false},"author":1,"featured_media":22538,"comment_status":"open","ping_status":"open","sticky":false,"template":"","format":"standard","meta":{"footnotes":""},"categories":[61],"tags":[124],"class_list":["post-22533","post","type-post","status-publish","format-standard","has-post-thumbnail","hentry","category-teatro","tag-teatro"],"yoast_head":"<!-- This site is optimized with the Yoast SEO plugin v27.5 - https:\/\/yoast.com\/product\/yoast-seo-wordpress\/ -->\n<title>Programaci\u00f3n mayo 2026 Sala Tarambana - REVISTA CULTURAL<\/title>\n<meta name=\"robots\" content=\"index, follow, max-snippet:-1, max-image-preview:large, max-video-preview:-1\" \/>\n<link rel=\"canonical\" href=\"https:\/\/revistaliterariaelgatonegro.com\/?p=22533\" \/>\n<meta property=\"og:locale\" content=\"es_ES\" \/>\n<meta property=\"og:type\" content=\"article\" \/>\n<meta property=\"og:title\" content=\"Programaci\u00f3n mayo 2026 Sala Tarambana - REVISTA CULTURAL\" \/>\n<meta property=\"og:description\" content=\"Mayo viene cargado de novedades y propuestas en Sala Tarambana Del 21 al 31\u00a0de mayo\u00a0regresa una nueva edici\u00f3n\" \/>\n<meta property=\"og:url\" content=\"https:\/\/revistaliterariaelgatonegro.com\/?p=22533\" \/>\n<meta property=\"og:site_name\" content=\"REVISTA CULTURAL\" \/>\n<meta property=\"article:published_time\" content=\"2026-04-30T08:30:00+00:00\" \/>\n<meta property=\"og:image\" content=\"https:\/\/revistaliterariaelgatonegro.com\/wp-content\/uploads\/2026\/04\/programacion-mayo-sala-tarambana-scaled.jpg\" \/>\n\t<meta property=\"og:image:width\" content=\"2560\" \/>\n\t<meta property=\"og:image:height\" content=\"1280\" \/>\n\t<meta property=\"og:image:type\" content=\"image\/jpeg\" \/>\n<meta name=\"author\" content=\"administrador\" \/>\n<meta name=\"twitter:card\" content=\"summary_large_image\" \/>\n<meta name=\"twitter:label1\" content=\"Escrito por\" \/>\n\t<meta name=\"twitter:data1\" content=\"\" \/>\n\t<meta name=\"twitter:label2\" content=\"Tiempo de lectura\" \/>\n\t<meta name=\"twitter:data2\" content=\"3 minutos\" \/>\n<script type=\"application\/ld+json\" class=\"yoast-schema-graph\">{\"@context\":\"https:\\\/\\\/schema.org\",\"@graph\":[{\"@type\":\"Article\",\"@id\":\"https:\\\/\\\/revistaliterariaelgatonegro.com\\\/?p=22533#article\",\"isPartOf\":{\"@id\":\"https:\\\/\\\/revistaliterariaelgatonegro.com\\\/?p=22533\"},\"author\":{\"name\":\"administrador\",\"@id\":\"https:\\\/\\\/revistaliterariaelgatonegro.com\\\/#\\\/schema\\\/person\\\/6a37dd51e0f101e394e91c123fd12e8a\"},\"headline\":\"Programaci\u00f3n mayo 2026 Sala Tarambana\",\"datePublished\":\"2026-04-30T08:30:00+00:00\",\"mainEntityOfPage\":{\"@id\":\"https:\\\/\\\/revistaliterariaelgatonegro.com\\\/?p=22533\"},\"wordCount\":440,\"commentCount\":0,\"publisher\":{\"@id\":\"https:\\\/\\\/revistaliterariaelgatonegro.com\\\/#\\\/schema\\\/person\\\/6a37dd51e0f101e394e91c123fd12e8a\"},\"image\":{\"@id\":\"https:\\\/\\\/revistaliterariaelgatonegro.com\\\/?p=22533#primaryimage\"},\"thumbnailUrl\":\"https:\\\/\\\/revistaliterariaelgatonegro.com\\\/wp-content\\\/uploads\\\/2026\\\/04\\\/programacion-mayo-sala-tarambana-scaled.jpg\",\"keywords\":[\"Teatro\"],\"articleSection\":[\"Teatro\"],\"inLanguage\":\"es\",\"potentialAction\":[{\"@type\":\"CommentAction\",\"name\":\"Comment\",\"target\":[\"https:\\\/\\\/revistaliterariaelgatonegro.com\\\/?p=22533#respond\"]}]},{\"@type\":\"WebPage\",\"@id\":\"https:\\\/\\\/revistaliterariaelgatonegro.com\\\/?p=22533\",\"url\":\"https:\\\/\\\/revistaliterariaelgatonegro.com\\\/?p=22533\",\"name\":\"Programaci\u00f3n mayo 2026 Sala Tarambana - REVISTA CULTURAL\",\"isPartOf\":{\"@id\":\"https:\\\/\\\/revistaliterariaelgatonegro.com\\\/#website\"},\"primaryImageOfPage\":{\"@id\":\"https:\\\/\\\/revistaliterariaelgatonegro.com\\\/?p=22533#primaryimage\"},\"image\":{\"@id\":\"https:\\\/\\\/revistaliterariaelgatonegro.com\\\/?p=22533#primaryimage\"},\"thumbnailUrl\":\"https:\\\/\\\/revistaliterariaelgatonegro.com\\\/wp-content\\\/uploads\\\/2026\\\/04\\\/programacion-mayo-sala-tarambana-scaled.jpg\",\"datePublished\":\"2026-04-30T08:30:00+00:00\",\"breadcrumb\":{\"@id\":\"https:\\\/\\\/revistaliterariaelgatonegro.com\\\/?p=22533#breadcrumb\"},\"inLanguage\":\"es\",\"potentialAction\":[{\"@type\":\"ReadAction\",\"target\":[\"https:\\\/\\\/revistaliterariaelgatonegro.com\\\/?p=22533\"]}]},{\"@type\":\"ImageObject\",\"inLanguage\":\"es\",\"@id\":\"https:\\\/\\\/revistaliterariaelgatonegro.com\\\/?p=22533#primaryimage\",\"url\":\"https:\\\/\\\/revistaliterariaelgatonegro.com\\\/wp-content\\\/uploads\\\/2026\\\/04\\\/programacion-mayo-sala-tarambana-scaled.jpg\",\"contentUrl\":\"https:\\\/\\\/revistaliterariaelgatonegro.com\\\/wp-content\\\/uploads\\\/2026\\\/04\\\/programacion-mayo-sala-tarambana-scaled.jpg\",\"width\":2560,\"height\":1280},{\"@type\":\"BreadcrumbList\",\"@id\":\"https:\\\/\\\/revistaliterariaelgatonegro.com\\\/?p=22533#breadcrumb\",\"itemListElement\":[{\"@type\":\"ListItem\",\"position\":1,\"name\":\"Portada\",\"item\":\"https:\\\/\\\/revistaliterariaelgatonegro.com\\\/\"},{\"@type\":\"ListItem\",\"position\":2,\"name\":\"Programaci\u00f3n mayo 2026 Sala Tarambana\"}]},{\"@type\":\"WebSite\",\"@id\":\"https:\\\/\\\/revistaliterariaelgatonegro.com\\\/#website\",\"url\":\"https:\\\/\\\/revistaliterariaelgatonegro.com\\\/\",\"name\":\"REVISTA CULTURAL\",\"description\":\" Un nuevo espacio para la divulgaci\u00f3n literaria, as\u00ed como dem\u00e1s artes \",\"publisher\":{\"@id\":\"https:\\\/\\\/revistaliterariaelgatonegro.com\\\/#\\\/schema\\\/person\\\/6a37dd51e0f101e394e91c123fd12e8a\"},\"potentialAction\":[{\"@type\":\"SearchAction\",\"target\":{\"@type\":\"EntryPoint\",\"urlTemplate\":\"https:\\\/\\\/revistaliterariaelgatonegro.com\\\/?s={search_term_string}\"},\"query-input\":{\"@type\":\"PropertyValueSpecification\",\"valueRequired\":true,\"valueName\":\"search_term_string\"}}],\"inLanguage\":\"es\"},{\"@type\":[\"Person\",\"Organization\"],\"@id\":\"https:\\\/\\\/revistaliterariaelgatonegro.com\\\/#\\\/schema\\\/person\\\/6a37dd51e0f101e394e91c123fd12e8a\",\"name\":\"administrador\",\"image\":{\"@type\":\"ImageObject\",\"inLanguage\":\"es\",\"@id\":\"https:\\\/\\\/revistaliterariaelgatonegro.com\\\/wp-content\\\/uploads\\\/2025\\\/12\\\/cropped-Logotipo-Logo-Marca-personal-Pastel-Amarillo-12-Photoroom.png\",\"url\":\"https:\\\/\\\/revistaliterariaelgatonegro.com\\\/wp-content\\\/uploads\\\/2025\\\/12\\\/cropped-Logotipo-Logo-Marca-personal-Pastel-Amarillo-12-Photoroom.png\",\"contentUrl\":\"https:\\\/\\\/revistaliterariaelgatonegro.com\\\/wp-content\\\/uploads\\\/2025\\\/12\\\/cropped-Logotipo-Logo-Marca-personal-Pastel-Amarillo-12-Photoroom.png\",\"width\":364,\"height\":212,\"caption\":\"administrador\"},\"logo\":{\"@id\":\"https:\\\/\\\/revistaliterariaelgatonegro.com\\\/wp-content\\\/uploads\\\/2025\\\/12\\\/cropped-Logotipo-Logo-Marca-personal-Pastel-Amarillo-12-Photoroom.png\"},\"sameAs\":[\"http:\\\/\\\/s864831950.mialojamiento.es\"]}]}<\/script>\n<!-- \/ Yoast SEO plugin. -->","yoast_head_json":{"title":"Programaci\u00f3n mayo 2026 Sala Tarambana - REVISTA CULTURAL","robots":{"index":"index","follow":"follow","max-snippet":"max-snippet:-1","max-image-preview":"max-image-preview:large","max-video-preview":"max-video-preview:-1"},"canonical":"https:\/\/revistaliterariaelgatonegro.com\/?p=22533","og_locale":"es_ES","og_type":"article","og_title":"Programaci\u00f3n mayo 2026 Sala Tarambana - REVISTA CULTURAL","og_description":"Mayo viene cargado de novedades y propuestas en Sala Tarambana Del 21 al 31\u00a0de mayo\u00a0regresa una nueva edici\u00f3n","og_url":"https:\/\/revistaliterariaelgatonegro.com\/?p=22533","og_site_name":"REVISTA CULTURAL","article_published_time":"2026-04-30T08:30:00+00:00","og_image":[{"width":2560,"height":1280,"url":"https:\/\/revistaliterariaelgatonegro.com\/wp-content\/uploads\/2026\/04\/programacion-mayo-sala-tarambana-scaled.jpg","type":"image\/jpeg"}],"author":"administrador","twitter_card":"summary_large_image","twitter_misc":{"Escrito por":false,"Tiempo de lectura":"3 minutos"},"schema":{"@context":"https:\/\/schema.org","@graph":[{"@type":"Article","@id":"https:\/\/revistaliterariaelgatonegro.com\/?p=22533#article","isPartOf":{"@id":"https:\/\/revistaliterariaelgatonegro.com\/?p=22533"},"author":{"name":"administrador","@id":"https:\/\/revistaliterariaelgatonegro.com\/#\/schema\/person\/6a37dd51e0f101e394e91c123fd12e8a"},"headline":"Programaci\u00f3n mayo 2026 Sala Tarambana","datePublished":"2026-04-30T08:30:00+00:00","mainEntityOfPage":{"@id":"https:\/\/revistaliterariaelgatonegro.com\/?p=22533"},"wordCount":440,"commentCount":0,"publisher":{"@id":"https:\/\/revistaliterariaelgatonegro.com\/#\/schema\/person\/6a37dd51e0f101e394e91c123fd12e8a"},"image":{"@id":"https:\/\/revistaliterariaelgatonegro.com\/?p=22533#primaryimage"},"thumbnailUrl":"https:\/\/revistaliterariaelgatonegro.com\/wp-content\/uploads\/2026\/04\/programacion-mayo-sala-tarambana-scaled.jpg","keywords":["Teatro"],"articleSection":["Teatro"],"inLanguage":"es","potentialAction":[{"@type":"CommentAction","name":"Comment","target":["https:\/\/revistaliterariaelgatonegro.com\/?p=22533#respond"]}]},{"@type":"WebPage","@id":"https:\/\/revistaliterariaelgatonegro.com\/?p=22533","url":"https:\/\/revistaliterariaelgatonegro.com\/?p=22533","name":"Programaci\u00f3n mayo 2026 Sala Tarambana - REVISTA CULTURAL","isPartOf":{"@id":"https:\/\/revistaliterariaelgatonegro.com\/#website"},"primaryImageOfPage":{"@id":"https:\/\/revistaliterariaelgatonegro.com\/?p=22533#primaryimage"},"image":{"@id":"https:\/\/revistaliterariaelgatonegro.com\/?p=22533#primaryimage"},"thumbnailUrl":"https:\/\/revistaliterariaelgatonegro.com\/wp-content\/uploads\/2026\/04\/programacion-mayo-sala-tarambana-scaled.jpg","datePublished":"2026-04-30T08:30:00+00:00","breadcrumb":{"@id":"https:\/\/revistaliterariaelgatonegro.com\/?p=22533#breadcrumb"},"inLanguage":"es","potentialAction":[{"@type":"ReadAction","target":["https:\/\/revistaliterariaelgatonegro.com\/?p=22533"]}]},{"@type":"ImageObject","inLanguage":"es","@id":"https:\/\/revistaliterariaelgatonegro.com\/?p=22533#primaryimage","url":"https:\/\/revistaliterariaelgatonegro.com\/wp-content\/uploads\/2026\/04\/programacion-mayo-sala-tarambana-scaled.jpg","contentUrl":"https:\/\/revistaliterariaelgatonegro.com\/wp-content\/uploads\/2026\/04\/programacion-mayo-sala-tarambana-scaled.jpg","width":2560,"height":1280},{"@type":"BreadcrumbList","@id":"https:\/\/revistaliterariaelgatonegro.com\/?p=22533#breadcrumb","itemListElement":[{"@type":"ListItem","position":1,"name":"Portada","item":"https:\/\/revistaliterariaelgatonegro.com\/"},{"@type":"ListItem","position":2,"name":"Programaci\u00f3n mayo 2026 Sala Tarambana"}]},{"@type":"WebSite","@id":"https:\/\/revistaliterariaelgatonegro.com\/#website","url":"https:\/\/revistaliterariaelgatonegro.com\/","name":"REVISTA CULTURAL","description":" Un nuevo espacio para la divulgaci\u00f3n literaria, as\u00ed como dem\u00e1s artes ","publisher":{"@id":"https:\/\/revistaliterariaelgatonegro.com\/#\/schema\/person\/6a37dd51e0f101e394e91c123fd12e8a"},"potentialAction":[{"@type":"SearchAction","target":{"@type":"EntryPoint","urlTemplate":"https:\/\/revistaliterariaelgatonegro.com\/?s={search_term_string}"},"query-input":{"@type":"PropertyValueSpecification","valueRequired":true,"valueName":"search_term_string"}}],"inLanguage":"es"},{"@type":["Person","Organization"],"@id":"https:\/\/revistaliterariaelgatonegro.com\/#\/schema\/person\/6a37dd51e0f101e394e91c123fd12e8a","name":"administrador","image":{"@type":"ImageObject","inLanguage":"es","@id":"https:\/\/revistaliterariaelgatonegro.com\/wp-content\/uploads\/2025\/12\/cropped-Logotipo-Logo-Marca-personal-Pastel-Amarillo-12-Photoroom.png","url":"https:\/\/revistaliterariaelgatonegro.com\/wp-content\/uploads\/2025\/12\/cropped-Logotipo-Logo-Marca-personal-Pastel-Amarillo-12-Photoroom.png","contentUrl":"https:\/\/revistaliterariaelgatonegro.com\/wp-content\/uploads\/2025\/12\/cropped-Logotipo-Logo-Marca-personal-Pastel-Amarillo-12-Photoroom.png","width":364,"height":212,"caption":"administrador"},"logo":{"@id":"https:\/\/revistaliterariaelgatonegro.com\/wp-content\/uploads\/2025\/12\/cropped-Logotipo-Logo-Marca-personal-Pastel-Amarillo-12-Photoroom.png"},"sameAs":["http:\/\/s864831950.mialojamiento.es"]}]}},"featured_image_urls":{"full":["https:\/\/revistaliterariaelgatonegro.com\/wp-content\/uploads\/2026\/04\/programacion-mayo-sala-tarambana-scaled.jpg",2560,1280,false],"thumbnail":["https:\/\/revistaliterariaelgatonegro.com\/wp-content\/uploads\/2026\/04\/programacion-mayo-sala-tarambana-150x150.jpg",150,150,true],"medium":["https:\/\/revistaliterariaelgatonegro.com\/wp-content\/uploads\/2026\/04\/programacion-mayo-sala-tarambana-300x150.jpg",300,150,true],"medium_large":["https:\/\/revistaliterariaelgatonegro.com\/wp-content\/uploads\/2026\/04\/programacion-mayo-sala-tarambana-768x384.jpg",640,320,true],"large":["https:\/\/revistaliterariaelgatonegro.com\/wp-content\/uploads\/2026\/04\/programacion-mayo-sala-tarambana-700x350.jpg",640,320,true],"1536x1536":["https:\/\/revistaliterariaelgatonegro.com\/wp-content\/uploads\/2026\/04\/programacion-mayo-sala-tarambana-1536x768.jpg",1536,768,true],"2048x2048":["https:\/\/revistaliterariaelgatonegro.com\/wp-content\/uploads\/2026\/04\/programacion-mayo-sala-tarambana-2048x1024.jpg",2048,1024,true],"morenews-large":["https:\/\/revistaliterariaelgatonegro.com\/wp-content\/uploads\/2026\/04\/programacion-mayo-sala-tarambana-825x575.jpg",825,575,true],"morenews-medium":["https:\/\/revistaliterariaelgatonegro.com\/wp-content\/uploads\/2026\/04\/programacion-mayo-sala-tarambana-590x410.jpg",590,410,true],"woocommerce_thumbnail":["https:\/\/revistaliterariaelgatonegro.com\/wp-content\/uploads\/2026\/04\/programacion-mayo-sala-tarambana-300x150.jpg",300,150,true],"woocommerce_single":["https:\/\/revistaliterariaelgatonegro.com\/wp-content\/uploads\/2026\/04\/programacion-mayo-sala-tarambana-300x150.jpg",300,150,true],"woocommerce_gallery_thumbnail":["https:\/\/revistaliterariaelgatonegro.com\/wp-content\/uploads\/2026\/04\/programacion-mayo-sala-tarambana-100x100.jpg",100,100,true],"dgwt-wcas-product-suggestion":["https:\/\/revistaliterariaelgatonegro.com\/wp-content\/uploads\/2026\/04\/programacion-mayo-sala-tarambana-64x32.jpg",64,32,true]},"author_info":{"display_name":false,"author_link":"https:\/\/revistaliterariaelgatonegro.com\/?author=1"},"category_info":"<a href=\"https:\/\/revistaliterariaelgatonegro.com\/?cat=61\" rel=\"category\">Teatro<\/a>","tag_info":"Teatro","comment_count":"0","_links":{"self":[{"href":"https:\/\/revistaliterariaelgatonegro.com\/index.php?rest_route=\/wp\/v2\/posts\/22533","targetHints":{"allow":["GET"]}}],"collection":[{"href":"https:\/\/revistaliterariaelgatonegro.com\/index.php?rest_route=\/wp\/v2\/posts"}],"about":[{"href":"https:\/\/revistaliterariaelgatonegro.com\/index.php?rest_route=\/wp\/v2\/types\/post"}],"author":[{"embeddable":true,"href":"https:\/\/revistaliterariaelgatonegro.com\/index.php?rest_route=\/wp\/v2\/users\/1"}],"replies":[{"embeddable":true,"href":"https:\/\/revistaliterariaelgatonegro.com\/index.php?rest_route=%2Fwp%2Fv2%2Fcomments&post=22533"}],"version-history":[{"count":3,"href":"https:\/\/revistaliterariaelgatonegro.com\/index.php?rest_route=\/wp\/v2\/posts\/22533\/revisions"}],"predecessor-version":[{"id":22537,"href":"https:\/\/revistaliterariaelgatonegro.com\/index.php?rest_route=\/wp\/v2\/posts\/22533\/revisions\/22537"}],"wp:featuredmedia":[{"embeddable":true,"href":"https:\/\/revistaliterariaelgatonegro.com\/index.php?rest_route=\/wp\/v2\/media\/22538"}],"wp:attachment":[{"href":"https:\/\/revistaliterariaelgatonegro.com\/index.php?rest_route=%2Fwp%2Fv2%2Fmedia&parent=22533"}],"wp:term":[{"taxonomy":"category","embeddable":true,"href":"https:\/\/revistaliterariaelgatonegro.com\/index.php?rest_route=%2Fwp%2Fv2%2Fcategories&post=22533"},{"taxonomy":"post_tag","embeddable":true,"href":"https:\/\/revistaliterariaelgatonegro.com\/index.php?rest_route=%2Fwp%2Fv2%2Ftags&post=22533"}],"curies":[{"name":"wp","href":"https:\/\/api.w.org\/{rel}","templated":true}]}}