{"id":22530,"date":"2026-04-29T08:30:00","date_gmt":"2026-04-29T08:30:00","guid":{"rendered":"https:\/\/revistaliterariaelgatonegro.com\/?p=22530"},"modified":"2026-04-27T14:02:50","modified_gmt":"2026-04-27T14:02:50","slug":"cabeza-de-candidato-dentro-de-la-mente-del-poder","status":"publish","type":"post","link":"https:\/\/revistaliterariaelgatonegro.com\/?p=22530","title":{"rendered":"&#8216;Cabeza de Candidato&#8217;: Dentro de la mente del poder"},"content":{"rendered":"\n<h2 class=\"wp-block-heading has-text-align-center\"><br>El bestseller brasile\u00f1o que explica c\u00f3mo piensan los candidatos se publica en castellano<\/h2>\n\n\n\n<p><br>El exitoso libro brasile\u00f1o sobre campa\u00f1as pol\u00edticas \u201cCabe\u00e7a de Candidato\u201d llega ahora al p\u00fablico de habla hispana con la publicaci\u00f3n de su edici\u00f3n \u201cCabeza de Candidato: Dentro de la mente del poder | Lecciones de campa\u00f1as en Brasil\u201d. Disponible en formato f\u00edsico en Amazon y tambi\u00e9n en su versi\u00f3n para Kindle, mostrar\u00e1 al p\u00fablico las lecciones que se han podido aprender en las \u00faltimas experiencias electorales en Brasil.<br>La obra, escrita por el consultor pol\u00edtico Alberto Lage y la psic\u00f3loga Iracema Rezende, ofrece una mirada poco habitual sobre los procesos electorales, centr\u00e1ndose en las facetas emocionales y personales que influyen en los candidatos durante una campa\u00f1a electoral y en las decisiones que se toman.<\/p>\n\n\n\n<p><br>Publicado originalmente en septiembre de 2025, el libro alcanz\u00f3 r\u00e1pidamente los primeros puestos en los rankings de Amazon Brasil en las categor\u00edas de Elecciones, Pol\u00edtica y Ciencias Sociales. La versi\u00f3n en espa\u00f1ol ha sido traducida por Marcus Vinicius Baldo, cofundador de Compol Brasil. <\/p>\n\n\n\n<p><br>\u201cA diferencia de muchos manuales tradicionales centrados en encuestas o modelos de datos, el libro pone el foco en los factores humanos que suelen determinar decisiones clave en una campa\u00f1a\u201d, explican. Emociones como el miedo, el ego o la inseguridad ocupan un lugar central en la obra, que se basa en d\u00e9cadas de experiencia profesional de sus autores para analizar el lado m\u00e1s humano de las disputas por el poder.<br>El resultado es una narrativa que cuestiona los enfoques habituales de la pol\u00edtica y plantea que, detr\u00e1s de cada estrategia, existe tambi\u00e9n una lucha personal. Seg\u00fan los autores, candidatos y asesores operan bajo presiones que rara vez aparecen en el debate p\u00fablico.<\/p>\n\n\n\n<p><br>Mientras que la edici\u00f3n brasile\u00f1a incluye un nuevo prefacio del polit\u00f3logo Felipe Nunes, una de las principales referencias en an\u00e1lisis electoral en Brasil, el pr\u00f3logo de la edici\u00f3n en espa\u00f1ol est\u00e1 firmado por Paulo Carlos L\u00f3pez-L\u00f3pez, profesor de Ciencias Pol\u00edticas en la Universidad de Santiago de Compostela y portavoz del Movimiento Sumar Galicia.<\/p>\n\n\n\n<p><br>Con una s\u00f3lida acogida en Brasil, se presenta como un an\u00e1lisis de referencia sobre las campa\u00f1as contempor\u00e1neas y como una invitaci\u00f3n a comprender qu\u00e9 ocurre realmente detr\u00e1s de escena en la pol\u00edtica electoral.<br><br><\/p>\n","protected":false},"excerpt":{"rendered":"<p>El bestseller brasile\u00f1o que explica c\u00f3mo piensan los candidatos se publica en castellano El exitoso libro brasile\u00f1o sobre<\/p>\n","protected":false},"author":1,"featured_media":22532,"comment_status":"open","ping_status":"open","sticky":false,"template":"","format":"standard","meta":{"footnotes":""},"categories":[135,34],"tags":[130],"class_list":["post-22530","post","type-post","status-publish","format-standard","has-post-thumbnail","hentry","category-general","category-libros","tag-libros"],"yoast_head":"<!-- This site is optimized with the Yoast SEO plugin v27.5 - https:\/\/yoast.com\/product\/yoast-seo-wordpress\/ -->\n<title>&#039;Cabeza de Candidato&#039;: Dentro de la mente del poder - REVISTA CULTURAL<\/title>\n<meta name=\"robots\" content=\"index, follow, max-snippet:-1, max-image-preview:large, max-video-preview:-1\" \/>\n<link rel=\"canonical\" href=\"https:\/\/revistaliterariaelgatonegro.com\/?p=22530\" \/>\n<meta property=\"og:locale\" content=\"es_ES\" \/>\n<meta property=\"og:type\" content=\"article\" \/>\n<meta property=\"og:title\" content=\"&#039;Cabeza de Candidato&#039;: Dentro de la mente del poder - REVISTA CULTURAL\" \/>\n<meta property=\"og:description\" content=\"El bestseller brasile\u00f1o que explica c\u00f3mo piensan los candidatos se publica en castellano El exitoso libro brasile\u00f1o sobre\" \/>\n<meta property=\"og:url\" content=\"https:\/\/revistaliterariaelgatonegro.com\/?p=22530\" \/>\n<meta property=\"og:site_name\" content=\"REVISTA CULTURAL\" \/>\n<meta property=\"article:published_time\" content=\"2026-04-29T08:30:00+00:00\" \/>\n<meta property=\"og:image\" content=\"https:\/\/revistaliterariaelgatonegro.com\/wp-content\/uploads\/2026\/04\/cabeza-de-candidato.jpg\" \/>\n\t<meta property=\"og:image:width\" content=\"981\" \/>\n\t<meta property=\"og:image:height\" content=\"654\" \/>\n\t<meta property=\"og:image:type\" content=\"image\/jpeg\" \/>\n<meta name=\"author\" content=\"administrador\" \/>\n<meta name=\"twitter:card\" content=\"summary_large_image\" \/>\n<meta name=\"twitter:label1\" content=\"Escrito por\" \/>\n\t<meta name=\"twitter:data1\" content=\"\" \/>\n\t<meta name=\"twitter:label2\" content=\"Tiempo de lectura\" \/>\n\t<meta name=\"twitter:data2\" content=\"2 minutos\" \/>\n<script type=\"application\/ld+json\" class=\"yoast-schema-graph\">{\"@context\":\"https:\\\/\\\/schema.org\",\"@graph\":[{\"@type\":\"Article\",\"@id\":\"https:\\\/\\\/revistaliterariaelgatonegro.com\\\/?p=22530#article\",\"isPartOf\":{\"@id\":\"https:\\\/\\\/revistaliterariaelgatonegro.com\\\/?p=22530\"},\"author\":{\"name\":\"administrador\",\"@id\":\"https:\\\/\\\/revistaliterariaelgatonegro.com\\\/#\\\/schema\\\/person\\\/6a37dd51e0f101e394e91c123fd12e8a\"},\"headline\":\"&#8216;Cabeza de Candidato&#8217;: Dentro de la mente del poder\",\"datePublished\":\"2026-04-29T08:30:00+00:00\",\"mainEntityOfPage\":{\"@id\":\"https:\\\/\\\/revistaliterariaelgatonegro.com\\\/?p=22530\"},\"wordCount\":423,\"commentCount\":0,\"publisher\":{\"@id\":\"https:\\\/\\\/revistaliterariaelgatonegro.com\\\/#\\\/schema\\\/person\\\/6a37dd51e0f101e394e91c123fd12e8a\"},\"image\":{\"@id\":\"https:\\\/\\\/revistaliterariaelgatonegro.com\\\/?p=22530#primaryimage\"},\"thumbnailUrl\":\"https:\\\/\\\/revistaliterariaelgatonegro.com\\\/wp-content\\\/uploads\\\/2026\\\/04\\\/cabeza-de-candidato.jpg\",\"keywords\":[\"Libros\"],\"articleSection\":[\"General\",\"Libros\"],\"inLanguage\":\"es\",\"potentialAction\":[{\"@type\":\"CommentAction\",\"name\":\"Comment\",\"target\":[\"https:\\\/\\\/revistaliterariaelgatonegro.com\\\/?p=22530#respond\"]}]},{\"@type\":\"WebPage\",\"@id\":\"https:\\\/\\\/revistaliterariaelgatonegro.com\\\/?p=22530\",\"url\":\"https:\\\/\\\/revistaliterariaelgatonegro.com\\\/?p=22530\",\"name\":\"'Cabeza de Candidato': Dentro de la mente del poder - REVISTA CULTURAL\",\"isPartOf\":{\"@id\":\"https:\\\/\\\/revistaliterariaelgatonegro.com\\\/#website\"},\"primaryImageOfPage\":{\"@id\":\"https:\\\/\\\/revistaliterariaelgatonegro.com\\\/?p=22530#primaryimage\"},\"image\":{\"@id\":\"https:\\\/\\\/revistaliterariaelgatonegro.com\\\/?p=22530#primaryimage\"},\"thumbnailUrl\":\"https:\\\/\\\/revistaliterariaelgatonegro.com\\\/wp-content\\\/uploads\\\/2026\\\/04\\\/cabeza-de-candidato.jpg\",\"datePublished\":\"2026-04-29T08:30:00+00:00\",\"breadcrumb\":{\"@id\":\"https:\\\/\\\/revistaliterariaelgatonegro.com\\\/?p=22530#breadcrumb\"},\"inLanguage\":\"es\",\"potentialAction\":[{\"@type\":\"ReadAction\",\"target\":[\"https:\\\/\\\/revistaliterariaelgatonegro.com\\\/?p=22530\"]}]},{\"@type\":\"ImageObject\",\"inLanguage\":\"es\",\"@id\":\"https:\\\/\\\/revistaliterariaelgatonegro.com\\\/?p=22530#primaryimage\",\"url\":\"https:\\\/\\\/revistaliterariaelgatonegro.com\\\/wp-content\\\/uploads\\\/2026\\\/04\\\/cabeza-de-candidato.jpg\",\"contentUrl\":\"https:\\\/\\\/revistaliterariaelgatonegro.com\\\/wp-content\\\/uploads\\\/2026\\\/04\\\/cabeza-de-candidato.jpg\",\"width\":981,\"height\":654},{\"@type\":\"BreadcrumbList\",\"@id\":\"https:\\\/\\\/revistaliterariaelgatonegro.com\\\/?p=22530#breadcrumb\",\"itemListElement\":[{\"@type\":\"ListItem\",\"position\":1,\"name\":\"Portada\",\"item\":\"https:\\\/\\\/revistaliterariaelgatonegro.com\\\/\"},{\"@type\":\"ListItem\",\"position\":2,\"name\":\"&#8216;Cabeza de Candidato&#8217;: Dentro de la mente del poder\"}]},{\"@type\":\"WebSite\",\"@id\":\"https:\\\/\\\/revistaliterariaelgatonegro.com\\\/#website\",\"url\":\"https:\\\/\\\/revistaliterariaelgatonegro.com\\\/\",\"name\":\"REVISTA CULTURAL\",\"description\":\" Un nuevo espacio para la divulgaci\u00f3n literaria, as\u00ed como dem\u00e1s artes \",\"publisher\":{\"@id\":\"https:\\\/\\\/revistaliterariaelgatonegro.com\\\/#\\\/schema\\\/person\\\/6a37dd51e0f101e394e91c123fd12e8a\"},\"potentialAction\":[{\"@type\":\"SearchAction\",\"target\":{\"@type\":\"EntryPoint\",\"urlTemplate\":\"https:\\\/\\\/revistaliterariaelgatonegro.com\\\/?s={search_term_string}\"},\"query-input\":{\"@type\":\"PropertyValueSpecification\",\"valueRequired\":true,\"valueName\":\"search_term_string\"}}],\"inLanguage\":\"es\"},{\"@type\":[\"Person\",\"Organization\"],\"@id\":\"https:\\\/\\\/revistaliterariaelgatonegro.com\\\/#\\\/schema\\\/person\\\/6a37dd51e0f101e394e91c123fd12e8a\",\"name\":\"administrador\",\"image\":{\"@type\":\"ImageObject\",\"inLanguage\":\"es\",\"@id\":\"https:\\\/\\\/revistaliterariaelgatonegro.com\\\/wp-content\\\/uploads\\\/2025\\\/12\\\/cropped-Logotipo-Logo-Marca-personal-Pastel-Amarillo-12-Photoroom.png\",\"url\":\"https:\\\/\\\/revistaliterariaelgatonegro.com\\\/wp-content\\\/uploads\\\/2025\\\/12\\\/cropped-Logotipo-Logo-Marca-personal-Pastel-Amarillo-12-Photoroom.png\",\"contentUrl\":\"https:\\\/\\\/revistaliterariaelgatonegro.com\\\/wp-content\\\/uploads\\\/2025\\\/12\\\/cropped-Logotipo-Logo-Marca-personal-Pastel-Amarillo-12-Photoroom.png\",\"width\":364,\"height\":212,\"caption\":\"administrador\"},\"logo\":{\"@id\":\"https:\\\/\\\/revistaliterariaelgatonegro.com\\\/wp-content\\\/uploads\\\/2025\\\/12\\\/cropped-Logotipo-Logo-Marca-personal-Pastel-Amarillo-12-Photoroom.png\"},\"sameAs\":[\"http:\\\/\\\/s864831950.mialojamiento.es\"]}]}<\/script>\n<!-- \/ Yoast SEO plugin. -->","yoast_head_json":{"title":"'Cabeza de Candidato': Dentro de la mente del poder - REVISTA CULTURAL","robots":{"index":"index","follow":"follow","max-snippet":"max-snippet:-1","max-image-preview":"max-image-preview:large","max-video-preview":"max-video-preview:-1"},"canonical":"https:\/\/revistaliterariaelgatonegro.com\/?p=22530","og_locale":"es_ES","og_type":"article","og_title":"'Cabeza de Candidato': Dentro de la mente del poder - REVISTA CULTURAL","og_description":"El bestseller brasile\u00f1o que explica c\u00f3mo piensan los candidatos se publica en castellano El exitoso libro brasile\u00f1o sobre","og_url":"https:\/\/revistaliterariaelgatonegro.com\/?p=22530","og_site_name":"REVISTA CULTURAL","article_published_time":"2026-04-29T08:30:00+00:00","og_image":[{"width":981,"height":654,"url":"https:\/\/revistaliterariaelgatonegro.com\/wp-content\/uploads\/2026\/04\/cabeza-de-candidato.jpg","type":"image\/jpeg"}],"author":"administrador","twitter_card":"summary_large_image","twitter_misc":{"Escrito por":false,"Tiempo de lectura":"2 minutos"},"schema":{"@context":"https:\/\/schema.org","@graph":[{"@type":"Article","@id":"https:\/\/revistaliterariaelgatonegro.com\/?p=22530#article","isPartOf":{"@id":"https:\/\/revistaliterariaelgatonegro.com\/?p=22530"},"author":{"name":"administrador","@id":"https:\/\/revistaliterariaelgatonegro.com\/#\/schema\/person\/6a37dd51e0f101e394e91c123fd12e8a"},"headline":"&#8216;Cabeza de Candidato&#8217;: Dentro de la mente del poder","datePublished":"2026-04-29T08:30:00+00:00","mainEntityOfPage":{"@id":"https:\/\/revistaliterariaelgatonegro.com\/?p=22530"},"wordCount":423,"commentCount":0,"publisher":{"@id":"https:\/\/revistaliterariaelgatonegro.com\/#\/schema\/person\/6a37dd51e0f101e394e91c123fd12e8a"},"image":{"@id":"https:\/\/revistaliterariaelgatonegro.com\/?p=22530#primaryimage"},"thumbnailUrl":"https:\/\/revistaliterariaelgatonegro.com\/wp-content\/uploads\/2026\/04\/cabeza-de-candidato.jpg","keywords":["Libros"],"articleSection":["General","Libros"],"inLanguage":"es","potentialAction":[{"@type":"CommentAction","name":"Comment","target":["https:\/\/revistaliterariaelgatonegro.com\/?p=22530#respond"]}]},{"@type":"WebPage","@id":"https:\/\/revistaliterariaelgatonegro.com\/?p=22530","url":"https:\/\/revistaliterariaelgatonegro.com\/?p=22530","name":"'Cabeza de Candidato': Dentro de la mente del poder - REVISTA CULTURAL","isPartOf":{"@id":"https:\/\/revistaliterariaelgatonegro.com\/#website"},"primaryImageOfPage":{"@id":"https:\/\/revistaliterariaelgatonegro.com\/?p=22530#primaryimage"},"image":{"@id":"https:\/\/revistaliterariaelgatonegro.com\/?p=22530#primaryimage"},"thumbnailUrl":"https:\/\/revistaliterariaelgatonegro.com\/wp-content\/uploads\/2026\/04\/cabeza-de-candidato.jpg","datePublished":"2026-04-29T08:30:00+00:00","breadcrumb":{"@id":"https:\/\/revistaliterariaelgatonegro.com\/?p=22530#breadcrumb"},"inLanguage":"es","potentialAction":[{"@type":"ReadAction","target":["https:\/\/revistaliterariaelgatonegro.com\/?p=22530"]}]},{"@type":"ImageObject","inLanguage":"es","@id":"https:\/\/revistaliterariaelgatonegro.com\/?p=22530#primaryimage","url":"https:\/\/revistaliterariaelgatonegro.com\/wp-content\/uploads\/2026\/04\/cabeza-de-candidato.jpg","contentUrl":"https:\/\/revistaliterariaelgatonegro.com\/wp-content\/uploads\/2026\/04\/cabeza-de-candidato.jpg","width":981,"height":654},{"@type":"BreadcrumbList","@id":"https:\/\/revistaliterariaelgatonegro.com\/?p=22530#breadcrumb","itemListElement":[{"@type":"ListItem","position":1,"name":"Portada","item":"https:\/\/revistaliterariaelgatonegro.com\/"},{"@type":"ListItem","position":2,"name":"&#8216;Cabeza de Candidato&#8217;: Dentro de la mente del poder"}]},{"@type":"WebSite","@id":"https:\/\/revistaliterariaelgatonegro.com\/#website","url":"https:\/\/revistaliterariaelgatonegro.com\/","name":"REVISTA CULTURAL","description":" Un nuevo espacio para la divulgaci\u00f3n literaria, as\u00ed como dem\u00e1s artes ","publisher":{"@id":"https:\/\/revistaliterariaelgatonegro.com\/#\/schema\/person\/6a37dd51e0f101e394e91c123fd12e8a"},"potentialAction":[{"@type":"SearchAction","target":{"@type":"EntryPoint","urlTemplate":"https:\/\/revistaliterariaelgatonegro.com\/?s={search_term_string}"},"query-input":{"@type":"PropertyValueSpecification","valueRequired":true,"valueName":"search_term_string"}}],"inLanguage":"es"},{"@type":["Person","Organization"],"@id":"https:\/\/revistaliterariaelgatonegro.com\/#\/schema\/person\/6a37dd51e0f101e394e91c123fd12e8a","name":"administrador","image":{"@type":"ImageObject","inLanguage":"es","@id":"https:\/\/revistaliterariaelgatonegro.com\/wp-content\/uploads\/2025\/12\/cropped-Logotipo-Logo-Marca-personal-Pastel-Amarillo-12-Photoroom.png","url":"https:\/\/revistaliterariaelgatonegro.com\/wp-content\/uploads\/2025\/12\/cropped-Logotipo-Logo-Marca-personal-Pastel-Amarillo-12-Photoroom.png","contentUrl":"https:\/\/revistaliterariaelgatonegro.com\/wp-content\/uploads\/2025\/12\/cropped-Logotipo-Logo-Marca-personal-Pastel-Amarillo-12-Photoroom.png","width":364,"height":212,"caption":"administrador"},"logo":{"@id":"https:\/\/revistaliterariaelgatonegro.com\/wp-content\/uploads\/2025\/12\/cropped-Logotipo-Logo-Marca-personal-Pastel-Amarillo-12-Photoroom.png"},"sameAs":["http:\/\/s864831950.mialojamiento.es"]}]}},"featured_image_urls":{"full":["https:\/\/revistaliterariaelgatonegro.com\/wp-content\/uploads\/2026\/04\/cabeza-de-candidato.jpg",981,654,false],"thumbnail":["https:\/\/revistaliterariaelgatonegro.com\/wp-content\/uploads\/2026\/04\/cabeza-de-candidato-150x150.jpg",150,150,true],"medium":["https:\/\/revistaliterariaelgatonegro.com\/wp-content\/uploads\/2026\/04\/cabeza-de-candidato-300x200.jpg",300,200,true],"medium_large":["https:\/\/revistaliterariaelgatonegro.com\/wp-content\/uploads\/2026\/04\/cabeza-de-candidato-768x512.jpg",640,427,true],"large":["https:\/\/revistaliterariaelgatonegro.com\/wp-content\/uploads\/2026\/04\/cabeza-de-candidato-700x467.jpg",640,427,true],"1536x1536":["https:\/\/revistaliterariaelgatonegro.com\/wp-content\/uploads\/2026\/04\/cabeza-de-candidato.jpg",981,654,false],"2048x2048":["https:\/\/revistaliterariaelgatonegro.com\/wp-content\/uploads\/2026\/04\/cabeza-de-candidato.jpg",981,654,false],"morenews-large":["https:\/\/revistaliterariaelgatonegro.com\/wp-content\/uploads\/2026\/04\/cabeza-de-candidato-825x575.jpg",825,575,true],"morenews-medium":["https:\/\/revistaliterariaelgatonegro.com\/wp-content\/uploads\/2026\/04\/cabeza-de-candidato-590x410.jpg",590,410,true],"woocommerce_thumbnail":["https:\/\/revistaliterariaelgatonegro.com\/wp-content\/uploads\/2026\/04\/cabeza-de-candidato-300x200.jpg",300,200,true],"woocommerce_single":["https:\/\/revistaliterariaelgatonegro.com\/wp-content\/uploads\/2026\/04\/cabeza-de-candidato-300x200.jpg",300,200,true],"woocommerce_gallery_thumbnail":["https:\/\/revistaliterariaelgatonegro.com\/wp-content\/uploads\/2026\/04\/cabeza-de-candidato-100x100.jpg",100,100,true],"dgwt-wcas-product-suggestion":["https:\/\/revistaliterariaelgatonegro.com\/wp-content\/uploads\/2026\/04\/cabeza-de-candidato-64x43.jpg",64,43,true]},"author_info":{"display_name":false,"author_link":"https:\/\/revistaliterariaelgatonegro.com\/?author=1"},"category_info":"<a href=\"https:\/\/revistaliterariaelgatonegro.com\/?cat=135\" rel=\"category\">General<\/a> <a href=\"https:\/\/revistaliterariaelgatonegro.com\/?cat=34\" rel=\"category\">Libros<\/a>","tag_info":"Libros","comment_count":"0","_links":{"self":[{"href":"https:\/\/revistaliterariaelgatonegro.com\/index.php?rest_route=\/wp\/v2\/posts\/22530","targetHints":{"allow":["GET"]}}],"collection":[{"href":"https:\/\/revistaliterariaelgatonegro.com\/index.php?rest_route=\/wp\/v2\/posts"}],"about":[{"href":"https:\/\/revistaliterariaelgatonegro.com\/index.php?rest_route=\/wp\/v2\/types\/post"}],"author":[{"embeddable":true,"href":"https:\/\/revistaliterariaelgatonegro.com\/index.php?rest_route=\/wp\/v2\/users\/1"}],"replies":[{"embeddable":true,"href":"https:\/\/revistaliterariaelgatonegro.com\/index.php?rest_route=%2Fwp%2Fv2%2Fcomments&post=22530"}],"version-history":[{"count":1,"href":"https:\/\/revistaliterariaelgatonegro.com\/index.php?rest_route=\/wp\/v2\/posts\/22530\/revisions"}],"predecessor-version":[{"id":22531,"href":"https:\/\/revistaliterariaelgatonegro.com\/index.php?rest_route=\/wp\/v2\/posts\/22530\/revisions\/22531"}],"wp:featuredmedia":[{"embeddable":true,"href":"https:\/\/revistaliterariaelgatonegro.com\/index.php?rest_route=\/wp\/v2\/media\/22532"}],"wp:attachment":[{"href":"https:\/\/revistaliterariaelgatonegro.com\/index.php?rest_route=%2Fwp%2Fv2%2Fmedia&parent=22530"}],"wp:term":[{"taxonomy":"category","embeddable":true,"href":"https:\/\/revistaliterariaelgatonegro.com\/index.php?rest_route=%2Fwp%2Fv2%2Fcategories&post=22530"},{"taxonomy":"post_tag","embeddable":true,"href":"https:\/\/revistaliterariaelgatonegro.com\/index.php?rest_route=%2Fwp%2Fv2%2Ftags&post=22530"}],"curies":[{"name":"wp","href":"https:\/\/api.w.org\/{rel}","templated":true}]}}