{"id":22501,"date":"2026-04-21T09:33:11","date_gmt":"2026-04-21T09:33:11","guid":{"rendered":"https:\/\/revistaliterariaelgatonegro.com\/?p=22501"},"modified":"2026-04-21T09:33:13","modified_gmt":"2026-04-21T09:33:13","slug":"audi-future-stories-bate-record-de-participacion-y-consolida-su-conexion-con-el-talento-joven","status":"publish","type":"post","link":"https:\/\/revistaliterariaelgatonegro.com\/?p=22501","title":{"rendered":"Audi Future Stories bate r\u00e9cord de participaci\u00f3n y consolida su conexi\u00f3n con el talento joven"},"content":{"rendered":"\n<h2 class=\"wp-block-heading has-text-align-center\">El certamen de cortometrajes impulsado por Audi ha alcanzado cifras hist\u00f3ricas de inscripci\u00f3n en su sexta edici\u00f3n<\/h2>\n\n\n\n<p>Audi Future Stories, el certamen de cortometrajes impulsado por Audi Espa\u00f1a, ha cerrado la convocatoria de su sexta edici\u00f3n con cifras r\u00e9cord que confirman el creciente inter\u00e9s de las nuevas generaciones por la industria cinematogr\u00e1fica. El certamen ha alcanzado cerca de 300 inscripciones, consolid\u00e1ndose como una de las plataformas de referencia para estudiantes de cine y comunicaci\u00f3n audiovisual en Espa\u00f1a. Adem\u00e1s, esta edici\u00f3n ha marcado un hito hist\u00f3rico en la presentaci\u00f3n de guiones, con un incremento cercano al 200% respecto a la edici\u00f3n anterior, triplicando as\u00ed la participaci\u00f3n y evidenciando el auge creativo entre los j\u00f3venes talentos.<\/p>\n\n\n\n<p>Este crecimiento tambi\u00e9n se refleja en la participaci\u00f3n de las propias escuelas y universidades, con un total de veinti\u00fan  escuelas inscritas, el mayor n\u00famero registrado hasta la fecha. Entre ellas se encuentran centros de referencia e instituciones que representan el dinamismo y la diversidad del ecosistema formativo audiovisual de nuestro pa\u00eds.<\/p>\n\n\n\n<p>Uno de los pilares de esta edici\u00f3n ha sido el impulso a las denominadas \u201cdraft dates\u201d, encuentros de desarrollo creativo en los que los participantes han podido trabajar directamente sus proyectos junto al director Kike Ma\u00edllo y la directora Mar\u00eda Ripoll. En total se han realizado 33 sesiones en las que los estudiantes han recibido orientaci\u00f3n profesional y han podido disponer de un espacio individual para plantear sus dudas, recibir consejos y dejarse inspirar por la experiencia de ambos profesionales. Mar\u00eda Ripoll ha destacado el alto nivel de los participantes: <em>\u201cEn las draft dates hemos trabajado en distintos estados del proyecto, desde el esbozo de la idea hasta guiones casi finales. Me ha sorprendido el nivel de conciencia formal y la ambici\u00f3n narrativa de los participantes, lo que hace que el proceso de selecci\u00f3n sea especialmente estimulante\u201d<\/em>.<\/p>\n\n\n\n<p>Estos datos refuerzan la evoluci\u00f3n de Audi Future Stories como una iniciativa que no solo premia el talento, sino que acompa\u00f1a activamente a los j\u00f3venes creadores en su desarrollo generando un entorno real de aprendizaje y conexi\u00f3n con la industria.<\/p>\n\n\n\n<p>Con el cierre de inscripciones ya efectuado, el certamen se prepara para iniciar su fase de selecci\u00f3n en la que se elegir\u00e1n los proyectos finalistas que optar\u00e1n a convertirse en un cortometraje profesional codirigido junto a Kike Ma\u00edllo. Una oportunidad \u00fanica que contin\u00faa posicionando a Audi Future Stories como un trampol\u00edn clave para las nuevas voces del cine.<\/p>\n\n\n\n<p><strong>Escuelas participantes en la sexta edici\u00f3n de Audi Future Stories:<\/strong><\/p>\n\n\n\n<ul class=\"wp-block-list\">\n<li>Alicante Film School<\/li>\n\n\n\n<li>BCN Cinema School<\/li>\n\n\n\n<li>ECAES (Escuela de Cine y Artes Esc\u00e9nicas de Sevilla)<\/li>\n\n\n\n<li>ECCIT (Escola Catalana de Cinema i Televisi\u00f3)<\/li>\n\n\n\n<li>ECPV (Escuela de Cine del Pa\u00eds Vasco)<\/li>\n\n\n\n<li>EISV (Escuela de Imagen y Sonido de Vigo)<\/li>\n\n\n\n<li>ERAM (Universitat de Girona)<\/li>\n\n\n\n<li>ESCAC (Escola Superior de Cinema i Audiovisuals de Catalunya)<\/li>\n\n\n\n<li>Escuela de cine de M\u00e1laga<\/li>\n\n\n\n<li>Escuela de Cine y V\u00eddeo (ESCIVI)<\/li>\n\n\n\n<li>ICM (Instituto del Cine de Madrid)<\/li>\n\n\n\n<li>MasterD<\/li>\n\n\n\n<li>Metropolis Centro Estudios<\/li>\n\n\n\n<li>Septima Ars Escuela de Cine y TV<\/li>\n\n\n\n<li>Showrunners Bcn<\/li>\n\n\n\n<li>TAI ARTS (Escuela Universitaria de Artes)<\/li>\n\n\n\n<li>The Core Madrid<\/li>\n\n\n\n<li>UIC (Universitat Internacional de Catalunya)<\/li>\n\n\n\n<li>UNAV (Universidad de Comunicaci\u00f3n Audiovisual de Pamplona)<\/li>\n\n\n\n<li>Universidad Nebrija Madrid<\/li>\n\n\n\n<li>Universitat Pompeu Fabra (Grado en comunicaci\u00f3n audiovisual)<\/li>\n<\/ul>\n","protected":false},"excerpt":{"rendered":"<p>El certamen de cortometrajes impulsado por Audi ha alcanzado cifras hist\u00f3ricas de inscripci\u00f3n en su sexta edici\u00f3n Audi<\/p>\n","protected":false},"author":1,"featured_media":22503,"comment_status":"open","ping_status":"open","sticky":false,"template":"","format":"standard","meta":{"footnotes":""},"categories":[134,75],"tags":[],"class_list":["post-22501","post","type-post","status-publish","format-standard","has-post-thumbnail","hentry","category-actualidad","category-cine"],"yoast_head":"<!-- This site is optimized with the Yoast SEO plugin v27.4 - https:\/\/yoast.com\/product\/yoast-seo-wordpress\/ -->\n<title>Audi Future Stories bate r\u00e9cord de participaci\u00f3n y consolida su conexi\u00f3n con el talento joven - REVISTA CULTURAL<\/title>\n<meta name=\"robots\" content=\"index, follow, max-snippet:-1, max-image-preview:large, max-video-preview:-1\" \/>\n<link rel=\"canonical\" href=\"https:\/\/revistaliterariaelgatonegro.com\/?p=22501\" \/>\n<meta property=\"og:locale\" content=\"es_ES\" \/>\n<meta property=\"og:type\" content=\"article\" \/>\n<meta property=\"og:title\" content=\"Audi Future Stories bate r\u00e9cord de participaci\u00f3n y consolida su conexi\u00f3n con el talento joven - REVISTA CULTURAL\" \/>\n<meta property=\"og:description\" content=\"El certamen de cortometrajes impulsado por Audi ha alcanzado cifras hist\u00f3ricas de inscripci\u00f3n en su sexta edici\u00f3n Audi\" \/>\n<meta property=\"og:url\" content=\"https:\/\/revistaliterariaelgatonegro.com\/?p=22501\" \/>\n<meta property=\"og:site_name\" content=\"REVISTA CULTURAL\" \/>\n<meta property=\"article:published_time\" content=\"2026-04-21T09:33:11+00:00\" \/>\n<meta property=\"article:modified_time\" content=\"2026-04-21T09:33:13+00:00\" \/>\n<meta property=\"og:image\" content=\"https:\/\/revistaliterariaelgatonegro.com\/wp-content\/uploads\/2026\/04\/AUDI-FUTURE-STORIES-RODAJE-scaled.jpg\" \/>\n\t<meta property=\"og:image:width\" content=\"2560\" \/>\n\t<meta property=\"og:image:height\" content=\"1706\" \/>\n\t<meta property=\"og:image:type\" content=\"image\/jpeg\" \/>\n<meta name=\"author\" content=\"administrador\" \/>\n<meta name=\"twitter:card\" content=\"summary_large_image\" \/>\n<meta name=\"twitter:label1\" content=\"Escrito por\" \/>\n\t<meta name=\"twitter:data1\" content=\"\" \/>\n\t<meta name=\"twitter:label2\" content=\"Tiempo de lectura\" \/>\n\t<meta name=\"twitter:data2\" content=\"3 minutos\" \/>\n<script type=\"application\/ld+json\" class=\"yoast-schema-graph\">{\"@context\":\"https:\\\/\\\/schema.org\",\"@graph\":[{\"@type\":\"Article\",\"@id\":\"https:\\\/\\\/revistaliterariaelgatonegro.com\\\/?p=22501#article\",\"isPartOf\":{\"@id\":\"https:\\\/\\\/revistaliterariaelgatonegro.com\\\/?p=22501\"},\"author\":{\"name\":\"administrador\",\"@id\":\"https:\\\/\\\/revistaliterariaelgatonegro.com\\\/#\\\/schema\\\/person\\\/6a37dd51e0f101e394e91c123fd12e8a\"},\"headline\":\"Audi Future Stories bate r\u00e9cord de participaci\u00f3n y consolida su conexi\u00f3n con el talento joven\",\"datePublished\":\"2026-04-21T09:33:11+00:00\",\"dateModified\":\"2026-04-21T09:33:13+00:00\",\"mainEntityOfPage\":{\"@id\":\"https:\\\/\\\/revistaliterariaelgatonegro.com\\\/?p=22501\"},\"wordCount\":583,\"commentCount\":0,\"publisher\":{\"@id\":\"https:\\\/\\\/revistaliterariaelgatonegro.com\\\/#\\\/schema\\\/person\\\/6a37dd51e0f101e394e91c123fd12e8a\"},\"image\":{\"@id\":\"https:\\\/\\\/revistaliterariaelgatonegro.com\\\/?p=22501#primaryimage\"},\"thumbnailUrl\":\"https:\\\/\\\/revistaliterariaelgatonegro.com\\\/wp-content\\\/uploads\\\/2026\\\/04\\\/AUDI-FUTURE-STORIES-RODAJE-scaled.jpg\",\"articleSection\":[\"Actualidad\",\"Cine\"],\"inLanguage\":\"es\",\"potentialAction\":[{\"@type\":\"CommentAction\",\"name\":\"Comment\",\"target\":[\"https:\\\/\\\/revistaliterariaelgatonegro.com\\\/?p=22501#respond\"]}]},{\"@type\":\"WebPage\",\"@id\":\"https:\\\/\\\/revistaliterariaelgatonegro.com\\\/?p=22501\",\"url\":\"https:\\\/\\\/revistaliterariaelgatonegro.com\\\/?p=22501\",\"name\":\"Audi Future Stories bate r\u00e9cord de participaci\u00f3n y consolida su conexi\u00f3n con el talento joven - REVISTA CULTURAL\",\"isPartOf\":{\"@id\":\"https:\\\/\\\/revistaliterariaelgatonegro.com\\\/#website\"},\"primaryImageOfPage\":{\"@id\":\"https:\\\/\\\/revistaliterariaelgatonegro.com\\\/?p=22501#primaryimage\"},\"image\":{\"@id\":\"https:\\\/\\\/revistaliterariaelgatonegro.com\\\/?p=22501#primaryimage\"},\"thumbnailUrl\":\"https:\\\/\\\/revistaliterariaelgatonegro.com\\\/wp-content\\\/uploads\\\/2026\\\/04\\\/AUDI-FUTURE-STORIES-RODAJE-scaled.jpg\",\"datePublished\":\"2026-04-21T09:33:11+00:00\",\"dateModified\":\"2026-04-21T09:33:13+00:00\",\"breadcrumb\":{\"@id\":\"https:\\\/\\\/revistaliterariaelgatonegro.com\\\/?p=22501#breadcrumb\"},\"inLanguage\":\"es\",\"potentialAction\":[{\"@type\":\"ReadAction\",\"target\":[\"https:\\\/\\\/revistaliterariaelgatonegro.com\\\/?p=22501\"]}]},{\"@type\":\"ImageObject\",\"inLanguage\":\"es\",\"@id\":\"https:\\\/\\\/revistaliterariaelgatonegro.com\\\/?p=22501#primaryimage\",\"url\":\"https:\\\/\\\/revistaliterariaelgatonegro.com\\\/wp-content\\\/uploads\\\/2026\\\/04\\\/AUDI-FUTURE-STORIES-RODAJE-scaled.jpg\",\"contentUrl\":\"https:\\\/\\\/revistaliterariaelgatonegro.com\\\/wp-content\\\/uploads\\\/2026\\\/04\\\/AUDI-FUTURE-STORIES-RODAJE-scaled.jpg\",\"width\":2560,\"height\":1706},{\"@type\":\"BreadcrumbList\",\"@id\":\"https:\\\/\\\/revistaliterariaelgatonegro.com\\\/?p=22501#breadcrumb\",\"itemListElement\":[{\"@type\":\"ListItem\",\"position\":1,\"name\":\"Portada\",\"item\":\"https:\\\/\\\/revistaliterariaelgatonegro.com\\\/\"},{\"@type\":\"ListItem\",\"position\":2,\"name\":\"Audi Future Stories bate r\u00e9cord de participaci\u00f3n y consolida su conexi\u00f3n con el talento joven\"}]},{\"@type\":\"WebSite\",\"@id\":\"https:\\\/\\\/revistaliterariaelgatonegro.com\\\/#website\",\"url\":\"https:\\\/\\\/revistaliterariaelgatonegro.com\\\/\",\"name\":\"REVISTA CULTURAL\",\"description\":\" Un nuevo espacio para la divulgaci\u00f3n literaria, as\u00ed como dem\u00e1s artes \",\"publisher\":{\"@id\":\"https:\\\/\\\/revistaliterariaelgatonegro.com\\\/#\\\/schema\\\/person\\\/6a37dd51e0f101e394e91c123fd12e8a\"},\"potentialAction\":[{\"@type\":\"SearchAction\",\"target\":{\"@type\":\"EntryPoint\",\"urlTemplate\":\"https:\\\/\\\/revistaliterariaelgatonegro.com\\\/?s={search_term_string}\"},\"query-input\":{\"@type\":\"PropertyValueSpecification\",\"valueRequired\":true,\"valueName\":\"search_term_string\"}}],\"inLanguage\":\"es\"},{\"@type\":[\"Person\",\"Organization\"],\"@id\":\"https:\\\/\\\/revistaliterariaelgatonegro.com\\\/#\\\/schema\\\/person\\\/6a37dd51e0f101e394e91c123fd12e8a\",\"name\":\"administrador\",\"image\":{\"@type\":\"ImageObject\",\"inLanguage\":\"es\",\"@id\":\"https:\\\/\\\/revistaliterariaelgatonegro.com\\\/wp-content\\\/uploads\\\/2025\\\/12\\\/cropped-Logotipo-Logo-Marca-personal-Pastel-Amarillo-12-Photoroom.png\",\"url\":\"https:\\\/\\\/revistaliterariaelgatonegro.com\\\/wp-content\\\/uploads\\\/2025\\\/12\\\/cropped-Logotipo-Logo-Marca-personal-Pastel-Amarillo-12-Photoroom.png\",\"contentUrl\":\"https:\\\/\\\/revistaliterariaelgatonegro.com\\\/wp-content\\\/uploads\\\/2025\\\/12\\\/cropped-Logotipo-Logo-Marca-personal-Pastel-Amarillo-12-Photoroom.png\",\"width\":364,\"height\":212,\"caption\":\"administrador\"},\"logo\":{\"@id\":\"https:\\\/\\\/revistaliterariaelgatonegro.com\\\/wp-content\\\/uploads\\\/2025\\\/12\\\/cropped-Logotipo-Logo-Marca-personal-Pastel-Amarillo-12-Photoroom.png\"},\"sameAs\":[\"http:\\\/\\\/s864831950.mialojamiento.es\"]}]}<\/script>\n<!-- \/ Yoast SEO plugin. -->","yoast_head_json":{"title":"Audi Future Stories bate r\u00e9cord de participaci\u00f3n y consolida su conexi\u00f3n con el talento joven - REVISTA CULTURAL","robots":{"index":"index","follow":"follow","max-snippet":"max-snippet:-1","max-image-preview":"max-image-preview:large","max-video-preview":"max-video-preview:-1"},"canonical":"https:\/\/revistaliterariaelgatonegro.com\/?p=22501","og_locale":"es_ES","og_type":"article","og_title":"Audi Future Stories bate r\u00e9cord de participaci\u00f3n y consolida su conexi\u00f3n con el talento joven - REVISTA CULTURAL","og_description":"El certamen de cortometrajes impulsado por Audi ha alcanzado cifras hist\u00f3ricas de inscripci\u00f3n en su sexta edici\u00f3n Audi","og_url":"https:\/\/revistaliterariaelgatonegro.com\/?p=22501","og_site_name":"REVISTA CULTURAL","article_published_time":"2026-04-21T09:33:11+00:00","article_modified_time":"2026-04-21T09:33:13+00:00","og_image":[{"width":2560,"height":1706,"url":"https:\/\/revistaliterariaelgatonegro.com\/wp-content\/uploads\/2026\/04\/AUDI-FUTURE-STORIES-RODAJE-scaled.jpg","type":"image\/jpeg"}],"author":"administrador","twitter_card":"summary_large_image","twitter_misc":{"Escrito por":false,"Tiempo de lectura":"3 minutos"},"schema":{"@context":"https:\/\/schema.org","@graph":[{"@type":"Article","@id":"https:\/\/revistaliterariaelgatonegro.com\/?p=22501#article","isPartOf":{"@id":"https:\/\/revistaliterariaelgatonegro.com\/?p=22501"},"author":{"name":"administrador","@id":"https:\/\/revistaliterariaelgatonegro.com\/#\/schema\/person\/6a37dd51e0f101e394e91c123fd12e8a"},"headline":"Audi Future Stories bate r\u00e9cord de participaci\u00f3n y consolida su conexi\u00f3n con el talento joven","datePublished":"2026-04-21T09:33:11+00:00","dateModified":"2026-04-21T09:33:13+00:00","mainEntityOfPage":{"@id":"https:\/\/revistaliterariaelgatonegro.com\/?p=22501"},"wordCount":583,"commentCount":0,"publisher":{"@id":"https:\/\/revistaliterariaelgatonegro.com\/#\/schema\/person\/6a37dd51e0f101e394e91c123fd12e8a"},"image":{"@id":"https:\/\/revistaliterariaelgatonegro.com\/?p=22501#primaryimage"},"thumbnailUrl":"https:\/\/revistaliterariaelgatonegro.com\/wp-content\/uploads\/2026\/04\/AUDI-FUTURE-STORIES-RODAJE-scaled.jpg","articleSection":["Actualidad","Cine"],"inLanguage":"es","potentialAction":[{"@type":"CommentAction","name":"Comment","target":["https:\/\/revistaliterariaelgatonegro.com\/?p=22501#respond"]}]},{"@type":"WebPage","@id":"https:\/\/revistaliterariaelgatonegro.com\/?p=22501","url":"https:\/\/revistaliterariaelgatonegro.com\/?p=22501","name":"Audi Future Stories bate r\u00e9cord de participaci\u00f3n y consolida su conexi\u00f3n con el talento joven - REVISTA CULTURAL","isPartOf":{"@id":"https:\/\/revistaliterariaelgatonegro.com\/#website"},"primaryImageOfPage":{"@id":"https:\/\/revistaliterariaelgatonegro.com\/?p=22501#primaryimage"},"image":{"@id":"https:\/\/revistaliterariaelgatonegro.com\/?p=22501#primaryimage"},"thumbnailUrl":"https:\/\/revistaliterariaelgatonegro.com\/wp-content\/uploads\/2026\/04\/AUDI-FUTURE-STORIES-RODAJE-scaled.jpg","datePublished":"2026-04-21T09:33:11+00:00","dateModified":"2026-04-21T09:33:13+00:00","breadcrumb":{"@id":"https:\/\/revistaliterariaelgatonegro.com\/?p=22501#breadcrumb"},"inLanguage":"es","potentialAction":[{"@type":"ReadAction","target":["https:\/\/revistaliterariaelgatonegro.com\/?p=22501"]}]},{"@type":"ImageObject","inLanguage":"es","@id":"https:\/\/revistaliterariaelgatonegro.com\/?p=22501#primaryimage","url":"https:\/\/revistaliterariaelgatonegro.com\/wp-content\/uploads\/2026\/04\/AUDI-FUTURE-STORIES-RODAJE-scaled.jpg","contentUrl":"https:\/\/revistaliterariaelgatonegro.com\/wp-content\/uploads\/2026\/04\/AUDI-FUTURE-STORIES-RODAJE-scaled.jpg","width":2560,"height":1706},{"@type":"BreadcrumbList","@id":"https:\/\/revistaliterariaelgatonegro.com\/?p=22501#breadcrumb","itemListElement":[{"@type":"ListItem","position":1,"name":"Portada","item":"https:\/\/revistaliterariaelgatonegro.com\/"},{"@type":"ListItem","position":2,"name":"Audi Future Stories bate r\u00e9cord de participaci\u00f3n y consolida su conexi\u00f3n con el talento joven"}]},{"@type":"WebSite","@id":"https:\/\/revistaliterariaelgatonegro.com\/#website","url":"https:\/\/revistaliterariaelgatonegro.com\/","name":"REVISTA CULTURAL","description":" Un nuevo espacio para la divulgaci\u00f3n literaria, as\u00ed como dem\u00e1s artes ","publisher":{"@id":"https:\/\/revistaliterariaelgatonegro.com\/#\/schema\/person\/6a37dd51e0f101e394e91c123fd12e8a"},"potentialAction":[{"@type":"SearchAction","target":{"@type":"EntryPoint","urlTemplate":"https:\/\/revistaliterariaelgatonegro.com\/?s={search_term_string}"},"query-input":{"@type":"PropertyValueSpecification","valueRequired":true,"valueName":"search_term_string"}}],"inLanguage":"es"},{"@type":["Person","Organization"],"@id":"https:\/\/revistaliterariaelgatonegro.com\/#\/schema\/person\/6a37dd51e0f101e394e91c123fd12e8a","name":"administrador","image":{"@type":"ImageObject","inLanguage":"es","@id":"https:\/\/revistaliterariaelgatonegro.com\/wp-content\/uploads\/2025\/12\/cropped-Logotipo-Logo-Marca-personal-Pastel-Amarillo-12-Photoroom.png","url":"https:\/\/revistaliterariaelgatonegro.com\/wp-content\/uploads\/2025\/12\/cropped-Logotipo-Logo-Marca-personal-Pastel-Amarillo-12-Photoroom.png","contentUrl":"https:\/\/revistaliterariaelgatonegro.com\/wp-content\/uploads\/2025\/12\/cropped-Logotipo-Logo-Marca-personal-Pastel-Amarillo-12-Photoroom.png","width":364,"height":212,"caption":"administrador"},"logo":{"@id":"https:\/\/revistaliterariaelgatonegro.com\/wp-content\/uploads\/2025\/12\/cropped-Logotipo-Logo-Marca-personal-Pastel-Amarillo-12-Photoroom.png"},"sameAs":["http:\/\/s864831950.mialojamiento.es"]}]}},"featured_image_urls":{"full":["https:\/\/revistaliterariaelgatonegro.com\/wp-content\/uploads\/2026\/04\/AUDI-FUTURE-STORIES-RODAJE-scaled.jpg",2560,1706,false],"thumbnail":["https:\/\/revistaliterariaelgatonegro.com\/wp-content\/uploads\/2026\/04\/AUDI-FUTURE-STORIES-RODAJE-150x150.jpg",150,150,true],"medium":["https:\/\/revistaliterariaelgatonegro.com\/wp-content\/uploads\/2026\/04\/AUDI-FUTURE-STORIES-RODAJE-300x200.jpg",300,200,true],"medium_large":["https:\/\/revistaliterariaelgatonegro.com\/wp-content\/uploads\/2026\/04\/AUDI-FUTURE-STORIES-RODAJE-768x512.jpg",640,427,true],"large":["https:\/\/revistaliterariaelgatonegro.com\/wp-content\/uploads\/2026\/04\/AUDI-FUTURE-STORIES-RODAJE-700x467.jpg",640,427,true],"1536x1536":["https:\/\/revistaliterariaelgatonegro.com\/wp-content\/uploads\/2026\/04\/AUDI-FUTURE-STORIES-RODAJE-1536x1024.jpg",1536,1024,true],"2048x2048":["https:\/\/revistaliterariaelgatonegro.com\/wp-content\/uploads\/2026\/04\/AUDI-FUTURE-STORIES-RODAJE-2048x1365.jpg",2048,1365,true],"morenews-large":["https:\/\/revistaliterariaelgatonegro.com\/wp-content\/uploads\/2026\/04\/AUDI-FUTURE-STORIES-RODAJE-825x575.jpg",825,575,true],"morenews-medium":["https:\/\/revistaliterariaelgatonegro.com\/wp-content\/uploads\/2026\/04\/AUDI-FUTURE-STORIES-RODAJE-590x410.jpg",590,410,true],"woocommerce_thumbnail":["https:\/\/revistaliterariaelgatonegro.com\/wp-content\/uploads\/2026\/04\/AUDI-FUTURE-STORIES-RODAJE-300x200.jpg",300,200,true],"woocommerce_single":["https:\/\/revistaliterariaelgatonegro.com\/wp-content\/uploads\/2026\/04\/AUDI-FUTURE-STORIES-RODAJE-300x200.jpg",300,200,true],"woocommerce_gallery_thumbnail":["https:\/\/revistaliterariaelgatonegro.com\/wp-content\/uploads\/2026\/04\/AUDI-FUTURE-STORIES-RODAJE-100x100.jpg",100,100,true],"dgwt-wcas-product-suggestion":["https:\/\/revistaliterariaelgatonegro.com\/wp-content\/uploads\/2026\/04\/AUDI-FUTURE-STORIES-RODAJE-64x43.jpg",64,43,true]},"author_info":{"display_name":false,"author_link":"https:\/\/revistaliterariaelgatonegro.com\/?author=1"},"category_info":"<a href=\"https:\/\/revistaliterariaelgatonegro.com\/?cat=134\" rel=\"category\">Actualidad<\/a> <a href=\"https:\/\/revistaliterariaelgatonegro.com\/?cat=75\" rel=\"category\">Cine<\/a>","tag_info":"Cine","comment_count":"0","_links":{"self":[{"href":"https:\/\/revistaliterariaelgatonegro.com\/index.php?rest_route=\/wp\/v2\/posts\/22501","targetHints":{"allow":["GET"]}}],"collection":[{"href":"https:\/\/revistaliterariaelgatonegro.com\/index.php?rest_route=\/wp\/v2\/posts"}],"about":[{"href":"https:\/\/revistaliterariaelgatonegro.com\/index.php?rest_route=\/wp\/v2\/types\/post"}],"author":[{"embeddable":true,"href":"https:\/\/revistaliterariaelgatonegro.com\/index.php?rest_route=\/wp\/v2\/users\/1"}],"replies":[{"embeddable":true,"href":"https:\/\/revistaliterariaelgatonegro.com\/index.php?rest_route=%2Fwp%2Fv2%2Fcomments&post=22501"}],"version-history":[{"count":1,"href":"https:\/\/revistaliterariaelgatonegro.com\/index.php?rest_route=\/wp\/v2\/posts\/22501\/revisions"}],"predecessor-version":[{"id":22502,"href":"https:\/\/revistaliterariaelgatonegro.com\/index.php?rest_route=\/wp\/v2\/posts\/22501\/revisions\/22502"}],"wp:featuredmedia":[{"embeddable":true,"href":"https:\/\/revistaliterariaelgatonegro.com\/index.php?rest_route=\/wp\/v2\/media\/22503"}],"wp:attachment":[{"href":"https:\/\/revistaliterariaelgatonegro.com\/index.php?rest_route=%2Fwp%2Fv2%2Fmedia&parent=22501"}],"wp:term":[{"taxonomy":"category","embeddable":true,"href":"https:\/\/revistaliterariaelgatonegro.com\/index.php?rest_route=%2Fwp%2Fv2%2Fcategories&post=22501"},{"taxonomy":"post_tag","embeddable":true,"href":"https:\/\/revistaliterariaelgatonegro.com\/index.php?rest_route=%2Fwp%2Fv2%2Ftags&post=22501"}],"curies":[{"name":"wp","href":"https:\/\/api.w.org\/{rel}","templated":true}]}}