{"id":22133,"date":"2026-01-28T15:05:07","date_gmt":"2026-01-28T15:05:07","guid":{"rendered":"https:\/\/revistaliterariaelgatonegro.com\/?p=22133"},"modified":"2026-01-28T15:09:01","modified_gmt":"2026-01-28T15:09:01","slug":"premio-mundial-de-poesia-mistica-fernando-rielo","status":"publish","type":"post","link":"https:\/\/revistaliterariaelgatonegro.com\/?p=22133","title":{"rendered":"Premio Mundial de Poes\u00eda M\u00edstica Fernando Rielo"},"content":{"rendered":"\n<h2 class=\"wp-block-heading has-text-align-center\">Un viaje literario hacia lo trascendente<\/h2>\n\n\n\n<p>\u00a1Bienvenidos, amantes de la palabra y buscadores de lo espiritual! Es un honor presentar el Premio Mundial de Poes\u00eda M\u00edstica <a href=\"https:\/\/rielo.org\/\">Fernando Rielo<\/a>, ya en su XLVI edici\u00f3n en el presente 2026., un espacio donde la creatividad y la profundidad se entrelazan para explorar los misterios del alma y la conexi\u00f3n con lo divino. La poes\u00eda m\u00edstica nos invita a mirar m\u00e1s all\u00e1 de lo tangible y adentrarnos en el mundo de las emociones, los s\u00edmbolos y la trascendencia, inspir\u00e1ndonos a expresar lo inexpresable.<\/p>\n\n\n\n<p>Este certamen pretende reunir voces diversas que, a trav\u00e9s de versos, se atreven a explorar los l\u00edmites entre lo humano y lo eterno, celebrando la riqueza de la tradici\u00f3n m\u00edstica en la literatura. Animamos a todos los participantes a dejarse llevar por la intuici\u00f3n y el sentimiento, plasmando en sus poemas la luz interior, el anhelo de infinito y la b\u00fasqueda de respuestas en el silencio y la contemplaci\u00f3n.<\/p>\n\n\n\n<p>Os invitamos a compartir vuestra visi\u00f3n \u00fanica, a emocionar, sorprender y conmover a trav\u00e9s de la palabra, y a formar parte de esta experiencia po\u00e9tica que nos une en la b\u00fasqueda de sentido y belleza. Que la inspiraci\u00f3n os acompa\u00f1e en este camino literario hacia lo desconocido. \u00a1Mucha suerte a todos los concursantes!<\/p>\n\n\n\n<p class=\"has-text-align-right\"><a href=\"https:\/\/revistaliterariaelgatonegro.com\/wp-content\/uploads\/2026\/01\/ESP_2026_PremioPoesiaMistica-1.pdf\">Descargar bases<\/a><\/p>\n","protected":false},"excerpt":{"rendered":"<p>Un viaje literario hacia lo trascendente \u00a1Bienvenidos, amantes de la palabra y buscadores de lo espiritual! Es un<\/p>\n","protected":false},"author":1,"featured_media":22137,"comment_status":"open","ping_status":"open","sticky":false,"template":"","format":"standard","meta":{"footnotes":""},"categories":[81,135],"tags":[],"class_list":["post-22133","post","type-post","status-publish","format-standard","has-post-thumbnail","hentry","category-concursos","category-general"],"yoast_head":"<!-- This site is optimized with the Yoast SEO plugin v27.5 - https:\/\/yoast.com\/product\/yoast-seo-wordpress\/ -->\n<title>Premio Mundial de Poes\u00eda M\u00edstica Fernando Rielo - REVISTA CULTURAL<\/title>\n<meta name=\"robots\" content=\"index, follow, max-snippet:-1, max-image-preview:large, max-video-preview:-1\" \/>\n<link rel=\"canonical\" href=\"https:\/\/revistaliterariaelgatonegro.com\/?p=22133\" \/>\n<meta property=\"og:locale\" content=\"es_ES\" \/>\n<meta property=\"og:type\" content=\"article\" \/>\n<meta property=\"og:title\" content=\"Premio Mundial de Poes\u00eda M\u00edstica Fernando Rielo - REVISTA CULTURAL\" \/>\n<meta property=\"og:description\" content=\"Un viaje literario hacia lo trascendente \u00a1Bienvenidos, amantes de la palabra y buscadores de lo espiritual! Es un\" \/>\n<meta property=\"og:url\" content=\"https:\/\/revistaliterariaelgatonegro.com\/?p=22133\" \/>\n<meta property=\"og:site_name\" content=\"REVISTA CULTURAL\" \/>\n<meta property=\"article:published_time\" content=\"2026-01-28T15:05:07+00:00\" \/>\n<meta property=\"article:modified_time\" content=\"2026-01-28T15:09:01+00:00\" \/>\n<meta property=\"og:image\" content=\"https:\/\/revistaliterariaelgatonegro.com\/wp-content\/uploads\/2026\/01\/premio-poesia-mistica-scaled.jpg\" \/>\n\t<meta property=\"og:image:width\" content=\"2560\" \/>\n\t<meta property=\"og:image:height\" content=\"1280\" \/>\n\t<meta property=\"og:image:type\" content=\"image\/jpeg\" \/>\n<meta name=\"author\" content=\"administrador\" \/>\n<meta name=\"twitter:card\" content=\"summary_large_image\" \/>\n<meta name=\"twitter:label1\" content=\"Escrito por\" \/>\n\t<meta name=\"twitter:data1\" content=\"\" \/>\n\t<meta name=\"twitter:label2\" content=\"Tiempo de lectura\" \/>\n\t<meta name=\"twitter:data2\" content=\"2 minutos\" \/>\n<script type=\"application\/ld+json\" class=\"yoast-schema-graph\">{\"@context\":\"https:\\\/\\\/schema.org\",\"@graph\":[{\"@type\":\"Article\",\"@id\":\"https:\\\/\\\/revistaliterariaelgatonegro.com\\\/?p=22133#article\",\"isPartOf\":{\"@id\":\"https:\\\/\\\/revistaliterariaelgatonegro.com\\\/?p=22133\"},\"author\":{\"name\":\"administrador\",\"@id\":\"https:\\\/\\\/revistaliterariaelgatonegro.com\\\/#\\\/schema\\\/person\\\/6a37dd51e0f101e394e91c123fd12e8a\"},\"headline\":\"Premio Mundial de Poes\u00eda M\u00edstica Fernando Rielo\",\"datePublished\":\"2026-01-28T15:05:07+00:00\",\"dateModified\":\"2026-01-28T15:09:01+00:00\",\"mainEntityOfPage\":{\"@id\":\"https:\\\/\\\/revistaliterariaelgatonegro.com\\\/?p=22133\"},\"wordCount\":243,\"commentCount\":0,\"publisher\":{\"@id\":\"https:\\\/\\\/revistaliterariaelgatonegro.com\\\/#\\\/schema\\\/person\\\/6a37dd51e0f101e394e91c123fd12e8a\"},\"image\":{\"@id\":\"https:\\\/\\\/revistaliterariaelgatonegro.com\\\/?p=22133#primaryimage\"},\"thumbnailUrl\":\"https:\\\/\\\/revistaliterariaelgatonegro.com\\\/wp-content\\\/uploads\\\/2026\\\/01\\\/premio-poesia-mistica-scaled.jpg\",\"articleSection\":[\"Concursos\",\"General\"],\"inLanguage\":\"es\",\"potentialAction\":[{\"@type\":\"CommentAction\",\"name\":\"Comment\",\"target\":[\"https:\\\/\\\/revistaliterariaelgatonegro.com\\\/?p=22133#respond\"]}]},{\"@type\":\"WebPage\",\"@id\":\"https:\\\/\\\/revistaliterariaelgatonegro.com\\\/?p=22133\",\"url\":\"https:\\\/\\\/revistaliterariaelgatonegro.com\\\/?p=22133\",\"name\":\"Premio Mundial de Poes\u00eda M\u00edstica Fernando Rielo - REVISTA CULTURAL\",\"isPartOf\":{\"@id\":\"https:\\\/\\\/revistaliterariaelgatonegro.com\\\/#website\"},\"primaryImageOfPage\":{\"@id\":\"https:\\\/\\\/revistaliterariaelgatonegro.com\\\/?p=22133#primaryimage\"},\"image\":{\"@id\":\"https:\\\/\\\/revistaliterariaelgatonegro.com\\\/?p=22133#primaryimage\"},\"thumbnailUrl\":\"https:\\\/\\\/revistaliterariaelgatonegro.com\\\/wp-content\\\/uploads\\\/2026\\\/01\\\/premio-poesia-mistica-scaled.jpg\",\"datePublished\":\"2026-01-28T15:05:07+00:00\",\"dateModified\":\"2026-01-28T15:09:01+00:00\",\"breadcrumb\":{\"@id\":\"https:\\\/\\\/revistaliterariaelgatonegro.com\\\/?p=22133#breadcrumb\"},\"inLanguage\":\"es\",\"potentialAction\":[{\"@type\":\"ReadAction\",\"target\":[\"https:\\\/\\\/revistaliterariaelgatonegro.com\\\/?p=22133\"]}]},{\"@type\":\"ImageObject\",\"inLanguage\":\"es\",\"@id\":\"https:\\\/\\\/revistaliterariaelgatonegro.com\\\/?p=22133#primaryimage\",\"url\":\"https:\\\/\\\/revistaliterariaelgatonegro.com\\\/wp-content\\\/uploads\\\/2026\\\/01\\\/premio-poesia-mistica-scaled.jpg\",\"contentUrl\":\"https:\\\/\\\/revistaliterariaelgatonegro.com\\\/wp-content\\\/uploads\\\/2026\\\/01\\\/premio-poesia-mistica-scaled.jpg\",\"width\":2560,\"height\":1280},{\"@type\":\"BreadcrumbList\",\"@id\":\"https:\\\/\\\/revistaliterariaelgatonegro.com\\\/?p=22133#breadcrumb\",\"itemListElement\":[{\"@type\":\"ListItem\",\"position\":1,\"name\":\"Portada\",\"item\":\"https:\\\/\\\/revistaliterariaelgatonegro.com\\\/\"},{\"@type\":\"ListItem\",\"position\":2,\"name\":\"Premio Mundial de Poes\u00eda M\u00edstica Fernando Rielo\"}]},{\"@type\":\"WebSite\",\"@id\":\"https:\\\/\\\/revistaliterariaelgatonegro.com\\\/#website\",\"url\":\"https:\\\/\\\/revistaliterariaelgatonegro.com\\\/\",\"name\":\"REVISTA CULTURAL\",\"description\":\" Un nuevo espacio para la divulgaci\u00f3n literaria, as\u00ed como dem\u00e1s artes \",\"publisher\":{\"@id\":\"https:\\\/\\\/revistaliterariaelgatonegro.com\\\/#\\\/schema\\\/person\\\/6a37dd51e0f101e394e91c123fd12e8a\"},\"potentialAction\":[{\"@type\":\"SearchAction\",\"target\":{\"@type\":\"EntryPoint\",\"urlTemplate\":\"https:\\\/\\\/revistaliterariaelgatonegro.com\\\/?s={search_term_string}\"},\"query-input\":{\"@type\":\"PropertyValueSpecification\",\"valueRequired\":true,\"valueName\":\"search_term_string\"}}],\"inLanguage\":\"es\"},{\"@type\":[\"Person\",\"Organization\"],\"@id\":\"https:\\\/\\\/revistaliterariaelgatonegro.com\\\/#\\\/schema\\\/person\\\/6a37dd51e0f101e394e91c123fd12e8a\",\"name\":\"administrador\",\"image\":{\"@type\":\"ImageObject\",\"inLanguage\":\"es\",\"@id\":\"https:\\\/\\\/revistaliterariaelgatonegro.com\\\/wp-content\\\/uploads\\\/2025\\\/12\\\/cropped-Logotipo-Logo-Marca-personal-Pastel-Amarillo-12-Photoroom.png\",\"url\":\"https:\\\/\\\/revistaliterariaelgatonegro.com\\\/wp-content\\\/uploads\\\/2025\\\/12\\\/cropped-Logotipo-Logo-Marca-personal-Pastel-Amarillo-12-Photoroom.png\",\"contentUrl\":\"https:\\\/\\\/revistaliterariaelgatonegro.com\\\/wp-content\\\/uploads\\\/2025\\\/12\\\/cropped-Logotipo-Logo-Marca-personal-Pastel-Amarillo-12-Photoroom.png\",\"width\":364,\"height\":212,\"caption\":\"administrador\"},\"logo\":{\"@id\":\"https:\\\/\\\/revistaliterariaelgatonegro.com\\\/wp-content\\\/uploads\\\/2025\\\/12\\\/cropped-Logotipo-Logo-Marca-personal-Pastel-Amarillo-12-Photoroom.png\"},\"sameAs\":[\"http:\\\/\\\/s864831950.mialojamiento.es\"]}]}<\/script>\n<!-- \/ Yoast SEO plugin. -->","yoast_head_json":{"title":"Premio Mundial de Poes\u00eda M\u00edstica Fernando Rielo - REVISTA CULTURAL","robots":{"index":"index","follow":"follow","max-snippet":"max-snippet:-1","max-image-preview":"max-image-preview:large","max-video-preview":"max-video-preview:-1"},"canonical":"https:\/\/revistaliterariaelgatonegro.com\/?p=22133","og_locale":"es_ES","og_type":"article","og_title":"Premio Mundial de Poes\u00eda M\u00edstica Fernando Rielo - REVISTA CULTURAL","og_description":"Un viaje literario hacia lo trascendente \u00a1Bienvenidos, amantes de la palabra y buscadores de lo espiritual! Es un","og_url":"https:\/\/revistaliterariaelgatonegro.com\/?p=22133","og_site_name":"REVISTA CULTURAL","article_published_time":"2026-01-28T15:05:07+00:00","article_modified_time":"2026-01-28T15:09:01+00:00","og_image":[{"width":2560,"height":1280,"url":"https:\/\/revistaliterariaelgatonegro.com\/wp-content\/uploads\/2026\/01\/premio-poesia-mistica-scaled.jpg","type":"image\/jpeg"}],"author":"administrador","twitter_card":"summary_large_image","twitter_misc":{"Escrito por":false,"Tiempo de lectura":"2 minutos"},"schema":{"@context":"https:\/\/schema.org","@graph":[{"@type":"Article","@id":"https:\/\/revistaliterariaelgatonegro.com\/?p=22133#article","isPartOf":{"@id":"https:\/\/revistaliterariaelgatonegro.com\/?p=22133"},"author":{"name":"administrador","@id":"https:\/\/revistaliterariaelgatonegro.com\/#\/schema\/person\/6a37dd51e0f101e394e91c123fd12e8a"},"headline":"Premio Mundial de Poes\u00eda M\u00edstica Fernando Rielo","datePublished":"2026-01-28T15:05:07+00:00","dateModified":"2026-01-28T15:09:01+00:00","mainEntityOfPage":{"@id":"https:\/\/revistaliterariaelgatonegro.com\/?p=22133"},"wordCount":243,"commentCount":0,"publisher":{"@id":"https:\/\/revistaliterariaelgatonegro.com\/#\/schema\/person\/6a37dd51e0f101e394e91c123fd12e8a"},"image":{"@id":"https:\/\/revistaliterariaelgatonegro.com\/?p=22133#primaryimage"},"thumbnailUrl":"https:\/\/revistaliterariaelgatonegro.com\/wp-content\/uploads\/2026\/01\/premio-poesia-mistica-scaled.jpg","articleSection":["Concursos","General"],"inLanguage":"es","potentialAction":[{"@type":"CommentAction","name":"Comment","target":["https:\/\/revistaliterariaelgatonegro.com\/?p=22133#respond"]}]},{"@type":"WebPage","@id":"https:\/\/revistaliterariaelgatonegro.com\/?p=22133","url":"https:\/\/revistaliterariaelgatonegro.com\/?p=22133","name":"Premio Mundial de Poes\u00eda M\u00edstica Fernando Rielo - REVISTA CULTURAL","isPartOf":{"@id":"https:\/\/revistaliterariaelgatonegro.com\/#website"},"primaryImageOfPage":{"@id":"https:\/\/revistaliterariaelgatonegro.com\/?p=22133#primaryimage"},"image":{"@id":"https:\/\/revistaliterariaelgatonegro.com\/?p=22133#primaryimage"},"thumbnailUrl":"https:\/\/revistaliterariaelgatonegro.com\/wp-content\/uploads\/2026\/01\/premio-poesia-mistica-scaled.jpg","datePublished":"2026-01-28T15:05:07+00:00","dateModified":"2026-01-28T15:09:01+00:00","breadcrumb":{"@id":"https:\/\/revistaliterariaelgatonegro.com\/?p=22133#breadcrumb"},"inLanguage":"es","potentialAction":[{"@type":"ReadAction","target":["https:\/\/revistaliterariaelgatonegro.com\/?p=22133"]}]},{"@type":"ImageObject","inLanguage":"es","@id":"https:\/\/revistaliterariaelgatonegro.com\/?p=22133#primaryimage","url":"https:\/\/revistaliterariaelgatonegro.com\/wp-content\/uploads\/2026\/01\/premio-poesia-mistica-scaled.jpg","contentUrl":"https:\/\/revistaliterariaelgatonegro.com\/wp-content\/uploads\/2026\/01\/premio-poesia-mistica-scaled.jpg","width":2560,"height":1280},{"@type":"BreadcrumbList","@id":"https:\/\/revistaliterariaelgatonegro.com\/?p=22133#breadcrumb","itemListElement":[{"@type":"ListItem","position":1,"name":"Portada","item":"https:\/\/revistaliterariaelgatonegro.com\/"},{"@type":"ListItem","position":2,"name":"Premio Mundial de Poes\u00eda M\u00edstica Fernando Rielo"}]},{"@type":"WebSite","@id":"https:\/\/revistaliterariaelgatonegro.com\/#website","url":"https:\/\/revistaliterariaelgatonegro.com\/","name":"REVISTA CULTURAL","description":" Un nuevo espacio para la divulgaci\u00f3n literaria, as\u00ed como dem\u00e1s artes ","publisher":{"@id":"https:\/\/revistaliterariaelgatonegro.com\/#\/schema\/person\/6a37dd51e0f101e394e91c123fd12e8a"},"potentialAction":[{"@type":"SearchAction","target":{"@type":"EntryPoint","urlTemplate":"https:\/\/revistaliterariaelgatonegro.com\/?s={search_term_string}"},"query-input":{"@type":"PropertyValueSpecification","valueRequired":true,"valueName":"search_term_string"}}],"inLanguage":"es"},{"@type":["Person","Organization"],"@id":"https:\/\/revistaliterariaelgatonegro.com\/#\/schema\/person\/6a37dd51e0f101e394e91c123fd12e8a","name":"administrador","image":{"@type":"ImageObject","inLanguage":"es","@id":"https:\/\/revistaliterariaelgatonegro.com\/wp-content\/uploads\/2025\/12\/cropped-Logotipo-Logo-Marca-personal-Pastel-Amarillo-12-Photoroom.png","url":"https:\/\/revistaliterariaelgatonegro.com\/wp-content\/uploads\/2025\/12\/cropped-Logotipo-Logo-Marca-personal-Pastel-Amarillo-12-Photoroom.png","contentUrl":"https:\/\/revistaliterariaelgatonegro.com\/wp-content\/uploads\/2025\/12\/cropped-Logotipo-Logo-Marca-personal-Pastel-Amarillo-12-Photoroom.png","width":364,"height":212,"caption":"administrador"},"logo":{"@id":"https:\/\/revistaliterariaelgatonegro.com\/wp-content\/uploads\/2025\/12\/cropped-Logotipo-Logo-Marca-personal-Pastel-Amarillo-12-Photoroom.png"},"sameAs":["http:\/\/s864831950.mialojamiento.es"]}]}},"featured_image_urls":{"full":["https:\/\/revistaliterariaelgatonegro.com\/wp-content\/uploads\/2026\/01\/premio-poesia-mistica-scaled.jpg",2560,1280,false],"thumbnail":["https:\/\/revistaliterariaelgatonegro.com\/wp-content\/uploads\/2026\/01\/premio-poesia-mistica-150x150.jpg",150,150,true],"medium":["https:\/\/revistaliterariaelgatonegro.com\/wp-content\/uploads\/2026\/01\/premio-poesia-mistica-300x150.jpg",300,150,true],"medium_large":["https:\/\/revistaliterariaelgatonegro.com\/wp-content\/uploads\/2026\/01\/premio-poesia-mistica-768x384.jpg",640,320,true],"large":["https:\/\/revistaliterariaelgatonegro.com\/wp-content\/uploads\/2026\/01\/premio-poesia-mistica-700x350.jpg",640,320,true],"1536x1536":["https:\/\/revistaliterariaelgatonegro.com\/wp-content\/uploads\/2026\/01\/premio-poesia-mistica-1536x768.jpg",1536,768,true],"2048x2048":["https:\/\/revistaliterariaelgatonegro.com\/wp-content\/uploads\/2026\/01\/premio-poesia-mistica-2048x1024.jpg",2048,1024,true],"morenews-large":["https:\/\/revistaliterariaelgatonegro.com\/wp-content\/uploads\/2026\/01\/premio-poesia-mistica-825x575.jpg",825,575,true],"morenews-medium":["https:\/\/revistaliterariaelgatonegro.com\/wp-content\/uploads\/2026\/01\/premio-poesia-mistica-590x410.jpg",590,410,true],"woocommerce_thumbnail":["https:\/\/revistaliterariaelgatonegro.com\/wp-content\/uploads\/2026\/01\/premio-poesia-mistica-300x150.jpg",300,150,true],"woocommerce_single":["https:\/\/revistaliterariaelgatonegro.com\/wp-content\/uploads\/2026\/01\/premio-poesia-mistica-300x150.jpg",300,150,true],"woocommerce_gallery_thumbnail":["https:\/\/revistaliterariaelgatonegro.com\/wp-content\/uploads\/2026\/01\/premio-poesia-mistica-100x100.jpg",100,100,true],"dgwt-wcas-product-suggestion":["https:\/\/revistaliterariaelgatonegro.com\/wp-content\/uploads\/2026\/01\/premio-poesia-mistica-64x32.jpg",64,32,true]},"author_info":{"display_name":false,"author_link":"https:\/\/revistaliterariaelgatonegro.com\/?author=1"},"category_info":"<a href=\"https:\/\/revistaliterariaelgatonegro.com\/?cat=81\" rel=\"category\">Concursos<\/a> <a href=\"https:\/\/revistaliterariaelgatonegro.com\/?cat=135\" rel=\"category\">General<\/a>","tag_info":"General","comment_count":"0","_links":{"self":[{"href":"https:\/\/revistaliterariaelgatonegro.com\/index.php?rest_route=\/wp\/v2\/posts\/22133","targetHints":{"allow":["GET"]}}],"collection":[{"href":"https:\/\/revistaliterariaelgatonegro.com\/index.php?rest_route=\/wp\/v2\/posts"}],"about":[{"href":"https:\/\/revistaliterariaelgatonegro.com\/index.php?rest_route=\/wp\/v2\/types\/post"}],"author":[{"embeddable":true,"href":"https:\/\/revistaliterariaelgatonegro.com\/index.php?rest_route=\/wp\/v2\/users\/1"}],"replies":[{"embeddable":true,"href":"https:\/\/revistaliterariaelgatonegro.com\/index.php?rest_route=%2Fwp%2Fv2%2Fcomments&post=22133"}],"version-history":[{"count":2,"href":"https:\/\/revistaliterariaelgatonegro.com\/index.php?rest_route=\/wp\/v2\/posts\/22133\/revisions"}],"predecessor-version":[{"id":22138,"href":"https:\/\/revistaliterariaelgatonegro.com\/index.php?rest_route=\/wp\/v2\/posts\/22133\/revisions\/22138"}],"wp:featuredmedia":[{"embeddable":true,"href":"https:\/\/revistaliterariaelgatonegro.com\/index.php?rest_route=\/wp\/v2\/media\/22137"}],"wp:attachment":[{"href":"https:\/\/revistaliterariaelgatonegro.com\/index.php?rest_route=%2Fwp%2Fv2%2Fmedia&parent=22133"}],"wp:term":[{"taxonomy":"category","embeddable":true,"href":"https:\/\/revistaliterariaelgatonegro.com\/index.php?rest_route=%2Fwp%2Fv2%2Fcategories&post=22133"},{"taxonomy":"post_tag","embeddable":true,"href":"https:\/\/revistaliterariaelgatonegro.com\/index.php?rest_route=%2Fwp%2Fv2%2Ftags&post=22133"}],"curies":[{"name":"wp","href":"https:\/\/api.w.org\/{rel}","templated":true}]}}