{"id":22129,"date":"2026-01-27T15:38:04","date_gmt":"2026-01-27T15:38:04","guid":{"rendered":"https:\/\/revistaliterariaelgatonegro.com\/?p=22129"},"modified":"2026-01-27T15:38:07","modified_gmt":"2026-01-27T15:38:07","slug":"la-literatura-impulsa-el-audiovisual-espanol","status":"publish","type":"post","link":"https:\/\/revistaliterariaelgatonegro.com\/?p=22129","title":{"rendered":"La literatura impulsa el audiovisual espa\u00f1ol"},"content":{"rendered":"\n<h2 class=\"wp-block-heading has-text-align-center\">Las adaptaciones ya suponen el 18% del cine y el 25% de las series, seg\u00fan el nuevo informe sobre el impacto de las adaptaciones literarias en el mercado audiovisual espa\u00f1ol elaborado por el Institut Fran\u00e7ais de Espa\u00f1a y Culturia.<\/h2>\n\n\n\n<p>Hoy se ha presentado en Madrid el Informe de investigaci\u00f3n sobre el impacto de las adaptaciones literarias en el mercado audiovisual espa\u00f1ol, desarrollado por Institut Fran\u00e7ais de Espa\u00f1a y Culturia.&nbsp;&nbsp;<\/p>\n\n\n\n<p>De \u00e9l se desprende que la literatura impulsa el audiovisual espa\u00f1ol: las adaptaciones ya suponen el 18% del cine y el 25% de las series, seg\u00fan el nuevo informe sobre el impacto de las adaptaciones literarias en el mercado audiovisual espa\u00f1ol elaborado por el Institut Fran\u00e7ais de Espa\u00f1a y Culturia<\/p>\n\n\n\n<p>El audiovisual espa\u00f1ol encuentra en las librer\u00edas su mayor vivero de contenidos. Seg\u00fan las conclusiones delInforme de investigaci\u00f3n sobre el impacto de las adaptaciones literarias en el mercado audiovisual espa\u00f1ol, este modelo de producci\u00f3n representa ya entre el 15-18% de los estrenos de cine y escala hasta el 25% en el \u00e1mbito de las series para plataformas.<\/p>\n\n\n\n<p>El estudio impulsado por el <a href=\"https:\/\/www.institutfrancais.es\/\">Institut Fran\u00e7ais de Espa\u00f1a<\/a>y <a href=\"https:\/\/culturia.es\/\">Culturia<\/a>, la empresa de gesti\u00f3n cultural, se present\u00f3 el martes 27 de enero en Madrid, y confirma que el fen\u00f3meno de la adaptaci\u00f3n ha dejado de ser un simple traslado de historias para convertirse en un activo estrat\u00e9gico que garantiza la internacionalizaci\u00f3n y reduce el riesgo financiero en un mercado global altamente competitivo.<\/p>\n\n\n\n<p>El acto de presentaci\u00f3n del informe cont\u00f3 con la presencia de Simond de Galbert, Consejero de Cooperaci\u00f3n y Acci\u00f3n Cultural de la Embajada de Francia en Espa\u00f1a, y Chlo\u00e9 Samaniego, agregada cultural y audiovisual Institut fran\u00e7ais d&#8217;Espagne, e incluy\u00f3 una mesa redonda con Germ\u00e1n Mori, director de Culturia; Gloria Sal\u00f3, directora de consultor\u00eda de producci\u00f3n y contenidos de GECA; y Luis \u00c1ngel Ramirez, productor y director, colaborador de Culturia en la redacci\u00f3n del informe; seguida de un encuentro de networking posterior, donde los y las asistentes pudieron intercambiar sus apreciaciones sobre el informe y el sector en auge de la adaptaci\u00f3n.<\/p>\n\n\n\n<p>En la jornada se abord\u00f3 c\u00f3mo la industria ha evolucionado hacia un ecosistema profesionalizado donde agencias de scouting y departamentos de desarrollo analizan el potencial de las obras antes de su publicaci\u00f3n. El informe destaca que, adem\u00e1s de la calidad literaria, el \u00e9xito depende tambi\u00e9n de las posibilidades transmedia de la IP, la implicaci\u00f3n de la audiencia (engagement), la base de seguidores (fanbase) generadas en entornos digitales como Wattpad. Esta tendencia ha consolidado a la novela juvenil y rom\u00e1ntica como grandes motores de audiencia en series, mientras que el thriller y el drama mantienen su hegemon\u00eda en el cine. Adem\u00e1s, la colaboraci\u00f3n exterior es clave: una de cada cuatro adaptaciones es una coproducci\u00f3n internacional, con Francia como el principal aliado estrat\u00e9gico de Espa\u00f1a. Los mercados de adaptaci\u00f3n como Rodando P\u00e1ginas (Asociaci\u00f3n Madrile\u00f1a Audiovisual), Adapta Market o Conecta Fiction, adem\u00e1s de los eventos especializados como el Festival Anfibia, \u00fanico especializado en adaptaciones y con ediciones a ambos lados del Atl\u00e1ntico, emergen y configuran una red heterog\u00e9nea que ampl\u00eda los canales de circulaci\u00f3n de la propiedad intelectual y que ha contribuido a profesionalizar las relaciones entre editoriales, agentes, autores y productores, y a acelerar sus procesos.<\/p>\n\n\n\n<p>Tambi\u00e9n se abord\u00f3 la cuesti\u00f3n de los derechos de autor y retos creativos en la era del &#8216;streaming&#8217;, ya que el an\u00e1lisis tambi\u00e9n pone el foco en la transformaci\u00f3n de la propiedad intelectual. La entrada de grandes plataformas globales ha introducido f\u00f3rmulas contractuales como el buy-out, que conviven en tensi\u00f3n con la tradici\u00f3n jur\u00eddica espa\u00f1ola de protecci\u00f3n al autor. En el plano creativo, el reto actual reside en la s\u00edntesis y la expansi\u00f3n: mientras el cine condensa tramas, las series buscan sagas que permitan expandir universos narrativos. No obstante, el estudio advierte sobre una asignatura pendiente: el enorme potencial visual del c\u00f3mic espa\u00f1ol, que sigue siendo una fuente subexplotada debido a los altos costes de producci\u00f3n que requiere su traslaci\u00f3n fiel a la pantalla.<\/p>\n\n\n\n<p>El equilibrio entre comercio y cultura es otro de los asuntos a los que llega el informe, que apunta que el futuro del sector pasa por fortalecer los mercados de adaptaci\u00f3n y diversificar las fuentes de contenido. El informe concluye que, para evitar la homogeneizaci\u00f3n est\u00e9tica, es necesario equilibrar los denominados \u00abautores marca\u00bb con nuevas voces emergentes. En este escenario, la adaptaci\u00f3n literaria no solo se confirma como una v\u00eda s\u00f3lida de rentabilidad, sino como una herramienta de prestigio cultural capaz de resignificar las obras originales para las nuevas audiencias globales.<\/p>\n\n\n\n<p><strong>Han participado en el informe:<\/strong> Mediatoon Audiovisual, Scenic Rights, Netflix, Fundaci\u00f3n SGAE, WELAW, GECA, V\u00e9rtigo Films, Zeta Studios, A Contracorriente, Brutal Media (part of BBC Studios), Festival Anfibia, Rodando P\u00e1ginas (AMA), Adapta Market, Stories2Be, Conecta Fiction &amp; Entertainment, Editorial Planeta, y la agencia literaria Editabundo, as\u00ed como los profesionales Manuel R\u00edos de San Mart\u00edn, Yolanda Barrasa, Curro Royo, Luis \u00c1ngel Ram\u00edrez, productor, director y analista que ha colaborado con Culturia en el desarrollo del informe, e Isabelle Berneron, agregada para el libro y el debate de las ideas Institut fran\u00e7ais d&#8217;Espagne (2021-2025), y Laurent Coulon, agregado cultural y audiovisual Institut fran\u00e7ais d&#8217;Espagne (2021-2025).<\/p>\n\n\n\n<p>El sector vive una etapa de madurez industrial impulsada por las coproducciones internacionales y el fen\u00f3meno de las audiencias digitales. Francia se consolida como socio principal de Espa\u00f1a en el terreno del cine literario. El informe es abierto al p\u00fablico y est\u00e1 disponible en&nbsp;<a href=\"http:\/\/impactoadaptaciones.culturia.es\/\" target=\"_blank\" rel=\"noreferrer noopener\">impactoadaptaciones.culturia.es<\/a><\/p>\n","protected":false},"excerpt":{"rendered":"<p>Las adaptaciones ya suponen el 18% del cine y el 25% de las series, seg\u00fan el nuevo informe<\/p>\n","protected":false},"author":1,"featured_media":22131,"comment_status":"open","ping_status":"open","sticky":false,"template":"","format":"standard","meta":{"footnotes":""},"categories":[135,119],"tags":[],"class_list":["post-22129","post","type-post","status-publish","format-standard","has-post-thumbnail","hentry","category-general","category-hablamos-de-2"],"yoast_head":"<!-- This site is optimized with the Yoast SEO plugin v27.5 - https:\/\/yoast.com\/product\/yoast-seo-wordpress\/ -->\n<title>La literatura impulsa el audiovisual espa\u00f1ol - REVISTA CULTURAL<\/title>\n<meta name=\"robots\" content=\"index, follow, max-snippet:-1, max-image-preview:large, max-video-preview:-1\" \/>\n<link rel=\"canonical\" href=\"https:\/\/revistaliterariaelgatonegro.com\/?p=22129\" \/>\n<meta property=\"og:locale\" content=\"es_ES\" \/>\n<meta property=\"og:type\" content=\"article\" \/>\n<meta property=\"og:title\" content=\"La literatura impulsa el audiovisual espa\u00f1ol - REVISTA CULTURAL\" \/>\n<meta property=\"og:description\" content=\"Las adaptaciones ya suponen el 18% del cine y el 25% de las series, seg\u00fan el nuevo informe\" \/>\n<meta property=\"og:url\" content=\"https:\/\/revistaliterariaelgatonegro.com\/?p=22129\" \/>\n<meta property=\"og:site_name\" content=\"REVISTA CULTURAL\" \/>\n<meta property=\"article:published_time\" content=\"2026-01-27T15:38:04+00:00\" \/>\n<meta property=\"article:modified_time\" content=\"2026-01-27T15:38:07+00:00\" \/>\n<meta property=\"og:image\" content=\"https:\/\/revistaliterariaelgatonegro.com\/wp-content\/uploads\/2026\/01\/presentacion-informe-adaptaciones-al-audiovisual_izq-dcha-Luis-Angel-Ramirez-German-Mori-Gloria-Salo-scaled.jpg\" \/>\n\t<meta property=\"og:image:width\" content=\"2560\" \/>\n\t<meta property=\"og:image:height\" content=\"1707\" \/>\n\t<meta property=\"og:image:type\" content=\"image\/jpeg\" \/>\n<meta name=\"author\" content=\"administrador\" \/>\n<meta name=\"twitter:card\" content=\"summary_large_image\" \/>\n<meta name=\"twitter:label1\" content=\"Escrito por\" \/>\n\t<meta name=\"twitter:data1\" content=\"\" \/>\n\t<meta name=\"twitter:label2\" content=\"Tiempo de lectura\" \/>\n\t<meta name=\"twitter:data2\" content=\"5 minutos\" \/>\n<script type=\"application\/ld+json\" class=\"yoast-schema-graph\">{\"@context\":\"https:\\\/\\\/schema.org\",\"@graph\":[{\"@type\":\"Article\",\"@id\":\"https:\\\/\\\/revistaliterariaelgatonegro.com\\\/?p=22129#article\",\"isPartOf\":{\"@id\":\"https:\\\/\\\/revistaliterariaelgatonegro.com\\\/?p=22129\"},\"author\":{\"name\":\"administrador\",\"@id\":\"https:\\\/\\\/revistaliterariaelgatonegro.com\\\/#\\\/schema\\\/person\\\/6a37dd51e0f101e394e91c123fd12e8a\"},\"headline\":\"La literatura impulsa el audiovisual espa\u00f1ol\",\"datePublished\":\"2026-01-27T15:38:04+00:00\",\"dateModified\":\"2026-01-27T15:38:07+00:00\",\"mainEntityOfPage\":{\"@id\":\"https:\\\/\\\/revistaliterariaelgatonegro.com\\\/?p=22129\"},\"wordCount\":997,\"commentCount\":0,\"publisher\":{\"@id\":\"https:\\\/\\\/revistaliterariaelgatonegro.com\\\/#\\\/schema\\\/person\\\/6a37dd51e0f101e394e91c123fd12e8a\"},\"image\":{\"@id\":\"https:\\\/\\\/revistaliterariaelgatonegro.com\\\/?p=22129#primaryimage\"},\"thumbnailUrl\":\"https:\\\/\\\/revistaliterariaelgatonegro.com\\\/wp-content\\\/uploads\\\/2026\\\/01\\\/presentacion-informe-adaptaciones-al-audiovisual_izq-dcha-Luis-Angel-Ramirez-German-Mori-Gloria-Salo-scaled.jpg\",\"articleSection\":[\"General\",\"Hablamos de...\"],\"inLanguage\":\"es\",\"potentialAction\":[{\"@type\":\"CommentAction\",\"name\":\"Comment\",\"target\":[\"https:\\\/\\\/revistaliterariaelgatonegro.com\\\/?p=22129#respond\"]}]},{\"@type\":\"WebPage\",\"@id\":\"https:\\\/\\\/revistaliterariaelgatonegro.com\\\/?p=22129\",\"url\":\"https:\\\/\\\/revistaliterariaelgatonegro.com\\\/?p=22129\",\"name\":\"La literatura impulsa el audiovisual espa\u00f1ol - REVISTA CULTURAL\",\"isPartOf\":{\"@id\":\"https:\\\/\\\/revistaliterariaelgatonegro.com\\\/#website\"},\"primaryImageOfPage\":{\"@id\":\"https:\\\/\\\/revistaliterariaelgatonegro.com\\\/?p=22129#primaryimage\"},\"image\":{\"@id\":\"https:\\\/\\\/revistaliterariaelgatonegro.com\\\/?p=22129#primaryimage\"},\"thumbnailUrl\":\"https:\\\/\\\/revistaliterariaelgatonegro.com\\\/wp-content\\\/uploads\\\/2026\\\/01\\\/presentacion-informe-adaptaciones-al-audiovisual_izq-dcha-Luis-Angel-Ramirez-German-Mori-Gloria-Salo-scaled.jpg\",\"datePublished\":\"2026-01-27T15:38:04+00:00\",\"dateModified\":\"2026-01-27T15:38:07+00:00\",\"breadcrumb\":{\"@id\":\"https:\\\/\\\/revistaliterariaelgatonegro.com\\\/?p=22129#breadcrumb\"},\"inLanguage\":\"es\",\"potentialAction\":[{\"@type\":\"ReadAction\",\"target\":[\"https:\\\/\\\/revistaliterariaelgatonegro.com\\\/?p=22129\"]}]},{\"@type\":\"ImageObject\",\"inLanguage\":\"es\",\"@id\":\"https:\\\/\\\/revistaliterariaelgatonegro.com\\\/?p=22129#primaryimage\",\"url\":\"https:\\\/\\\/revistaliterariaelgatonegro.com\\\/wp-content\\\/uploads\\\/2026\\\/01\\\/presentacion-informe-adaptaciones-al-audiovisual_izq-dcha-Luis-Angel-Ramirez-German-Mori-Gloria-Salo-scaled.jpg\",\"contentUrl\":\"https:\\\/\\\/revistaliterariaelgatonegro.com\\\/wp-content\\\/uploads\\\/2026\\\/01\\\/presentacion-informe-adaptaciones-al-audiovisual_izq-dcha-Luis-Angel-Ramirez-German-Mori-Gloria-Salo-scaled.jpg\",\"width\":2560,\"height\":1707},{\"@type\":\"BreadcrumbList\",\"@id\":\"https:\\\/\\\/revistaliterariaelgatonegro.com\\\/?p=22129#breadcrumb\",\"itemListElement\":[{\"@type\":\"ListItem\",\"position\":1,\"name\":\"Portada\",\"item\":\"https:\\\/\\\/revistaliterariaelgatonegro.com\\\/\"},{\"@type\":\"ListItem\",\"position\":2,\"name\":\"La literatura impulsa el audiovisual espa\u00f1ol\"}]},{\"@type\":\"WebSite\",\"@id\":\"https:\\\/\\\/revistaliterariaelgatonegro.com\\\/#website\",\"url\":\"https:\\\/\\\/revistaliterariaelgatonegro.com\\\/\",\"name\":\"REVISTA CULTURAL\",\"description\":\" Un nuevo espacio para la divulgaci\u00f3n literaria, as\u00ed como dem\u00e1s artes \",\"publisher\":{\"@id\":\"https:\\\/\\\/revistaliterariaelgatonegro.com\\\/#\\\/schema\\\/person\\\/6a37dd51e0f101e394e91c123fd12e8a\"},\"potentialAction\":[{\"@type\":\"SearchAction\",\"target\":{\"@type\":\"EntryPoint\",\"urlTemplate\":\"https:\\\/\\\/revistaliterariaelgatonegro.com\\\/?s={search_term_string}\"},\"query-input\":{\"@type\":\"PropertyValueSpecification\",\"valueRequired\":true,\"valueName\":\"search_term_string\"}}],\"inLanguage\":\"es\"},{\"@type\":[\"Person\",\"Organization\"],\"@id\":\"https:\\\/\\\/revistaliterariaelgatonegro.com\\\/#\\\/schema\\\/person\\\/6a37dd51e0f101e394e91c123fd12e8a\",\"name\":\"administrador\",\"image\":{\"@type\":\"ImageObject\",\"inLanguage\":\"es\",\"@id\":\"https:\\\/\\\/revistaliterariaelgatonegro.com\\\/wp-content\\\/uploads\\\/2025\\\/12\\\/cropped-Logotipo-Logo-Marca-personal-Pastel-Amarillo-12-Photoroom.png\",\"url\":\"https:\\\/\\\/revistaliterariaelgatonegro.com\\\/wp-content\\\/uploads\\\/2025\\\/12\\\/cropped-Logotipo-Logo-Marca-personal-Pastel-Amarillo-12-Photoroom.png\",\"contentUrl\":\"https:\\\/\\\/revistaliterariaelgatonegro.com\\\/wp-content\\\/uploads\\\/2025\\\/12\\\/cropped-Logotipo-Logo-Marca-personal-Pastel-Amarillo-12-Photoroom.png\",\"width\":364,\"height\":212,\"caption\":\"administrador\"},\"logo\":{\"@id\":\"https:\\\/\\\/revistaliterariaelgatonegro.com\\\/wp-content\\\/uploads\\\/2025\\\/12\\\/cropped-Logotipo-Logo-Marca-personal-Pastel-Amarillo-12-Photoroom.png\"},\"sameAs\":[\"http:\\\/\\\/s864831950.mialojamiento.es\"]}]}<\/script>\n<!-- \/ Yoast SEO plugin. -->","yoast_head_json":{"title":"La literatura impulsa el audiovisual espa\u00f1ol - REVISTA CULTURAL","robots":{"index":"index","follow":"follow","max-snippet":"max-snippet:-1","max-image-preview":"max-image-preview:large","max-video-preview":"max-video-preview:-1"},"canonical":"https:\/\/revistaliterariaelgatonegro.com\/?p=22129","og_locale":"es_ES","og_type":"article","og_title":"La literatura impulsa el audiovisual espa\u00f1ol - REVISTA CULTURAL","og_description":"Las adaptaciones ya suponen el 18% del cine y el 25% de las series, seg\u00fan el nuevo informe","og_url":"https:\/\/revistaliterariaelgatonegro.com\/?p=22129","og_site_name":"REVISTA CULTURAL","article_published_time":"2026-01-27T15:38:04+00:00","article_modified_time":"2026-01-27T15:38:07+00:00","og_image":[{"width":2560,"height":1707,"url":"https:\/\/revistaliterariaelgatonegro.com\/wp-content\/uploads\/2026\/01\/presentacion-informe-adaptaciones-al-audiovisual_izq-dcha-Luis-Angel-Ramirez-German-Mori-Gloria-Salo-scaled.jpg","type":"image\/jpeg"}],"author":"administrador","twitter_card":"summary_large_image","twitter_misc":{"Escrito por":false,"Tiempo de lectura":"5 minutos"},"schema":{"@context":"https:\/\/schema.org","@graph":[{"@type":"Article","@id":"https:\/\/revistaliterariaelgatonegro.com\/?p=22129#article","isPartOf":{"@id":"https:\/\/revistaliterariaelgatonegro.com\/?p=22129"},"author":{"name":"administrador","@id":"https:\/\/revistaliterariaelgatonegro.com\/#\/schema\/person\/6a37dd51e0f101e394e91c123fd12e8a"},"headline":"La literatura impulsa el audiovisual espa\u00f1ol","datePublished":"2026-01-27T15:38:04+00:00","dateModified":"2026-01-27T15:38:07+00:00","mainEntityOfPage":{"@id":"https:\/\/revistaliterariaelgatonegro.com\/?p=22129"},"wordCount":997,"commentCount":0,"publisher":{"@id":"https:\/\/revistaliterariaelgatonegro.com\/#\/schema\/person\/6a37dd51e0f101e394e91c123fd12e8a"},"image":{"@id":"https:\/\/revistaliterariaelgatonegro.com\/?p=22129#primaryimage"},"thumbnailUrl":"https:\/\/revistaliterariaelgatonegro.com\/wp-content\/uploads\/2026\/01\/presentacion-informe-adaptaciones-al-audiovisual_izq-dcha-Luis-Angel-Ramirez-German-Mori-Gloria-Salo-scaled.jpg","articleSection":["General","Hablamos de..."],"inLanguage":"es","potentialAction":[{"@type":"CommentAction","name":"Comment","target":["https:\/\/revistaliterariaelgatonegro.com\/?p=22129#respond"]}]},{"@type":"WebPage","@id":"https:\/\/revistaliterariaelgatonegro.com\/?p=22129","url":"https:\/\/revistaliterariaelgatonegro.com\/?p=22129","name":"La literatura impulsa el audiovisual espa\u00f1ol - REVISTA CULTURAL","isPartOf":{"@id":"https:\/\/revistaliterariaelgatonegro.com\/#website"},"primaryImageOfPage":{"@id":"https:\/\/revistaliterariaelgatonegro.com\/?p=22129#primaryimage"},"image":{"@id":"https:\/\/revistaliterariaelgatonegro.com\/?p=22129#primaryimage"},"thumbnailUrl":"https:\/\/revistaliterariaelgatonegro.com\/wp-content\/uploads\/2026\/01\/presentacion-informe-adaptaciones-al-audiovisual_izq-dcha-Luis-Angel-Ramirez-German-Mori-Gloria-Salo-scaled.jpg","datePublished":"2026-01-27T15:38:04+00:00","dateModified":"2026-01-27T15:38:07+00:00","breadcrumb":{"@id":"https:\/\/revistaliterariaelgatonegro.com\/?p=22129#breadcrumb"},"inLanguage":"es","potentialAction":[{"@type":"ReadAction","target":["https:\/\/revistaliterariaelgatonegro.com\/?p=22129"]}]},{"@type":"ImageObject","inLanguage":"es","@id":"https:\/\/revistaliterariaelgatonegro.com\/?p=22129#primaryimage","url":"https:\/\/revistaliterariaelgatonegro.com\/wp-content\/uploads\/2026\/01\/presentacion-informe-adaptaciones-al-audiovisual_izq-dcha-Luis-Angel-Ramirez-German-Mori-Gloria-Salo-scaled.jpg","contentUrl":"https:\/\/revistaliterariaelgatonegro.com\/wp-content\/uploads\/2026\/01\/presentacion-informe-adaptaciones-al-audiovisual_izq-dcha-Luis-Angel-Ramirez-German-Mori-Gloria-Salo-scaled.jpg","width":2560,"height":1707},{"@type":"BreadcrumbList","@id":"https:\/\/revistaliterariaelgatonegro.com\/?p=22129#breadcrumb","itemListElement":[{"@type":"ListItem","position":1,"name":"Portada","item":"https:\/\/revistaliterariaelgatonegro.com\/"},{"@type":"ListItem","position":2,"name":"La literatura impulsa el audiovisual espa\u00f1ol"}]},{"@type":"WebSite","@id":"https:\/\/revistaliterariaelgatonegro.com\/#website","url":"https:\/\/revistaliterariaelgatonegro.com\/","name":"REVISTA CULTURAL","description":" Un nuevo espacio para la divulgaci\u00f3n literaria, as\u00ed como dem\u00e1s artes ","publisher":{"@id":"https:\/\/revistaliterariaelgatonegro.com\/#\/schema\/person\/6a37dd51e0f101e394e91c123fd12e8a"},"potentialAction":[{"@type":"SearchAction","target":{"@type":"EntryPoint","urlTemplate":"https:\/\/revistaliterariaelgatonegro.com\/?s={search_term_string}"},"query-input":{"@type":"PropertyValueSpecification","valueRequired":true,"valueName":"search_term_string"}}],"inLanguage":"es"},{"@type":["Person","Organization"],"@id":"https:\/\/revistaliterariaelgatonegro.com\/#\/schema\/person\/6a37dd51e0f101e394e91c123fd12e8a","name":"administrador","image":{"@type":"ImageObject","inLanguage":"es","@id":"https:\/\/revistaliterariaelgatonegro.com\/wp-content\/uploads\/2025\/12\/cropped-Logotipo-Logo-Marca-personal-Pastel-Amarillo-12-Photoroom.png","url":"https:\/\/revistaliterariaelgatonegro.com\/wp-content\/uploads\/2025\/12\/cropped-Logotipo-Logo-Marca-personal-Pastel-Amarillo-12-Photoroom.png","contentUrl":"https:\/\/revistaliterariaelgatonegro.com\/wp-content\/uploads\/2025\/12\/cropped-Logotipo-Logo-Marca-personal-Pastel-Amarillo-12-Photoroom.png","width":364,"height":212,"caption":"administrador"},"logo":{"@id":"https:\/\/revistaliterariaelgatonegro.com\/wp-content\/uploads\/2025\/12\/cropped-Logotipo-Logo-Marca-personal-Pastel-Amarillo-12-Photoroom.png"},"sameAs":["http:\/\/s864831950.mialojamiento.es"]}]}},"featured_image_urls":{"full":["https:\/\/revistaliterariaelgatonegro.com\/wp-content\/uploads\/2026\/01\/presentacion-informe-adaptaciones-al-audiovisual_izq-dcha-Luis-Angel-Ramirez-German-Mori-Gloria-Salo-scaled.jpg",2560,1707,false],"thumbnail":["https:\/\/revistaliterariaelgatonegro.com\/wp-content\/uploads\/2026\/01\/presentacion-informe-adaptaciones-al-audiovisual_izq-dcha-Luis-Angel-Ramirez-German-Mori-Gloria-Salo-150x150.jpg",150,150,true],"medium":["https:\/\/revistaliterariaelgatonegro.com\/wp-content\/uploads\/2026\/01\/presentacion-informe-adaptaciones-al-audiovisual_izq-dcha-Luis-Angel-Ramirez-German-Mori-Gloria-Salo-300x200.jpg",300,200,true],"medium_large":["https:\/\/revistaliterariaelgatonegro.com\/wp-content\/uploads\/2026\/01\/presentacion-informe-adaptaciones-al-audiovisual_izq-dcha-Luis-Angel-Ramirez-German-Mori-Gloria-Salo-768x512.jpg",640,427,true],"large":["https:\/\/revistaliterariaelgatonegro.com\/wp-content\/uploads\/2026\/01\/presentacion-informe-adaptaciones-al-audiovisual_izq-dcha-Luis-Angel-Ramirez-German-Mori-Gloria-Salo-700x467.jpg",640,427,true],"1536x1536":["https:\/\/revistaliterariaelgatonegro.com\/wp-content\/uploads\/2026\/01\/presentacion-informe-adaptaciones-al-audiovisual_izq-dcha-Luis-Angel-Ramirez-German-Mori-Gloria-Salo-1536x1024.jpg",1536,1024,true],"2048x2048":["https:\/\/revistaliterariaelgatonegro.com\/wp-content\/uploads\/2026\/01\/presentacion-informe-adaptaciones-al-audiovisual_izq-dcha-Luis-Angel-Ramirez-German-Mori-Gloria-Salo-2048x1365.jpg",2048,1365,true],"morenews-large":["https:\/\/revistaliterariaelgatonegro.com\/wp-content\/uploads\/2026\/01\/presentacion-informe-adaptaciones-al-audiovisual_izq-dcha-Luis-Angel-Ramirez-German-Mori-Gloria-Salo-825x575.jpg",825,575,true],"morenews-medium":["https:\/\/revistaliterariaelgatonegro.com\/wp-content\/uploads\/2026\/01\/presentacion-informe-adaptaciones-al-audiovisual_izq-dcha-Luis-Angel-Ramirez-German-Mori-Gloria-Salo-590x410.jpg",590,410,true],"woocommerce_thumbnail":["https:\/\/revistaliterariaelgatonegro.com\/wp-content\/uploads\/2026\/01\/presentacion-informe-adaptaciones-al-audiovisual_izq-dcha-Luis-Angel-Ramirez-German-Mori-Gloria-Salo-300x200.jpg",300,200,true],"woocommerce_single":["https:\/\/revistaliterariaelgatonegro.com\/wp-content\/uploads\/2026\/01\/presentacion-informe-adaptaciones-al-audiovisual_izq-dcha-Luis-Angel-Ramirez-German-Mori-Gloria-Salo-300x200.jpg",300,200,true],"woocommerce_gallery_thumbnail":["https:\/\/revistaliterariaelgatonegro.com\/wp-content\/uploads\/2026\/01\/presentacion-informe-adaptaciones-al-audiovisual_izq-dcha-Luis-Angel-Ramirez-German-Mori-Gloria-Salo-100x100.jpg",100,100,true],"dgwt-wcas-product-suggestion":["https:\/\/revistaliterariaelgatonegro.com\/wp-content\/uploads\/2026\/01\/presentacion-informe-adaptaciones-al-audiovisual_izq-dcha-Luis-Angel-Ramirez-German-Mori-Gloria-Salo-64x43.jpg",64,43,true]},"author_info":{"display_name":false,"author_link":"https:\/\/revistaliterariaelgatonegro.com\/?author=1"},"category_info":"<a href=\"https:\/\/revistaliterariaelgatonegro.com\/?cat=135\" rel=\"category\">General<\/a> <a href=\"https:\/\/revistaliterariaelgatonegro.com\/?cat=119\" rel=\"category\">Hablamos de...<\/a>","tag_info":"Hablamos de...","comment_count":"0","_links":{"self":[{"href":"https:\/\/revistaliterariaelgatonegro.com\/index.php?rest_route=\/wp\/v2\/posts\/22129","targetHints":{"allow":["GET"]}}],"collection":[{"href":"https:\/\/revistaliterariaelgatonegro.com\/index.php?rest_route=\/wp\/v2\/posts"}],"about":[{"href":"https:\/\/revistaliterariaelgatonegro.com\/index.php?rest_route=\/wp\/v2\/types\/post"}],"author":[{"embeddable":true,"href":"https:\/\/revistaliterariaelgatonegro.com\/index.php?rest_route=\/wp\/v2\/users\/1"}],"replies":[{"embeddable":true,"href":"https:\/\/revistaliterariaelgatonegro.com\/index.php?rest_route=%2Fwp%2Fv2%2Fcomments&post=22129"}],"version-history":[{"count":2,"href":"https:\/\/revistaliterariaelgatonegro.com\/index.php?rest_route=\/wp\/v2\/posts\/22129\/revisions"}],"predecessor-version":[{"id":22132,"href":"https:\/\/revistaliterariaelgatonegro.com\/index.php?rest_route=\/wp\/v2\/posts\/22129\/revisions\/22132"}],"wp:featuredmedia":[{"embeddable":true,"href":"https:\/\/revistaliterariaelgatonegro.com\/index.php?rest_route=\/wp\/v2\/media\/22131"}],"wp:attachment":[{"href":"https:\/\/revistaliterariaelgatonegro.com\/index.php?rest_route=%2Fwp%2Fv2%2Fmedia&parent=22129"}],"wp:term":[{"taxonomy":"category","embeddable":true,"href":"https:\/\/revistaliterariaelgatonegro.com\/index.php?rest_route=%2Fwp%2Fv2%2Fcategories&post=22129"},{"taxonomy":"post_tag","embeddable":true,"href":"https:\/\/revistaliterariaelgatonegro.com\/index.php?rest_route=%2Fwp%2Fv2%2Ftags&post=22129"}],"curies":[{"name":"wp","href":"https:\/\/api.w.org\/{rel}","templated":true}]}}