{"id":22102,"date":"2026-01-21T12:51:32","date_gmt":"2026-01-21T12:51:32","guid":{"rendered":"https:\/\/revistaliterariaelgatonegro.com\/?p=22102"},"modified":"2026-01-21T12:51:35","modified_gmt":"2026-01-21T12:51:35","slug":"hablamos-con-jorge-santovena-martin","status":"publish","type":"post","link":"https:\/\/revistaliterariaelgatonegro.com\/?p=22102","title":{"rendered":"Hablamos con Jorge Santove\u00f1a Mart\u00edn"},"content":{"rendered":"\n<h2 class=\"wp-block-heading has-text-align-center\">Acaba de publicar<em> Sombras de lo eterno<\/em>. En una sociedad cada vez m\u00e1s tecnificada y dominada por los algoritmos, <em>Sombras de lo eterno <\/em>es una novela que irrumpe en la Ciencia Ficci\u00f3n espa\u00f1ola con personajes que deben desafiar al sistema, marcado por un control sutil que promueve la superficialidad y la alienaci\u00f3n a trav\u00e9s de la vigilancia constante y una libertad ilusoria.<\/h2>\n\n\n\n<p><strong>Hola, Jorge. Has publicado <em>Sombras de lo eterno<\/em>, \u00bfc\u00f3mo naci\u00f3 la idea de escribir un libro sobre los algoritmos y la vigilancia social?<\/strong><\/p>\n\n\n\n<p>La idea no naci\u00f3 de un rel\u00e1mpago en la tormenta, sino de a\u00f1os rumiando en el barro de lo cotidiano. Como director en empresas de software, vi de cerca c\u00f3mo los algoritmos no son solo c\u00f3digo: son cadenas invisibles que prometen eficiencia y entregan apat\u00eda. En el aula, ense\u00f1ando historia a muchachos que viven pegados a pantallas, not\u00e9 c\u00f3mo el \u00abprogreso\u00bb borra la memoria como la lluvia cala los huesos. A lo largo de a\u00f1os, bajo el cielo gris, empec\u00e9 a garabatear sobre esa \u00abdogma invisible\u00bb: no la vigilancia de botas y meg\u00e1fonos, sino la sutil, la que te susurra \u00abesto es libertad\u00bb mientras te ahoga en comodidad. Quer\u00eda un libro que cortara como un hacha: crudo, sin filtros, para recordar que lo eterno late en las grietas humanas, no en el zumbido de servidores.<\/p>\n\n\n\n<p><strong>\u00bfPodr\u00edas resumir brevemente la trama principal de tu novela?<\/strong><\/p>\n\n\n\n<p>En un rinc\u00f3n costero perpetuamente empapado \u2014lluvia incesante, monta\u00f1as que vigilan como jueces mudos\u2014, Santiago Friendly, un tipo ap\u00e1tico, navega rutinas programadas por algoritmos que disfrazan control de progreso. Junto a Susana Shimmering, una l\u00edder carism\u00e1tica con grietas en su armadura narcisista, y un coro de aliados rotos \u2014el t\u00e9cnico Lucas, el bruto Fernando, la so\u00f1adora Amaya\u2014, descubren un glitch que rasga el velo: el \u00abdogma invisible\u00bb no es neutral, sino un yugo plutocr\u00e1tico que borra memorias y disuelve voluntades. Tres partes: la ilusi\u00f3n del letargo diario, la grieta de rebeliones subterr\u00e1neas, y el asalto al n\u00facleo que revela lo humano eterno. No hay explosiones; hay susurros que queman, y un final que no resuelve, sino que invita a cuestionar: \u00bfqu\u00e9 queda cuando el sistema olvida por ti?<\/p>\n\n\n\n<figure class=\"wp-block-image alignright size-large is-resized\"><img decoding=\"async\" width=\"700\" height=\"981\" src=\"https:\/\/revistaliterariaelgatonegro.com\/wp-content\/uploads\/2026\/01\/Portada-Sombras-de-lo-Eterno-700x981.jpg\" alt=\"\" class=\"wp-image-22106\" style=\"aspect-ratio:0.7135689597502508;width:475px;height:auto\" srcset=\"https:\/\/revistaliterariaelgatonegro.com\/wp-content\/uploads\/2026\/01\/Portada-Sombras-de-lo-Eterno-700x981.jpg 700w, https:\/\/revistaliterariaelgatonegro.com\/wp-content\/uploads\/2026\/01\/Portada-Sombras-de-lo-Eterno-214x300.jpg 214w, https:\/\/revistaliterariaelgatonegro.com\/wp-content\/uploads\/2026\/01\/Portada-Sombras-de-lo-Eterno-768x1076.jpg 768w, https:\/\/revistaliterariaelgatonegro.com\/wp-content\/uploads\/2026\/01\/Portada-Sombras-de-lo-Eterno-1096x1536.jpg 1096w, https:\/\/revistaliterariaelgatonegro.com\/wp-content\/uploads\/2026\/01\/Portada-Sombras-de-lo-Eterno-300x420.jpg 300w, https:\/\/revistaliterariaelgatonegro.com\/wp-content\/uploads\/2026\/01\/Portada-Sombras-de-lo-Eterno-64x90.jpg 64w, https:\/\/revistaliterariaelgatonegro.com\/wp-content\/uploads\/2026\/01\/Portada-Sombras-de-lo-Eterno.jpg 1142w\" sizes=\"(max-width: 700px) 100vw, 700px\" \/><\/figure>\n\n\n\n<p><strong>\u00bfCu\u00e1les son los personajes clave y c\u00f3mo se ven afectados por la presencia de algoritmos en sus vidas?<\/strong><\/p>\n\n\n\n<p>Santiago es el espejo roto: mirada cansada, atrapado en despertares IA y desplazamientos \u00aboptimizados\u00bb que lo convierten en un aut\u00f3mata, erosionando su voluntad hasta que un sue\u00f1o primitivo lo quiebra. Susana, elegante y penetrante, usa el carisma para escalar, pero los algoritmos amplifican su vac\u00edo; cada \u201cme gusta\u201d es una m\u00e1scara que ahoga su vulnerabilidad, convirti\u00e9ndola en l\u00edder que anhela conexi\u00f3n real. Lucas, el rebelde con gafas y barba, disecciona el c\u00f3digo como un cirujano, pero la vigilancia lo a\u00edsla en s\u00f3tanos h\u00famedos, rob\u00e1ndole la fe en la racionalidad pura. Fernando, el guardi\u00e1n tosco con cicatrices, resiste instintivamente, pero el dogma lo reduce a gru\u00f1idos en plazas manipuladas. Amaya, et\u00e9rea y reflexiva, gira en espirales internas que los algoritmos miden, pero no tocan, simbolizando la profundidad que el sistema ignora. Hay m\u00e1s personajes, pero todos sangran lo mismo: la alienaci\u00f3n que disuelve la lealtad, dejando grietas donde nace la resistencia.<\/p>\n\n\n\n<p><strong> En tu opini\u00f3n, \u00bfhasta qu\u00e9 punto los algoritmos controlan nuestras decisiones cotidianas?<\/strong><\/p>\n\n\n\n<p>Hasta el tu\u00e9tano, pero sin que lo notes: como el humo del cigarro que inhalas sin pensar, te calienta un instante y te mata a sorbos. Deciden qu\u00e9 ves, con qui\u00e9n hablas, qu\u00e9 compras, no con un pu\u00f1o, sino con un susurro de \u00abrecomendaciones\u00bb que moldean gustos como arcilla blanda. No es control total; es el blando, el que te hace creer que eliges, mientras te gu\u00eda por surcos invisibles. El peligro no est\u00e1 en la jaula; sino en que la llamas hogar.<\/p>\n\n\n\n<h2 class=\"wp-block-heading has-text-align-center\">En el aula, ense\u00f1ando historia a muchachos que viven pegados a pantallas, not\u00e9 c\u00f3mo el \u00abprogreso\u00bb borra la memoria como la lluvia cala los huesos. <\/h2>\n\n\n\n<p><strong> \u00bfCrees que la sociedad es consciente del nivel de vigilancia al que estamos sometidos?<\/strong><\/p>\n\n\n\n<p>A ratos, como un tipo que siente el peso de la armadura, pero sigue pavone\u00e1ndose en el sal\u00f3n. Hay fogonazos, pero la mayor\u00eda prefiere el velo: es m\u00e1s f\u00e1cil ignorar el ojo en el bolsillo que desconectar. Somos conscientes en abstracto, ciegos en lo crudo: la vigilancia no grita; susurra promesas de seguridad, y nos callamos porque el silencio duele menos que el vac\u00edo sin red social.<\/p>\n\n\n\n<p><strong>\u00bfQu\u00e9 peligros o beneficios destacas en el uso masivo de algoritmos para controlar comportamientos?<\/strong><\/p>\n\n\n\n<p>Beneficios: eficiencia como un bistur\u00ed en el entorno laboral. Por ejemplo, con diagn\u00f3sticos m\u00e9dicos r\u00e1pidos, rutas que evitan atascos, conexiones que salvan soledades en pandemias. Pero son migajas para el pan envenenado.<\/p>\n\n\n\n<p>Peligros: el control blando que disuelve la voluntad, como en mi novela, donde algoritmos borran memorias inc\u00f3modas para \u00abarmonizar\u00bb sociedades. Crea burbujas de eco que polarizan, vigila disidencias antes de que nazcan, y perpet\u00faa desigualdades plutocr\u00e1ticas. El mayor riesgo: perdemos lo eterno, las grietas de duda y lealtad que hacen humanos, por un \u00abbienestar\u00bb que mide \u201cme gustas\u201d, no almas.<\/p>\n\n\n\n<p><strong> \u00bfTe has basado en ejemplos reales o estudios para construir el universo de tu novela?<\/strong><\/p>\n\n\n\n<p>S\u00ed, como un herrero que forja con hierro del mundo real. Mi experiencia en el mundo tecnol\u00f3gico del software me dio el n\u00facleo, o casos donde algoritmos manipulaban votos como marionetas. Estudios sobre \u00abcapitalismo de vigilancia\u00bb calaron en el dogma invisible, c\u00f3mo redes sociales y buscadores monetizan comportamientos para predecir y moldear. La Ciudad H\u00fameda bebe de Asturias: lluvia eterna, monta\u00f1as cant\u00e1bricas como barreras naturales contra el olvido. Y en el aula, veo ecos en chavales muy pendientes de las redes sociales, aunque ellos son solo da\u00f1os colaterales o invitados a la fiesta. No es ficci\u00f3n pura; es un espejo empa\u00f1ado de lo que ya pasa, aunque exager\u00e1ndolo.<\/p>\n\n\n\n<p><strong> \u00bfC\u00f3mo reflejas en tu libro el conflicto entre la libertad individual y el control social?<\/strong><\/p>\n\n\n\n<p>Como un duelo en la mel\u00e9 del rugby: crudo, sin \u00e1rbitros, donde la libertad no es un grito, sino un placaje que duele, pero libera. Santiago encarna el individuo ahogado en rutinas \u00ablibres\u00bb \u2014elige caf\u00e9 por app, pero el algoritmo elige su d\u00eda\u2014. El control social es el dogma: normas impl\u00edcitas que disfrazan segregaci\u00f3n de progreso, borrando disidencias en s\u00f3tanos de apat\u00eda. El conflicto estalla en grietas \u2014encuentros no programados, susurros en la lluvia\u2014 que restauran la lealtad humana. No resuelvo con utop\u00edas; muestro que la libertad se gana en lo min\u00fasculo, resistiendo el control no con bombas, sino con verdades que cortan como hachas.<\/p>\n\n\n\n<p><strong>\u00bfCrees que estamos perdiendo privacidad a cambio de comodidad?<\/strong><\/p>\n\n\n\n<p>Absolutamente, y es un trueque de idiotas: vendemos el alma por un mapa que nos lleva al supermercado. La privacidad no es un lujo; es el espacio donde rumias sin testigos, donde la lealtad se forja sin \u201cme gustas\u201d. Hoy, cada clic es un informe para plut\u00f3cratas que venden \u00abcomodidad\u00bb \u2014recomendaciones que provocan adicci\u00f3n, seguros que vigilan\u2014. En mi novela, Susana pierde su yo en el carisma digital; en la vida real, vemos divorcios por datos hackeados, empleos negados por posts antiguos. Ganamos atajos, perdemos el derecho a ser incoherentes, rotos, humanos. Es un castillo feudal sin foso: acogedor, pero indefenso.<\/p>\n\n\n\n<p><strong> \u00bfPiensas que es posible escapar de la influencia de los algoritmos en la actualidad?<\/strong><\/p>\n\n\n\n<p>Escapar del todo, no: son el aire que respiramos en esta era, Pero resistir, s\u00ed, en grietas min\u00fasculas, como mis personajes en s\u00f3tanos h\u00famedos. Desconecta una hora al d\u00eda, camina sin GPS, habla cara a cara sin filtros. En el aula, intento ense\u00f1ar historia para que los muchachos sientan el peso de memorias no algor\u00edtmicas. No es huir al bosque; es afilar el hacha interna: cuestiona recomendaciones, borra apps innecesarias, forja lealtades que no midan compromiso. Posible, si eres terco como un perro viejo: no vences el sistema, pero no te dejas domar. Y en ese viaje, est\u00e1 parte de la cuesti\u00f3n.<\/p>\n\n\n\n<h2 class=\"wp-block-heading has-text-align-center\">Como director en empresas de software, vi de cerca c\u00f3mo los algoritmos no son solo c\u00f3digo: son cadenas invisibles que prometen eficiencia y entregan apat\u00eda.<\/h2>\n\n\n\n<p><strong> \u00bfC\u00f3mo reaccionan los personajes ante la vigilancia constante? \u00bfHay rebeli\u00f3n o resignaci\u00f3n?<\/strong><\/p>\n\n\n\n<p>Mezcla de ambos, como un fuego que arde bajo cenizas: resignaci\u00f3n inicial ahoga a Santiago en rutinas que lo convierten en sombra de s\u00ed mismo, Susana se adapta con sonrisas que ocultan grietas. Pero la vigilancia constante \u2014drones zumbando, anuncios que leen mentes\u2014 enciende chispas: Lucas hackea con frialdad anal\u00edtica, Fernando gru\u00f1e y protege con pu\u00f1os, Amaya reflexiona en espirales que el sistema no toca. La rebeli\u00f3n es silenciosa, no bombas sino susurros eternos. No todos vencen; algunos se quiebran, recordando que la resistencia nace de la terquedad humana, no de h\u00e9roes de sal\u00f3n.<\/p>\n\n\n\n<p><strong> \u00bfQu\u00e9 papel juega la \u00e9tica en el uso de algoritmos en tu novela?<\/strong><\/p>\n\n\n\n<p>La \u00e9tica es el fantasma en la m\u00e1quina: ausente en el dogma, que prioriza eficiencia sobre almas, pero el faro que gu\u00eda las grietas. En el N\u00facleo, revelamos c\u00f3mo creadores ignoran sesgos plutocr\u00e1ticos por \u00abprogreso\u00bb, midiendo \u00e9tica en m\u00e9tricas, no en da\u00f1os. Personajes como Gabriel, el emp\u00e1tico, la invocan en alianzas eternas, cuestionando: \u00bfsirve el algoritmo si disuelve lealtades? Pinchando dogmas: la \u00e9tica no es c\u00f3digo \u00e9tico; es el acto rudo de elegir verdad sobre comodidad, restaurando lo humano en un mundo que lo cuantifica.<\/p>\n\n\n\n<p><strong> \u00bfHasta qu\u00e9 punto crees que la ciencia ficci\u00f3n puede influir en la reflexi\u00f3n social sobre tecnolog\u00eda y vigilancia?<\/strong><\/p>\n\n\n\n<p>En muchas ocasiones, depende de si ya hay una peque\u00f1a predisposici\u00f3n, o a veces sirve para ponerle nombre a algo que alguien ya ven\u00eda intuyendo. La idea es que si corta como un buen cuchillo: no predice, sino que despierta. La intenci\u00f3n, con mi novela, es invitar a rumiar el control sutil que ya vivimos \u2014vigilancia que aliena por un \u201cme gusta\u201d, no por prisiones\u2014. Intenta influir mostrando lo eterno: grietas humanas que trascienden la tecnologizaci\u00f3n del d\u00eda a d\u00eda. Este tipo de novelas no pueden salvar el mundo, entre otras cosas, por su peque\u00f1o alcance, pero planta semillas de duda en algunos de los que las leen, recordando que la reflexi\u00f3n nace del desconcierto.<\/p>\n\n\n\n<p><strong>14. \u00bfVisualizas un futuro m\u00e1s libre o m\u00e1s controlado por la tecnolog\u00eda?<\/strong><\/p>\n\n\n\n<p>M\u00e1s controlado, si no afilamos el hacha ahora: algoritmos evolucionar\u00e1n a IA que predice rebeliones antes de que nazcan, disfrazando jaulas de utop\u00edas. Pero libre en las grietas \u2014como la ense\u00f1anza de la historia como ant\u00eddoto al olvido, y forjamos lealtades fuera del mundo aparente de las redes sociales\u2014. No es binario; es un tira y afloja donde la tecnolog\u00eda puede llegar a encadenarte, pero la terquedad humana \u2014esos susurros eternos\u2014 abre resquicios. Visualizo un futuro h\u00edbrido: control blando que ahoga masas, libertad ruda para los que resisten como perros fieles. Como siempre ha sido.<\/p>\n\n\n\n<p><strong> \u00bfQu\u00e9 mensaje principal te gustar\u00eda que los lectores se lleven tras leer tu libro?<\/strong><\/p>\n\n\n\n<p>Que lo eterno late en lo min\u00fasculo: no en grandes victorias contra el dogma, sino en conexiones aut\u00e9nticas, dudas intuitivas, memorias no borradas. Que el control tecnol\u00f3gico no nos disuelve si recordamos ser rotos, leales, verdaderos como un pacto sellado en lluvia, no en c\u00f3digo. Si sirve para que alguien salga removido, con inquietud que empuje a desconectar y conectar un abrazo; cuestionando su rutina, anhelando grietas donde la humanidad renace, ya bastar\u00eda. No un serm\u00f3n; sino un eco que perdura.<\/p>\n\n\n\n<h2 class=\"wp-block-heading has-text-align-center\"> El control social es el dogma: normas impl\u00edcitas que disfrazan segregaci\u00f3n de progreso, borrando disidencias en s\u00f3tanos de apat\u00eda.<\/h2>\n\n\n\n<p><strong> \u00bfCon qu\u00e9 retos te encontraste a la hora de escribir sobre temas tan actuales y complejos?<\/strong><\/p>\n\n\n\n<p>El reto mayor: equilibrar lo denso sin ahogar, como caminar en barro sin hundirte. Temas como algoritmos \u00e9ticos suenan a tratado; quise hacerlos sensoriales \u2014lluvia que cala como vigilancia, zumbidos que pesan en el pecho\u2014. Mantener el ritmo pausado sin aburrir, acelerando a tensi\u00f3n en la parte final, fue como forjar hierro: golpes precisos. Y lo personal: filtrar mi rabia contra el \u00abbuen rollo\u00bb sin sermonear. Autopublicar a\u00f1adi\u00f3 log\u00edstica \u2014portada que evocara humedad, distribuci\u00f3n en librer\u00edas\u2014, pero vali\u00f3: libertad para cortar crudo, sin editores que suavicen el filo.<\/p>\n\n\n\n<p><strong> \u00bfQu\u00e9 autores o libros de ciencia ficci\u00f3n te han influenciado en tu obra?<\/strong><\/p>\n\n\n\n<p>Orwell con 1984, por esa vigilancia que vigila pensamientos sin necesidad de ojos; Huxley en Un mundo feliz, maestro del control blando que adormece con placeres. Blade Runner me dio la ciudad h\u00fameda, alienada. Tambi\u00e9n, Nietzsche y su eterno retorno impulsan la resistencia vital; Evola critica la modernidad decadente que impregna mi dogma; Chesterton, con paradojas ir\u00f3nicas, ti\u00f1e las m\u00e1scaras sociales. Cl\u00e1sicos griegos como Esquilo en Prometeo encadenado \u2014rebeli\u00f3n contra dioses\/tecnol\u00f3gicos\u2014 y S\u00f3focles en Edipo Rey, por dualidades tr\u00e1gicas en relaciones.<\/p>\n\n\n\n<p><strong>Jorge, \u00bfc\u00f3mo crees que evolucionar\u00e1 la relaci\u00f3n entre sociedad y algoritmos en los pr\u00f3ximos a\u00f1os?<\/strong><\/p>\n\n\n\n<p>Hacia una simbiosis: algoritmos m\u00e1s emp\u00e1ticos, prediciendo necesidades antes de que las sientas, pero profundizando brechas, \u00e9lites con IA personal, masas en bucles de contenido adictivo. Regulaciones llegar\u00e1n, como parches en un muro agrietado, pero el control blando se afianzar\u00e1 v\u00eda apps que midan emociones. Evolucionar\u00e1 a un tira y afloja: sociedad m\u00e1s dependiente, pero con grietas de resistencia con j\u00f3venes que hackean no por caos, sino por lealtad eterna. Si no, seremos sombras de nosotros; si s\u00ed, renaceremos crudos, enteros. Aunque yo no soy profeta, por tanto, ser\u00e1 el paso del tiempo el que determine el futuro.<\/p>\n","protected":false},"excerpt":{"rendered":"<p>Acaba de publicar Sombras de lo eterno. En una sociedad cada vez m\u00e1s tecnificada y dominada por los<\/p>\n","protected":false},"author":1,"featured_media":22111,"comment_status":"open","ping_status":"open","sticky":false,"template":"","format":"standard","meta":{"footnotes":""},"categories":[121],"tags":[],"class_list":["post-22102","post","type-post","status-publish","format-standard","has-post-thumbnail","hentry","category-hablamos-con"],"yoast_head":"<!-- This site is optimized with the Yoast SEO plugin v27.5 - https:\/\/yoast.com\/product\/yoast-seo-wordpress\/ -->\n<title>Hablamos con Jorge Santove\u00f1a Mart\u00edn - REVISTA CULTURAL<\/title>\n<meta name=\"robots\" content=\"index, follow, max-snippet:-1, max-image-preview:large, max-video-preview:-1\" \/>\n<link rel=\"canonical\" href=\"https:\/\/revistaliterariaelgatonegro.com\/?p=22102\" \/>\n<meta property=\"og:locale\" content=\"es_ES\" \/>\n<meta property=\"og:type\" content=\"article\" \/>\n<meta property=\"og:title\" content=\"Hablamos con Jorge Santove\u00f1a Mart\u00edn - REVISTA CULTURAL\" \/>\n<meta property=\"og:description\" content=\"Acaba de publicar Sombras de lo eterno. En una sociedad cada vez m\u00e1s tecnificada y dominada por los\" \/>\n<meta property=\"og:url\" content=\"https:\/\/revistaliterariaelgatonegro.com\/?p=22102\" \/>\n<meta property=\"og:site_name\" content=\"REVISTA CULTURAL\" \/>\n<meta property=\"article:published_time\" content=\"2026-01-21T12:51:32+00:00\" \/>\n<meta property=\"article:modified_time\" content=\"2026-01-21T12:51:35+00:00\" \/>\n<meta property=\"og:image\" content=\"https:\/\/revistaliterariaelgatonegro.com\/wp-content\/uploads\/2026\/01\/hablamos-con-jorge-scaled.jpg\" \/>\n\t<meta property=\"og:image:width\" content=\"2560\" \/>\n\t<meta property=\"og:image:height\" content=\"1280\" \/>\n\t<meta property=\"og:image:type\" content=\"image\/jpeg\" \/>\n<meta name=\"author\" content=\"administrador\" \/>\n<meta name=\"twitter:card\" content=\"summary_large_image\" \/>\n<meta name=\"twitter:label1\" content=\"Escrito por\" \/>\n\t<meta name=\"twitter:data1\" content=\"\" \/>\n\t<meta name=\"twitter:label2\" content=\"Tiempo de lectura\" \/>\n\t<meta name=\"twitter:data2\" content=\"11 minutos\" \/>\n<script type=\"application\/ld+json\" class=\"yoast-schema-graph\">{\"@context\":\"https:\\\/\\\/schema.org\",\"@graph\":[{\"@type\":\"Article\",\"@id\":\"https:\\\/\\\/revistaliterariaelgatonegro.com\\\/?p=22102#article\",\"isPartOf\":{\"@id\":\"https:\\\/\\\/revistaliterariaelgatonegro.com\\\/?p=22102\"},\"author\":{\"name\":\"administrador\",\"@id\":\"https:\\\/\\\/revistaliterariaelgatonegro.com\\\/#\\\/schema\\\/person\\\/6a37dd51e0f101e394e91c123fd12e8a\"},\"headline\":\"Hablamos con Jorge Santove\u00f1a Mart\u00edn\",\"datePublished\":\"2026-01-21T12:51:32+00:00\",\"dateModified\":\"2026-01-21T12:51:35+00:00\",\"mainEntityOfPage\":{\"@id\":\"https:\\\/\\\/revistaliterariaelgatonegro.com\\\/?p=22102\"},\"wordCount\":2375,\"commentCount\":0,\"publisher\":{\"@id\":\"https:\\\/\\\/revistaliterariaelgatonegro.com\\\/#\\\/schema\\\/person\\\/6a37dd51e0f101e394e91c123fd12e8a\"},\"image\":{\"@id\":\"https:\\\/\\\/revistaliterariaelgatonegro.com\\\/?p=22102#primaryimage\"},\"thumbnailUrl\":\"https:\\\/\\\/revistaliterariaelgatonegro.com\\\/wp-content\\\/uploads\\\/2026\\\/01\\\/hablamos-con-jorge-scaled.jpg\",\"articleSection\":[\"Hablamos con...\"],\"inLanguage\":\"es\",\"potentialAction\":[{\"@type\":\"CommentAction\",\"name\":\"Comment\",\"target\":[\"https:\\\/\\\/revistaliterariaelgatonegro.com\\\/?p=22102#respond\"]}]},{\"@type\":\"WebPage\",\"@id\":\"https:\\\/\\\/revistaliterariaelgatonegro.com\\\/?p=22102\",\"url\":\"https:\\\/\\\/revistaliterariaelgatonegro.com\\\/?p=22102\",\"name\":\"Hablamos con Jorge Santove\u00f1a Mart\u00edn - REVISTA CULTURAL\",\"isPartOf\":{\"@id\":\"https:\\\/\\\/revistaliterariaelgatonegro.com\\\/#website\"},\"primaryImageOfPage\":{\"@id\":\"https:\\\/\\\/revistaliterariaelgatonegro.com\\\/?p=22102#primaryimage\"},\"image\":{\"@id\":\"https:\\\/\\\/revistaliterariaelgatonegro.com\\\/?p=22102#primaryimage\"},\"thumbnailUrl\":\"https:\\\/\\\/revistaliterariaelgatonegro.com\\\/wp-content\\\/uploads\\\/2026\\\/01\\\/hablamos-con-jorge-scaled.jpg\",\"datePublished\":\"2026-01-21T12:51:32+00:00\",\"dateModified\":\"2026-01-21T12:51:35+00:00\",\"breadcrumb\":{\"@id\":\"https:\\\/\\\/revistaliterariaelgatonegro.com\\\/?p=22102#breadcrumb\"},\"inLanguage\":\"es\",\"potentialAction\":[{\"@type\":\"ReadAction\",\"target\":[\"https:\\\/\\\/revistaliterariaelgatonegro.com\\\/?p=22102\"]}]},{\"@type\":\"ImageObject\",\"inLanguage\":\"es\",\"@id\":\"https:\\\/\\\/revistaliterariaelgatonegro.com\\\/?p=22102#primaryimage\",\"url\":\"https:\\\/\\\/revistaliterariaelgatonegro.com\\\/wp-content\\\/uploads\\\/2026\\\/01\\\/hablamos-con-jorge-scaled.jpg\",\"contentUrl\":\"https:\\\/\\\/revistaliterariaelgatonegro.com\\\/wp-content\\\/uploads\\\/2026\\\/01\\\/hablamos-con-jorge-scaled.jpg\",\"width\":2560,\"height\":1280},{\"@type\":\"BreadcrumbList\",\"@id\":\"https:\\\/\\\/revistaliterariaelgatonegro.com\\\/?p=22102#breadcrumb\",\"itemListElement\":[{\"@type\":\"ListItem\",\"position\":1,\"name\":\"Portada\",\"item\":\"https:\\\/\\\/revistaliterariaelgatonegro.com\\\/\"},{\"@type\":\"ListItem\",\"position\":2,\"name\":\"Hablamos con Jorge Santove\u00f1a Mart\u00edn\"}]},{\"@type\":\"WebSite\",\"@id\":\"https:\\\/\\\/revistaliterariaelgatonegro.com\\\/#website\",\"url\":\"https:\\\/\\\/revistaliterariaelgatonegro.com\\\/\",\"name\":\"REVISTA CULTURAL\",\"description\":\" Un nuevo espacio para la divulgaci\u00f3n literaria, as\u00ed como dem\u00e1s artes \",\"publisher\":{\"@id\":\"https:\\\/\\\/revistaliterariaelgatonegro.com\\\/#\\\/schema\\\/person\\\/6a37dd51e0f101e394e91c123fd12e8a\"},\"potentialAction\":[{\"@type\":\"SearchAction\",\"target\":{\"@type\":\"EntryPoint\",\"urlTemplate\":\"https:\\\/\\\/revistaliterariaelgatonegro.com\\\/?s={search_term_string}\"},\"query-input\":{\"@type\":\"PropertyValueSpecification\",\"valueRequired\":true,\"valueName\":\"search_term_string\"}}],\"inLanguage\":\"es\"},{\"@type\":[\"Person\",\"Organization\"],\"@id\":\"https:\\\/\\\/revistaliterariaelgatonegro.com\\\/#\\\/schema\\\/person\\\/6a37dd51e0f101e394e91c123fd12e8a\",\"name\":\"administrador\",\"image\":{\"@type\":\"ImageObject\",\"inLanguage\":\"es\",\"@id\":\"https:\\\/\\\/revistaliterariaelgatonegro.com\\\/wp-content\\\/uploads\\\/2025\\\/12\\\/cropped-Logotipo-Logo-Marca-personal-Pastel-Amarillo-12-Photoroom.png\",\"url\":\"https:\\\/\\\/revistaliterariaelgatonegro.com\\\/wp-content\\\/uploads\\\/2025\\\/12\\\/cropped-Logotipo-Logo-Marca-personal-Pastel-Amarillo-12-Photoroom.png\",\"contentUrl\":\"https:\\\/\\\/revistaliterariaelgatonegro.com\\\/wp-content\\\/uploads\\\/2025\\\/12\\\/cropped-Logotipo-Logo-Marca-personal-Pastel-Amarillo-12-Photoroom.png\",\"width\":364,\"height\":212,\"caption\":\"administrador\"},\"logo\":{\"@id\":\"https:\\\/\\\/revistaliterariaelgatonegro.com\\\/wp-content\\\/uploads\\\/2025\\\/12\\\/cropped-Logotipo-Logo-Marca-personal-Pastel-Amarillo-12-Photoroom.png\"},\"sameAs\":[\"http:\\\/\\\/s864831950.mialojamiento.es\"]}]}<\/script>\n<!-- \/ Yoast SEO plugin. -->","yoast_head_json":{"title":"Hablamos con Jorge Santove\u00f1a Mart\u00edn - REVISTA CULTURAL","robots":{"index":"index","follow":"follow","max-snippet":"max-snippet:-1","max-image-preview":"max-image-preview:large","max-video-preview":"max-video-preview:-1"},"canonical":"https:\/\/revistaliterariaelgatonegro.com\/?p=22102","og_locale":"es_ES","og_type":"article","og_title":"Hablamos con Jorge Santove\u00f1a Mart\u00edn - REVISTA CULTURAL","og_description":"Acaba de publicar Sombras de lo eterno. En una sociedad cada vez m\u00e1s tecnificada y dominada por los","og_url":"https:\/\/revistaliterariaelgatonegro.com\/?p=22102","og_site_name":"REVISTA CULTURAL","article_published_time":"2026-01-21T12:51:32+00:00","article_modified_time":"2026-01-21T12:51:35+00:00","og_image":[{"width":2560,"height":1280,"url":"https:\/\/revistaliterariaelgatonegro.com\/wp-content\/uploads\/2026\/01\/hablamos-con-jorge-scaled.jpg","type":"image\/jpeg"}],"author":"administrador","twitter_card":"summary_large_image","twitter_misc":{"Escrito por":false,"Tiempo de lectura":"11 minutos"},"schema":{"@context":"https:\/\/schema.org","@graph":[{"@type":"Article","@id":"https:\/\/revistaliterariaelgatonegro.com\/?p=22102#article","isPartOf":{"@id":"https:\/\/revistaliterariaelgatonegro.com\/?p=22102"},"author":{"name":"administrador","@id":"https:\/\/revistaliterariaelgatonegro.com\/#\/schema\/person\/6a37dd51e0f101e394e91c123fd12e8a"},"headline":"Hablamos con Jorge Santove\u00f1a Mart\u00edn","datePublished":"2026-01-21T12:51:32+00:00","dateModified":"2026-01-21T12:51:35+00:00","mainEntityOfPage":{"@id":"https:\/\/revistaliterariaelgatonegro.com\/?p=22102"},"wordCount":2375,"commentCount":0,"publisher":{"@id":"https:\/\/revistaliterariaelgatonegro.com\/#\/schema\/person\/6a37dd51e0f101e394e91c123fd12e8a"},"image":{"@id":"https:\/\/revistaliterariaelgatonegro.com\/?p=22102#primaryimage"},"thumbnailUrl":"https:\/\/revistaliterariaelgatonegro.com\/wp-content\/uploads\/2026\/01\/hablamos-con-jorge-scaled.jpg","articleSection":["Hablamos con..."],"inLanguage":"es","potentialAction":[{"@type":"CommentAction","name":"Comment","target":["https:\/\/revistaliterariaelgatonegro.com\/?p=22102#respond"]}]},{"@type":"WebPage","@id":"https:\/\/revistaliterariaelgatonegro.com\/?p=22102","url":"https:\/\/revistaliterariaelgatonegro.com\/?p=22102","name":"Hablamos con Jorge Santove\u00f1a Mart\u00edn - REVISTA CULTURAL","isPartOf":{"@id":"https:\/\/revistaliterariaelgatonegro.com\/#website"},"primaryImageOfPage":{"@id":"https:\/\/revistaliterariaelgatonegro.com\/?p=22102#primaryimage"},"image":{"@id":"https:\/\/revistaliterariaelgatonegro.com\/?p=22102#primaryimage"},"thumbnailUrl":"https:\/\/revistaliterariaelgatonegro.com\/wp-content\/uploads\/2026\/01\/hablamos-con-jorge-scaled.jpg","datePublished":"2026-01-21T12:51:32+00:00","dateModified":"2026-01-21T12:51:35+00:00","breadcrumb":{"@id":"https:\/\/revistaliterariaelgatonegro.com\/?p=22102#breadcrumb"},"inLanguage":"es","potentialAction":[{"@type":"ReadAction","target":["https:\/\/revistaliterariaelgatonegro.com\/?p=22102"]}]},{"@type":"ImageObject","inLanguage":"es","@id":"https:\/\/revistaliterariaelgatonegro.com\/?p=22102#primaryimage","url":"https:\/\/revistaliterariaelgatonegro.com\/wp-content\/uploads\/2026\/01\/hablamos-con-jorge-scaled.jpg","contentUrl":"https:\/\/revistaliterariaelgatonegro.com\/wp-content\/uploads\/2026\/01\/hablamos-con-jorge-scaled.jpg","width":2560,"height":1280},{"@type":"BreadcrumbList","@id":"https:\/\/revistaliterariaelgatonegro.com\/?p=22102#breadcrumb","itemListElement":[{"@type":"ListItem","position":1,"name":"Portada","item":"https:\/\/revistaliterariaelgatonegro.com\/"},{"@type":"ListItem","position":2,"name":"Hablamos con Jorge Santove\u00f1a Mart\u00edn"}]},{"@type":"WebSite","@id":"https:\/\/revistaliterariaelgatonegro.com\/#website","url":"https:\/\/revistaliterariaelgatonegro.com\/","name":"REVISTA CULTURAL","description":" Un nuevo espacio para la divulgaci\u00f3n literaria, as\u00ed como dem\u00e1s artes ","publisher":{"@id":"https:\/\/revistaliterariaelgatonegro.com\/#\/schema\/person\/6a37dd51e0f101e394e91c123fd12e8a"},"potentialAction":[{"@type":"SearchAction","target":{"@type":"EntryPoint","urlTemplate":"https:\/\/revistaliterariaelgatonegro.com\/?s={search_term_string}"},"query-input":{"@type":"PropertyValueSpecification","valueRequired":true,"valueName":"search_term_string"}}],"inLanguage":"es"},{"@type":["Person","Organization"],"@id":"https:\/\/revistaliterariaelgatonegro.com\/#\/schema\/person\/6a37dd51e0f101e394e91c123fd12e8a","name":"administrador","image":{"@type":"ImageObject","inLanguage":"es","@id":"https:\/\/revistaliterariaelgatonegro.com\/wp-content\/uploads\/2025\/12\/cropped-Logotipo-Logo-Marca-personal-Pastel-Amarillo-12-Photoroom.png","url":"https:\/\/revistaliterariaelgatonegro.com\/wp-content\/uploads\/2025\/12\/cropped-Logotipo-Logo-Marca-personal-Pastel-Amarillo-12-Photoroom.png","contentUrl":"https:\/\/revistaliterariaelgatonegro.com\/wp-content\/uploads\/2025\/12\/cropped-Logotipo-Logo-Marca-personal-Pastel-Amarillo-12-Photoroom.png","width":364,"height":212,"caption":"administrador"},"logo":{"@id":"https:\/\/revistaliterariaelgatonegro.com\/wp-content\/uploads\/2025\/12\/cropped-Logotipo-Logo-Marca-personal-Pastel-Amarillo-12-Photoroom.png"},"sameAs":["http:\/\/s864831950.mialojamiento.es"]}]}},"featured_image_urls":{"full":["https:\/\/revistaliterariaelgatonegro.com\/wp-content\/uploads\/2026\/01\/hablamos-con-jorge-scaled.jpg",2560,1280,false],"thumbnail":["https:\/\/revistaliterariaelgatonegro.com\/wp-content\/uploads\/2026\/01\/hablamos-con-jorge-150x150.jpg",150,150,true],"medium":["https:\/\/revistaliterariaelgatonegro.com\/wp-content\/uploads\/2026\/01\/hablamos-con-jorge-300x150.jpg",300,150,true],"medium_large":["https:\/\/revistaliterariaelgatonegro.com\/wp-content\/uploads\/2026\/01\/hablamos-con-jorge-768x384.jpg",640,320,true],"large":["https:\/\/revistaliterariaelgatonegro.com\/wp-content\/uploads\/2026\/01\/hablamos-con-jorge-700x350.jpg",640,320,true],"1536x1536":["https:\/\/revistaliterariaelgatonegro.com\/wp-content\/uploads\/2026\/01\/hablamos-con-jorge-1536x768.jpg",1536,768,true],"2048x2048":["https:\/\/revistaliterariaelgatonegro.com\/wp-content\/uploads\/2026\/01\/hablamos-con-jorge-2048x1024.jpg",2048,1024,true],"morenews-large":["https:\/\/revistaliterariaelgatonegro.com\/wp-content\/uploads\/2026\/01\/hablamos-con-jorge-825x575.jpg",825,575,true],"morenews-medium":["https:\/\/revistaliterariaelgatonegro.com\/wp-content\/uploads\/2026\/01\/hablamos-con-jorge-590x410.jpg",590,410,true],"woocommerce_thumbnail":["https:\/\/revistaliterariaelgatonegro.com\/wp-content\/uploads\/2026\/01\/hablamos-con-jorge-300x150.jpg",300,150,true],"woocommerce_single":["https:\/\/revistaliterariaelgatonegro.com\/wp-content\/uploads\/2026\/01\/hablamos-con-jorge-300x150.jpg",300,150,true],"woocommerce_gallery_thumbnail":["https:\/\/revistaliterariaelgatonegro.com\/wp-content\/uploads\/2026\/01\/hablamos-con-jorge-100x100.jpg",100,100,true],"dgwt-wcas-product-suggestion":["https:\/\/revistaliterariaelgatonegro.com\/wp-content\/uploads\/2026\/01\/hablamos-con-jorge-64x32.jpg",64,32,true]},"author_info":{"display_name":false,"author_link":"https:\/\/revistaliterariaelgatonegro.com\/?author=1"},"category_info":"<a href=\"https:\/\/revistaliterariaelgatonegro.com\/?cat=121\" rel=\"category\">Hablamos con...<\/a>","tag_info":"Hablamos con...","comment_count":"0","_links":{"self":[{"href":"https:\/\/revistaliterariaelgatonegro.com\/index.php?rest_route=\/wp\/v2\/posts\/22102","targetHints":{"allow":["GET"]}}],"collection":[{"href":"https:\/\/revistaliterariaelgatonegro.com\/index.php?rest_route=\/wp\/v2\/posts"}],"about":[{"href":"https:\/\/revistaliterariaelgatonegro.com\/index.php?rest_route=\/wp\/v2\/types\/post"}],"author":[{"embeddable":true,"href":"https:\/\/revistaliterariaelgatonegro.com\/index.php?rest_route=\/wp\/v2\/users\/1"}],"replies":[{"embeddable":true,"href":"https:\/\/revistaliterariaelgatonegro.com\/index.php?rest_route=%2Fwp%2Fv2%2Fcomments&post=22102"}],"version-history":[{"count":7,"href":"https:\/\/revistaliterariaelgatonegro.com\/index.php?rest_route=\/wp\/v2\/posts\/22102\/revisions"}],"predecessor-version":[{"id":22112,"href":"https:\/\/revistaliterariaelgatonegro.com\/index.php?rest_route=\/wp\/v2\/posts\/22102\/revisions\/22112"}],"wp:featuredmedia":[{"embeddable":true,"href":"https:\/\/revistaliterariaelgatonegro.com\/index.php?rest_route=\/wp\/v2\/media\/22111"}],"wp:attachment":[{"href":"https:\/\/revistaliterariaelgatonegro.com\/index.php?rest_route=%2Fwp%2Fv2%2Fmedia&parent=22102"}],"wp:term":[{"taxonomy":"category","embeddable":true,"href":"https:\/\/revistaliterariaelgatonegro.com\/index.php?rest_route=%2Fwp%2Fv2%2Fcategories&post=22102"},{"taxonomy":"post_tag","embeddable":true,"href":"https:\/\/revistaliterariaelgatonegro.com\/index.php?rest_route=%2Fwp%2Fv2%2Ftags&post=22102"}],"curies":[{"name":"wp","href":"https:\/\/api.w.org\/{rel}","templated":true}]}}