{"id":22092,"date":"2026-01-20T09:30:00","date_gmt":"2026-01-20T09:30:00","guid":{"rendered":"https:\/\/revistaliterariaelgatonegro.com\/?p=22092"},"modified":"2026-01-19T18:59:51","modified_gmt":"2026-01-19T18:59:51","slug":"artiga-estreno-el-31-de-enero-en-sala-tarambana","status":"publish","type":"post","link":"https:\/\/revistaliterariaelgatonegro.com\/?p=22092","title":{"rendered":"&#8216;ARTIGA&#8217; estreno\u00a0el 31\u00a0de enero en Sala Tarambana\u00a0\u00a0"},"content":{"rendered":"\n<h2 class=\"wp-block-heading has-text-align-center\">Estreno en Madrid el s\u00e1bado 31 de enero a las 21h. Funciones los s\u00e1bados de febrero a las 21h. Funciones los domingos de marzo a las 19h<\/h2>\n\n\n\n<p><strong>La Sala Tarambana de Madrid acoge el estreno&nbsp;de la versi\u00f3n en castellano de&nbsp;<em>Artiga<\/em><\/strong>, una obra producida por&nbsp;<strong>La Mercantil<\/strong>, la compa\u00f1\u00eda teatral de la Sala Mercantil (Balaguer\/Lleida). Se trata del \u00faltimo texto&nbsp;de&nbsp;<strong>Daniel J. Meyer<\/strong>,&nbsp;reconocido dramaturgo&nbsp;ganador de un&nbsp;<strong>Premio Max a&nbsp;Mejor Autor\u00eda Revelaci\u00f3n en 2019<\/strong>&nbsp;y un Premio Butaca en 2018 por<em>&nbsp;A.K.A. (Also Known As)<\/em>.&nbsp;Esa obra hizo que todo el mundo conociera y admirara la escritura de Daniel J. Meyer.&nbsp;Era&nbsp;un mon\u00f3logo en el que un adolescente hablaba sobre la identidad, sobre&nbsp;la diferencia entre lo que sientes que eres y lo que deter\u00admina la sociedad que eres. Por este trabajo, su joven int\u00e9rprete, Albert Salazar, ganar\u00eda tambi\u00e9n el Premio Max a Mejor Actor Protagonista en 2019.&nbsp;<em>A.K.A. (Also Known As),&nbsp;<\/em>era una propuesta honesta, valiente y comprometida con el lenguaje y las inquietudes de los adolescentes.<\/p>\n\n\n\n<p>El nuevo trabajo de Daniel J. Meyer,&nbsp;<strong><em>Artiga<\/em><\/strong>, va un paso m\u00e1s all\u00e1 en cuanto a honestidad y valent\u00eda. En este caso, tambi\u00e9n un mon\u00f3logo teatral, da voz a un padre (al que da vida&nbsp;<strong>Javier L\u00e1zaro<\/strong>)&nbsp;que ha educado en soledad a su hijo. Le ha proporcionado una educaci\u00f3n acorde a su persona, y le ha dotado de&nbsp;valores progresistas,&nbsp; valores de igualdad,&nbsp;diversidad y&nbsp;compromiso. Pero su hijo adolescente ha decidido escoger su propio camino, un camino que choca frontalmente con la moralidad paterna, lo cual lleva a este padre a plantearse renunciar a la patria potestad. Por eso, y mucho m\u00e1s,&nbsp;<strong><em>Artiga<\/em><\/strong>&nbsp;va un paso m\u00e1s all\u00e1, es quiz\u00e1 la obra m\u00e1s arriesgada de este autor que no deja indiferente a nadie.<\/p>\n\n\n\n<p>Esta producci\u00f3n de La Mercantil cuenta con el trabajo de&nbsp;<strong>Merc\u00e8 Bosch<\/strong>&nbsp;en la escenograf\u00eda y la creaci\u00f3n de objetos;&nbsp;los arreglos musicales de&nbsp;<strong>D\u00eddac Flores;<\/strong>&nbsp;el dise\u00f1o de sonido corre a cargo de&nbsp;<strong>Cesc Mojica;<\/strong><strong>Albert Bonet<\/strong>&nbsp;es el asesor de movimiento y ayudante de direcci\u00f3n; y&nbsp;<strong>Xavier Bob\u00e9s<\/strong>, uno de los creadores (el otro es Alberto Conejero)&nbsp;de esa maravilla esc\u00e9nica&nbsp;que es&nbsp;<em>El mar. Visi\u00f3n de unos ni\u00f1os que no lo han visto nunca<\/em>,&nbsp;es el asesor en la manipulaci\u00f3n de objetos.<\/p>\n\n\n\n<p><strong><em>Artiga<\/em>&nbsp;se estrenar\u00e1 en Madrid el 31 de enero en la Sala Tarambana, y la obra estar\u00e1 en cartel todo febrero y marzo, una apuesta m\u00e1s de este espacio por el teatro original, contempor\u00e1neo y de calidad.<\/strong><\/p>\n\n\n\n<p>Habr\u00e1 una residencia t\u00e9cnica de la obra la \u00faltima semana de enero en la propia Sala Tarambana, un buen momento para conocer de primera mano c\u00f3mo se ha gestado este proyecto antes de su estreno.<\/p>\n\n\n\n<p><strong>SINOPSIS<\/strong><br><br>Un padre, que educa casi en solitario a su hijo, nos relata y revive su historia de crianza. Un hijo, que ha recibido una educaci\u00f3n progresista y diversa, es presentado en un entorno familiar formado por amigos gays del padre, una abuela poco convencional e historias amorosas de madrastras que nunca han ejercido como tal.<\/p>\n\n\n\n<p>En un momento de la adolescencia, sin previo aviso -como suele ocurrir-, la rebeld\u00eda de toda esta generosidad e idealidad de educaci\u00f3n y cuidado, ser\u00e1 cuestionada: el hijo comienza a tener actitudes hom\u00f3fobas, agresivas y problem\u00e1ticas respecto a los valores que ha vivido y recibido en casa; y esto es lo que generar\u00e1 el gran dilema al padre: \u00bfhasta d\u00f3nde deben permitirse estas objeciones -propias de la edad-&nbsp;dentro de su casa, cuando ofenden a s\u00ed mismo y a su entorno? \u00bfHasta cu\u00e1ndo se debe aguantar y responsabilizarse como tutor de alguien que plantea ideas y defiende valores que parecen deplorables y contrarios a sus principios? \u00bfCu\u00e1nto prevalece ser &#8216;padre&#8217;&nbsp;-cosa en la que se volc\u00f3 con todo su ser durante quince a\u00f1os-&nbsp;respecto a la integridad de su persona adulta?<\/p>\n\n\n\n<p><strong>La compa\u00f1\u00eda La Mercantil<\/strong> ha realizado diversas producciones bajo el paraguas de la sala que lleva el mismo nombre:\u00a0<em>Estimat Pablo, Samurai, Una dona sense nom<\/em>\u00a0y\u00a0<em>Artiga<\/em>.<\/p>\n\n\n\n<p>La sala La Mercantil es un espacio de artes esc\u00e9nicas independiente y privado que naci\u00f3 en octubre del 2021 y que ofrece una programaci\u00f3n regular, realiza producciones propias y organiza actividades culturales y formativas dentro del mundo esc\u00e9nico. Sus fundadores, Merc\u00e8 Bosch Roma y Javier L\u00e1zaro Ayuso, afrontan cada producci\u00f3n con equipos art\u00edsticos formados por diferentes profesionales nacionales con el centro de creaci\u00f3n en la misma sala en Balaguer (Lleida).<\/p>\n\n\n\n<p class=\"has-text-align-left\"><br><strong>DRAMATURGO<\/strong><\/p>\n\n\n\n<p class=\"has-text-align-left\">Daniel J. Meyer, dramaturgo, director teatral y profesor de dramaturgia, estudi\u00f3 Artes del Teatro en COSATYC\/ANDAMIO 90 con especializaci\u00f3n de direcci\u00f3n teatral e interpretaci\u00f3n. Autor de varias obras teatrales, entre las que destaca\u00a0<em>A.K.A. (Also Known As) &#8211;<\/em>galardonada con el Premio MAX 2019 y Butaca 2018-, Uppgivenhet, Scratch y Llegat.<\/p>\n\n\n\n<p>Ha trabajado con compa\u00f1\u00edas en calidad de director, dramaturgo, o asesor y en varios musicales de gran formato en el departamento de direcci\u00f3n. Fue socio fundador, junto a Montse Rodr\u00edguez Clusella, de la productora AKA TEATRO.<\/p>\n\n\n\n<p>El autor ha estado relacionado con La Mercantil desde el nacimiento de la sala, donde se han programado sus espect\u00e1culos, se han acogido residencias t\u00e9cnicas de sus obras y ha impartido talleres de dramaturgia.<\/p>\n\n\n\n<p><br><strong>INT\u00c9RPRETE<\/strong><br><br>El actor Javier L\u00e1zaro Ayuso se ha formado en la escuela del Teatro de la Estaci\u00f3n de Zaragoza, en la Escuela Internacional de Teatro Estudio Berty Tovias (pedagog\u00eda de Jacques Lecoq) y en la Escuela El Timbal de Barcelona. Tambi\u00e9n ha recibido formaci\u00f3n musical en la vertiente de canto l\u00edrico de la mano de la mezzosoprano Marta Infante y el tenor Jorge Jasso.<\/p>\n\n\n\n<p>Cofundador de la sala Mercantil, ha participado en las diversas producciones de la misma sala bajo la direcci\u00f3n de Ferran Joanmiquel, Daniel J. Meyer y Lola L\u00f3pez de La Hongaresa Teatre, entre otros.<\/p>\n\n\n\n<p class=\"has-text-align-right\"><a href=\"https:\/\/tarambana.net\/espectaculos\/artiga\/\">Entradas<\/a><\/p>\n","protected":false},"excerpt":{"rendered":"<p>Estreno en Madrid el s\u00e1bado 31 de enero a las 21h. Funciones los s\u00e1bados de febrero a las<\/p>\n","protected":false},"author":1,"featured_media":22095,"comment_status":"open","ping_status":"open","sticky":false,"template":"","format":"standard","meta":{"footnotes":""},"categories":[61],"tags":[124],"class_list":["post-22092","post","type-post","status-publish","format-standard","has-post-thumbnail","hentry","category-teatro","tag-teatro"],"yoast_head":"<!-- This site is optimized with the Yoast SEO plugin v27.5 - https:\/\/yoast.com\/product\/yoast-seo-wordpress\/ -->\n<title>&#039;ARTIGA&#039; estreno\u00a0el 31\u00a0de enero en Sala Tarambana\u00a0\u00a0 - REVISTA CULTURAL<\/title>\n<meta name=\"robots\" content=\"index, follow, max-snippet:-1, max-image-preview:large, max-video-preview:-1\" \/>\n<link rel=\"canonical\" href=\"https:\/\/revistaliterariaelgatonegro.com\/?p=22092\" \/>\n<meta property=\"og:locale\" content=\"es_ES\" \/>\n<meta property=\"og:type\" content=\"article\" \/>\n<meta property=\"og:title\" content=\"&#039;ARTIGA&#039; estreno\u00a0el 31\u00a0de enero en Sala Tarambana\u00a0\u00a0 - REVISTA CULTURAL\" \/>\n<meta property=\"og:description\" content=\"Estreno en Madrid el s\u00e1bado 31 de enero a las 21h. Funciones los s\u00e1bados de febrero a las\" \/>\n<meta property=\"og:url\" content=\"https:\/\/revistaliterariaelgatonegro.com\/?p=22092\" \/>\n<meta property=\"og:site_name\" content=\"REVISTA CULTURAL\" \/>\n<meta property=\"article:published_time\" content=\"2026-01-20T09:30:00+00:00\" \/>\n<meta property=\"og:image\" content=\"https:\/\/revistaliterariaelgatonegro.com\/wp-content\/uploads\/2026\/01\/Artiga-scaled.jpg\" \/>\n\t<meta property=\"og:image:width\" content=\"2560\" \/>\n\t<meta property=\"og:image:height\" content=\"1707\" \/>\n\t<meta property=\"og:image:type\" content=\"image\/jpeg\" \/>\n<meta name=\"author\" content=\"administrador\" \/>\n<meta name=\"twitter:card\" content=\"summary_large_image\" \/>\n<meta name=\"twitter:label1\" content=\"Escrito por\" \/>\n\t<meta name=\"twitter:data1\" content=\"\" \/>\n\t<meta name=\"twitter:label2\" content=\"Tiempo de lectura\" \/>\n\t<meta name=\"twitter:data2\" content=\"5 minutos\" \/>\n<script type=\"application\/ld+json\" class=\"yoast-schema-graph\">{\"@context\":\"https:\\\/\\\/schema.org\",\"@graph\":[{\"@type\":\"Article\",\"@id\":\"https:\\\/\\\/revistaliterariaelgatonegro.com\\\/?p=22092#article\",\"isPartOf\":{\"@id\":\"https:\\\/\\\/revistaliterariaelgatonegro.com\\\/?p=22092\"},\"author\":{\"name\":\"administrador\",\"@id\":\"https:\\\/\\\/revistaliterariaelgatonegro.com\\\/#\\\/schema\\\/person\\\/6a37dd51e0f101e394e91c123fd12e8a\"},\"headline\":\"&#8216;ARTIGA&#8217; estreno\u00a0el 31\u00a0de enero en Sala Tarambana\u00a0\u00a0\",\"datePublished\":\"2026-01-20T09:30:00+00:00\",\"mainEntityOfPage\":{\"@id\":\"https:\\\/\\\/revistaliterariaelgatonegro.com\\\/?p=22092\"},\"wordCount\":1078,\"commentCount\":0,\"publisher\":{\"@id\":\"https:\\\/\\\/revistaliterariaelgatonegro.com\\\/#\\\/schema\\\/person\\\/6a37dd51e0f101e394e91c123fd12e8a\"},\"image\":{\"@id\":\"https:\\\/\\\/revistaliterariaelgatonegro.com\\\/?p=22092#primaryimage\"},\"thumbnailUrl\":\"https:\\\/\\\/revistaliterariaelgatonegro.com\\\/wp-content\\\/uploads\\\/2026\\\/01\\\/Artiga-scaled.jpg\",\"keywords\":[\"Teatro\"],\"articleSection\":[\"Teatro\"],\"inLanguage\":\"es\",\"potentialAction\":[{\"@type\":\"CommentAction\",\"name\":\"Comment\",\"target\":[\"https:\\\/\\\/revistaliterariaelgatonegro.com\\\/?p=22092#respond\"]}]},{\"@type\":\"WebPage\",\"@id\":\"https:\\\/\\\/revistaliterariaelgatonegro.com\\\/?p=22092\",\"url\":\"https:\\\/\\\/revistaliterariaelgatonegro.com\\\/?p=22092\",\"name\":\"'ARTIGA' estreno\u00a0el 31\u00a0de enero en Sala Tarambana\u00a0\u00a0 - REVISTA CULTURAL\",\"isPartOf\":{\"@id\":\"https:\\\/\\\/revistaliterariaelgatonegro.com\\\/#website\"},\"primaryImageOfPage\":{\"@id\":\"https:\\\/\\\/revistaliterariaelgatonegro.com\\\/?p=22092#primaryimage\"},\"image\":{\"@id\":\"https:\\\/\\\/revistaliterariaelgatonegro.com\\\/?p=22092#primaryimage\"},\"thumbnailUrl\":\"https:\\\/\\\/revistaliterariaelgatonegro.com\\\/wp-content\\\/uploads\\\/2026\\\/01\\\/Artiga-scaled.jpg\",\"datePublished\":\"2026-01-20T09:30:00+00:00\",\"breadcrumb\":{\"@id\":\"https:\\\/\\\/revistaliterariaelgatonegro.com\\\/?p=22092#breadcrumb\"},\"inLanguage\":\"es\",\"potentialAction\":[{\"@type\":\"ReadAction\",\"target\":[\"https:\\\/\\\/revistaliterariaelgatonegro.com\\\/?p=22092\"]}]},{\"@type\":\"ImageObject\",\"inLanguage\":\"es\",\"@id\":\"https:\\\/\\\/revistaliterariaelgatonegro.com\\\/?p=22092#primaryimage\",\"url\":\"https:\\\/\\\/revistaliterariaelgatonegro.com\\\/wp-content\\\/uploads\\\/2026\\\/01\\\/Artiga-scaled.jpg\",\"contentUrl\":\"https:\\\/\\\/revistaliterariaelgatonegro.com\\\/wp-content\\\/uploads\\\/2026\\\/01\\\/Artiga-scaled.jpg\",\"width\":2560,\"height\":1707},{\"@type\":\"BreadcrumbList\",\"@id\":\"https:\\\/\\\/revistaliterariaelgatonegro.com\\\/?p=22092#breadcrumb\",\"itemListElement\":[{\"@type\":\"ListItem\",\"position\":1,\"name\":\"Portada\",\"item\":\"https:\\\/\\\/revistaliterariaelgatonegro.com\\\/\"},{\"@type\":\"ListItem\",\"position\":2,\"name\":\"&#8216;ARTIGA&#8217; estreno\u00a0el 31\u00a0de enero en Sala Tarambana\u00a0\u00a0\"}]},{\"@type\":\"WebSite\",\"@id\":\"https:\\\/\\\/revistaliterariaelgatonegro.com\\\/#website\",\"url\":\"https:\\\/\\\/revistaliterariaelgatonegro.com\\\/\",\"name\":\"REVISTA CULTURAL\",\"description\":\" Un nuevo espacio para la divulgaci\u00f3n literaria, as\u00ed como dem\u00e1s artes \",\"publisher\":{\"@id\":\"https:\\\/\\\/revistaliterariaelgatonegro.com\\\/#\\\/schema\\\/person\\\/6a37dd51e0f101e394e91c123fd12e8a\"},\"potentialAction\":[{\"@type\":\"SearchAction\",\"target\":{\"@type\":\"EntryPoint\",\"urlTemplate\":\"https:\\\/\\\/revistaliterariaelgatonegro.com\\\/?s={search_term_string}\"},\"query-input\":{\"@type\":\"PropertyValueSpecification\",\"valueRequired\":true,\"valueName\":\"search_term_string\"}}],\"inLanguage\":\"es\"},{\"@type\":[\"Person\",\"Organization\"],\"@id\":\"https:\\\/\\\/revistaliterariaelgatonegro.com\\\/#\\\/schema\\\/person\\\/6a37dd51e0f101e394e91c123fd12e8a\",\"name\":\"administrador\",\"image\":{\"@type\":\"ImageObject\",\"inLanguage\":\"es\",\"@id\":\"https:\\\/\\\/revistaliterariaelgatonegro.com\\\/wp-content\\\/uploads\\\/2025\\\/12\\\/cropped-Logotipo-Logo-Marca-personal-Pastel-Amarillo-12-Photoroom.png\",\"url\":\"https:\\\/\\\/revistaliterariaelgatonegro.com\\\/wp-content\\\/uploads\\\/2025\\\/12\\\/cropped-Logotipo-Logo-Marca-personal-Pastel-Amarillo-12-Photoroom.png\",\"contentUrl\":\"https:\\\/\\\/revistaliterariaelgatonegro.com\\\/wp-content\\\/uploads\\\/2025\\\/12\\\/cropped-Logotipo-Logo-Marca-personal-Pastel-Amarillo-12-Photoroom.png\",\"width\":364,\"height\":212,\"caption\":\"administrador\"},\"logo\":{\"@id\":\"https:\\\/\\\/revistaliterariaelgatonegro.com\\\/wp-content\\\/uploads\\\/2025\\\/12\\\/cropped-Logotipo-Logo-Marca-personal-Pastel-Amarillo-12-Photoroom.png\"},\"sameAs\":[\"http:\\\/\\\/s864831950.mialojamiento.es\"]}]}<\/script>\n<!-- \/ Yoast SEO plugin. -->","yoast_head_json":{"title":"'ARTIGA' estreno\u00a0el 31\u00a0de enero en Sala Tarambana\u00a0\u00a0 - REVISTA CULTURAL","robots":{"index":"index","follow":"follow","max-snippet":"max-snippet:-1","max-image-preview":"max-image-preview:large","max-video-preview":"max-video-preview:-1"},"canonical":"https:\/\/revistaliterariaelgatonegro.com\/?p=22092","og_locale":"es_ES","og_type":"article","og_title":"'ARTIGA' estreno\u00a0el 31\u00a0de enero en Sala Tarambana\u00a0\u00a0 - REVISTA CULTURAL","og_description":"Estreno en Madrid el s\u00e1bado 31 de enero a las 21h. Funciones los s\u00e1bados de febrero a las","og_url":"https:\/\/revistaliterariaelgatonegro.com\/?p=22092","og_site_name":"REVISTA CULTURAL","article_published_time":"2026-01-20T09:30:00+00:00","og_image":[{"width":2560,"height":1707,"url":"https:\/\/revistaliterariaelgatonegro.com\/wp-content\/uploads\/2026\/01\/Artiga-scaled.jpg","type":"image\/jpeg"}],"author":"administrador","twitter_card":"summary_large_image","twitter_misc":{"Escrito por":false,"Tiempo de lectura":"5 minutos"},"schema":{"@context":"https:\/\/schema.org","@graph":[{"@type":"Article","@id":"https:\/\/revistaliterariaelgatonegro.com\/?p=22092#article","isPartOf":{"@id":"https:\/\/revistaliterariaelgatonegro.com\/?p=22092"},"author":{"name":"administrador","@id":"https:\/\/revistaliterariaelgatonegro.com\/#\/schema\/person\/6a37dd51e0f101e394e91c123fd12e8a"},"headline":"&#8216;ARTIGA&#8217; estreno\u00a0el 31\u00a0de enero en Sala Tarambana\u00a0\u00a0","datePublished":"2026-01-20T09:30:00+00:00","mainEntityOfPage":{"@id":"https:\/\/revistaliterariaelgatonegro.com\/?p=22092"},"wordCount":1078,"commentCount":0,"publisher":{"@id":"https:\/\/revistaliterariaelgatonegro.com\/#\/schema\/person\/6a37dd51e0f101e394e91c123fd12e8a"},"image":{"@id":"https:\/\/revistaliterariaelgatonegro.com\/?p=22092#primaryimage"},"thumbnailUrl":"https:\/\/revistaliterariaelgatonegro.com\/wp-content\/uploads\/2026\/01\/Artiga-scaled.jpg","keywords":["Teatro"],"articleSection":["Teatro"],"inLanguage":"es","potentialAction":[{"@type":"CommentAction","name":"Comment","target":["https:\/\/revistaliterariaelgatonegro.com\/?p=22092#respond"]}]},{"@type":"WebPage","@id":"https:\/\/revistaliterariaelgatonegro.com\/?p=22092","url":"https:\/\/revistaliterariaelgatonegro.com\/?p=22092","name":"'ARTIGA' estreno\u00a0el 31\u00a0de enero en Sala Tarambana\u00a0\u00a0 - REVISTA CULTURAL","isPartOf":{"@id":"https:\/\/revistaliterariaelgatonegro.com\/#website"},"primaryImageOfPage":{"@id":"https:\/\/revistaliterariaelgatonegro.com\/?p=22092#primaryimage"},"image":{"@id":"https:\/\/revistaliterariaelgatonegro.com\/?p=22092#primaryimage"},"thumbnailUrl":"https:\/\/revistaliterariaelgatonegro.com\/wp-content\/uploads\/2026\/01\/Artiga-scaled.jpg","datePublished":"2026-01-20T09:30:00+00:00","breadcrumb":{"@id":"https:\/\/revistaliterariaelgatonegro.com\/?p=22092#breadcrumb"},"inLanguage":"es","potentialAction":[{"@type":"ReadAction","target":["https:\/\/revistaliterariaelgatonegro.com\/?p=22092"]}]},{"@type":"ImageObject","inLanguage":"es","@id":"https:\/\/revistaliterariaelgatonegro.com\/?p=22092#primaryimage","url":"https:\/\/revistaliterariaelgatonegro.com\/wp-content\/uploads\/2026\/01\/Artiga-scaled.jpg","contentUrl":"https:\/\/revistaliterariaelgatonegro.com\/wp-content\/uploads\/2026\/01\/Artiga-scaled.jpg","width":2560,"height":1707},{"@type":"BreadcrumbList","@id":"https:\/\/revistaliterariaelgatonegro.com\/?p=22092#breadcrumb","itemListElement":[{"@type":"ListItem","position":1,"name":"Portada","item":"https:\/\/revistaliterariaelgatonegro.com\/"},{"@type":"ListItem","position":2,"name":"&#8216;ARTIGA&#8217; estreno\u00a0el 31\u00a0de enero en Sala Tarambana\u00a0\u00a0"}]},{"@type":"WebSite","@id":"https:\/\/revistaliterariaelgatonegro.com\/#website","url":"https:\/\/revistaliterariaelgatonegro.com\/","name":"REVISTA CULTURAL","description":" Un nuevo espacio para la divulgaci\u00f3n literaria, as\u00ed como dem\u00e1s artes ","publisher":{"@id":"https:\/\/revistaliterariaelgatonegro.com\/#\/schema\/person\/6a37dd51e0f101e394e91c123fd12e8a"},"potentialAction":[{"@type":"SearchAction","target":{"@type":"EntryPoint","urlTemplate":"https:\/\/revistaliterariaelgatonegro.com\/?s={search_term_string}"},"query-input":{"@type":"PropertyValueSpecification","valueRequired":true,"valueName":"search_term_string"}}],"inLanguage":"es"},{"@type":["Person","Organization"],"@id":"https:\/\/revistaliterariaelgatonegro.com\/#\/schema\/person\/6a37dd51e0f101e394e91c123fd12e8a","name":"administrador","image":{"@type":"ImageObject","inLanguage":"es","@id":"https:\/\/revistaliterariaelgatonegro.com\/wp-content\/uploads\/2025\/12\/cropped-Logotipo-Logo-Marca-personal-Pastel-Amarillo-12-Photoroom.png","url":"https:\/\/revistaliterariaelgatonegro.com\/wp-content\/uploads\/2025\/12\/cropped-Logotipo-Logo-Marca-personal-Pastel-Amarillo-12-Photoroom.png","contentUrl":"https:\/\/revistaliterariaelgatonegro.com\/wp-content\/uploads\/2025\/12\/cropped-Logotipo-Logo-Marca-personal-Pastel-Amarillo-12-Photoroom.png","width":364,"height":212,"caption":"administrador"},"logo":{"@id":"https:\/\/revistaliterariaelgatonegro.com\/wp-content\/uploads\/2025\/12\/cropped-Logotipo-Logo-Marca-personal-Pastel-Amarillo-12-Photoroom.png"},"sameAs":["http:\/\/s864831950.mialojamiento.es"]}]}},"featured_image_urls":{"full":["https:\/\/revistaliterariaelgatonegro.com\/wp-content\/uploads\/2026\/01\/Artiga-scaled.jpg",2560,1707,false],"thumbnail":["https:\/\/revistaliterariaelgatonegro.com\/wp-content\/uploads\/2026\/01\/Artiga-150x150.jpg",150,150,true],"medium":["https:\/\/revistaliterariaelgatonegro.com\/wp-content\/uploads\/2026\/01\/Artiga-300x200.jpg",300,200,true],"medium_large":["https:\/\/revistaliterariaelgatonegro.com\/wp-content\/uploads\/2026\/01\/Artiga-768x512.jpg",640,427,true],"large":["https:\/\/revistaliterariaelgatonegro.com\/wp-content\/uploads\/2026\/01\/Artiga-700x467.jpg",640,427,true],"1536x1536":["https:\/\/revistaliterariaelgatonegro.com\/wp-content\/uploads\/2026\/01\/Artiga-1536x1024.jpg",1536,1024,true],"2048x2048":["https:\/\/revistaliterariaelgatonegro.com\/wp-content\/uploads\/2026\/01\/Artiga-2048x1365.jpg",2048,1365,true],"morenews-large":["https:\/\/revistaliterariaelgatonegro.com\/wp-content\/uploads\/2026\/01\/Artiga-825x575.jpg",825,575,true],"morenews-medium":["https:\/\/revistaliterariaelgatonegro.com\/wp-content\/uploads\/2026\/01\/Artiga-590x410.jpg",590,410,true],"woocommerce_thumbnail":["https:\/\/revistaliterariaelgatonegro.com\/wp-content\/uploads\/2026\/01\/Artiga-300x200.jpg",300,200,true],"woocommerce_single":["https:\/\/revistaliterariaelgatonegro.com\/wp-content\/uploads\/2026\/01\/Artiga-300x200.jpg",300,200,true],"woocommerce_gallery_thumbnail":["https:\/\/revistaliterariaelgatonegro.com\/wp-content\/uploads\/2026\/01\/Artiga-100x100.jpg",100,100,true],"dgwt-wcas-product-suggestion":["https:\/\/revistaliterariaelgatonegro.com\/wp-content\/uploads\/2026\/01\/Artiga-64x43.jpg",64,43,true]},"author_info":{"display_name":false,"author_link":"https:\/\/revistaliterariaelgatonegro.com\/?author=1"},"category_info":"<a href=\"https:\/\/revistaliterariaelgatonegro.com\/?cat=61\" rel=\"category\">Teatro<\/a>","tag_info":"Teatro","comment_count":"0","_links":{"self":[{"href":"https:\/\/revistaliterariaelgatonegro.com\/index.php?rest_route=\/wp\/v2\/posts\/22092","targetHints":{"allow":["GET"]}}],"collection":[{"href":"https:\/\/revistaliterariaelgatonegro.com\/index.php?rest_route=\/wp\/v2\/posts"}],"about":[{"href":"https:\/\/revistaliterariaelgatonegro.com\/index.php?rest_route=\/wp\/v2\/types\/post"}],"author":[{"embeddable":true,"href":"https:\/\/revistaliterariaelgatonegro.com\/index.php?rest_route=\/wp\/v2\/users\/1"}],"replies":[{"embeddable":true,"href":"https:\/\/revistaliterariaelgatonegro.com\/index.php?rest_route=%2Fwp%2Fv2%2Fcomments&post=22092"}],"version-history":[{"count":3,"href":"https:\/\/revistaliterariaelgatonegro.com\/index.php?rest_route=\/wp\/v2\/posts\/22092\/revisions"}],"predecessor-version":[{"id":22101,"href":"https:\/\/revistaliterariaelgatonegro.com\/index.php?rest_route=\/wp\/v2\/posts\/22092\/revisions\/22101"}],"wp:featuredmedia":[{"embeddable":true,"href":"https:\/\/revistaliterariaelgatonegro.com\/index.php?rest_route=\/wp\/v2\/media\/22095"}],"wp:attachment":[{"href":"https:\/\/revistaliterariaelgatonegro.com\/index.php?rest_route=%2Fwp%2Fv2%2Fmedia&parent=22092"}],"wp:term":[{"taxonomy":"category","embeddable":true,"href":"https:\/\/revistaliterariaelgatonegro.com\/index.php?rest_route=%2Fwp%2Fv2%2Fcategories&post=22092"},{"taxonomy":"post_tag","embeddable":true,"href":"https:\/\/revistaliterariaelgatonegro.com\/index.php?rest_route=%2Fwp%2Fv2%2Ftags&post=22092"}],"curies":[{"name":"wp","href":"https:\/\/api.w.org\/{rel}","templated":true}]}}