{"id":21820,"date":"2025-12-11T09:48:18","date_gmt":"2025-12-11T09:48:18","guid":{"rendered":"https:\/\/revistaliterariaelgatonegro.com\/?p=21820"},"modified":"2025-12-27T23:20:16","modified_gmt":"2025-12-27T23:20:16","slug":"hablamos-con-gloria-montes","status":"publish","type":"post","link":"https:\/\/revistaliterariaelgatonegro.com\/?p=21820","title":{"rendered":"Hablamos con Gloria Montes"},"content":{"rendered":"\n<h2 class=\"wp-block-heading has-text-align-center\">Tras <em>Nunca renuncies al amor<\/em> , llega la segunda parte de la bilog\u00eda Amor y amistad, <em>Nunca dudes del amor.<\/em><\/h2>\n\n\n\n<p><strong><em>Hola Gloria, bienvenida a nuestra revista. Gloria, \u00bfpodr\u00edas decirme tres palabras que te definan? <\/em><\/strong><\/p>\n\n\n\n<p>Luchadora, perseverante, rom\u00e1ntica.<\/p>\n\n\n\n<p><strong>Recientemente has publicado <em><a href=\"https:\/\/tidd.ly\/4snAxCb\" target=\"_blank\" rel=\"noreferrer noopener nofollow\">Nunca dudes del amor<\/a><\/em>, \u00bfqu\u00e9 te inspir\u00f3 a escribirlo? <\/strong><\/p>\n\n\n\n<p>Es la segunda parte de la bilog\u00eda Amor y Amistad. La primera novela se titula <em>Nunca renuncies al amor. <\/em>Se trata de la recopilaci\u00f3n de historias reales que me han contado a lo largo de mi vida. He trabajado en unos grandes almacenes durante cuarenta y dos a\u00f1os, he pasado por muchos departamentos, hasta llegar a ser gerente en moda mujer. He tenido ocasi\u00f3n de conocer a muchas se\u00f1oras, mujeres fuertes, que aparentemente ten\u00edan lo necesario para ser felices, menos en el amor.<\/p>\n\n\n\n<figure class=\"wp-block-image alignright size-large is-resized\"><img decoding=\"async\" width=\"700\" height=\"1050\" src=\"https:\/\/revistaliterariaelgatonegro.com\/wp-content\/uploads\/2025\/12\/nunda-dudes-del-amaor-700x1050.jpg\" alt=\"\" class=\"wp-image-21823\" style=\"width:500px\" srcset=\"https:\/\/revistaliterariaelgatonegro.com\/wp-content\/uploads\/2025\/12\/nunda-dudes-del-amaor-700x1050.jpg 700w, https:\/\/revistaliterariaelgatonegro.com\/wp-content\/uploads\/2025\/12\/nunda-dudes-del-amaor-200x300.jpg 200w, https:\/\/revistaliterariaelgatonegro.com\/wp-content\/uploads\/2025\/12\/nunda-dudes-del-amaor-768x1152.jpg 768w, https:\/\/revistaliterariaelgatonegro.com\/wp-content\/uploads\/2025\/12\/nunda-dudes-del-amaor-300x450.jpg 300w, https:\/\/revistaliterariaelgatonegro.com\/wp-content\/uploads\/2025\/12\/nunda-dudes-del-amaor-64x96.jpg 64w, https:\/\/revistaliterariaelgatonegro.com\/wp-content\/uploads\/2025\/12\/nunda-dudes-del-amaor.jpg 800w\" sizes=\"(max-width: 700px) 100vw, 700px\" \/><\/figure>\n\n\n\n<p><strong>\u00bfQu\u00e9 nos puedes contar del libro? <\/strong><\/p>\n\n\n\n<p>En esta segunda parte, se profundiza m\u00e1s en la historia de tres de las seis amigas que protagonizan la bilog\u00eda. Es un canto a la mujer luchadora, capaz de reinventarse, salir de su zona de confort, para darse una nueva oportunidad en la vida, alcanzar sus objetivos e intentar revivir ese amor que tanto han so\u00f1ado. Clara es m\u00e9dico, decide unirse a M\u00e9dicos sin Frontera para poner distancia con un amor frustrado; viajar\u00e1 a Tanzania. Elena es catedr\u00e1tica de Historia, viajar\u00e1 a la Ribera Maya para estudiar su cultura; tambi\u00e9n huye de un amor imposible. Ella nunca hab\u00eda salido de M\u00e1laga y vivir\u00e1 muchas aventuras. Sof\u00eda es empresaria, se reinventa despu\u00e9s de su divorcio, abre una nueva tienda en Marbella, y tendr\u00e1 nuevos socios, que la juzgar\u00e1n, y se encontrar\u00e1 con nuevos conflictos.<\/p>\n\n\n\n<p><strong>\u00bfC\u00f3mo surgi\u00f3 la idea principal de la historia?<\/strong><\/p>\n\n\n\n<p> Dar voz a esas mujeres que, para tenerlo todo en la vida, alcanzar sus sue\u00f1os profesionales, tuvieron que dejar muchas cosas a un lado: familia, amigos, hobbies e incluso el amor, para poder competir en puestos de responsabilidad, en una sociedad a\u00fan algo machista. Una mujer en igualdad de condiciones en formaci\u00f3n tiene que esforzarse y demostrar m\u00e1s de una vez que es v\u00e1lida para ese puesto.<\/p>\n\n\n\n<h2 class=\"wp-block-heading has-text-align-center has-vivid-red-color has-text-color has-link-color wp-elements-91732890e6ffea4965bb1ab52e439f76\"> Por amor se hacen cosas imposibles. Sin amor, en cualquiera de sus facetas, la vida ser\u00eda aburrida y sin sentido.<\/h2>\n\n\n\n<p><strong>\u00bfTus personajes est\u00e1n basados en personas reales o son completamente ficticios?<\/strong><\/p>\n\n\n\n<p> La bilog\u00eda es ficci\u00f3n, pero los personajes est\u00e1n creados de personas reales, solo que, en cada una de ellas, hay varias mujeres, combinando m\u00faltiples vivencias, car\u00e1cter, posici\u00f3n social, formaci\u00f3n. En una ocasi\u00f3n escuch\u00e9 a un escritor comentar: \u00abPara que el lector conecte con la historia, siempre debe existir algo de verdad\u00bb.<\/p>\n\n\n\n<p><strong>\u00bfQu\u00e9 aspectos de la literatura rom\u00e1ntica te atraen m\u00e1s como escritora? <\/strong><\/p>\n\n\n\n<p>El predominio del sentimiento sobre la raz\u00f3n. En una novela rom\u00e1ntica se ensalza cada uno de los sentimientos del ser humano; el escritor puede elevarlos, incluso exagerarlos y exponerlos al lector para que sienta en el momento de la lectura lo mismo que el protagonista.<\/p>\n\n\n\n<p><strong>\u00bfQu\u00e9 dificultades encontraste al desarrollar la trama rom\u00e1ntica?<\/strong><\/p>\n\n\n\n<p>Contar historias verdaderas, sin que nadie se diera por aludido; por eso, lo que le sucede a cada protagonista est\u00e1 basado en las vivencias de varias personas que han pasado por mi vida. Aunque cada una de las seis protagonistas es una persona real.<\/p>\n\n\n\n<p><strong>\u00bfCrees que tus personajes reflejan alg\u00fan aspecto de ti misma?<\/strong><\/p>\n\n\n\n<p> Creo que es inevitable; aunque no te lo propongas, siempre hay algo de ti en los personajes; el cerebro siempre juega a su favor y se interpone a las creaciones.<\/p>\n\n\n\n<p><strong>\u00bfPor qu\u00e9 elegiste el g\u00e9nero rom\u00e1ntico para tu novela?<\/strong><\/p>\n\n\n\n<p> Porque el amor est\u00e1 en todas partes, es uno de los motores de la supervivencia; por amor se hacen cosas imposibles. Sin amor, en cualquiera de sus facetas, la vida ser\u00eda aburrida y sin sentido.<\/p>\n\n\n\n<p><strong>\u00bfA qu\u00e9 tipo de p\u00fablico crees que va dirigida tu obra?<\/strong> <\/p>\n\n\n\n<p>Principalmente a mujeres. Muchas de ellas se ver\u00e1n reflejadas en las historias que cuento, ya que est\u00e1n sacadas de la vida real.<\/p>\n\n\n\n<h2 class=\"wp-block-heading has-text-align-center has-vivid-red-color has-text-color has-link-color wp-elements-3a1fc0380dd14e38c3dd403b27ae14ca\">Mi tercera novela ya est\u00e1 en marcha, con temas de amor y desamor, aventuras, humor, donde su protagonista tendr\u00e1 que tomar decisiones importantes, que la llevar\u00e1n a cambiar su forma de vida, ante un inesperado suceso.<\/h2>\n\n\n\n<p><strong>\u00bfHas recibido alguna reacci\u00f3n de los lectores que te haya sorprendido?<\/strong><\/p>\n\n\n\n<p> S\u00ed, muchas personas me han escrito para felicitarme. Una persona en concreto, a la que le vend\u00ed el libro en la Feria del Libro de M\u00e1laga, me llam\u00f3 por tel\u00e9fono para decirme que ella buscaba un libro en concreto que le hab\u00edan recomendado. Yo la convenc\u00ed de que comprara <em>Nunca renuncies al amor; <\/em>encontr\u00f3 y compr\u00f3 el libro que buscaba, y al final le gust\u00f3 m\u00e1s el m\u00edo. El solo hecho de que me llamara para coment\u00e1rmelo me emocion\u00f3. Por supuesto, tambi\u00e9n ha comprado ya la segunda novela.&nbsp;&nbsp;&nbsp;<\/p>\n\n\n\n<p><strong>\u00bfCu\u00e1les son tus referentes dentro de la literatura rom\u00e1ntica?<\/strong><\/p>\n\n\n\n<p> Sin dudar, Jane Austen.<\/p>\n\n\n\n<p><strong>\u00bfMe podr\u00edas decir tu escritor o escritores favoritos? <\/strong><\/p>\n\n\n\n<figure class=\"wp-block-image alignright size-large is-resized\"><img decoding=\"async\" width=\"700\" height=\"1050\" src=\"https:\/\/revistaliterariaelgatonegro.com\/wp-content\/uploads\/2025\/12\/nunca-renuncies-al-amor-700x1050.jpg\" alt=\"\" class=\"wp-image-21824\" style=\"width:500px\" srcset=\"https:\/\/revistaliterariaelgatonegro.com\/wp-content\/uploads\/2025\/12\/nunca-renuncies-al-amor-700x1050.jpg 700w, https:\/\/revistaliterariaelgatonegro.com\/wp-content\/uploads\/2025\/12\/nunca-renuncies-al-amor-200x300.jpg 200w, https:\/\/revistaliterariaelgatonegro.com\/wp-content\/uploads\/2025\/12\/nunca-renuncies-al-amor-768x1152.jpg 768w, https:\/\/revistaliterariaelgatonegro.com\/wp-content\/uploads\/2025\/12\/nunca-renuncies-al-amor-300x450.jpg 300w, https:\/\/revistaliterariaelgatonegro.com\/wp-content\/uploads\/2025\/12\/nunca-renuncies-al-amor-64x96.jpg 64w, https:\/\/revistaliterariaelgatonegro.com\/wp-content\/uploads\/2025\/12\/nunca-renuncies-al-amor.jpg 800w\" sizes=\"(max-width: 700px) 100vw, 700px\" \/><\/figure>\n\n\n\n<p>Tengo muchos, me encanta leer. Leo porque me apasiona y porque de esa forma sigo aprendiendo de los grandes. Desde Isabel Allende, que fue la que me inici\u00f3 en la lectura, con su novela <em>La casa de los esp\u00edritus, <\/em>y desde entonces no he dejado de leerla, pasando por lo fascinante de Julio Verne, Alberto V\u00e1zquez-Figueroa, a los m\u00e1s actuales como Luz Gabas, Anne Jacobs, Sara Lark, Mar\u00eda Due\u00f1as, Julia Quinn, Idelfonso Falcones, Santiago Postiguillo y muchos m\u00e1s.<\/p>\n\n\n\n<p><strong>\u00bfY qu\u00e9 personaje hist\u00f3rico te gustar\u00eda conocer? <\/strong><\/p>\n\n\n\n<p>Adelantados en su tiempo, visionarios como Leonardo da Vinci y Julio Verne.<\/p>\n\n\n\n<p><strong>Gloria, \u00bftienes previsto escribir m\u00e1s novelas dentro del g\u00e9nero rom\u00e1ntico?<\/strong><\/p>\n\n\n\n<p> S\u00ed, por supuesto, mi tercera novela ya est\u00e1 en marcha, con temas de amor y desamor, aventuras, humor, donde su protagonista tendr\u00e1 que tomar decisiones importantes, que la llevar\u00e1n a cambiar su forma de vida, ante un inesperado suceso.<\/p>\n\n\n\n<p><strong>\u00bfQu\u00e9 te gustar\u00eda explorar en tus pr\u00f3ximos proyectos literarios?<\/strong><\/p>\n\n\n\n<p>Me encantar\u00eda escribir novela hist\u00f3rica y ciencia ficci\u00f3n, siempre con toques rom\u00e1nticos.<\/p>\n\n\n\n<h2 class=\"wp-block-heading has-text-align-center has-vivid-red-color has-text-color has-link-color wp-elements-64229223320c1e1474e7459f6fe01eaf\">Me encantar\u00eda escribir novela hist\u00f3rica y ciencia ficci\u00f3n, siempre con toques rom\u00e1nticos.<\/h2>\n","protected":false},"excerpt":{"rendered":"<p>Tras Nunca renuncies al amor , llega la segunda parte de la bilog\u00eda Amor y amistad, Nunca dudes<\/p>\n","protected":false},"author":1,"featured_media":21821,"comment_status":"open","ping_status":"open","sticky":false,"template":"","format":"standard","meta":{"footnotes":""},"categories":[121],"tags":[],"class_list":["post-21820","post","type-post","status-publish","format-standard","has-post-thumbnail","hentry","category-hablamos-con"],"yoast_head":"<!-- This site is optimized with the Yoast SEO plugin v27.5 - https:\/\/yoast.com\/product\/yoast-seo-wordpress\/ -->\n<title>Hablamos con Gloria Montes - REVISTA CULTURAL<\/title>\n<meta name=\"robots\" content=\"index, follow, max-snippet:-1, max-image-preview:large, max-video-preview:-1\" \/>\n<link rel=\"canonical\" href=\"https:\/\/revistaliterariaelgatonegro.com\/?p=21820\" \/>\n<meta property=\"og:locale\" content=\"es_ES\" \/>\n<meta property=\"og:type\" content=\"article\" \/>\n<meta property=\"og:title\" content=\"Hablamos con Gloria Montes - REVISTA CULTURAL\" \/>\n<meta property=\"og:description\" content=\"Tras Nunca renuncies al amor , llega la segunda parte de la bilog\u00eda Amor y amistad, Nunca dudes\" \/>\n<meta property=\"og:url\" content=\"https:\/\/revistaliterariaelgatonegro.com\/?p=21820\" \/>\n<meta property=\"og:site_name\" content=\"REVISTA CULTURAL\" \/>\n<meta property=\"article:published_time\" content=\"2025-12-11T09:48:18+00:00\" \/>\n<meta property=\"article:modified_time\" content=\"2025-12-27T23:20:16+00:00\" \/>\n<meta property=\"og:image\" content=\"https:\/\/revistaliterariaelgatonegro.com\/wp-content\/uploads\/2025\/12\/gloria-con-el-libro.jpg\" \/>\n\t<meta property=\"og:image:width\" content=\"2034\" \/>\n\t<meta property=\"og:image:height\" content=\"1540\" \/>\n\t<meta property=\"og:image:type\" content=\"image\/jpeg\" \/>\n<meta name=\"author\" content=\"administrador\" \/>\n<meta name=\"twitter:card\" content=\"summary_large_image\" \/>\n<meta name=\"twitter:label1\" content=\"Escrito por\" \/>\n\t<meta name=\"twitter:data1\" content=\"\" \/>\n\t<meta name=\"twitter:label2\" content=\"Tiempo de lectura\" \/>\n\t<meta name=\"twitter:data2\" content=\"6 minutos\" \/>\n<script type=\"application\/ld+json\" class=\"yoast-schema-graph\">{\"@context\":\"https:\\\/\\\/schema.org\",\"@graph\":[{\"@type\":\"Article\",\"@id\":\"https:\\\/\\\/revistaliterariaelgatonegro.com\\\/?p=21820#article\",\"isPartOf\":{\"@id\":\"https:\\\/\\\/revistaliterariaelgatonegro.com\\\/?p=21820\"},\"author\":{\"name\":\"administrador\",\"@id\":\"https:\\\/\\\/revistaliterariaelgatonegro.com\\\/#\\\/schema\\\/person\\\/6a37dd51e0f101e394e91c123fd12e8a\"},\"headline\":\"Hablamos con Gloria Montes\",\"datePublished\":\"2025-12-11T09:48:18+00:00\",\"dateModified\":\"2025-12-27T23:20:16+00:00\",\"mainEntityOfPage\":{\"@id\":\"https:\\\/\\\/revistaliterariaelgatonegro.com\\\/?p=21820\"},\"wordCount\":1077,\"commentCount\":0,\"publisher\":{\"@id\":\"https:\\\/\\\/revistaliterariaelgatonegro.com\\\/#\\\/schema\\\/person\\\/6a37dd51e0f101e394e91c123fd12e8a\"},\"image\":{\"@id\":\"https:\\\/\\\/revistaliterariaelgatonegro.com\\\/?p=21820#primaryimage\"},\"thumbnailUrl\":\"https:\\\/\\\/revistaliterariaelgatonegro.com\\\/wp-content\\\/uploads\\\/2025\\\/12\\\/gloria-con-el-libro.jpg\",\"articleSection\":[\"Hablamos con...\"],\"inLanguage\":\"es\",\"potentialAction\":[{\"@type\":\"CommentAction\",\"name\":\"Comment\",\"target\":[\"https:\\\/\\\/revistaliterariaelgatonegro.com\\\/?p=21820#respond\"]}]},{\"@type\":\"WebPage\",\"@id\":\"https:\\\/\\\/revistaliterariaelgatonegro.com\\\/?p=21820\",\"url\":\"https:\\\/\\\/revistaliterariaelgatonegro.com\\\/?p=21820\",\"name\":\"Hablamos con Gloria Montes - REVISTA CULTURAL\",\"isPartOf\":{\"@id\":\"https:\\\/\\\/revistaliterariaelgatonegro.com\\\/#website\"},\"primaryImageOfPage\":{\"@id\":\"https:\\\/\\\/revistaliterariaelgatonegro.com\\\/?p=21820#primaryimage\"},\"image\":{\"@id\":\"https:\\\/\\\/revistaliterariaelgatonegro.com\\\/?p=21820#primaryimage\"},\"thumbnailUrl\":\"https:\\\/\\\/revistaliterariaelgatonegro.com\\\/wp-content\\\/uploads\\\/2025\\\/12\\\/gloria-con-el-libro.jpg\",\"datePublished\":\"2025-12-11T09:48:18+00:00\",\"dateModified\":\"2025-12-27T23:20:16+00:00\",\"breadcrumb\":{\"@id\":\"https:\\\/\\\/revistaliterariaelgatonegro.com\\\/?p=21820#breadcrumb\"},\"inLanguage\":\"es\",\"potentialAction\":[{\"@type\":\"ReadAction\",\"target\":[\"https:\\\/\\\/revistaliterariaelgatonegro.com\\\/?p=21820\"]}]},{\"@type\":\"ImageObject\",\"inLanguage\":\"es\",\"@id\":\"https:\\\/\\\/revistaliterariaelgatonegro.com\\\/?p=21820#primaryimage\",\"url\":\"https:\\\/\\\/revistaliterariaelgatonegro.com\\\/wp-content\\\/uploads\\\/2025\\\/12\\\/gloria-con-el-libro.jpg\",\"contentUrl\":\"https:\\\/\\\/revistaliterariaelgatonegro.com\\\/wp-content\\\/uploads\\\/2025\\\/12\\\/gloria-con-el-libro.jpg\",\"width\":2034,\"height\":1540},{\"@type\":\"BreadcrumbList\",\"@id\":\"https:\\\/\\\/revistaliterariaelgatonegro.com\\\/?p=21820#breadcrumb\",\"itemListElement\":[{\"@type\":\"ListItem\",\"position\":1,\"name\":\"Portada\",\"item\":\"https:\\\/\\\/revistaliterariaelgatonegro.com\\\/\"},{\"@type\":\"ListItem\",\"position\":2,\"name\":\"Hablamos con Gloria Montes\"}]},{\"@type\":\"WebSite\",\"@id\":\"https:\\\/\\\/revistaliterariaelgatonegro.com\\\/#website\",\"url\":\"https:\\\/\\\/revistaliterariaelgatonegro.com\\\/\",\"name\":\"REVISTA CULTURAL\",\"description\":\" Un nuevo espacio para la divulgaci\u00f3n literaria, as\u00ed como dem\u00e1s artes \",\"publisher\":{\"@id\":\"https:\\\/\\\/revistaliterariaelgatonegro.com\\\/#\\\/schema\\\/person\\\/6a37dd51e0f101e394e91c123fd12e8a\"},\"potentialAction\":[{\"@type\":\"SearchAction\",\"target\":{\"@type\":\"EntryPoint\",\"urlTemplate\":\"https:\\\/\\\/revistaliterariaelgatonegro.com\\\/?s={search_term_string}\"},\"query-input\":{\"@type\":\"PropertyValueSpecification\",\"valueRequired\":true,\"valueName\":\"search_term_string\"}}],\"inLanguage\":\"es\"},{\"@type\":[\"Person\",\"Organization\"],\"@id\":\"https:\\\/\\\/revistaliterariaelgatonegro.com\\\/#\\\/schema\\\/person\\\/6a37dd51e0f101e394e91c123fd12e8a\",\"name\":\"administrador\",\"image\":{\"@type\":\"ImageObject\",\"inLanguage\":\"es\",\"@id\":\"https:\\\/\\\/revistaliterariaelgatonegro.com\\\/wp-content\\\/uploads\\\/2025\\\/12\\\/cropped-Logotipo-Logo-Marca-personal-Pastel-Amarillo-12-Photoroom.png\",\"url\":\"https:\\\/\\\/revistaliterariaelgatonegro.com\\\/wp-content\\\/uploads\\\/2025\\\/12\\\/cropped-Logotipo-Logo-Marca-personal-Pastel-Amarillo-12-Photoroom.png\",\"contentUrl\":\"https:\\\/\\\/revistaliterariaelgatonegro.com\\\/wp-content\\\/uploads\\\/2025\\\/12\\\/cropped-Logotipo-Logo-Marca-personal-Pastel-Amarillo-12-Photoroom.png\",\"width\":364,\"height\":212,\"caption\":\"administrador\"},\"logo\":{\"@id\":\"https:\\\/\\\/revistaliterariaelgatonegro.com\\\/wp-content\\\/uploads\\\/2025\\\/12\\\/cropped-Logotipo-Logo-Marca-personal-Pastel-Amarillo-12-Photoroom.png\"},\"sameAs\":[\"http:\\\/\\\/s864831950.mialojamiento.es\"]}]}<\/script>\n<!-- \/ Yoast SEO plugin. -->","yoast_head_json":{"title":"Hablamos con Gloria Montes - REVISTA CULTURAL","robots":{"index":"index","follow":"follow","max-snippet":"max-snippet:-1","max-image-preview":"max-image-preview:large","max-video-preview":"max-video-preview:-1"},"canonical":"https:\/\/revistaliterariaelgatonegro.com\/?p=21820","og_locale":"es_ES","og_type":"article","og_title":"Hablamos con Gloria Montes - REVISTA CULTURAL","og_description":"Tras Nunca renuncies al amor , llega la segunda parte de la bilog\u00eda Amor y amistad, Nunca dudes","og_url":"https:\/\/revistaliterariaelgatonegro.com\/?p=21820","og_site_name":"REVISTA CULTURAL","article_published_time":"2025-12-11T09:48:18+00:00","article_modified_time":"2025-12-27T23:20:16+00:00","og_image":[{"width":2034,"height":1540,"url":"https:\/\/revistaliterariaelgatonegro.com\/wp-content\/uploads\/2025\/12\/gloria-con-el-libro.jpg","type":"image\/jpeg"}],"author":"administrador","twitter_card":"summary_large_image","twitter_misc":{"Escrito por":false,"Tiempo de lectura":"6 minutos"},"schema":{"@context":"https:\/\/schema.org","@graph":[{"@type":"Article","@id":"https:\/\/revistaliterariaelgatonegro.com\/?p=21820#article","isPartOf":{"@id":"https:\/\/revistaliterariaelgatonegro.com\/?p=21820"},"author":{"name":"administrador","@id":"https:\/\/revistaliterariaelgatonegro.com\/#\/schema\/person\/6a37dd51e0f101e394e91c123fd12e8a"},"headline":"Hablamos con Gloria Montes","datePublished":"2025-12-11T09:48:18+00:00","dateModified":"2025-12-27T23:20:16+00:00","mainEntityOfPage":{"@id":"https:\/\/revistaliterariaelgatonegro.com\/?p=21820"},"wordCount":1077,"commentCount":0,"publisher":{"@id":"https:\/\/revistaliterariaelgatonegro.com\/#\/schema\/person\/6a37dd51e0f101e394e91c123fd12e8a"},"image":{"@id":"https:\/\/revistaliterariaelgatonegro.com\/?p=21820#primaryimage"},"thumbnailUrl":"https:\/\/revistaliterariaelgatonegro.com\/wp-content\/uploads\/2025\/12\/gloria-con-el-libro.jpg","articleSection":["Hablamos con..."],"inLanguage":"es","potentialAction":[{"@type":"CommentAction","name":"Comment","target":["https:\/\/revistaliterariaelgatonegro.com\/?p=21820#respond"]}]},{"@type":"WebPage","@id":"https:\/\/revistaliterariaelgatonegro.com\/?p=21820","url":"https:\/\/revistaliterariaelgatonegro.com\/?p=21820","name":"Hablamos con Gloria Montes - REVISTA CULTURAL","isPartOf":{"@id":"https:\/\/revistaliterariaelgatonegro.com\/#website"},"primaryImageOfPage":{"@id":"https:\/\/revistaliterariaelgatonegro.com\/?p=21820#primaryimage"},"image":{"@id":"https:\/\/revistaliterariaelgatonegro.com\/?p=21820#primaryimage"},"thumbnailUrl":"https:\/\/revistaliterariaelgatonegro.com\/wp-content\/uploads\/2025\/12\/gloria-con-el-libro.jpg","datePublished":"2025-12-11T09:48:18+00:00","dateModified":"2025-12-27T23:20:16+00:00","breadcrumb":{"@id":"https:\/\/revistaliterariaelgatonegro.com\/?p=21820#breadcrumb"},"inLanguage":"es","potentialAction":[{"@type":"ReadAction","target":["https:\/\/revistaliterariaelgatonegro.com\/?p=21820"]}]},{"@type":"ImageObject","inLanguage":"es","@id":"https:\/\/revistaliterariaelgatonegro.com\/?p=21820#primaryimage","url":"https:\/\/revistaliterariaelgatonegro.com\/wp-content\/uploads\/2025\/12\/gloria-con-el-libro.jpg","contentUrl":"https:\/\/revistaliterariaelgatonegro.com\/wp-content\/uploads\/2025\/12\/gloria-con-el-libro.jpg","width":2034,"height":1540},{"@type":"BreadcrumbList","@id":"https:\/\/revistaliterariaelgatonegro.com\/?p=21820#breadcrumb","itemListElement":[{"@type":"ListItem","position":1,"name":"Portada","item":"https:\/\/revistaliterariaelgatonegro.com\/"},{"@type":"ListItem","position":2,"name":"Hablamos con Gloria Montes"}]},{"@type":"WebSite","@id":"https:\/\/revistaliterariaelgatonegro.com\/#website","url":"https:\/\/revistaliterariaelgatonegro.com\/","name":"REVISTA CULTURAL","description":" Un nuevo espacio para la divulgaci\u00f3n literaria, as\u00ed como dem\u00e1s artes ","publisher":{"@id":"https:\/\/revistaliterariaelgatonegro.com\/#\/schema\/person\/6a37dd51e0f101e394e91c123fd12e8a"},"potentialAction":[{"@type":"SearchAction","target":{"@type":"EntryPoint","urlTemplate":"https:\/\/revistaliterariaelgatonegro.com\/?s={search_term_string}"},"query-input":{"@type":"PropertyValueSpecification","valueRequired":true,"valueName":"search_term_string"}}],"inLanguage":"es"},{"@type":["Person","Organization"],"@id":"https:\/\/revistaliterariaelgatonegro.com\/#\/schema\/person\/6a37dd51e0f101e394e91c123fd12e8a","name":"administrador","image":{"@type":"ImageObject","inLanguage":"es","@id":"https:\/\/revistaliterariaelgatonegro.com\/wp-content\/uploads\/2025\/12\/cropped-Logotipo-Logo-Marca-personal-Pastel-Amarillo-12-Photoroom.png","url":"https:\/\/revistaliterariaelgatonegro.com\/wp-content\/uploads\/2025\/12\/cropped-Logotipo-Logo-Marca-personal-Pastel-Amarillo-12-Photoroom.png","contentUrl":"https:\/\/revistaliterariaelgatonegro.com\/wp-content\/uploads\/2025\/12\/cropped-Logotipo-Logo-Marca-personal-Pastel-Amarillo-12-Photoroom.png","width":364,"height":212,"caption":"administrador"},"logo":{"@id":"https:\/\/revistaliterariaelgatonegro.com\/wp-content\/uploads\/2025\/12\/cropped-Logotipo-Logo-Marca-personal-Pastel-Amarillo-12-Photoroom.png"},"sameAs":["http:\/\/s864831950.mialojamiento.es"]}]}},"featured_image_urls":{"full":["https:\/\/revistaliterariaelgatonegro.com\/wp-content\/uploads\/2025\/12\/gloria-con-el-libro.jpg",2034,1540,false],"thumbnail":["https:\/\/revistaliterariaelgatonegro.com\/wp-content\/uploads\/2025\/12\/gloria-con-el-libro-150x150.jpg",150,150,true],"medium":["https:\/\/revistaliterariaelgatonegro.com\/wp-content\/uploads\/2025\/12\/gloria-con-el-libro-300x227.jpg",300,227,true],"medium_large":["https:\/\/revistaliterariaelgatonegro.com\/wp-content\/uploads\/2025\/12\/gloria-con-el-libro-768x581.jpg",640,484,true],"large":["https:\/\/revistaliterariaelgatonegro.com\/wp-content\/uploads\/2025\/12\/gloria-con-el-libro-700x530.jpg",640,485,true],"1536x1536":["https:\/\/revistaliterariaelgatonegro.com\/wp-content\/uploads\/2025\/12\/gloria-con-el-libro-1536x1163.jpg",1536,1163,true],"2048x2048":["https:\/\/revistaliterariaelgatonegro.com\/wp-content\/uploads\/2025\/12\/gloria-con-el-libro.jpg",2034,1540,false],"morenews-large":["https:\/\/revistaliterariaelgatonegro.com\/wp-content\/uploads\/2025\/12\/gloria-con-el-libro-825x575.jpg",825,575,true],"morenews-medium":["https:\/\/revistaliterariaelgatonegro.com\/wp-content\/uploads\/2025\/12\/gloria-con-el-libro-590x410.jpg",590,410,true],"woocommerce_thumbnail":["https:\/\/revistaliterariaelgatonegro.com\/wp-content\/uploads\/2025\/12\/gloria-con-el-libro-300x227.jpg",300,227,true],"woocommerce_single":["https:\/\/revistaliterariaelgatonegro.com\/wp-content\/uploads\/2025\/12\/gloria-con-el-libro-300x227.jpg",300,227,true],"woocommerce_gallery_thumbnail":["https:\/\/revistaliterariaelgatonegro.com\/wp-content\/uploads\/2025\/12\/gloria-con-el-libro-100x100.jpg",100,100,true],"dgwt-wcas-product-suggestion":["https:\/\/revistaliterariaelgatonegro.com\/wp-content\/uploads\/2025\/12\/gloria-con-el-libro-64x48.jpg",64,48,true]},"author_info":{"display_name":false,"author_link":"https:\/\/revistaliterariaelgatonegro.com\/?author=1"},"category_info":"<a href=\"https:\/\/revistaliterariaelgatonegro.com\/?cat=121\" rel=\"category\">Hablamos con...<\/a>","tag_info":"Hablamos con...","comment_count":"0","_links":{"self":[{"href":"https:\/\/revistaliterariaelgatonegro.com\/index.php?rest_route=\/wp\/v2\/posts\/21820","targetHints":{"allow":["GET"]}}],"collection":[{"href":"https:\/\/revistaliterariaelgatonegro.com\/index.php?rest_route=\/wp\/v2\/posts"}],"about":[{"href":"https:\/\/revistaliterariaelgatonegro.com\/index.php?rest_route=\/wp\/v2\/types\/post"}],"author":[{"embeddable":true,"href":"https:\/\/revistaliterariaelgatonegro.com\/index.php?rest_route=\/wp\/v2\/users\/1"}],"replies":[{"embeddable":true,"href":"https:\/\/revistaliterariaelgatonegro.com\/index.php?rest_route=%2Fwp%2Fv2%2Fcomments&post=21820"}],"version-history":[{"count":9,"href":"https:\/\/revistaliterariaelgatonegro.com\/index.php?rest_route=\/wp\/v2\/posts\/21820\/revisions"}],"predecessor-version":[{"id":22006,"href":"https:\/\/revistaliterariaelgatonegro.com\/index.php?rest_route=\/wp\/v2\/posts\/21820\/revisions\/22006"}],"wp:featuredmedia":[{"embeddable":true,"href":"https:\/\/revistaliterariaelgatonegro.com\/index.php?rest_route=\/wp\/v2\/media\/21821"}],"wp:attachment":[{"href":"https:\/\/revistaliterariaelgatonegro.com\/index.php?rest_route=%2Fwp%2Fv2%2Fmedia&parent=21820"}],"wp:term":[{"taxonomy":"category","embeddable":true,"href":"https:\/\/revistaliterariaelgatonegro.com\/index.php?rest_route=%2Fwp%2Fv2%2Fcategories&post=21820"},{"taxonomy":"post_tag","embeddable":true,"href":"https:\/\/revistaliterariaelgatonegro.com\/index.php?rest_route=%2Fwp%2Fv2%2Ftags&post=21820"}],"curies":[{"name":"wp","href":"https:\/\/api.w.org\/{rel}","templated":true}]}}