{"id":21817,"date":"2025-12-10T16:30:27","date_gmt":"2025-12-10T16:30:27","guid":{"rendered":"https:\/\/revistaliterariaelgatonegro.com\/?p=21817"},"modified":"2025-12-10T16:30:30","modified_gmt":"2025-12-10T16:30:30","slug":"emprendo-danza-veinte-anos-reivindicando-el-asociacionismo","status":"publish","type":"post","link":"https:\/\/revistaliterariaelgatonegro.com\/?p=21817","title":{"rendered":"Emprendo Danza. Veinte a\u00f1os reivindicando el asociacionismo"},"content":{"rendered":"\n<h2 class=\"wp-block-heading has-text-align-center\">El inicio de los actos de celebraci\u00f3n del 20 Aniversario tuvo lugar al pasado 7 de diciembre en Teatro Pradillo, con una fiesta\/encuentro organizada por Emprendo Danza con el objetivo de que las compa\u00f1\u00edas socias se conocieran entre s\u00ed.<\/h2>\n\n\n\n<p>El pasado\u00a07 de diciembre tuvo lugar el acto que daba lugar al inicio de la celebraci\u00f3n de los 20 a\u00f1os de Emprendo Danza  en el Teatro Pradillo. Un acto al que acudieron numerosos amigos y socios de Emprendo Danza, y que fue un gran punto de partida de las actividades conmemorativas que se realizar\u00e1n durante todo el a\u00f1o 2026.<\/p>\n\n\n\n<h2 class=\"wp-block-heading has-text-align-center has-vivid-red-color has-text-color has-link-color wp-elements-7f3d7cd37e8f1723e40ec2857e888b2d\"><strong>Este evento que sirvi\u00f3 como punto de partida de las actividades conmemorativas que se realizar\u00e1n durante todo el 2026 para celebrar 20 a\u00f1os de trabajo recorrido e impulso\u00a0a la Danza profesional.<\/strong><\/h2>\n\n\n\n<p>Este pr\u00f3ximo a\u00f1o que comienza, se presentar\u00e1 el\u00a0<strong>C\u00f3digo de Buenas Pr\u00e1cticas para las Compa\u00f1\u00edas de Danza, elaborado por Eva Moraga, que\u00a0probablemente ser\u00e1 en torno el D\u00eda Internacional de la Danza<\/strong>\u00a0(29 Abril); se realizar\u00e1 la Segunda edici\u00f3n de las entrevistas\u00a0<strong>La Danza Cuenta<\/strong>, un espacio de di\u00e1logo, pensamiento y reflexi\u00f3n con algunas de las voces protagonistas de la danza en Espa\u00f1a, y se har\u00e1 un registro audiovisual de las entrevistas en formato podcast para publicarlo en nuestro canal\u00a0el primer semestre de 2026; quieren organizar un encuentro entre el sector de la comunicaci\u00f3n cultural y prensa especializada en Danza con el sector profesional de la Danza, con el fin de crear una mesa de debate sobre c\u00f3mo se trata el sector en la os medios; y tendr\u00e1 lugar la Tercera edici\u00f3n del\u00a0<strong>Festival DANZAMAN\u00cdA<\/strong>\u00a0(14 al 22 de octubre de 2026) sobre mediaci\u00f3n y difusi\u00f3n de la danza con la infancia y la juventud. La sede ser\u00e1 en el Centro Cultural Paco Rabal de Madrid participando compa\u00f1\u00edas socias de Emprendo Danza realizando actividades de formaci\u00f3n en centros educativos y exhibiciones art\u00edsticas en el teatro.<\/p>\n\n\n\n<p class=\"has-text-align-left has-black-color has-text-color has-link-color wp-elements-842753f101742f6d8b470d24793e66a1\">Emprendo Danza\u00a0es una asociaci\u00f3n de \u00e1mbito nacional constituida por compa\u00f1\u00edas dedicadas fundamentalmente a actividades de producci\u00f3n y distribuci\u00f3n de Danza.\u00a0Su vocaci\u00f3n es la integraci\u00f3n de todos aquellos profesionales o empresas del sector que deseen participar y contribuir a desarrollar sus objetivos.<\/p>\n\n\n\n<p>Esta iniciativa surgi\u00f3 como una asociaci\u00f3n de \u00e1mbito auton\u00f3mico en la Comunidad de Madrid en 2006. En 2014\u00a0abre su \u00e1mbito de actuaci\u00f3n a nivel estatal, acogiendo a compa\u00f1\u00edas de danza de todo el territorio nacional y actualmente cuenta con 114 compa\u00f1\u00edas de las 17 Comunidades Aut\u00f3nomas.<\/p>\n\n\n\n<p>A lo largo de estos 20 a\u00f1os, Emprendo Danza ha elaborado sus propios proyectos, como\u00a0Danzaman\u00eda,\u00a0La Danza Cuenta\u00a0o\u00a0Emprendo en Red; ha colaborado\u00a0con los principales cert\u00e1menes coreogr\u00e1ficos en apoyo a los creadores y artistas emergentes de la Danza; ha participado\u00a0en foros, encuentros y jornadas, realizando estudios sectoriales con medidas y propuestas de apoyo para el sector, as\u00ed como la elaboraci\u00f3n de un C\u00f3digo de Buenas Pr\u00e1cticas para las compa\u00f1\u00edas, y actividades de formaci\u00f3n en favor de la profesionalizaci\u00f3n de la Danza.<\/p>\n\n\n\n<p>La celebraci\u00f3n del aniversario comenz\u00f3 con un evento muy especial que tuvo lugar el 7 de diciembre en Teatro Pradillo. Fue el punto de partida de las actividades conmemorativas que se realizar\u00e1n durante todo el a\u00f1o 2026.<\/p>\n\n\n\n<p><\/p>\n","protected":false},"excerpt":{"rendered":"<p>El inicio de los actos de celebraci\u00f3n del 20 Aniversario tuvo lugar al pasado 7 de diciembre en<\/p>\n","protected":false},"author":1,"featured_media":21819,"comment_status":"open","ping_status":"open","sticky":false,"template":"","format":"standard","meta":{"footnotes":""},"categories":[134],"tags":[],"class_list":["post-21817","post","type-post","status-publish","format-standard","has-post-thumbnail","hentry","category-actualidad"],"yoast_head":"<!-- This site is optimized with the Yoast SEO plugin v27.4 - https:\/\/yoast.com\/product\/yoast-seo-wordpress\/ -->\n<title>Emprendo Danza. Veinte a\u00f1os reivindicando el asociacionismo - REVISTA CULTURAL<\/title>\n<meta name=\"robots\" content=\"index, follow, max-snippet:-1, max-image-preview:large, max-video-preview:-1\" \/>\n<link rel=\"canonical\" href=\"https:\/\/revistaliterariaelgatonegro.com\/?p=21817\" \/>\n<meta property=\"og:locale\" content=\"es_ES\" \/>\n<meta property=\"og:type\" content=\"article\" \/>\n<meta property=\"og:title\" content=\"Emprendo Danza. Veinte a\u00f1os reivindicando el asociacionismo - REVISTA CULTURAL\" \/>\n<meta property=\"og:description\" content=\"El inicio de los actos de celebraci\u00f3n del 20 Aniversario tuvo lugar al pasado 7 de diciembre en\" \/>\n<meta property=\"og:url\" content=\"https:\/\/revistaliterariaelgatonegro.com\/?p=21817\" \/>\n<meta property=\"og:site_name\" content=\"REVISTA CULTURAL\" \/>\n<meta property=\"article:published_time\" content=\"2025-12-10T16:30:27+00:00\" \/>\n<meta property=\"article:modified_time\" content=\"2025-12-10T16:30:30+00:00\" \/>\n<meta property=\"og:image\" content=\"https:\/\/revistaliterariaelgatonegro.com\/wp-content\/uploads\/2025\/12\/emprendo-danza-scaled.png\" \/>\n\t<meta property=\"og:image:width\" content=\"2560\" \/>\n\t<meta property=\"og:image:height\" content=\"1328\" \/>\n\t<meta property=\"og:image:type\" content=\"image\/png\" \/>\n<meta name=\"author\" content=\"administrador\" \/>\n<meta name=\"twitter:card\" content=\"summary_large_image\" \/>\n<meta name=\"twitter:label1\" content=\"Escrito por\" \/>\n\t<meta name=\"twitter:data1\" content=\"\" \/>\n\t<meta name=\"twitter:label2\" content=\"Tiempo de lectura\" \/>\n\t<meta name=\"twitter:data2\" content=\"3 minutos\" \/>\n<script type=\"application\/ld+json\" class=\"yoast-schema-graph\">{\"@context\":\"https:\\\/\\\/schema.org\",\"@graph\":[{\"@type\":\"Article\",\"@id\":\"https:\\\/\\\/revistaliterariaelgatonegro.com\\\/?p=21817#article\",\"isPartOf\":{\"@id\":\"https:\\\/\\\/revistaliterariaelgatonegro.com\\\/?p=21817\"},\"author\":{\"name\":\"administrador\",\"@id\":\"https:\\\/\\\/revistaliterariaelgatonegro.com\\\/#\\\/schema\\\/person\\\/6a37dd51e0f101e394e91c123fd12e8a\"},\"headline\":\"Emprendo Danza. Veinte a\u00f1os reivindicando el asociacionismo\",\"datePublished\":\"2025-12-10T16:30:27+00:00\",\"dateModified\":\"2025-12-10T16:30:30+00:00\",\"mainEntityOfPage\":{\"@id\":\"https:\\\/\\\/revistaliterariaelgatonegro.com\\\/?p=21817\"},\"wordCount\":571,\"commentCount\":0,\"publisher\":{\"@id\":\"https:\\\/\\\/revistaliterariaelgatonegro.com\\\/#\\\/schema\\\/person\\\/6a37dd51e0f101e394e91c123fd12e8a\"},\"image\":{\"@id\":\"https:\\\/\\\/revistaliterariaelgatonegro.com\\\/?p=21817#primaryimage\"},\"thumbnailUrl\":\"https:\\\/\\\/revistaliterariaelgatonegro.com\\\/wp-content\\\/uploads\\\/2025\\\/12\\\/emprendo-danza-scaled.png\",\"articleSection\":[\"Actualidad\"],\"inLanguage\":\"es\",\"potentialAction\":[{\"@type\":\"CommentAction\",\"name\":\"Comment\",\"target\":[\"https:\\\/\\\/revistaliterariaelgatonegro.com\\\/?p=21817#respond\"]}]},{\"@type\":\"WebPage\",\"@id\":\"https:\\\/\\\/revistaliterariaelgatonegro.com\\\/?p=21817\",\"url\":\"https:\\\/\\\/revistaliterariaelgatonegro.com\\\/?p=21817\",\"name\":\"Emprendo Danza. Veinte a\u00f1os reivindicando el asociacionismo - REVISTA CULTURAL\",\"isPartOf\":{\"@id\":\"https:\\\/\\\/revistaliterariaelgatonegro.com\\\/#website\"},\"primaryImageOfPage\":{\"@id\":\"https:\\\/\\\/revistaliterariaelgatonegro.com\\\/?p=21817#primaryimage\"},\"image\":{\"@id\":\"https:\\\/\\\/revistaliterariaelgatonegro.com\\\/?p=21817#primaryimage\"},\"thumbnailUrl\":\"https:\\\/\\\/revistaliterariaelgatonegro.com\\\/wp-content\\\/uploads\\\/2025\\\/12\\\/emprendo-danza-scaled.png\",\"datePublished\":\"2025-12-10T16:30:27+00:00\",\"dateModified\":\"2025-12-10T16:30:30+00:00\",\"breadcrumb\":{\"@id\":\"https:\\\/\\\/revistaliterariaelgatonegro.com\\\/?p=21817#breadcrumb\"},\"inLanguage\":\"es\",\"potentialAction\":[{\"@type\":\"ReadAction\",\"target\":[\"https:\\\/\\\/revistaliterariaelgatonegro.com\\\/?p=21817\"]}]},{\"@type\":\"ImageObject\",\"inLanguage\":\"es\",\"@id\":\"https:\\\/\\\/revistaliterariaelgatonegro.com\\\/?p=21817#primaryimage\",\"url\":\"https:\\\/\\\/revistaliterariaelgatonegro.com\\\/wp-content\\\/uploads\\\/2025\\\/12\\\/emprendo-danza-scaled.png\",\"contentUrl\":\"https:\\\/\\\/revistaliterariaelgatonegro.com\\\/wp-content\\\/uploads\\\/2025\\\/12\\\/emprendo-danza-scaled.png\",\"width\":2560,\"height\":1328},{\"@type\":\"BreadcrumbList\",\"@id\":\"https:\\\/\\\/revistaliterariaelgatonegro.com\\\/?p=21817#breadcrumb\",\"itemListElement\":[{\"@type\":\"ListItem\",\"position\":1,\"name\":\"Portada\",\"item\":\"https:\\\/\\\/revistaliterariaelgatonegro.com\\\/\"},{\"@type\":\"ListItem\",\"position\":2,\"name\":\"Emprendo Danza. Veinte a\u00f1os reivindicando el asociacionismo\"}]},{\"@type\":\"WebSite\",\"@id\":\"https:\\\/\\\/revistaliterariaelgatonegro.com\\\/#website\",\"url\":\"https:\\\/\\\/revistaliterariaelgatonegro.com\\\/\",\"name\":\"REVISTA CULTURAL\",\"description\":\" Un nuevo espacio para la divulgaci\u00f3n literaria, as\u00ed como dem\u00e1s artes \",\"publisher\":{\"@id\":\"https:\\\/\\\/revistaliterariaelgatonegro.com\\\/#\\\/schema\\\/person\\\/6a37dd51e0f101e394e91c123fd12e8a\"},\"potentialAction\":[{\"@type\":\"SearchAction\",\"target\":{\"@type\":\"EntryPoint\",\"urlTemplate\":\"https:\\\/\\\/revistaliterariaelgatonegro.com\\\/?s={search_term_string}\"},\"query-input\":{\"@type\":\"PropertyValueSpecification\",\"valueRequired\":true,\"valueName\":\"search_term_string\"}}],\"inLanguage\":\"es\"},{\"@type\":[\"Person\",\"Organization\"],\"@id\":\"https:\\\/\\\/revistaliterariaelgatonegro.com\\\/#\\\/schema\\\/person\\\/6a37dd51e0f101e394e91c123fd12e8a\",\"name\":\"administrador\",\"image\":{\"@type\":\"ImageObject\",\"inLanguage\":\"es\",\"@id\":\"https:\\\/\\\/revistaliterariaelgatonegro.com\\\/wp-content\\\/uploads\\\/2025\\\/12\\\/cropped-Logotipo-Logo-Marca-personal-Pastel-Amarillo-12-Photoroom.png\",\"url\":\"https:\\\/\\\/revistaliterariaelgatonegro.com\\\/wp-content\\\/uploads\\\/2025\\\/12\\\/cropped-Logotipo-Logo-Marca-personal-Pastel-Amarillo-12-Photoroom.png\",\"contentUrl\":\"https:\\\/\\\/revistaliterariaelgatonegro.com\\\/wp-content\\\/uploads\\\/2025\\\/12\\\/cropped-Logotipo-Logo-Marca-personal-Pastel-Amarillo-12-Photoroom.png\",\"width\":364,\"height\":212,\"caption\":\"administrador\"},\"logo\":{\"@id\":\"https:\\\/\\\/revistaliterariaelgatonegro.com\\\/wp-content\\\/uploads\\\/2025\\\/12\\\/cropped-Logotipo-Logo-Marca-personal-Pastel-Amarillo-12-Photoroom.png\"},\"sameAs\":[\"http:\\\/\\\/s864831950.mialojamiento.es\"]}]}<\/script>\n<!-- \/ Yoast SEO plugin. -->","yoast_head_json":{"title":"Emprendo Danza. Veinte a\u00f1os reivindicando el asociacionismo - REVISTA CULTURAL","robots":{"index":"index","follow":"follow","max-snippet":"max-snippet:-1","max-image-preview":"max-image-preview:large","max-video-preview":"max-video-preview:-1"},"canonical":"https:\/\/revistaliterariaelgatonegro.com\/?p=21817","og_locale":"es_ES","og_type":"article","og_title":"Emprendo Danza. Veinte a\u00f1os reivindicando el asociacionismo - REVISTA CULTURAL","og_description":"El inicio de los actos de celebraci\u00f3n del 20 Aniversario tuvo lugar al pasado 7 de diciembre en","og_url":"https:\/\/revistaliterariaelgatonegro.com\/?p=21817","og_site_name":"REVISTA CULTURAL","article_published_time":"2025-12-10T16:30:27+00:00","article_modified_time":"2025-12-10T16:30:30+00:00","og_image":[{"width":2560,"height":1328,"url":"https:\/\/revistaliterariaelgatonegro.com\/wp-content\/uploads\/2025\/12\/emprendo-danza-scaled.png","type":"image\/png"}],"author":"administrador","twitter_card":"summary_large_image","twitter_misc":{"Escrito por":false,"Tiempo de lectura":"3 minutos"},"schema":{"@context":"https:\/\/schema.org","@graph":[{"@type":"Article","@id":"https:\/\/revistaliterariaelgatonegro.com\/?p=21817#article","isPartOf":{"@id":"https:\/\/revistaliterariaelgatonegro.com\/?p=21817"},"author":{"name":"administrador","@id":"https:\/\/revistaliterariaelgatonegro.com\/#\/schema\/person\/6a37dd51e0f101e394e91c123fd12e8a"},"headline":"Emprendo Danza. Veinte a\u00f1os reivindicando el asociacionismo","datePublished":"2025-12-10T16:30:27+00:00","dateModified":"2025-12-10T16:30:30+00:00","mainEntityOfPage":{"@id":"https:\/\/revistaliterariaelgatonegro.com\/?p=21817"},"wordCount":571,"commentCount":0,"publisher":{"@id":"https:\/\/revistaliterariaelgatonegro.com\/#\/schema\/person\/6a37dd51e0f101e394e91c123fd12e8a"},"image":{"@id":"https:\/\/revistaliterariaelgatonegro.com\/?p=21817#primaryimage"},"thumbnailUrl":"https:\/\/revistaliterariaelgatonegro.com\/wp-content\/uploads\/2025\/12\/emprendo-danza-scaled.png","articleSection":["Actualidad"],"inLanguage":"es","potentialAction":[{"@type":"CommentAction","name":"Comment","target":["https:\/\/revistaliterariaelgatonegro.com\/?p=21817#respond"]}]},{"@type":"WebPage","@id":"https:\/\/revistaliterariaelgatonegro.com\/?p=21817","url":"https:\/\/revistaliterariaelgatonegro.com\/?p=21817","name":"Emprendo Danza. Veinte a\u00f1os reivindicando el asociacionismo - REVISTA CULTURAL","isPartOf":{"@id":"https:\/\/revistaliterariaelgatonegro.com\/#website"},"primaryImageOfPage":{"@id":"https:\/\/revistaliterariaelgatonegro.com\/?p=21817#primaryimage"},"image":{"@id":"https:\/\/revistaliterariaelgatonegro.com\/?p=21817#primaryimage"},"thumbnailUrl":"https:\/\/revistaliterariaelgatonegro.com\/wp-content\/uploads\/2025\/12\/emprendo-danza-scaled.png","datePublished":"2025-12-10T16:30:27+00:00","dateModified":"2025-12-10T16:30:30+00:00","breadcrumb":{"@id":"https:\/\/revistaliterariaelgatonegro.com\/?p=21817#breadcrumb"},"inLanguage":"es","potentialAction":[{"@type":"ReadAction","target":["https:\/\/revistaliterariaelgatonegro.com\/?p=21817"]}]},{"@type":"ImageObject","inLanguage":"es","@id":"https:\/\/revistaliterariaelgatonegro.com\/?p=21817#primaryimage","url":"https:\/\/revistaliterariaelgatonegro.com\/wp-content\/uploads\/2025\/12\/emprendo-danza-scaled.png","contentUrl":"https:\/\/revistaliterariaelgatonegro.com\/wp-content\/uploads\/2025\/12\/emprendo-danza-scaled.png","width":2560,"height":1328},{"@type":"BreadcrumbList","@id":"https:\/\/revistaliterariaelgatonegro.com\/?p=21817#breadcrumb","itemListElement":[{"@type":"ListItem","position":1,"name":"Portada","item":"https:\/\/revistaliterariaelgatonegro.com\/"},{"@type":"ListItem","position":2,"name":"Emprendo Danza. Veinte a\u00f1os reivindicando el asociacionismo"}]},{"@type":"WebSite","@id":"https:\/\/revistaliterariaelgatonegro.com\/#website","url":"https:\/\/revistaliterariaelgatonegro.com\/","name":"REVISTA CULTURAL","description":" Un nuevo espacio para la divulgaci\u00f3n literaria, as\u00ed como dem\u00e1s artes ","publisher":{"@id":"https:\/\/revistaliterariaelgatonegro.com\/#\/schema\/person\/6a37dd51e0f101e394e91c123fd12e8a"},"potentialAction":[{"@type":"SearchAction","target":{"@type":"EntryPoint","urlTemplate":"https:\/\/revistaliterariaelgatonegro.com\/?s={search_term_string}"},"query-input":{"@type":"PropertyValueSpecification","valueRequired":true,"valueName":"search_term_string"}}],"inLanguage":"es"},{"@type":["Person","Organization"],"@id":"https:\/\/revistaliterariaelgatonegro.com\/#\/schema\/person\/6a37dd51e0f101e394e91c123fd12e8a","name":"administrador","image":{"@type":"ImageObject","inLanguage":"es","@id":"https:\/\/revistaliterariaelgatonegro.com\/wp-content\/uploads\/2025\/12\/cropped-Logotipo-Logo-Marca-personal-Pastel-Amarillo-12-Photoroom.png","url":"https:\/\/revistaliterariaelgatonegro.com\/wp-content\/uploads\/2025\/12\/cropped-Logotipo-Logo-Marca-personal-Pastel-Amarillo-12-Photoroom.png","contentUrl":"https:\/\/revistaliterariaelgatonegro.com\/wp-content\/uploads\/2025\/12\/cropped-Logotipo-Logo-Marca-personal-Pastel-Amarillo-12-Photoroom.png","width":364,"height":212,"caption":"administrador"},"logo":{"@id":"https:\/\/revistaliterariaelgatonegro.com\/wp-content\/uploads\/2025\/12\/cropped-Logotipo-Logo-Marca-personal-Pastel-Amarillo-12-Photoroom.png"},"sameAs":["http:\/\/s864831950.mialojamiento.es"]}]}},"featured_image_urls":{"full":["https:\/\/revistaliterariaelgatonegro.com\/wp-content\/uploads\/2025\/12\/emprendo-danza-scaled.png",2560,1328,false],"thumbnail":["https:\/\/revistaliterariaelgatonegro.com\/wp-content\/uploads\/2025\/12\/emprendo-danza-150x150.png",150,150,true],"medium":["https:\/\/revistaliterariaelgatonegro.com\/wp-content\/uploads\/2025\/12\/emprendo-danza-300x156.png",300,156,true],"medium_large":["https:\/\/revistaliterariaelgatonegro.com\/wp-content\/uploads\/2025\/12\/emprendo-danza-768x399.png",640,333,true],"large":["https:\/\/revistaliterariaelgatonegro.com\/wp-content\/uploads\/2025\/12\/emprendo-danza-700x363.png",640,332,true],"1536x1536":["https:\/\/revistaliterariaelgatonegro.com\/wp-content\/uploads\/2025\/12\/emprendo-danza-1536x797.png",1536,797,true],"2048x2048":["https:\/\/revistaliterariaelgatonegro.com\/wp-content\/uploads\/2025\/12\/emprendo-danza-2048x1063.png",2048,1063,true],"morenews-large":["https:\/\/revistaliterariaelgatonegro.com\/wp-content\/uploads\/2025\/12\/emprendo-danza-825x575.png",825,575,true],"morenews-medium":["https:\/\/revistaliterariaelgatonegro.com\/wp-content\/uploads\/2025\/12\/emprendo-danza-590x410.png",590,410,true],"woocommerce_thumbnail":["https:\/\/revistaliterariaelgatonegro.com\/wp-content\/uploads\/2025\/12\/emprendo-danza-300x156.png",300,156,true],"woocommerce_single":["https:\/\/revistaliterariaelgatonegro.com\/wp-content\/uploads\/2025\/12\/emprendo-danza-300x156.png",300,156,true],"woocommerce_gallery_thumbnail":["https:\/\/revistaliterariaelgatonegro.com\/wp-content\/uploads\/2025\/12\/emprendo-danza-100x100.png",100,100,true],"dgwt-wcas-product-suggestion":["https:\/\/revistaliterariaelgatonegro.com\/wp-content\/uploads\/2025\/12\/emprendo-danza-64x33.png",64,33,true]},"author_info":{"display_name":false,"author_link":"https:\/\/revistaliterariaelgatonegro.com\/?author=1"},"category_info":"<a href=\"https:\/\/revistaliterariaelgatonegro.com\/?cat=134\" rel=\"category\">Actualidad<\/a>","tag_info":"Actualidad","comment_count":"0","_links":{"self":[{"href":"https:\/\/revistaliterariaelgatonegro.com\/index.php?rest_route=\/wp\/v2\/posts\/21817","targetHints":{"allow":["GET"]}}],"collection":[{"href":"https:\/\/revistaliterariaelgatonegro.com\/index.php?rest_route=\/wp\/v2\/posts"}],"about":[{"href":"https:\/\/revistaliterariaelgatonegro.com\/index.php?rest_route=\/wp\/v2\/types\/post"}],"author":[{"embeddable":true,"href":"https:\/\/revistaliterariaelgatonegro.com\/index.php?rest_route=\/wp\/v2\/users\/1"}],"replies":[{"embeddable":true,"href":"https:\/\/revistaliterariaelgatonegro.com\/index.php?rest_route=%2Fwp%2Fv2%2Fcomments&post=21817"}],"version-history":[{"count":1,"href":"https:\/\/revistaliterariaelgatonegro.com\/index.php?rest_route=\/wp\/v2\/posts\/21817\/revisions"}],"predecessor-version":[{"id":21818,"href":"https:\/\/revistaliterariaelgatonegro.com\/index.php?rest_route=\/wp\/v2\/posts\/21817\/revisions\/21818"}],"wp:featuredmedia":[{"embeddable":true,"href":"https:\/\/revistaliterariaelgatonegro.com\/index.php?rest_route=\/wp\/v2\/media\/21819"}],"wp:attachment":[{"href":"https:\/\/revistaliterariaelgatonegro.com\/index.php?rest_route=%2Fwp%2Fv2%2Fmedia&parent=21817"}],"wp:term":[{"taxonomy":"category","embeddable":true,"href":"https:\/\/revistaliterariaelgatonegro.com\/index.php?rest_route=%2Fwp%2Fv2%2Fcategories&post=21817"},{"taxonomy":"post_tag","embeddable":true,"href":"https:\/\/revistaliterariaelgatonegro.com\/index.php?rest_route=%2Fwp%2Fv2%2Ftags&post=21817"}],"curies":[{"name":"wp","href":"https:\/\/api.w.org\/{rel}","templated":true}]}}