{"id":21626,"date":"2025-10-27T10:39:55","date_gmt":"2025-10-27T10:39:55","guid":{"rendered":"https:\/\/revistaliterariaelgatonegro.com\/?p=21626"},"modified":"2025-10-27T10:39:58","modified_gmt":"2025-10-27T10:39:58","slug":"de-reojo","status":"publish","type":"post","link":"https:\/\/revistaliterariaelgatonegro.com\/?p=21626","title":{"rendered":"De Reojo"},"content":{"rendered":"\n<h2 class=\"wp-block-heading has-text-align-center\"><strong>Estreno 8 de noviembre. Teatro del Bosque de M\u00f3stoles&nbsp;<\/strong><\/h2>\n\n\n\n<p>La reconocida compa\u00f1\u00eda madrile\u00f1a Caminantes Danza, creada&nbsp;por&nbsp;Pepa Sanz y Jos\u00e9 Merino, estrenan un nuevo espect\u00e1culo llamado&nbsp;<em>De Reojo<\/em>. Esta nueva propuesta coreografiada por&nbsp;los&nbsp;propios&nbsp;Sanz y Merino, y con&nbsp;la colaboraci\u00f3n especial de Manuel Reyes,&nbsp;juega con los m\u00e1rgenes de la mirada y sus m\u00faltiples intenciones, explorando la dualidad entre lo visible y lo escondido.<strong><br><\/strong><\/p>\n\n\n\n<p>Con una vibrante m\u00fasica original creada por Paco Cruz, Gaby Cruz y Greta Ch\u2019aska,&nbsp;<em>De Reojo<\/em>&nbsp;re\u00fane en escena a cinco artistas (Ana Arroyo, Pepa Sanz, Jos\u00e9 Merino,&nbsp;Manuel Reyes y&nbsp;Ang\u00e9lica Leyva al cante) con trayectorias tan amplias como singulares, que aportan riqueza y contraste a esta propuesta, combinando ra\u00edz y contemporaneidad en la frontera entre el flamenco y la danza-teatro.<br><br><em>De Reojo, que<\/em>&nbsp;ha sido creada&nbsp;con el apoyo de la Comunidad de Madrid y la colaboraci\u00f3n del Ayuntamiento de M\u00f3stoles y del Teatro del Bosque, se estrena de forma absoluta el 8 de noviembre a las 20h en el Teatro del Bosque de M\u00f3stoles.<\/p>\n\n\n\n<p><em>De Reojo<\/em>\u00a0juega con los m\u00e1rgenes de la mirada y sus m\u00faltiples intenciones: miradas c\u00f3mplices, desconfiadas, desafiantes, deseosas; miradas que no perdonan o que acarician sin tocar. La obra explora la dualidad entre lo visible y lo escondido, en los secretos y emociones que surgen en los v\u00ednculos humanos, invitando al espectador a imaginar esas historias que respiran en los cuerpos a trav\u00e9s del movimiento, el ritmo, el gesto y la emoci\u00f3n. Cuenta con\u00a0la direcci\u00f3n de\u00a0Pepa Sanz\u00a0y\u00a0Jos\u00e9 Merino, artistas vers\u00e1tiles que llevan m\u00e1s de dos d\u00e9cadas inmersos en proyectos audaces y renovadores del flamenco y la danza espa\u00f1ola. El\u00a0proyecto cuenta con la colaboraci\u00f3n especial del bailaor\u00a0Manuel Reyes, figura de referencia en el flamenco, la polifac\u00e9tica bailarina\u00a0Ana Arroyo\u00a0y la voz profunda de la cantaora\u00a0Ang\u00e9lica Leyva.<\/p>\n\n\n\n<p>Con una vibrante m\u00fasica original creada por&nbsp;Paco Cruz, Gaby Cruz&nbsp;y&nbsp;Greta Ch\u2019aska,&nbsp;<em>De Reojo<\/em>&nbsp;re\u00fane en escena a cinco artistas con trayectorias tan amplias como singulares, que aportan riqueza y contraste a esta propuesta, combinando ra\u00edz y contemporaneidad en la frontera entre el flamenco y la danza-teatro.<br><br><em>De Reojo<\/em>, que&nbsp;ha sido creada&nbsp;con el apoyo de la Comunidad de Madrid y la colaboraci\u00f3n del Ayuntamiento de M\u00f3stoles y del Teatro del Bosque,&nbsp;se estrena de forma absoluta el 8 de noviembre a las 20h en el&nbsp;<a href=\"https:\/\/lemonpress.us11.list-manage.com\/track\/click?u=4f086602c067eede6a3826c3d&amp;id=026e9474cf&amp;e=c90198201d\" target=\"_blank\" rel=\"noreferrer noopener\">Teatro del Bosque de M\u00f3stoles<\/a>.<\/p>\n\n\n\n<p><strong>LA COMPA\u00d1\u00cdA<\/strong><\/p>\n\n\n\n<p><strong><a href=\"https:\/\/lemonpress.us11.list-manage.com\/track\/click?u=4f086602c067eede6a3826c3d&amp;id=b92c51ad45&amp;e=c90198201d\" target=\"_blank\" rel=\"noreferrer noopener\">CAMINANTES DANZA<\/a><\/strong>&nbsp;es una compa\u00f1\u00eda formada por&nbsp;Jos\u00e9 Merino y Pepa Sanz.<\/p>\n\n\n\n<p>Partiendo de los c\u00f3digos del flamenco y la danza espa\u00f1ola, con una mirada abierta al di\u00e1logo con otras disciplinas, Pepa Sanz y Jos\u00e9 Merino crean juntos desde 2011, movidos por el impulso de contar historias que exploren en la naturaleza del ser humano a trav\u00e9s del movimiento, enfoc\u00e1ndose en la danza-teatro desde un lenguaje flamenco-contempor\u00e1neo.<\/p>\n\n\n\n<p>Partiendo de los c\u00f3digos del&nbsp;flamenco&nbsp;y la&nbsp;danza&nbsp;espa\u00f1ola con una&nbsp;mirada actual, se abren a recursos de otras disciplinas y a la experimentaci\u00f3n coreogr\u00e1fica y esc\u00e9nica.<\/p>\n\n\n\n<figure class=\"wp-block-image alignwide size-large\"><img decoding=\"async\" width=\"700\" height=\"466\" src=\"https:\/\/revistaliterariaelgatonegro.com\/wp-content\/uploads\/2025\/10\/actores-de-reojo-700x466.jpg\" alt=\"\" class=\"wp-image-21630\" srcset=\"https:\/\/revistaliterariaelgatonegro.com\/wp-content\/uploads\/2025\/10\/actores-de-reojo-700x466.jpg 700w, https:\/\/revistaliterariaelgatonegro.com\/wp-content\/uploads\/2025\/10\/actores-de-reojo-300x200.jpg 300w, https:\/\/revistaliterariaelgatonegro.com\/wp-content\/uploads\/2025\/10\/actores-de-reojo-768x512.jpg 768w, https:\/\/revistaliterariaelgatonegro.com\/wp-content\/uploads\/2025\/10\/actores-de-reojo-64x43.jpg 64w, https:\/\/revistaliterariaelgatonegro.com\/wp-content\/uploads\/2025\/10\/actores-de-reojo.jpg 827w\" sizes=\"(max-width: 700px) 100vw, 700px\" \/><figcaption class=\"wp-element-caption\">Pepa Sanz y Jos\u00e9 Merino<\/figcaption><\/figure>\n\n\n\n<p><br>El prop\u00f3sito de sus creaciones es hacer un viaje de ida y vuelta de lo imaginario a lo real, de lo cotidiano a lo so\u00f1ado.\u00a0Imaginan y crean personajes e historias que\u00a0conectan con la emoci\u00f3n de los espectadores. Relatos bailados que impactan, inquietan, divierten o enternecen. Que, de alguna u otra manera, conmueven y empatizan con el p\u00fablico.<\/p>\n\n\n\n<p>Sanz y Merino son&nbsp;artistas vers\u00e1tiles con una amplia trayectoria en compa\u00f1\u00edas como el Ballet Nacional de Espa\u00f1a, Antonio Canales, Karine Saporta o Ricardo Franco, entre las m\u00e1s destacables, llevan m\u00e1s de 2 d\u00e9cadas inmersos en proyectos, audaces y renovadores del flamenco y la danza espa\u00f1ola, colaborando con artistas de diferentes estilos y disciplinas. Trabajan de forma conjunta desde 2011, enfoc\u00e1ndose en la Danza-Teatro desde el lenguaje &#8216;Flamenco-Contempor\u00e1neo&#8217;, presentando sus creaciones en Espa\u00f1a, Portugal, Italia, Bulgaria, Argentina, Brasil, Ecuador,Jap\u00f3n y Tailandia, con el apoyo y colaboraci\u00f3n del INAEM, Comunidad de Madrid, Ayuntamiento de Madrid, AECID, Fundaci\u00f3n SGAE y Fundaci\u00f3n Fr\u00e9deric Mompou.<\/p>\n\n\n\n<p><strong>Pepa Sanz<\/strong><\/p>\n\n\n\n<p>Bailarina y core\u00f3grafa vers\u00e1til, que desarrolla su carrera con un enfoque abierto, colaborando en compa\u00f1\u00edas y proyectos pioneros, audaces y renovadores de la Danza Espa\u00f1ola y el Flamenco. A lo largo de su amplia trayectoria ha trabajado con destacados core\u00f3grafos y maestros.<\/p>\n\n\n\n<p>Galardonada con la Unesco Aschberg Bursary for Artist Programm en 2005, ha sido int\u00e9rprete de diversas coreografiadas premiadas en el Certamen Coreogr\u00e1fico de Madrid. Solista y repetidora de la compa\u00f1\u00eda Flamenco XXI Danza dirigida por Ricardo Franco, y cofundadora de Malucos Danza, donde colabor\u00f3 estrechamente como bailarina, core\u00f3grafa y asistente durante casi una d\u00e9cada. Core\u00f3grafa e int\u00e9rprete de las C\u00edas Cruceta Flamenco, I+D Danza, Ambulantes Teatro&#8230;<\/p>\n\n\n\n<p>Ha llevado su trabajo a escenarios de Europa, Asia y Am\u00e9rica, combinando su faceta art\u00edstica con la pedag\u00f3gica, impartiendo cursos en Espa\u00f1a, EE.UU., Tailandia, Chile, Argentina y Jap\u00f3n. De 2012 a 2019 form\u00f3 parte del equipo docente de la Escuela Profesional de Danza de Castilla y Le\u00f3n (EPDCYL), donde adem\u00e1s coordin\u00f3 el Taller Coreogr\u00e1fico de Danza Espa\u00f1ola con core\u00f3grafos como Rub\u00e9n Olmo, Javier Latorre, Daniel Do\u00f1a o Xisco Feij\u00f3.<\/p>\n\n\n\n<p>Desde 2011 codirige, junto a Jos\u00e9 Merino, la compa\u00f1\u00eda Caminantes Danza, con la que ha creado m\u00e1s de veinte espect\u00e1culos representados en m\u00faltiples festivales nacionales e internacionales. En 2022 recibi\u00f3 el Premio a la Mejor Direcci\u00f3n por Bendita Rutina en el Festival INDIFEST de Santander junto a Jos\u00e9 Merino, y recientemente la Menci\u00f3n Especial de la Comisi\u00f3n de Cr\u00edtica y Prensa en el Festival Teatri Riflessi de Italia con su pieza&nbsp;<em>El Porvenir-1<\/em>, \u201cpor su capacidad para transmitir emoci\u00f3n y esperanza, as\u00ed como por el uso de la t\u00e9cnica y lenguaje flamenco con una visi\u00f3n contempor\u00e1nea\u201d.<\/p>\n\n\n\n<p><br><strong>Jos\u00e9 Merino<\/strong> Inicia su carrera profesional en 1992 como bailar\u00edn del Ballet de Madrid bajo la direcci\u00f3n de Jos\u00e9 Granero. Posteriormente forma parte de compa\u00f1\u00edas emblem\u00e1ticas como el Ballet Flamenco de Antonio Canales, el Nuevo Ballet Espa\u00f1ol y Flamenco XXI Danza, bajo la direcci\u00f3n de Ricardo Franco. En 1998 se incorpora al Ballet Nacional de Espa\u00f1a, donde permanece hasta 2005, interpretando papeles de Solista y Primer Bailar\u00edn bajo las direcciones de Aida G\u00f3mez, Elvira Andr\u00e9s y Jos\u00e9 Antonio.<\/p>\n\n\n\n<p>A nivel internacional, ha sido artista invitado en compa\u00f1\u00edas de Francia, Reino Unido, Italia y Suiza, participando en destacadas producciones y festivales. Ha colaborado con core\u00f3grafos y directores de referencia como Antonio Gades, Mariemma, Pilar L\u00f3pez, Israel Galv\u00e1n, Mar\u00eda Pag\u00e9s, Karine Saporta, Javier Latorre, Aida G\u00f3mez, Hansel Cereza o Ricardo Cue, entre otros.<\/p>\n\n\n\n<p>De 2005 a 2011 colabora con la compa\u00f1\u00eda Malucos Danza y participa como core\u00f3grafo e int\u00e9rprete en compa\u00f1\u00edas diversas.<\/p>\n\n\n\n<p>Desde 2011 comparte direcci\u00f3n art\u00edstica con Pepa Sanz al frente de Caminantes Danza, compa\u00f1\u00eda con la que han creado m\u00e1s de veinte espect\u00e1culos presentados en festivales de Europa, Asia, Sudam\u00e9rica y Oriente Pr\u00f3ximo. En 2022, su espect\u00e1culo Bendita Rutina recibe el premio a la Mejor Direcci\u00f3n en el XVII Festival INDIFEST de Santander.<br><br>En paralelo a su carrera esc\u00e9nica, desarrolla una intensa labor pedag\u00f3gica, dirigiendo su propio estudio desde 2014 e impartiendo cursos en Espa\u00f1a y en el extranjero.<\/p>\n\n\n\n<p><\/p>\n","protected":false},"excerpt":{"rendered":"<p>Estreno 8 de noviembre. Teatro del Bosque de M\u00f3stoles&nbsp; La reconocida compa\u00f1\u00eda madrile\u00f1a Caminantes Danza, creada&nbsp;por&nbsp;Pepa Sanz y<\/p>\n","protected":false},"author":1,"featured_media":21628,"comment_status":"open","ping_status":"open","sticky":false,"template":"","format":"standard","meta":{"footnotes":""},"categories":[61],"tags":[124],"class_list":["post-21626","post","type-post","status-publish","format-standard","has-post-thumbnail","hentry","category-teatro","tag-teatro"],"yoast_head":"<!-- This site is optimized with the Yoast SEO plugin v27.5 - https:\/\/yoast.com\/product\/yoast-seo-wordpress\/ -->\n<title>De Reojo - REVISTA CULTURAL<\/title>\n<meta name=\"robots\" content=\"index, follow, max-snippet:-1, max-image-preview:large, max-video-preview:-1\" \/>\n<link rel=\"canonical\" href=\"https:\/\/revistaliterariaelgatonegro.com\/?p=21626\" \/>\n<meta property=\"og:locale\" content=\"es_ES\" \/>\n<meta property=\"og:type\" content=\"article\" \/>\n<meta property=\"og:title\" content=\"De Reojo - REVISTA CULTURAL\" \/>\n<meta property=\"og:description\" content=\"Estreno 8 de noviembre. Teatro del Bosque de M\u00f3stoles&nbsp; La reconocida compa\u00f1\u00eda madrile\u00f1a Caminantes Danza, creada&nbsp;por&nbsp;Pepa Sanz y\" \/>\n<meta property=\"og:url\" content=\"https:\/\/revistaliterariaelgatonegro.com\/?p=21626\" \/>\n<meta property=\"og:site_name\" content=\"REVISTA CULTURAL\" \/>\n<meta property=\"article:published_time\" content=\"2025-10-27T10:39:55+00:00\" \/>\n<meta property=\"article:modified_time\" content=\"2025-10-27T10:39:58+00:00\" \/>\n<meta property=\"og:image\" content=\"https:\/\/revistaliterariaelgatonegro.com\/wp-content\/uploads\/2025\/10\/de-reojo-scaled.jpg\" \/>\n\t<meta property=\"og:image:width\" content=\"2560\" \/>\n\t<meta property=\"og:image:height\" content=\"1280\" \/>\n\t<meta property=\"og:image:type\" content=\"image\/jpeg\" \/>\n<meta name=\"author\" content=\"administrador\" \/>\n<meta name=\"twitter:card\" content=\"summary_large_image\" \/>\n<meta name=\"twitter:label1\" content=\"Escrito por\" \/>\n\t<meta name=\"twitter:data1\" content=\"\" \/>\n\t<meta name=\"twitter:label2\" content=\"Tiempo de lectura\" \/>\n\t<meta name=\"twitter:data2\" content=\"6 minutos\" \/>\n<script type=\"application\/ld+json\" class=\"yoast-schema-graph\">{\"@context\":\"https:\\\/\\\/schema.org\",\"@graph\":[{\"@type\":\"Article\",\"@id\":\"https:\\\/\\\/revistaliterariaelgatonegro.com\\\/?p=21626#article\",\"isPartOf\":{\"@id\":\"https:\\\/\\\/revistaliterariaelgatonegro.com\\\/?p=21626\"},\"author\":{\"name\":\"administrador\",\"@id\":\"https:\\\/\\\/revistaliterariaelgatonegro.com\\\/#\\\/schema\\\/person\\\/6a37dd51e0f101e394e91c123fd12e8a\"},\"headline\":\"De Reojo\",\"datePublished\":\"2025-10-27T10:39:55+00:00\",\"dateModified\":\"2025-10-27T10:39:58+00:00\",\"mainEntityOfPage\":{\"@id\":\"https:\\\/\\\/revistaliterariaelgatonegro.com\\\/?p=21626\"},\"wordCount\":1324,\"commentCount\":0,\"publisher\":{\"@id\":\"https:\\\/\\\/revistaliterariaelgatonegro.com\\\/#\\\/schema\\\/person\\\/6a37dd51e0f101e394e91c123fd12e8a\"},\"image\":{\"@id\":\"https:\\\/\\\/revistaliterariaelgatonegro.com\\\/?p=21626#primaryimage\"},\"thumbnailUrl\":\"https:\\\/\\\/revistaliterariaelgatonegro.com\\\/wp-content\\\/uploads\\\/2025\\\/10\\\/de-reojo-scaled.jpg\",\"keywords\":[\"Teatro\"],\"articleSection\":[\"Teatro\"],\"inLanguage\":\"es\",\"potentialAction\":[{\"@type\":\"CommentAction\",\"name\":\"Comment\",\"target\":[\"https:\\\/\\\/revistaliterariaelgatonegro.com\\\/?p=21626#respond\"]}]},{\"@type\":\"WebPage\",\"@id\":\"https:\\\/\\\/revistaliterariaelgatonegro.com\\\/?p=21626\",\"url\":\"https:\\\/\\\/revistaliterariaelgatonegro.com\\\/?p=21626\",\"name\":\"De Reojo - REVISTA CULTURAL\",\"isPartOf\":{\"@id\":\"https:\\\/\\\/revistaliterariaelgatonegro.com\\\/#website\"},\"primaryImageOfPage\":{\"@id\":\"https:\\\/\\\/revistaliterariaelgatonegro.com\\\/?p=21626#primaryimage\"},\"image\":{\"@id\":\"https:\\\/\\\/revistaliterariaelgatonegro.com\\\/?p=21626#primaryimage\"},\"thumbnailUrl\":\"https:\\\/\\\/revistaliterariaelgatonegro.com\\\/wp-content\\\/uploads\\\/2025\\\/10\\\/de-reojo-scaled.jpg\",\"datePublished\":\"2025-10-27T10:39:55+00:00\",\"dateModified\":\"2025-10-27T10:39:58+00:00\",\"breadcrumb\":{\"@id\":\"https:\\\/\\\/revistaliterariaelgatonegro.com\\\/?p=21626#breadcrumb\"},\"inLanguage\":\"es\",\"potentialAction\":[{\"@type\":\"ReadAction\",\"target\":[\"https:\\\/\\\/revistaliterariaelgatonegro.com\\\/?p=21626\"]}]},{\"@type\":\"ImageObject\",\"inLanguage\":\"es\",\"@id\":\"https:\\\/\\\/revistaliterariaelgatonegro.com\\\/?p=21626#primaryimage\",\"url\":\"https:\\\/\\\/revistaliterariaelgatonegro.com\\\/wp-content\\\/uploads\\\/2025\\\/10\\\/de-reojo-scaled.jpg\",\"contentUrl\":\"https:\\\/\\\/revistaliterariaelgatonegro.com\\\/wp-content\\\/uploads\\\/2025\\\/10\\\/de-reojo-scaled.jpg\",\"width\":2560,\"height\":1280},{\"@type\":\"BreadcrumbList\",\"@id\":\"https:\\\/\\\/revistaliterariaelgatonegro.com\\\/?p=21626#breadcrumb\",\"itemListElement\":[{\"@type\":\"ListItem\",\"position\":1,\"name\":\"Portada\",\"item\":\"https:\\\/\\\/revistaliterariaelgatonegro.com\\\/\"},{\"@type\":\"ListItem\",\"position\":2,\"name\":\"De Reojo\"}]},{\"@type\":\"WebSite\",\"@id\":\"https:\\\/\\\/revistaliterariaelgatonegro.com\\\/#website\",\"url\":\"https:\\\/\\\/revistaliterariaelgatonegro.com\\\/\",\"name\":\"REVISTA CULTURAL\",\"description\":\" Un nuevo espacio para la divulgaci\u00f3n literaria, as\u00ed como dem\u00e1s artes \",\"publisher\":{\"@id\":\"https:\\\/\\\/revistaliterariaelgatonegro.com\\\/#\\\/schema\\\/person\\\/6a37dd51e0f101e394e91c123fd12e8a\"},\"potentialAction\":[{\"@type\":\"SearchAction\",\"target\":{\"@type\":\"EntryPoint\",\"urlTemplate\":\"https:\\\/\\\/revistaliterariaelgatonegro.com\\\/?s={search_term_string}\"},\"query-input\":{\"@type\":\"PropertyValueSpecification\",\"valueRequired\":true,\"valueName\":\"search_term_string\"}}],\"inLanguage\":\"es\"},{\"@type\":[\"Person\",\"Organization\"],\"@id\":\"https:\\\/\\\/revistaliterariaelgatonegro.com\\\/#\\\/schema\\\/person\\\/6a37dd51e0f101e394e91c123fd12e8a\",\"name\":\"administrador\",\"image\":{\"@type\":\"ImageObject\",\"inLanguage\":\"es\",\"@id\":\"https:\\\/\\\/revistaliterariaelgatonegro.com\\\/wp-content\\\/uploads\\\/2025\\\/12\\\/cropped-Logotipo-Logo-Marca-personal-Pastel-Amarillo-12-Photoroom.png\",\"url\":\"https:\\\/\\\/revistaliterariaelgatonegro.com\\\/wp-content\\\/uploads\\\/2025\\\/12\\\/cropped-Logotipo-Logo-Marca-personal-Pastel-Amarillo-12-Photoroom.png\",\"contentUrl\":\"https:\\\/\\\/revistaliterariaelgatonegro.com\\\/wp-content\\\/uploads\\\/2025\\\/12\\\/cropped-Logotipo-Logo-Marca-personal-Pastel-Amarillo-12-Photoroom.png\",\"width\":364,\"height\":212,\"caption\":\"administrador\"},\"logo\":{\"@id\":\"https:\\\/\\\/revistaliterariaelgatonegro.com\\\/wp-content\\\/uploads\\\/2025\\\/12\\\/cropped-Logotipo-Logo-Marca-personal-Pastel-Amarillo-12-Photoroom.png\"},\"sameAs\":[\"http:\\\/\\\/s864831950.mialojamiento.es\"]}]}<\/script>\n<!-- \/ Yoast SEO plugin. -->","yoast_head_json":{"title":"De Reojo - REVISTA CULTURAL","robots":{"index":"index","follow":"follow","max-snippet":"max-snippet:-1","max-image-preview":"max-image-preview:large","max-video-preview":"max-video-preview:-1"},"canonical":"https:\/\/revistaliterariaelgatonegro.com\/?p=21626","og_locale":"es_ES","og_type":"article","og_title":"De Reojo - REVISTA CULTURAL","og_description":"Estreno 8 de noviembre. Teatro del Bosque de M\u00f3stoles&nbsp; La reconocida compa\u00f1\u00eda madrile\u00f1a Caminantes Danza, creada&nbsp;por&nbsp;Pepa Sanz y","og_url":"https:\/\/revistaliterariaelgatonegro.com\/?p=21626","og_site_name":"REVISTA CULTURAL","article_published_time":"2025-10-27T10:39:55+00:00","article_modified_time":"2025-10-27T10:39:58+00:00","og_image":[{"width":2560,"height":1280,"url":"https:\/\/revistaliterariaelgatonegro.com\/wp-content\/uploads\/2025\/10\/de-reojo-scaled.jpg","type":"image\/jpeg"}],"author":"administrador","twitter_card":"summary_large_image","twitter_misc":{"Escrito por":false,"Tiempo de lectura":"6 minutos"},"schema":{"@context":"https:\/\/schema.org","@graph":[{"@type":"Article","@id":"https:\/\/revistaliterariaelgatonegro.com\/?p=21626#article","isPartOf":{"@id":"https:\/\/revistaliterariaelgatonegro.com\/?p=21626"},"author":{"name":"administrador","@id":"https:\/\/revistaliterariaelgatonegro.com\/#\/schema\/person\/6a37dd51e0f101e394e91c123fd12e8a"},"headline":"De Reojo","datePublished":"2025-10-27T10:39:55+00:00","dateModified":"2025-10-27T10:39:58+00:00","mainEntityOfPage":{"@id":"https:\/\/revistaliterariaelgatonegro.com\/?p=21626"},"wordCount":1324,"commentCount":0,"publisher":{"@id":"https:\/\/revistaliterariaelgatonegro.com\/#\/schema\/person\/6a37dd51e0f101e394e91c123fd12e8a"},"image":{"@id":"https:\/\/revistaliterariaelgatonegro.com\/?p=21626#primaryimage"},"thumbnailUrl":"https:\/\/revistaliterariaelgatonegro.com\/wp-content\/uploads\/2025\/10\/de-reojo-scaled.jpg","keywords":["Teatro"],"articleSection":["Teatro"],"inLanguage":"es","potentialAction":[{"@type":"CommentAction","name":"Comment","target":["https:\/\/revistaliterariaelgatonegro.com\/?p=21626#respond"]}]},{"@type":"WebPage","@id":"https:\/\/revistaliterariaelgatonegro.com\/?p=21626","url":"https:\/\/revistaliterariaelgatonegro.com\/?p=21626","name":"De Reojo - REVISTA CULTURAL","isPartOf":{"@id":"https:\/\/revistaliterariaelgatonegro.com\/#website"},"primaryImageOfPage":{"@id":"https:\/\/revistaliterariaelgatonegro.com\/?p=21626#primaryimage"},"image":{"@id":"https:\/\/revistaliterariaelgatonegro.com\/?p=21626#primaryimage"},"thumbnailUrl":"https:\/\/revistaliterariaelgatonegro.com\/wp-content\/uploads\/2025\/10\/de-reojo-scaled.jpg","datePublished":"2025-10-27T10:39:55+00:00","dateModified":"2025-10-27T10:39:58+00:00","breadcrumb":{"@id":"https:\/\/revistaliterariaelgatonegro.com\/?p=21626#breadcrumb"},"inLanguage":"es","potentialAction":[{"@type":"ReadAction","target":["https:\/\/revistaliterariaelgatonegro.com\/?p=21626"]}]},{"@type":"ImageObject","inLanguage":"es","@id":"https:\/\/revistaliterariaelgatonegro.com\/?p=21626#primaryimage","url":"https:\/\/revistaliterariaelgatonegro.com\/wp-content\/uploads\/2025\/10\/de-reojo-scaled.jpg","contentUrl":"https:\/\/revistaliterariaelgatonegro.com\/wp-content\/uploads\/2025\/10\/de-reojo-scaled.jpg","width":2560,"height":1280},{"@type":"BreadcrumbList","@id":"https:\/\/revistaliterariaelgatonegro.com\/?p=21626#breadcrumb","itemListElement":[{"@type":"ListItem","position":1,"name":"Portada","item":"https:\/\/revistaliterariaelgatonegro.com\/"},{"@type":"ListItem","position":2,"name":"De Reojo"}]},{"@type":"WebSite","@id":"https:\/\/revistaliterariaelgatonegro.com\/#website","url":"https:\/\/revistaliterariaelgatonegro.com\/","name":"REVISTA CULTURAL","description":" Un nuevo espacio para la divulgaci\u00f3n literaria, as\u00ed como dem\u00e1s artes ","publisher":{"@id":"https:\/\/revistaliterariaelgatonegro.com\/#\/schema\/person\/6a37dd51e0f101e394e91c123fd12e8a"},"potentialAction":[{"@type":"SearchAction","target":{"@type":"EntryPoint","urlTemplate":"https:\/\/revistaliterariaelgatonegro.com\/?s={search_term_string}"},"query-input":{"@type":"PropertyValueSpecification","valueRequired":true,"valueName":"search_term_string"}}],"inLanguage":"es"},{"@type":["Person","Organization"],"@id":"https:\/\/revistaliterariaelgatonegro.com\/#\/schema\/person\/6a37dd51e0f101e394e91c123fd12e8a","name":"administrador","image":{"@type":"ImageObject","inLanguage":"es","@id":"https:\/\/revistaliterariaelgatonegro.com\/wp-content\/uploads\/2025\/12\/cropped-Logotipo-Logo-Marca-personal-Pastel-Amarillo-12-Photoroom.png","url":"https:\/\/revistaliterariaelgatonegro.com\/wp-content\/uploads\/2025\/12\/cropped-Logotipo-Logo-Marca-personal-Pastel-Amarillo-12-Photoroom.png","contentUrl":"https:\/\/revistaliterariaelgatonegro.com\/wp-content\/uploads\/2025\/12\/cropped-Logotipo-Logo-Marca-personal-Pastel-Amarillo-12-Photoroom.png","width":364,"height":212,"caption":"administrador"},"logo":{"@id":"https:\/\/revistaliterariaelgatonegro.com\/wp-content\/uploads\/2025\/12\/cropped-Logotipo-Logo-Marca-personal-Pastel-Amarillo-12-Photoroom.png"},"sameAs":["http:\/\/s864831950.mialojamiento.es"]}]}},"featured_image_urls":{"full":["https:\/\/revistaliterariaelgatonegro.com\/wp-content\/uploads\/2025\/10\/de-reojo-scaled.jpg",2560,1280,false],"thumbnail":["https:\/\/revistaliterariaelgatonegro.com\/wp-content\/uploads\/2025\/10\/de-reojo-150x150.jpg",150,150,true],"medium":["https:\/\/revistaliterariaelgatonegro.com\/wp-content\/uploads\/2025\/10\/de-reojo-300x150.jpg",300,150,true],"medium_large":["https:\/\/revistaliterariaelgatonegro.com\/wp-content\/uploads\/2025\/10\/de-reojo-768x384.jpg",640,320,true],"large":["https:\/\/revistaliterariaelgatonegro.com\/wp-content\/uploads\/2025\/10\/de-reojo-700x350.jpg",640,320,true],"1536x1536":["https:\/\/revistaliterariaelgatonegro.com\/wp-content\/uploads\/2025\/10\/de-reojo-1536x768.jpg",1536,768,true],"2048x2048":["https:\/\/revistaliterariaelgatonegro.com\/wp-content\/uploads\/2025\/10\/de-reojo-2048x1024.jpg",2048,1024,true],"morenews-large":["https:\/\/revistaliterariaelgatonegro.com\/wp-content\/uploads\/2025\/10\/de-reojo-825x575.jpg",825,575,true],"morenews-medium":["https:\/\/revistaliterariaelgatonegro.com\/wp-content\/uploads\/2025\/10\/de-reojo-590x410.jpg",590,410,true],"woocommerce_thumbnail":["https:\/\/revistaliterariaelgatonegro.com\/wp-content\/uploads\/2025\/10\/de-reojo-300x150.jpg",300,150,true],"woocommerce_single":["https:\/\/revistaliterariaelgatonegro.com\/wp-content\/uploads\/2025\/10\/de-reojo-300x150.jpg",300,150,true],"woocommerce_gallery_thumbnail":["https:\/\/revistaliterariaelgatonegro.com\/wp-content\/uploads\/2025\/10\/de-reojo-100x100.jpg",100,100,true],"dgwt-wcas-product-suggestion":["https:\/\/revistaliterariaelgatonegro.com\/wp-content\/uploads\/2025\/10\/de-reojo-64x32.jpg",64,32,true]},"author_info":{"display_name":false,"author_link":"https:\/\/revistaliterariaelgatonegro.com\/?author=1"},"category_info":"<a href=\"https:\/\/revistaliterariaelgatonegro.com\/?cat=61\" rel=\"category\">Teatro<\/a>","tag_info":"Teatro","comment_count":"0","_links":{"self":[{"href":"https:\/\/revistaliterariaelgatonegro.com\/index.php?rest_route=\/wp\/v2\/posts\/21626","targetHints":{"allow":["GET"]}}],"collection":[{"href":"https:\/\/revistaliterariaelgatonegro.com\/index.php?rest_route=\/wp\/v2\/posts"}],"about":[{"href":"https:\/\/revistaliterariaelgatonegro.com\/index.php?rest_route=\/wp\/v2\/types\/post"}],"author":[{"embeddable":true,"href":"https:\/\/revistaliterariaelgatonegro.com\/index.php?rest_route=\/wp\/v2\/users\/1"}],"replies":[{"embeddable":true,"href":"https:\/\/revistaliterariaelgatonegro.com\/index.php?rest_route=%2Fwp%2Fv2%2Fcomments&post=21626"}],"version-history":[{"count":5,"href":"https:\/\/revistaliterariaelgatonegro.com\/index.php?rest_route=\/wp\/v2\/posts\/21626\/revisions"}],"predecessor-version":[{"id":21633,"href":"https:\/\/revistaliterariaelgatonegro.com\/index.php?rest_route=\/wp\/v2\/posts\/21626\/revisions\/21633"}],"wp:featuredmedia":[{"embeddable":true,"href":"https:\/\/revistaliterariaelgatonegro.com\/index.php?rest_route=\/wp\/v2\/media\/21628"}],"wp:attachment":[{"href":"https:\/\/revistaliterariaelgatonegro.com\/index.php?rest_route=%2Fwp%2Fv2%2Fmedia&parent=21626"}],"wp:term":[{"taxonomy":"category","embeddable":true,"href":"https:\/\/revistaliterariaelgatonegro.com\/index.php?rest_route=%2Fwp%2Fv2%2Fcategories&post=21626"},{"taxonomy":"post_tag","embeddable":true,"href":"https:\/\/revistaliterariaelgatonegro.com\/index.php?rest_route=%2Fwp%2Fv2%2Ftags&post=21626"}],"curies":[{"name":"wp","href":"https:\/\/api.w.org\/{rel}","templated":true}]}}