{"id":21618,"date":"2025-10-24T08:00:00","date_gmt":"2025-10-24T08:00:00","guid":{"rendered":"https:\/\/revistaliterariaelgatonegro.com\/?p=21618"},"modified":"2025-12-24T20:47:06","modified_gmt":"2025-12-24T20:47:06","slug":"flor-de-agua-marta-huelves","status":"publish","type":"post","link":"https:\/\/revistaliterariaelgatonegro.com\/?p=21618","title":{"rendered":"&#8216;Flor de agua&#8217; Marta Huelves"},"content":{"rendered":"\n<h2 class=\"wp-block-heading has-text-align-center\"><strong>Marta Huelves consolida su voz como narradora de atm\u00f3sferas densas y emociones complejas, en un escenario natural tan hermoso como implacable.<\/strong>  <strong><em>Flor de agua<\/em>, la nueva novela de Marta Huelves: crimen, memoria y redenci\u00f3n en la costa asturiana<\/strong>.<\/h2>\n\n\n\n<p>\u00bfHasta d\u00f3nde puede llevarnos el peso de una culpa no resuelta? Con esta pregunta como tel\u00f3n de fondo, la escritora Marta Huelves ; autora de <a href=\"https:\/\/www.awin1.com\/cread.php?awinmid=77630&amp;awinaffid=1470274&amp;ued=https%3A%2F%2Fwww.fnac.es%2Fa10415474%2FMarta-Huelves-La-memoria-del-tejo\" target=\"_blank\" rel=\"noreferrer noopener nofollow\"><em>La memoria del tejo<\/em> <\/a>y <a href=\"https:\/\/www.awin1.com\/cread.php?awinmid=77630&amp;awinaffid=1470274&amp;ued=https%3A%2F%2Fwww.fnac.es%2Fa12174684%2FMarta-Huelves-El-Tercer-Lago\" target=\"_blank\" rel=\"noreferrer noopener nofollow\"><em>El tercer lago<\/em>, regresa <\/a>con <em><a href=\"https:\/\/www.awin1.com\/cread.php?awinmid=77630&amp;awinaffid=1470274&amp;ued=https%3A%2F%2Fwww.fnac.es%2Fa12174691%2FMarta-Huelves-Flor-de-agua%3Fsv_campaign_id%3D624709%26sv_tax1%3Daffiliate%26sv_tax2%3D793282%26sv_tax3%3DTwenga%2BCSS%2520%26sv_tax4%3D3197db4bfaede810e99f77aa99ef6661%26sv_affiliate_id%3D624709%26awc%3D77630_1766606679_1450dcbe2a3154284b63c62508942a7c%26origin%3DAFF_AWIN_624709\" target=\"_blank\" rel=\"noreferrer noopener nofollow\">Flor de agua <\/a>(<\/em>Maeva, 2025) una obra que combina el thriller policial con el drama psicol\u00f3gico y un profundo retrato de la sociedad contempor\u00e1nea. Ambientada en la costa asturiana, la novela arranca con el hallazgo del cad\u00e1ver mutilado de un joven durante la m\u00e1gica, y a veces inquietante, noche de San Juan.<\/p>\n\n\n\n<p>La v\u00edctima, Javier Rivero, tiene 26 a\u00f1os, una vida marcada por la violencia y un pasado m\u00e1s oscuro de lo que su entorno acomodado aparenta. El caso re\u00fane a un equipo de polic\u00edas con cuentas pendientes entre ellos: la subinspectora Marina Rold\u00e1n, el carism\u00e1tico inspector Salvador Bedia, el agente Lino Cueto y la analista Nora Sirgo. Lo que en un principio parece un crimen aislado pronto se convierte en la puerta de entrada a una historia enterrada durante m\u00e1s de dos d\u00e9cadas, vinculada a otra noche de San Juan de 1997, en la playa de Tor\u00f3 (Llanes), cuando otro joven desapareci\u00f3 tras saltar desde un acantilado.<\/p>\n\n\n\n<h2 class=\"wp-block-heading has-text-align-center\"><strong>La editorial Maeva publica <em>Flor de agua<\/em>, una novela negra que entrelaza la investigaci\u00f3n de un brutal asesinato con un pasado silenciado durante d\u00e9cadas.<\/strong><\/h2>\n\n\n\n<p>Con una escritura cuidada, visual y apasionante, Marta Huelves reconstruye con habilidad dos l\u00edneas temporales que se entrelazan: el presente de la investigaci\u00f3n policial y el pasado de una generaci\u00f3n que se debat\u00eda entre los privilegios, el miedo y la necesidad de romper con todo. A medida que los investigadores avanzan, descubren que la muerte de Javier, lejos de ser arbitraria, es un acto planificado y simb\u00f3lico.<\/p>\n\n\n\n<figure class=\"wp-block-image alignright size-large is-resized\"><img decoding=\"async\" width=\"700\" height=\"1060\" src=\"https:\/\/revistaliterariaelgatonegro.com\/wp-content\/uploads\/2025\/10\/libros_portada-flor-de-agua-ok-700x1060.jpg\" alt=\"\" class=\"wp-image-21621\" style=\"width:500px\" srcset=\"https:\/\/revistaliterariaelgatonegro.com\/wp-content\/uploads\/2025\/10\/libros_portada-flor-de-agua-ok-700x1060.jpg 700w, https:\/\/revistaliterariaelgatonegro.com\/wp-content\/uploads\/2025\/10\/libros_portada-flor-de-agua-ok-198x300.jpg 198w, https:\/\/revistaliterariaelgatonegro.com\/wp-content\/uploads\/2025\/10\/libros_portada-flor-de-agua-ok-768x1162.jpg 768w, https:\/\/revistaliterariaelgatonegro.com\/wp-content\/uploads\/2025\/10\/libros_portada-flor-de-agua-ok-1015x1536.jpg 1015w, https:\/\/revistaliterariaelgatonegro.com\/wp-content\/uploads\/2025\/10\/libros_portada-flor-de-agua-ok-1353x2048.jpg 1353w, https:\/\/revistaliterariaelgatonegro.com\/wp-content\/uploads\/2025\/10\/libros_portada-flor-de-agua-ok-1024x1550.jpg 1024w, https:\/\/revistaliterariaelgatonegro.com\/wp-content\/uploads\/2025\/10\/libros_portada-flor-de-agua-ok-300x454.jpg 300w, https:\/\/revistaliterariaelgatonegro.com\/wp-content\/uploads\/2025\/10\/libros_portada-flor-de-agua-ok-64x97.jpg 64w, https:\/\/revistaliterariaelgatonegro.com\/wp-content\/uploads\/2025\/10\/libros_portada-flor-de-agua-ok-scaled.jpg 1691w\" sizes=\"(max-width: 700px) 100vw, 700px\" \/><\/figure>\n\n\n\n<p>Adem\u00e1s del misterio, <em>Flor de agua<\/em> ofrece una profunda reflexi\u00f3n sobre la masculinidad t\u00f3xica, el papel de la memoria y el impacto de las decisiones individuales en la vida de los dem\u00e1s. El paisaje asturiano \u2014con sus acantilados, fuentes ocultas, sendas costeras y playas brumosas\u2014 no es un mero decorado, sino un protagonista m\u00e1s: testigo mudo de los secretos, las ausencias y las revelaciones que marcar\u00e1n a los personajes.<\/p>\n\n\n\n<p><em>Flor de agua<\/em> es, por tanto, mucho m\u00e1s que una novela negra: es una historia sobre la identidad, la justicia emocional y la posibilidad, o no,  de redimirse. Marta Huelves invita al lector a sumergirse en un relato donde el crimen es solo el principio de algo mucho m\u00e1s hondo.<\/p>\n\n\n\n<p> El paisaje asturiano en&nbsp;<em>Flor de Agua<\/em>, no es solo un escenario: acantilados, mar, niebla y fuentes cobran vida como un personaje m\u00e1s. Cada rinc\u00f3n de Asturias influye en la historia, condiciona el tono de la novela y acompa\u00f1a a los personajes, convirtiendo la ambientaci\u00f3n en una herramienta narrativa esencial.<\/p>\n\n\n\n<p><strong>Marta Huelves<\/strong>, escritora y divulgadora de Historia que fusiona su afici\u00f3n por la escritura con el trabajo de investigaci\u00f3n y documentaci\u00f3n en cada uno de sus proyectos. Ha escrito cuentos de \u00edndole hist\u00f3rica y una novela corta. Es una lectora met\u00f3dica y apasionada, que trabaja como articulista y revisora en medios digitales y p\u00e1ginas web.<\/p>\n\n\n\n<p>Su inter\u00e9s y admiraci\u00f3n por la cultura asturiana, en la que ha pasado varias temporadas a lo largo de los a\u00f1os, la llevaron a redactar las novelas <em>La memoria del tejo<\/em> y <em>El tercer lago<\/em>. Ambas fueron publicadas en Maeva Noir y tuvieron una gran acogida entre los lectores y cr\u00edticos. La autora da continuidad a la serie del Oriente astur con la publicaci\u00f3n actual <em>de Flor de agua<\/em>.<\/p>\n\n\n\n<h4 class=\"wp-block-heading\">El significado de la flor de agua<\/h4>\n\n\n\n<p>La flor de agua es un s\u00edmbolo representado muy a menudo en los h\u00f3rreos y paneras de Asturias y Galicia, y posee un significado profundo relacionado con la protecci\u00f3n, la fertilidad y la abundancia. Se cree que este s\u00edmbolo ahuyenta el mal de ojo y las energ\u00edas negativas, atrayendo la buena suerte y la prosperidad al hogar.<\/p>\n\n\n\n<p><\/p>\n","protected":false},"excerpt":{"rendered":"<p>Marta Huelves consolida su voz como narradora de atm\u00f3sferas densas y emociones complejas, en un escenario natural tan<\/p>\n","protected":false},"author":1,"featured_media":21619,"comment_status":"open","ping_status":"open","sticky":false,"template":"","format":"standard","meta":{"footnotes":""},"categories":[134,34],"tags":[130,132],"class_list":["post-21618","post","type-post","status-publish","format-standard","has-post-thumbnail","hentry","category-actualidad","category-libros","tag-libros","tag-novedades-libros"],"yoast_head":"<!-- This site is optimized with the Yoast SEO plugin v27.5 - https:\/\/yoast.com\/product\/yoast-seo-wordpress\/ -->\n<title>&#039;Flor de agua&#039; Marta Huelves - REVISTA CULTURAL<\/title>\n<meta name=\"robots\" content=\"index, follow, max-snippet:-1, max-image-preview:large, max-video-preview:-1\" \/>\n<link rel=\"canonical\" href=\"https:\/\/revistaliterariaelgatonegro.com\/?p=21618\" \/>\n<meta property=\"og:locale\" content=\"es_ES\" \/>\n<meta property=\"og:type\" content=\"article\" \/>\n<meta property=\"og:title\" content=\"&#039;Flor de agua&#039; Marta Huelves - REVISTA CULTURAL\" \/>\n<meta property=\"og:description\" content=\"Marta Huelves consolida su voz como narradora de atm\u00f3sferas densas y emociones complejas, en un escenario natural tan\" \/>\n<meta property=\"og:url\" content=\"https:\/\/revistaliterariaelgatonegro.com\/?p=21618\" \/>\n<meta property=\"og:site_name\" content=\"REVISTA CULTURAL\" \/>\n<meta property=\"article:published_time\" content=\"2025-10-24T08:00:00+00:00\" \/>\n<meta property=\"article:modified_time\" content=\"2025-12-24T20:47:06+00:00\" \/>\n<meta property=\"og:image\" content=\"https:\/\/revistaliterariaelgatonegro.com\/wp-content\/uploads\/2025\/10\/flor-de-agua-scaled.jpg\" \/>\n\t<meta property=\"og:image:width\" content=\"2560\" \/>\n\t<meta property=\"og:image:height\" content=\"1280\" \/>\n\t<meta property=\"og:image:type\" content=\"image\/jpeg\" \/>\n<meta name=\"author\" content=\"administrador\" \/>\n<meta name=\"twitter:card\" content=\"summary_large_image\" \/>\n<meta name=\"twitter:label1\" content=\"Escrito por\" \/>\n\t<meta name=\"twitter:data1\" content=\"\" \/>\n\t<meta name=\"twitter:label2\" content=\"Tiempo de lectura\" \/>\n\t<meta name=\"twitter:data2\" content=\"4 minutos\" \/>\n<script type=\"application\/ld+json\" class=\"yoast-schema-graph\">{\"@context\":\"https:\\\/\\\/schema.org\",\"@graph\":[{\"@type\":\"Article\",\"@id\":\"https:\\\/\\\/revistaliterariaelgatonegro.com\\\/?p=21618#article\",\"isPartOf\":{\"@id\":\"https:\\\/\\\/revistaliterariaelgatonegro.com\\\/?p=21618\"},\"author\":{\"name\":\"administrador\",\"@id\":\"https:\\\/\\\/revistaliterariaelgatonegro.com\\\/#\\\/schema\\\/person\\\/6a37dd51e0f101e394e91c123fd12e8a\"},\"headline\":\"&#8216;Flor de agua&#8217; Marta Huelves\",\"datePublished\":\"2025-10-24T08:00:00+00:00\",\"dateModified\":\"2025-12-24T20:47:06+00:00\",\"mainEntityOfPage\":{\"@id\":\"https:\\\/\\\/revistaliterariaelgatonegro.com\\\/?p=21618\"},\"wordCount\":733,\"commentCount\":0,\"publisher\":{\"@id\":\"https:\\\/\\\/revistaliterariaelgatonegro.com\\\/#\\\/schema\\\/person\\\/6a37dd51e0f101e394e91c123fd12e8a\"},\"image\":{\"@id\":\"https:\\\/\\\/revistaliterariaelgatonegro.com\\\/?p=21618#primaryimage\"},\"thumbnailUrl\":\"https:\\\/\\\/revistaliterariaelgatonegro.com\\\/wp-content\\\/uploads\\\/2025\\\/10\\\/flor-de-agua-scaled.jpg\",\"keywords\":[\"Libros\",\"Novedades libros\"],\"articleSection\":[\"Actualidad\",\"Libros\"],\"inLanguage\":\"es\",\"potentialAction\":[{\"@type\":\"CommentAction\",\"name\":\"Comment\",\"target\":[\"https:\\\/\\\/revistaliterariaelgatonegro.com\\\/?p=21618#respond\"]}]},{\"@type\":\"WebPage\",\"@id\":\"https:\\\/\\\/revistaliterariaelgatonegro.com\\\/?p=21618\",\"url\":\"https:\\\/\\\/revistaliterariaelgatonegro.com\\\/?p=21618\",\"name\":\"'Flor de agua' Marta Huelves - REVISTA CULTURAL\",\"isPartOf\":{\"@id\":\"https:\\\/\\\/revistaliterariaelgatonegro.com\\\/#website\"},\"primaryImageOfPage\":{\"@id\":\"https:\\\/\\\/revistaliterariaelgatonegro.com\\\/?p=21618#primaryimage\"},\"image\":{\"@id\":\"https:\\\/\\\/revistaliterariaelgatonegro.com\\\/?p=21618#primaryimage\"},\"thumbnailUrl\":\"https:\\\/\\\/revistaliterariaelgatonegro.com\\\/wp-content\\\/uploads\\\/2025\\\/10\\\/flor-de-agua-scaled.jpg\",\"datePublished\":\"2025-10-24T08:00:00+00:00\",\"dateModified\":\"2025-12-24T20:47:06+00:00\",\"breadcrumb\":{\"@id\":\"https:\\\/\\\/revistaliterariaelgatonegro.com\\\/?p=21618#breadcrumb\"},\"inLanguage\":\"es\",\"potentialAction\":[{\"@type\":\"ReadAction\",\"target\":[\"https:\\\/\\\/revistaliterariaelgatonegro.com\\\/?p=21618\"]}]},{\"@type\":\"ImageObject\",\"inLanguage\":\"es\",\"@id\":\"https:\\\/\\\/revistaliterariaelgatonegro.com\\\/?p=21618#primaryimage\",\"url\":\"https:\\\/\\\/revistaliterariaelgatonegro.com\\\/wp-content\\\/uploads\\\/2025\\\/10\\\/flor-de-agua-scaled.jpg\",\"contentUrl\":\"https:\\\/\\\/revistaliterariaelgatonegro.com\\\/wp-content\\\/uploads\\\/2025\\\/10\\\/flor-de-agua-scaled.jpg\",\"width\":2560,\"height\":1280},{\"@type\":\"BreadcrumbList\",\"@id\":\"https:\\\/\\\/revistaliterariaelgatonegro.com\\\/?p=21618#breadcrumb\",\"itemListElement\":[{\"@type\":\"ListItem\",\"position\":1,\"name\":\"Portada\",\"item\":\"https:\\\/\\\/revistaliterariaelgatonegro.com\\\/\"},{\"@type\":\"ListItem\",\"position\":2,\"name\":\"&#8216;Flor de agua&#8217; Marta Huelves\"}]},{\"@type\":\"WebSite\",\"@id\":\"https:\\\/\\\/revistaliterariaelgatonegro.com\\\/#website\",\"url\":\"https:\\\/\\\/revistaliterariaelgatonegro.com\\\/\",\"name\":\"REVISTA CULTURAL\",\"description\":\" Un nuevo espacio para la divulgaci\u00f3n literaria, as\u00ed como dem\u00e1s artes \",\"publisher\":{\"@id\":\"https:\\\/\\\/revistaliterariaelgatonegro.com\\\/#\\\/schema\\\/person\\\/6a37dd51e0f101e394e91c123fd12e8a\"},\"potentialAction\":[{\"@type\":\"SearchAction\",\"target\":{\"@type\":\"EntryPoint\",\"urlTemplate\":\"https:\\\/\\\/revistaliterariaelgatonegro.com\\\/?s={search_term_string}\"},\"query-input\":{\"@type\":\"PropertyValueSpecification\",\"valueRequired\":true,\"valueName\":\"search_term_string\"}}],\"inLanguage\":\"es\"},{\"@type\":[\"Person\",\"Organization\"],\"@id\":\"https:\\\/\\\/revistaliterariaelgatonegro.com\\\/#\\\/schema\\\/person\\\/6a37dd51e0f101e394e91c123fd12e8a\",\"name\":\"administrador\",\"image\":{\"@type\":\"ImageObject\",\"inLanguage\":\"es\",\"@id\":\"https:\\\/\\\/revistaliterariaelgatonegro.com\\\/wp-content\\\/uploads\\\/2025\\\/12\\\/cropped-Logotipo-Logo-Marca-personal-Pastel-Amarillo-12-Photoroom.png\",\"url\":\"https:\\\/\\\/revistaliterariaelgatonegro.com\\\/wp-content\\\/uploads\\\/2025\\\/12\\\/cropped-Logotipo-Logo-Marca-personal-Pastel-Amarillo-12-Photoroom.png\",\"contentUrl\":\"https:\\\/\\\/revistaliterariaelgatonegro.com\\\/wp-content\\\/uploads\\\/2025\\\/12\\\/cropped-Logotipo-Logo-Marca-personal-Pastel-Amarillo-12-Photoroom.png\",\"width\":364,\"height\":212,\"caption\":\"administrador\"},\"logo\":{\"@id\":\"https:\\\/\\\/revistaliterariaelgatonegro.com\\\/wp-content\\\/uploads\\\/2025\\\/12\\\/cropped-Logotipo-Logo-Marca-personal-Pastel-Amarillo-12-Photoroom.png\"},\"sameAs\":[\"http:\\\/\\\/s864831950.mialojamiento.es\"]}]}<\/script>\n<!-- \/ Yoast SEO plugin. -->","yoast_head_json":{"title":"'Flor de agua' Marta Huelves - REVISTA CULTURAL","robots":{"index":"index","follow":"follow","max-snippet":"max-snippet:-1","max-image-preview":"max-image-preview:large","max-video-preview":"max-video-preview:-1"},"canonical":"https:\/\/revistaliterariaelgatonegro.com\/?p=21618","og_locale":"es_ES","og_type":"article","og_title":"'Flor de agua' Marta Huelves - REVISTA CULTURAL","og_description":"Marta Huelves consolida su voz como narradora de atm\u00f3sferas densas y emociones complejas, en un escenario natural tan","og_url":"https:\/\/revistaliterariaelgatonegro.com\/?p=21618","og_site_name":"REVISTA CULTURAL","article_published_time":"2025-10-24T08:00:00+00:00","article_modified_time":"2025-12-24T20:47:06+00:00","og_image":[{"width":2560,"height":1280,"url":"https:\/\/revistaliterariaelgatonegro.com\/wp-content\/uploads\/2025\/10\/flor-de-agua-scaled.jpg","type":"image\/jpeg"}],"author":"administrador","twitter_card":"summary_large_image","twitter_misc":{"Escrito por":false,"Tiempo de lectura":"4 minutos"},"schema":{"@context":"https:\/\/schema.org","@graph":[{"@type":"Article","@id":"https:\/\/revistaliterariaelgatonegro.com\/?p=21618#article","isPartOf":{"@id":"https:\/\/revistaliterariaelgatonegro.com\/?p=21618"},"author":{"name":"administrador","@id":"https:\/\/revistaliterariaelgatonegro.com\/#\/schema\/person\/6a37dd51e0f101e394e91c123fd12e8a"},"headline":"&#8216;Flor de agua&#8217; Marta Huelves","datePublished":"2025-10-24T08:00:00+00:00","dateModified":"2025-12-24T20:47:06+00:00","mainEntityOfPage":{"@id":"https:\/\/revistaliterariaelgatonegro.com\/?p=21618"},"wordCount":733,"commentCount":0,"publisher":{"@id":"https:\/\/revistaliterariaelgatonegro.com\/#\/schema\/person\/6a37dd51e0f101e394e91c123fd12e8a"},"image":{"@id":"https:\/\/revistaliterariaelgatonegro.com\/?p=21618#primaryimage"},"thumbnailUrl":"https:\/\/revistaliterariaelgatonegro.com\/wp-content\/uploads\/2025\/10\/flor-de-agua-scaled.jpg","keywords":["Libros","Novedades libros"],"articleSection":["Actualidad","Libros"],"inLanguage":"es","potentialAction":[{"@type":"CommentAction","name":"Comment","target":["https:\/\/revistaliterariaelgatonegro.com\/?p=21618#respond"]}]},{"@type":"WebPage","@id":"https:\/\/revistaliterariaelgatonegro.com\/?p=21618","url":"https:\/\/revistaliterariaelgatonegro.com\/?p=21618","name":"'Flor de agua' Marta Huelves - REVISTA CULTURAL","isPartOf":{"@id":"https:\/\/revistaliterariaelgatonegro.com\/#website"},"primaryImageOfPage":{"@id":"https:\/\/revistaliterariaelgatonegro.com\/?p=21618#primaryimage"},"image":{"@id":"https:\/\/revistaliterariaelgatonegro.com\/?p=21618#primaryimage"},"thumbnailUrl":"https:\/\/revistaliterariaelgatonegro.com\/wp-content\/uploads\/2025\/10\/flor-de-agua-scaled.jpg","datePublished":"2025-10-24T08:00:00+00:00","dateModified":"2025-12-24T20:47:06+00:00","breadcrumb":{"@id":"https:\/\/revistaliterariaelgatonegro.com\/?p=21618#breadcrumb"},"inLanguage":"es","potentialAction":[{"@type":"ReadAction","target":["https:\/\/revistaliterariaelgatonegro.com\/?p=21618"]}]},{"@type":"ImageObject","inLanguage":"es","@id":"https:\/\/revistaliterariaelgatonegro.com\/?p=21618#primaryimage","url":"https:\/\/revistaliterariaelgatonegro.com\/wp-content\/uploads\/2025\/10\/flor-de-agua-scaled.jpg","contentUrl":"https:\/\/revistaliterariaelgatonegro.com\/wp-content\/uploads\/2025\/10\/flor-de-agua-scaled.jpg","width":2560,"height":1280},{"@type":"BreadcrumbList","@id":"https:\/\/revistaliterariaelgatonegro.com\/?p=21618#breadcrumb","itemListElement":[{"@type":"ListItem","position":1,"name":"Portada","item":"https:\/\/revistaliterariaelgatonegro.com\/"},{"@type":"ListItem","position":2,"name":"&#8216;Flor de agua&#8217; Marta Huelves"}]},{"@type":"WebSite","@id":"https:\/\/revistaliterariaelgatonegro.com\/#website","url":"https:\/\/revistaliterariaelgatonegro.com\/","name":"REVISTA CULTURAL","description":" Un nuevo espacio para la divulgaci\u00f3n literaria, as\u00ed como dem\u00e1s artes ","publisher":{"@id":"https:\/\/revistaliterariaelgatonegro.com\/#\/schema\/person\/6a37dd51e0f101e394e91c123fd12e8a"},"potentialAction":[{"@type":"SearchAction","target":{"@type":"EntryPoint","urlTemplate":"https:\/\/revistaliterariaelgatonegro.com\/?s={search_term_string}"},"query-input":{"@type":"PropertyValueSpecification","valueRequired":true,"valueName":"search_term_string"}}],"inLanguage":"es"},{"@type":["Person","Organization"],"@id":"https:\/\/revistaliterariaelgatonegro.com\/#\/schema\/person\/6a37dd51e0f101e394e91c123fd12e8a","name":"administrador","image":{"@type":"ImageObject","inLanguage":"es","@id":"https:\/\/revistaliterariaelgatonegro.com\/wp-content\/uploads\/2025\/12\/cropped-Logotipo-Logo-Marca-personal-Pastel-Amarillo-12-Photoroom.png","url":"https:\/\/revistaliterariaelgatonegro.com\/wp-content\/uploads\/2025\/12\/cropped-Logotipo-Logo-Marca-personal-Pastel-Amarillo-12-Photoroom.png","contentUrl":"https:\/\/revistaliterariaelgatonegro.com\/wp-content\/uploads\/2025\/12\/cropped-Logotipo-Logo-Marca-personal-Pastel-Amarillo-12-Photoroom.png","width":364,"height":212,"caption":"administrador"},"logo":{"@id":"https:\/\/revistaliterariaelgatonegro.com\/wp-content\/uploads\/2025\/12\/cropped-Logotipo-Logo-Marca-personal-Pastel-Amarillo-12-Photoroom.png"},"sameAs":["http:\/\/s864831950.mialojamiento.es"]}]}},"featured_image_urls":{"full":["https:\/\/revistaliterariaelgatonegro.com\/wp-content\/uploads\/2025\/10\/flor-de-agua-scaled.jpg",2560,1280,false],"thumbnail":["https:\/\/revistaliterariaelgatonegro.com\/wp-content\/uploads\/2025\/10\/flor-de-agua-150x150.jpg",150,150,true],"medium":["https:\/\/revistaliterariaelgatonegro.com\/wp-content\/uploads\/2025\/10\/flor-de-agua-300x150.jpg",300,150,true],"medium_large":["https:\/\/revistaliterariaelgatonegro.com\/wp-content\/uploads\/2025\/10\/flor-de-agua-768x384.jpg",640,320,true],"large":["https:\/\/revistaliterariaelgatonegro.com\/wp-content\/uploads\/2025\/10\/flor-de-agua-700x350.jpg",640,320,true],"1536x1536":["https:\/\/revistaliterariaelgatonegro.com\/wp-content\/uploads\/2025\/10\/flor-de-agua-1536x768.jpg",1536,768,true],"2048x2048":["https:\/\/revistaliterariaelgatonegro.com\/wp-content\/uploads\/2025\/10\/flor-de-agua-2048x1024.jpg",2048,1024,true],"morenews-large":["https:\/\/revistaliterariaelgatonegro.com\/wp-content\/uploads\/2025\/10\/flor-de-agua-825x575.jpg",825,575,true],"morenews-medium":["https:\/\/revistaliterariaelgatonegro.com\/wp-content\/uploads\/2025\/10\/flor-de-agua-590x410.jpg",590,410,true],"woocommerce_thumbnail":["https:\/\/revistaliterariaelgatonegro.com\/wp-content\/uploads\/2025\/10\/flor-de-agua-300x150.jpg",300,150,true],"woocommerce_single":["https:\/\/revistaliterariaelgatonegro.com\/wp-content\/uploads\/2025\/10\/flor-de-agua-300x150.jpg",300,150,true],"woocommerce_gallery_thumbnail":["https:\/\/revistaliterariaelgatonegro.com\/wp-content\/uploads\/2025\/10\/flor-de-agua-100x100.jpg",100,100,true],"dgwt-wcas-product-suggestion":["https:\/\/revistaliterariaelgatonegro.com\/wp-content\/uploads\/2025\/10\/flor-de-agua-64x32.jpg",64,32,true]},"author_info":{"display_name":false,"author_link":"https:\/\/revistaliterariaelgatonegro.com\/?author=1"},"category_info":"<a href=\"https:\/\/revistaliterariaelgatonegro.com\/?cat=134\" rel=\"category\">Actualidad<\/a> <a href=\"https:\/\/revistaliterariaelgatonegro.com\/?cat=34\" rel=\"category\">Libros<\/a>","tag_info":"Libros","comment_count":"0","_links":{"self":[{"href":"https:\/\/revistaliterariaelgatonegro.com\/index.php?rest_route=\/wp\/v2\/posts\/21618","targetHints":{"allow":["GET"]}}],"collection":[{"href":"https:\/\/revistaliterariaelgatonegro.com\/index.php?rest_route=\/wp\/v2\/posts"}],"about":[{"href":"https:\/\/revistaliterariaelgatonegro.com\/index.php?rest_route=\/wp\/v2\/types\/post"}],"author":[{"embeddable":true,"href":"https:\/\/revistaliterariaelgatonegro.com\/index.php?rest_route=\/wp\/v2\/users\/1"}],"replies":[{"embeddable":true,"href":"https:\/\/revistaliterariaelgatonegro.com\/index.php?rest_route=%2Fwp%2Fv2%2Fcomments&post=21618"}],"version-history":[{"count":5,"href":"https:\/\/revistaliterariaelgatonegro.com\/index.php?rest_route=\/wp\/v2\/posts\/21618\/revisions"}],"predecessor-version":[{"id":21992,"href":"https:\/\/revistaliterariaelgatonegro.com\/index.php?rest_route=\/wp\/v2\/posts\/21618\/revisions\/21992"}],"wp:featuredmedia":[{"embeddable":true,"href":"https:\/\/revistaliterariaelgatonegro.com\/index.php?rest_route=\/wp\/v2\/media\/21619"}],"wp:attachment":[{"href":"https:\/\/revistaliterariaelgatonegro.com\/index.php?rest_route=%2Fwp%2Fv2%2Fmedia&parent=21618"}],"wp:term":[{"taxonomy":"category","embeddable":true,"href":"https:\/\/revistaliterariaelgatonegro.com\/index.php?rest_route=%2Fwp%2Fv2%2Fcategories&post=21618"},{"taxonomy":"post_tag","embeddable":true,"href":"https:\/\/revistaliterariaelgatonegro.com\/index.php?rest_route=%2Fwp%2Fv2%2Ftags&post=21618"}],"curies":[{"name":"wp","href":"https:\/\/api.w.org\/{rel}","templated":true}]}}