{"id":21613,"date":"2025-10-23T09:00:00","date_gmt":"2025-10-23T09:00:00","guid":{"rendered":"https:\/\/revistaliterariaelgatonegro.com\/?p=21613"},"modified":"2025-11-08T22:31:15","modified_gmt":"2025-11-08T22:31:15","slug":"la-nueva-coleccion-infantil-de-la-editorial-hoepli-en-espana","status":"publish","type":"post","link":"https:\/\/revistaliterariaelgatonegro.com\/?p=21613","title":{"rendered":"La nueva colecci\u00f3n infantil de la editorial Hoepli en Espa\u00f1a"},"content":{"rendered":"\n<h2 class=\"wp-block-heading has-text-align-center\"><strong>HOEPLINI&nbsp;<\/strong>llega a Espa\u00f1a: la nueva colecci\u00f3n infantil de la editorial Hoepli que celebra la magia de la infancia.<\/h2>\n\n\n\n<p> Tras su presentaci\u00f3n internacional en la Feria del Libro Infantil de Bolonia ( Italia ),\u00a0la editorial italiana Hoepli lanza en Espa\u00f1a\u00a0HOEPLINI<strong>,<\/strong>\u00a0una nueva colecci\u00f3n de libros ilustrados dedicada a los lectores a partir de 3 a\u00f1os.<\/p>\n\n\n\n<p>Concebida y dirigida por el ilustrador y autor Isaak Friedl, y bajo la coordinaci\u00f3n editorial de Laura Gorini, HOEPLINI marca el inicio de una nueva etapa creativa para la hist\u00f3rica casa editorial milanesa, que desde hace m\u00e1s de un a\u00f1o opera en nuestro pa\u00eds a trav\u00e9s del sello Hoepli Ediciones.<\/p>\n\n\n\n<p>Una nueva aventura editorial para el sello ya que con esta\u00a0colecci\u00f3n, Hoepli ampl\u00eda su cat\u00e1logo y se adentra en el universo de la literatura infantil contempor\u00e1nea, con el prop\u00f3sito de estimular la curiosidad, la creatividad y el amor por la lectura en los m\u00e1s peque\u00f1os. Cada t\u00edtulo est\u00e1 dise\u00f1ado para acompa\u00f1ar a los ni\u00f1os en la exploraci\u00f3n del mundo y de sus propias emociones, con historias que invitan a mirar m\u00e1s all\u00e1 de los opuestos \u2014bueno y malo, bello y feo\u2014 y a descubrir los matices infinitos de la realidad.<\/p>\n\n\n\n<p>Los libros combinan ilustraciones evocadoras y narraciones de alta sensibilidad, concebidos para fomentar la empat\u00eda y el pensamiento cr\u00edtico desde la primera infancia.<\/p>\n\n\n\n<h3 class=\"wp-block-heading\">Los primeros t\u00edtulos de HOEPLINI que llegan al mercado espa\u00f1ol son:<\/h3>\n\n\n\n<ul class=\"wp-block-list\">\n<li><strong>Pat Zarpitas<\/strong>&nbsp;&nbsp;escrito e ilustrado por &nbsp;Isaak Friedl. Un gato muy especial que vive entre las estrellas y que cada noche se levanta y va a acariciar la cabeza de los ni\u00f1os mientras duermen.<\/li>\n\n\n\n<li><strong>\u00bfD\u00f3nde est\u00e1s Bolito?<\/strong>\u00a0 De Danilo Manzi y Yu Xu: una historia tierna y delicada sobre la p\u00e9rdida y el recuerdo.<\/li>\n\n\n\n<li><strong>\u00bfD\u00f3nde lo hago?<\/strong>\u00a0Con texto de Ver\u00f3nica Cortopassi \u00a0e ilustraciones de \u201cOscarito\u201d.\u00a0 En este volumen de la autora y formadora Ver\u00f3nica Cortopassi, los temas de la verg\u00fcenza y las dificultades cotidianas que pueden encontrar los ni\u00f1os se abordan con ligereza e inmediatez, como las pinceladas de las acuarelas de Oscarito.<\/li>\n\n\n\n<li><strong>Bien, estupendo!&nbsp;&nbsp;<\/strong>de Isaak Friedl e &nbsp;ilustraciones de Oscarito . Para cada situaci\u00f3n inesperada o aterradora, hay una frase m\u00e1gica que lo arregla todo.<\/li>\n\n\n\n<li><strong>Navidad Monstruosa<\/strong>&nbsp;&nbsp;escrito e ilustrado por Lucky Amo. Un cuento que invita a buscar y encontrar a los monstruos para descubrir c\u00f3mo celebran las navidades.<\/li>\n\n\n\n<li><strong>\u00c1rbol Estelar<\/strong>&nbsp;con texto e ilustraciones de Isaak Friedl un libro que estimula la imaginaci\u00f3n, fomenta el pensamiento creativo y transmite a los ni\u00f1os peque\u00f1os la idea de que la naturaleza est\u00e1 llena de maravillas. &nbsp;<\/li>\n<\/ul>\n\n\n\n<p>La serie HOEPLINI ha sido desarrollada por un equipo multidisciplinar:<\/p>\n\n\n\n<p><strong>Isaak Friedl (<\/strong>1990), ilustrador y guionista, premiado como Autor Revelaci\u00f3n en el Festival del C\u00f3mic de Treviso, con obras para Panini, Sergio Bonelli Editore, BAO Publishing y Saldapress.<\/p>\n\n\n\n<p><strong>Serena Neri<\/strong>&nbsp;(1985), psic\u00f3loga especializada en desarrollo infantil y neurodivergencia, asesora los contenidos para garantizar un enfoque emocional y educativo equilibrado.<\/p>\n\n\n\n<p>La coordinaci\u00f3n editorial corre a cargo de&nbsp;<strong>Laura Gorini,<\/strong>&nbsp;editora de Hoepli, con larga experiencia en materiales educativos, autoayuda y lectura complementaria.<\/p>\n\n\n\n<p>Con HOEPLINI, Hoepli reafirma su compromiso con la cultura y la formaci\u00f3n de nuevas generaciones de lectores. La colecci\u00f3n combina est\u00e9tica, imaginaci\u00f3n y pedagog\u00eda, en l\u00ednea con las tendencias m\u00e1s actuales del libro infantil ilustrado.<\/p>\n\n\n\n<p>Fundada en Mil\u00e1n en 1870, Hoepli ha acompa\u00f1ado la evoluci\u00f3n cultural y educativa de Italia durante m\u00e1s de 150 a\u00f1os. Su cat\u00e1logo abarca desde manuales t\u00e9cnicos hasta obras de literatura, idiomas, divulgaci\u00f3n y bienestar.<\/p>\n\n\n\n<p><\/p>\n","protected":false},"excerpt":{"rendered":"<p>HOEPLINI&nbsp;llega a Espa\u00f1a: la nueva colecci\u00f3n infantil de la editorial Hoepli que celebra la magia de la infancia.<\/p>\n","protected":false},"author":1,"featured_media":21614,"comment_status":"open","ping_status":"open","sticky":false,"template":"","format":"standard","meta":{"footnotes":""},"categories":[135],"tags":[],"class_list":["post-21613","post","type-post","status-publish","format-standard","has-post-thumbnail","hentry","category-general"],"yoast_head":"<!-- This site is optimized with the Yoast SEO plugin v27.5 - https:\/\/yoast.com\/product\/yoast-seo-wordpress\/ -->\n<title>La nueva colecci\u00f3n infantil de la editorial Hoepli en Espa\u00f1a - REVISTA CULTURAL<\/title>\n<meta name=\"robots\" content=\"index, follow, max-snippet:-1, max-image-preview:large, max-video-preview:-1\" \/>\n<link rel=\"canonical\" href=\"https:\/\/revistaliterariaelgatonegro.com\/?p=21613\" \/>\n<meta property=\"og:locale\" content=\"es_ES\" \/>\n<meta property=\"og:type\" content=\"article\" \/>\n<meta property=\"og:title\" content=\"La nueva colecci\u00f3n infantil de la editorial Hoepli en Espa\u00f1a - REVISTA CULTURAL\" \/>\n<meta property=\"og:description\" content=\"HOEPLINI&nbsp;llega a Espa\u00f1a: la nueva colecci\u00f3n infantil de la editorial Hoepli que celebra la magia de la infancia.\" \/>\n<meta property=\"og:url\" content=\"https:\/\/revistaliterariaelgatonegro.com\/?p=21613\" \/>\n<meta property=\"og:site_name\" content=\"REVISTA CULTURAL\" \/>\n<meta property=\"article:published_time\" content=\"2025-10-23T09:00:00+00:00\" \/>\n<meta property=\"article:modified_time\" content=\"2025-11-08T22:31:15+00:00\" \/>\n<meta property=\"og:image\" content=\"https:\/\/revistaliterariaelgatonegro.com\/wp-content\/uploads\/2025\/10\/libros-infantil-scaled.jpg\" \/>\n\t<meta property=\"og:image:width\" content=\"2560\" \/>\n\t<meta property=\"og:image:height\" content=\"1280\" \/>\n\t<meta property=\"og:image:type\" content=\"image\/jpeg\" \/>\n<meta name=\"author\" content=\"administrador\" \/>\n<meta name=\"twitter:card\" content=\"summary_large_image\" \/>\n<meta name=\"twitter:label1\" content=\"Escrito por\" \/>\n\t<meta name=\"twitter:data1\" content=\"\" \/>\n\t<meta name=\"twitter:label2\" content=\"Tiempo de lectura\" \/>\n\t<meta name=\"twitter:data2\" content=\"3 minutos\" \/>\n<script type=\"application\/ld+json\" class=\"yoast-schema-graph\">{\"@context\":\"https:\\\/\\\/schema.org\",\"@graph\":[{\"@type\":\"Article\",\"@id\":\"https:\\\/\\\/revistaliterariaelgatonegro.com\\\/?p=21613#article\",\"isPartOf\":{\"@id\":\"https:\\\/\\\/revistaliterariaelgatonegro.com\\\/?p=21613\"},\"author\":{\"name\":\"administrador\",\"@id\":\"https:\\\/\\\/revistaliterariaelgatonegro.com\\\/#\\\/schema\\\/person\\\/6a37dd51e0f101e394e91c123fd12e8a\"},\"headline\":\"La nueva colecci\u00f3n infantil de la editorial Hoepli en Espa\u00f1a\",\"datePublished\":\"2025-10-23T09:00:00+00:00\",\"dateModified\":\"2025-11-08T22:31:15+00:00\",\"mainEntityOfPage\":{\"@id\":\"https:\\\/\\\/revistaliterariaelgatonegro.com\\\/?p=21613\"},\"wordCount\":651,\"commentCount\":0,\"publisher\":{\"@id\":\"https:\\\/\\\/revistaliterariaelgatonegro.com\\\/#\\\/schema\\\/person\\\/6a37dd51e0f101e394e91c123fd12e8a\"},\"image\":{\"@id\":\"https:\\\/\\\/revistaliterariaelgatonegro.com\\\/?p=21613#primaryimage\"},\"thumbnailUrl\":\"https:\\\/\\\/revistaliterariaelgatonegro.com\\\/wp-content\\\/uploads\\\/2025\\\/10\\\/libros-infantil-scaled.jpg\",\"articleSection\":[\"General\"],\"inLanguage\":\"es\",\"potentialAction\":[{\"@type\":\"CommentAction\",\"name\":\"Comment\",\"target\":[\"https:\\\/\\\/revistaliterariaelgatonegro.com\\\/?p=21613#respond\"]}]},{\"@type\":\"WebPage\",\"@id\":\"https:\\\/\\\/revistaliterariaelgatonegro.com\\\/?p=21613\",\"url\":\"https:\\\/\\\/revistaliterariaelgatonegro.com\\\/?p=21613\",\"name\":\"La nueva colecci\u00f3n infantil de la editorial Hoepli en Espa\u00f1a - REVISTA CULTURAL\",\"isPartOf\":{\"@id\":\"https:\\\/\\\/revistaliterariaelgatonegro.com\\\/#website\"},\"primaryImageOfPage\":{\"@id\":\"https:\\\/\\\/revistaliterariaelgatonegro.com\\\/?p=21613#primaryimage\"},\"image\":{\"@id\":\"https:\\\/\\\/revistaliterariaelgatonegro.com\\\/?p=21613#primaryimage\"},\"thumbnailUrl\":\"https:\\\/\\\/revistaliterariaelgatonegro.com\\\/wp-content\\\/uploads\\\/2025\\\/10\\\/libros-infantil-scaled.jpg\",\"datePublished\":\"2025-10-23T09:00:00+00:00\",\"dateModified\":\"2025-11-08T22:31:15+00:00\",\"breadcrumb\":{\"@id\":\"https:\\\/\\\/revistaliterariaelgatonegro.com\\\/?p=21613#breadcrumb\"},\"inLanguage\":\"es\",\"potentialAction\":[{\"@type\":\"ReadAction\",\"target\":[\"https:\\\/\\\/revistaliterariaelgatonegro.com\\\/?p=21613\"]}]},{\"@type\":\"ImageObject\",\"inLanguage\":\"es\",\"@id\":\"https:\\\/\\\/revistaliterariaelgatonegro.com\\\/?p=21613#primaryimage\",\"url\":\"https:\\\/\\\/revistaliterariaelgatonegro.com\\\/wp-content\\\/uploads\\\/2025\\\/10\\\/libros-infantil-scaled.jpg\",\"contentUrl\":\"https:\\\/\\\/revistaliterariaelgatonegro.com\\\/wp-content\\\/uploads\\\/2025\\\/10\\\/libros-infantil-scaled.jpg\",\"width\":2560,\"height\":1280},{\"@type\":\"BreadcrumbList\",\"@id\":\"https:\\\/\\\/revistaliterariaelgatonegro.com\\\/?p=21613#breadcrumb\",\"itemListElement\":[{\"@type\":\"ListItem\",\"position\":1,\"name\":\"Portada\",\"item\":\"https:\\\/\\\/revistaliterariaelgatonegro.com\\\/\"},{\"@type\":\"ListItem\",\"position\":2,\"name\":\"La nueva colecci\u00f3n infantil de la editorial Hoepli en Espa\u00f1a\"}]},{\"@type\":\"WebSite\",\"@id\":\"https:\\\/\\\/revistaliterariaelgatonegro.com\\\/#website\",\"url\":\"https:\\\/\\\/revistaliterariaelgatonegro.com\\\/\",\"name\":\"REVISTA CULTURAL\",\"description\":\" Un nuevo espacio para la divulgaci\u00f3n literaria, as\u00ed como dem\u00e1s artes \",\"publisher\":{\"@id\":\"https:\\\/\\\/revistaliterariaelgatonegro.com\\\/#\\\/schema\\\/person\\\/6a37dd51e0f101e394e91c123fd12e8a\"},\"potentialAction\":[{\"@type\":\"SearchAction\",\"target\":{\"@type\":\"EntryPoint\",\"urlTemplate\":\"https:\\\/\\\/revistaliterariaelgatonegro.com\\\/?s={search_term_string}\"},\"query-input\":{\"@type\":\"PropertyValueSpecification\",\"valueRequired\":true,\"valueName\":\"search_term_string\"}}],\"inLanguage\":\"es\"},{\"@type\":[\"Person\",\"Organization\"],\"@id\":\"https:\\\/\\\/revistaliterariaelgatonegro.com\\\/#\\\/schema\\\/person\\\/6a37dd51e0f101e394e91c123fd12e8a\",\"name\":\"administrador\",\"image\":{\"@type\":\"ImageObject\",\"inLanguage\":\"es\",\"@id\":\"https:\\\/\\\/revistaliterariaelgatonegro.com\\\/wp-content\\\/uploads\\\/2025\\\/12\\\/cropped-Logotipo-Logo-Marca-personal-Pastel-Amarillo-12-Photoroom.png\",\"url\":\"https:\\\/\\\/revistaliterariaelgatonegro.com\\\/wp-content\\\/uploads\\\/2025\\\/12\\\/cropped-Logotipo-Logo-Marca-personal-Pastel-Amarillo-12-Photoroom.png\",\"contentUrl\":\"https:\\\/\\\/revistaliterariaelgatonegro.com\\\/wp-content\\\/uploads\\\/2025\\\/12\\\/cropped-Logotipo-Logo-Marca-personal-Pastel-Amarillo-12-Photoroom.png\",\"width\":364,\"height\":212,\"caption\":\"administrador\"},\"logo\":{\"@id\":\"https:\\\/\\\/revistaliterariaelgatonegro.com\\\/wp-content\\\/uploads\\\/2025\\\/12\\\/cropped-Logotipo-Logo-Marca-personal-Pastel-Amarillo-12-Photoroom.png\"},\"sameAs\":[\"http:\\\/\\\/s864831950.mialojamiento.es\"]}]}<\/script>\n<!-- \/ Yoast SEO plugin. -->","yoast_head_json":{"title":"La nueva colecci\u00f3n infantil de la editorial Hoepli en Espa\u00f1a - REVISTA CULTURAL","robots":{"index":"index","follow":"follow","max-snippet":"max-snippet:-1","max-image-preview":"max-image-preview:large","max-video-preview":"max-video-preview:-1"},"canonical":"https:\/\/revistaliterariaelgatonegro.com\/?p=21613","og_locale":"es_ES","og_type":"article","og_title":"La nueva colecci\u00f3n infantil de la editorial Hoepli en Espa\u00f1a - REVISTA CULTURAL","og_description":"HOEPLINI&nbsp;llega a Espa\u00f1a: la nueva colecci\u00f3n infantil de la editorial Hoepli que celebra la magia de la infancia.","og_url":"https:\/\/revistaliterariaelgatonegro.com\/?p=21613","og_site_name":"REVISTA CULTURAL","article_published_time":"2025-10-23T09:00:00+00:00","article_modified_time":"2025-11-08T22:31:15+00:00","og_image":[{"width":2560,"height":1280,"url":"https:\/\/revistaliterariaelgatonegro.com\/wp-content\/uploads\/2025\/10\/libros-infantil-scaled.jpg","type":"image\/jpeg"}],"author":"administrador","twitter_card":"summary_large_image","twitter_misc":{"Escrito por":false,"Tiempo de lectura":"3 minutos"},"schema":{"@context":"https:\/\/schema.org","@graph":[{"@type":"Article","@id":"https:\/\/revistaliterariaelgatonegro.com\/?p=21613#article","isPartOf":{"@id":"https:\/\/revistaliterariaelgatonegro.com\/?p=21613"},"author":{"name":"administrador","@id":"https:\/\/revistaliterariaelgatonegro.com\/#\/schema\/person\/6a37dd51e0f101e394e91c123fd12e8a"},"headline":"La nueva colecci\u00f3n infantil de la editorial Hoepli en Espa\u00f1a","datePublished":"2025-10-23T09:00:00+00:00","dateModified":"2025-11-08T22:31:15+00:00","mainEntityOfPage":{"@id":"https:\/\/revistaliterariaelgatonegro.com\/?p=21613"},"wordCount":651,"commentCount":0,"publisher":{"@id":"https:\/\/revistaliterariaelgatonegro.com\/#\/schema\/person\/6a37dd51e0f101e394e91c123fd12e8a"},"image":{"@id":"https:\/\/revistaliterariaelgatonegro.com\/?p=21613#primaryimage"},"thumbnailUrl":"https:\/\/revistaliterariaelgatonegro.com\/wp-content\/uploads\/2025\/10\/libros-infantil-scaled.jpg","articleSection":["General"],"inLanguage":"es","potentialAction":[{"@type":"CommentAction","name":"Comment","target":["https:\/\/revistaliterariaelgatonegro.com\/?p=21613#respond"]}]},{"@type":"WebPage","@id":"https:\/\/revistaliterariaelgatonegro.com\/?p=21613","url":"https:\/\/revistaliterariaelgatonegro.com\/?p=21613","name":"La nueva colecci\u00f3n infantil de la editorial Hoepli en Espa\u00f1a - REVISTA CULTURAL","isPartOf":{"@id":"https:\/\/revistaliterariaelgatonegro.com\/#website"},"primaryImageOfPage":{"@id":"https:\/\/revistaliterariaelgatonegro.com\/?p=21613#primaryimage"},"image":{"@id":"https:\/\/revistaliterariaelgatonegro.com\/?p=21613#primaryimage"},"thumbnailUrl":"https:\/\/revistaliterariaelgatonegro.com\/wp-content\/uploads\/2025\/10\/libros-infantil-scaled.jpg","datePublished":"2025-10-23T09:00:00+00:00","dateModified":"2025-11-08T22:31:15+00:00","breadcrumb":{"@id":"https:\/\/revistaliterariaelgatonegro.com\/?p=21613#breadcrumb"},"inLanguage":"es","potentialAction":[{"@type":"ReadAction","target":["https:\/\/revistaliterariaelgatonegro.com\/?p=21613"]}]},{"@type":"ImageObject","inLanguage":"es","@id":"https:\/\/revistaliterariaelgatonegro.com\/?p=21613#primaryimage","url":"https:\/\/revistaliterariaelgatonegro.com\/wp-content\/uploads\/2025\/10\/libros-infantil-scaled.jpg","contentUrl":"https:\/\/revistaliterariaelgatonegro.com\/wp-content\/uploads\/2025\/10\/libros-infantil-scaled.jpg","width":2560,"height":1280},{"@type":"BreadcrumbList","@id":"https:\/\/revistaliterariaelgatonegro.com\/?p=21613#breadcrumb","itemListElement":[{"@type":"ListItem","position":1,"name":"Portada","item":"https:\/\/revistaliterariaelgatonegro.com\/"},{"@type":"ListItem","position":2,"name":"La nueva colecci\u00f3n infantil de la editorial Hoepli en Espa\u00f1a"}]},{"@type":"WebSite","@id":"https:\/\/revistaliterariaelgatonegro.com\/#website","url":"https:\/\/revistaliterariaelgatonegro.com\/","name":"REVISTA CULTURAL","description":" Un nuevo espacio para la divulgaci\u00f3n literaria, as\u00ed como dem\u00e1s artes ","publisher":{"@id":"https:\/\/revistaliterariaelgatonegro.com\/#\/schema\/person\/6a37dd51e0f101e394e91c123fd12e8a"},"potentialAction":[{"@type":"SearchAction","target":{"@type":"EntryPoint","urlTemplate":"https:\/\/revistaliterariaelgatonegro.com\/?s={search_term_string}"},"query-input":{"@type":"PropertyValueSpecification","valueRequired":true,"valueName":"search_term_string"}}],"inLanguage":"es"},{"@type":["Person","Organization"],"@id":"https:\/\/revistaliterariaelgatonegro.com\/#\/schema\/person\/6a37dd51e0f101e394e91c123fd12e8a","name":"administrador","image":{"@type":"ImageObject","inLanguage":"es","@id":"https:\/\/revistaliterariaelgatonegro.com\/wp-content\/uploads\/2025\/12\/cropped-Logotipo-Logo-Marca-personal-Pastel-Amarillo-12-Photoroom.png","url":"https:\/\/revistaliterariaelgatonegro.com\/wp-content\/uploads\/2025\/12\/cropped-Logotipo-Logo-Marca-personal-Pastel-Amarillo-12-Photoroom.png","contentUrl":"https:\/\/revistaliterariaelgatonegro.com\/wp-content\/uploads\/2025\/12\/cropped-Logotipo-Logo-Marca-personal-Pastel-Amarillo-12-Photoroom.png","width":364,"height":212,"caption":"administrador"},"logo":{"@id":"https:\/\/revistaliterariaelgatonegro.com\/wp-content\/uploads\/2025\/12\/cropped-Logotipo-Logo-Marca-personal-Pastel-Amarillo-12-Photoroom.png"},"sameAs":["http:\/\/s864831950.mialojamiento.es"]}]}},"featured_image_urls":{"full":["https:\/\/revistaliterariaelgatonegro.com\/wp-content\/uploads\/2025\/10\/libros-infantil-scaled.jpg",2560,1280,false],"thumbnail":["https:\/\/revistaliterariaelgatonegro.com\/wp-content\/uploads\/2025\/10\/libros-infantil-150x150.jpg",150,150,true],"medium":["https:\/\/revistaliterariaelgatonegro.com\/wp-content\/uploads\/2025\/10\/libros-infantil-300x150.jpg",300,150,true],"medium_large":["https:\/\/revistaliterariaelgatonegro.com\/wp-content\/uploads\/2025\/10\/libros-infantil-768x384.jpg",640,320,true],"large":["https:\/\/revistaliterariaelgatonegro.com\/wp-content\/uploads\/2025\/10\/libros-infantil-700x350.jpg",640,320,true],"1536x1536":["https:\/\/revistaliterariaelgatonegro.com\/wp-content\/uploads\/2025\/10\/libros-infantil-1536x768.jpg",1536,768,true],"2048x2048":["https:\/\/revistaliterariaelgatonegro.com\/wp-content\/uploads\/2025\/10\/libros-infantil-2048x1024.jpg",2048,1024,true],"morenews-large":["https:\/\/revistaliterariaelgatonegro.com\/wp-content\/uploads\/2025\/10\/libros-infantil-825x575.jpg",825,575,true],"morenews-medium":["https:\/\/revistaliterariaelgatonegro.com\/wp-content\/uploads\/2025\/10\/libros-infantil-590x410.jpg",590,410,true],"woocommerce_thumbnail":["https:\/\/revistaliterariaelgatonegro.com\/wp-content\/uploads\/2025\/10\/libros-infantil-300x150.jpg",300,150,true],"woocommerce_single":["https:\/\/revistaliterariaelgatonegro.com\/wp-content\/uploads\/2025\/10\/libros-infantil-300x150.jpg",300,150,true],"woocommerce_gallery_thumbnail":["https:\/\/revistaliterariaelgatonegro.com\/wp-content\/uploads\/2025\/10\/libros-infantil-100x100.jpg",100,100,true],"dgwt-wcas-product-suggestion":["https:\/\/revistaliterariaelgatonegro.com\/wp-content\/uploads\/2025\/10\/libros-infantil-64x32.jpg",64,32,true]},"author_info":{"display_name":false,"author_link":"https:\/\/revistaliterariaelgatonegro.com\/?author=1"},"category_info":"<a href=\"https:\/\/revistaliterariaelgatonegro.com\/?cat=135\" rel=\"category\">General<\/a>","tag_info":"General","comment_count":"0","_links":{"self":[{"href":"https:\/\/revistaliterariaelgatonegro.com\/index.php?rest_route=\/wp\/v2\/posts\/21613","targetHints":{"allow":["GET"]}}],"collection":[{"href":"https:\/\/revistaliterariaelgatonegro.com\/index.php?rest_route=\/wp\/v2\/posts"}],"about":[{"href":"https:\/\/revistaliterariaelgatonegro.com\/index.php?rest_route=\/wp\/v2\/types\/post"}],"author":[{"embeddable":true,"href":"https:\/\/revistaliterariaelgatonegro.com\/index.php?rest_route=\/wp\/v2\/users\/1"}],"replies":[{"embeddable":true,"href":"https:\/\/revistaliterariaelgatonegro.com\/index.php?rest_route=%2Fwp%2Fv2%2Fcomments&post=21613"}],"version-history":[{"count":2,"href":"https:\/\/revistaliterariaelgatonegro.com\/index.php?rest_route=\/wp\/v2\/posts\/21613\/revisions"}],"predecessor-version":[{"id":21616,"href":"https:\/\/revistaliterariaelgatonegro.com\/index.php?rest_route=\/wp\/v2\/posts\/21613\/revisions\/21616"}],"wp:featuredmedia":[{"embeddable":true,"href":"https:\/\/revistaliterariaelgatonegro.com\/index.php?rest_route=\/wp\/v2\/media\/21614"}],"wp:attachment":[{"href":"https:\/\/revistaliterariaelgatonegro.com\/index.php?rest_route=%2Fwp%2Fv2%2Fmedia&parent=21613"}],"wp:term":[{"taxonomy":"category","embeddable":true,"href":"https:\/\/revistaliterariaelgatonegro.com\/index.php?rest_route=%2Fwp%2Fv2%2Fcategories&post=21613"},{"taxonomy":"post_tag","embeddable":true,"href":"https:\/\/revistaliterariaelgatonegro.com\/index.php?rest_route=%2Fwp%2Fv2%2Ftags&post=21613"}],"curies":[{"name":"wp","href":"https:\/\/api.w.org\/{rel}","templated":true}]}}