{"id":21600,"date":"2025-10-21T12:16:34","date_gmt":"2025-10-21T12:16:34","guid":{"rendered":"https:\/\/revistaliterariaelgatonegro.com\/?p=21600"},"modified":"2025-10-21T12:16:37","modified_gmt":"2025-10-21T12:16:37","slug":"hablamos-con-cecile-mury","status":"publish","type":"post","link":"https:\/\/revistaliterariaelgatonegro.com\/?p=21600","title":{"rendered":"Hablamos con C\u00e9cile Mury"},"content":{"rendered":"\n<h2 class=\"wp-block-heading has-text-align-center\">C\u00e9cile Mury es periodista de cine para T\u00e9l\u00e9rama.<em>\u00a0Par\u00eds-Hollywood<\/em>\u00a0es su primera novela; un equilibrio entre el cuento de hadas y la cr\u00f3nica realista de los entresijos del mundo del cine, que conoce bien gracias a su profesi\u00f3n.<\/h2>\n\n\n\n<p>Hola, C\u00e9cile, bienvenida a nuestra revista. Antes de empezar, nos gustar\u00eda agradecerle que nos haya concedido esta entrevista.<\/p>\n\n\n\n<p>\u00a1Gracias a ustedes!<\/p>\n\n\n\n<p><strong>C\u00e9cile, \u00bfqu\u00e9 nos puedes contar sobre ti?<\/strong><\/p>\n\n\n\n<p>Llevo treinta a\u00f1os viviendo en Par\u00eds, donde trabajo para la revista cultural semanal T\u00e9l\u00e9rama, pero nac\u00ed y crec\u00ed en Marsella, en Provenza, a orillas del Mediterr\u00e1neo. Me hice periodista porque so\u00f1aba con escribir, y cr\u00edtica porque so\u00f1aba con el cine. Me encanta devorar e inventar historias. En resumen, \u00a1siempre me he \u00abinventado pel\u00edculas\u00bb!<\/p>\n\n\n\n<p><strong>\u00bfY puede decirnos tres palabras que la definan?<\/strong><\/p>\n\n\n\n<p>Autocr\u00edtica, empat\u00eda y pereza. \u00a1A partes iguales!<\/p>\n\n\n\n<p><em> <strong>Par\u00eds-Hollywood <\/strong><\/em><strong>es su primera novela, \u00bfqu\u00e9 nos puede contar sobre ella? \u00bfQu\u00e9 le llev\u00f3 a escribirla?<\/strong><\/p>\n\n\n\n<p>Soy una amante de las comedias rom\u00e1nticas en la pantalla, de todas las \u00e9pocas (desde<em> L\u2019impossible Monsieur B\u00e9b\u00e9 <\/em>o <em>The Shop around the corner <\/em>hasta <em>Cuando Harry encontr\u00f3 a Sally<\/em> o<em> Notting Hill<\/em>). Me apetec\u00eda escribir una, jugando con los c\u00f3digos del g\u00e9nero, en equilibrio entre el cuento de hadas y la cr\u00f3nica realista de los entresijos del mundo del cine, que conozco bien gracias a mi profesi\u00f3n.<\/p>\n\n\n\n<h2 class=\"wp-block-heading has-text-align-center has-vivid-red-color has-text-color has-link-color wp-elements-1844652e9163c6ca89207e594c9aedb2\">Me encanta leer en mi balc\u00f3n, al final de la tarde, levantando la vista de vez en cuando para ver c\u00f3mo cae la noche sobre la ciudad.<\/h2>\n\n\n\n<figure class=\"wp-block-image alignright size-large is-resized\"><img decoding=\"async\" width=\"700\" height=\"1053\" src=\"https:\/\/revistaliterariaelgatonegro.com\/wp-content\/uploads\/2025\/10\/Portada-paris-hollywood-1-700x1053.jpg\" alt=\"\" class=\"wp-image-21603\" style=\"width:500px\" srcset=\"https:\/\/revistaliterariaelgatonegro.com\/wp-content\/uploads\/2025\/10\/Portada-paris-hollywood-1-700x1053.jpg 700w, https:\/\/revistaliterariaelgatonegro.com\/wp-content\/uploads\/2025\/10\/Portada-paris-hollywood-1-199x300.jpg 199w, https:\/\/revistaliterariaelgatonegro.com\/wp-content\/uploads\/2025\/10\/Portada-paris-hollywood-1-768x1155.jpg 768w, https:\/\/revistaliterariaelgatonegro.com\/wp-content\/uploads\/2025\/10\/Portada-paris-hollywood-1-300x451.jpg 300w, https:\/\/revistaliterariaelgatonegro.com\/wp-content\/uploads\/2025\/10\/Portada-paris-hollywood-1-64x96.jpg 64w, https:\/\/revistaliterariaelgatonegro.com\/wp-content\/uploads\/2025\/10\/Portada-paris-hollywood-1.jpg 1000w\" sizes=\"(max-width: 700px) 100vw, 700px\" \/><\/figure>\n\n\n\n<p> <strong>\u00bfY qu\u00e9 encontrar\u00e1 el lector en ella?<\/strong><\/p>\n\n\n\n<p>Humor, ante todo, espero, y tambi\u00e9n un poco de materia para so\u00f1ar, en el intersticio entre dos mundos que todo opone, el de una estrella de Hollywood y el de una joven anclada en la vida cotidiana.<\/p>\n\n\n\n<p><strong>C\u00e9cile, sabemos que te gustan las comedias rom\u00e1nticas, \u00bfqu\u00e9 es para ti el romanticismo?<\/strong><\/p>\n\n\n\n<p>Sin duda, es la forma en que un encuentro amoroso puede encantar la realidad, hasta transformarla.<\/p>\n\n\n\n<p> <strong>Vives en la ciudad del amor, Par\u00eds. \u00bfPuedes decirnos cu\u00e1l es tu lugar favorito de la ciudad?<\/strong><\/p>\n\n\n\n<p>Me encanta el barrio de Belleville, en el noreste de Par\u00eds, donde viv\u00ed durante mucho tiempo, y que tambi\u00e9n es el barrio de Daniel Pennac, un novelista que me gusta mucho. Es una hermosa mezcla de culturas y or\u00edgenes, unas calles muy animadas entre supermercados chinos, tiendas de comestibles africanas, terrazas de caf\u00e9s, mercados, peque\u00f1os pasajes a\u00fan empedrados, todo un mundo por descubrir, a pocas estaciones de metro del centro tur\u00edstico.<\/p>\n\n\n\n<p><strong>Nuestra revista es literaria, por lo que nos vemos obligados a preguntarle cu\u00e1l fue el primer libro que ley\u00f3.<\/strong><\/p>\n\n\n\n<p>\u00a1Hace mucho tiempo! Sin duda, una de las aventuras de Fant\u00f4mette, una peque\u00f1a justiciera que llevaba una m\u00e1scara negra y un gorro con pompones. Me encantaba esa serie de novelas \u00abpoliciales\u00bb para ni\u00f1os de Georges Chaulet.<\/p>\n\n\n\n<p> <strong>\u00bfY qu\u00e9 es lo que m\u00e1s le marc\u00f3?<\/strong><\/p>\n\n\n\n<p>Admiraba mucho su valent\u00eda y su picard\u00eda. \u00a1Fue mi primera superhero\u00edna!<\/p>\n\n\n\n<p><strong>\u00bfQu\u00e9 significan los libros para usted?<\/strong><\/p>\n\n\n\n<p>La posibilidad de vivir todas las vidas, de habitar todos los mundos.<\/p>\n\n\n\n<p><strong> \u00bfPuede decirnos qui\u00e9nes son sus escritores favoritos?<\/strong><\/p>\n\n\n\n<p>Me encanta todo lo de Colette, especialmente Sido y Les Vrilles de la vigne. En un g\u00e9nero radicalmente diferente, tambi\u00e9n soy una admiradora incondicional de Stephen King.<\/p>\n\n\n\n<h2 class=\"wp-block-heading has-text-align-center has-vivid-red-color has-text-color has-link-color wp-elements-89583c0edad94dfc09ff9e292f8b3cb1\"><strong>Los libros son la posibilidad de vivir todas las vidas, de habitar todos los mundos.<\/strong><\/h2>\n\n\n\n<p><strong>\u00bfA qu\u00e9 personaje de un libro le hubiera gustado conocer?<\/strong><\/p>\n\n\n\n<p>Precisamente a los j\u00f3venes y entra\u00f1ables h\u00e9roes de \u00c7a, de Stephen King. Separarme de ellos al final de la historia fue como un peque\u00f1o duelo.<\/p>\n\n\n\n<p> <strong>\u00bfY a alg\u00fan personaje hist\u00f3rico?<\/strong><\/p>\n\n\n\n<p>A Salvador Allende, sin dudarlo.<\/p>\n\n\n\n<p> <strong>\u00bfTienes alguna man\u00eda relacionada con la escritura?<\/strong><\/p>\n\n\n\n<p>La verdad es que no. Puedo sumergirme en un texto sin darme cuenta del paso de las horas, pero no tengo ning\u00fan m\u00e9todo ni costumbre para conseguirlo. Sin embargo, tengo una peque\u00f1a man\u00eda: siempre llevo un cuaderno y un bol\u00edgrafo en el bolso para anotar cualquier idea, fragmento de di\u00e1logo o frase, est\u00e9 donde est\u00e9.<\/p>\n\n\n\n<p><strong>\u00bfCu\u00e1l es tu lugar y momento preferidos para leer?<\/strong><\/p>\n\n\n\n<p>Siempre que puedo, me encanta leer en mi balc\u00f3n, al final de la tarde, levantando la vista de vez en cuando para ver c\u00f3mo cae la noche sobre la ciudad.<\/p>\n\n\n\n<p><strong>\u00bfY para escribir?<\/strong><\/p>\n\n\n\n<p>En la mesa de mi sal\u00f3n, escuchando m\u00fasica, siempre que tengo tiempo y a cualquier hora.<\/p>\n\n\n\n<h2 class=\"wp-block-heading has-text-align-center has-vivid-red-color has-text-color has-link-color wp-elements-28d15702a2020e68316b7bca8c695f34\">El romanticismo  es la forma en que un encuentro amoroso puede encantar la realidad, hasta transformarla.<\/h2>\n\n\n\n<p> <strong>C\u00e9cile, \u00bfc\u00f3mo definir\u00eda usted la cultura?<\/strong><\/p>\n\n\n\n<p>Creo que la cultura es el conjunto de mundos que hacen que este sea soportable.<\/p>\n\n\n\n<p> <strong>\u00bfPuede la cultura salvarnos de todas las absurdidades de la sociedad actual?<\/strong><\/p>\n\n\n\n<p>Salvarnos, no lo s\u00e9. Al menos intento tener la esperanza de que nos ilumine y nos gu\u00ede, incluso en esta \u00e9poca tan sombr\u00eda y angustiosa.<\/p>\n\n\n\n<p><strong> \u00bfPuede hablarnos de sus pr\u00f3ximos proyectos?<\/strong><\/p>\n\n\n\n<p>\u00a1A\u00fan es un poco pronto! Pero estar\u00e9 encantada de volver pronto para compartirlos con ustedes. \u00a1Gracias por todo!<\/p>\n\n\n\n<p><\/p>\n","protected":false},"excerpt":{"rendered":"<p>C\u00e9cile Mury es periodista de cine para T\u00e9l\u00e9rama.\u00a0Par\u00eds-Hollywood\u00a0es su primera novela; un equilibrio entre el cuento de hadas<\/p>\n","protected":false},"author":1,"featured_media":21604,"comment_status":"open","ping_status":"open","sticky":false,"template":"","format":"standard","meta":{"footnotes":""},"categories":[123,121],"tags":[],"class_list":["post-21600","post","type-post","status-publish","format-standard","has-post-thumbnail","hentry","category-hablamos-con-el-autor-en","category-hablamos-con"],"yoast_head":"<!-- This site is optimized with the Yoast SEO plugin v27.5 - https:\/\/yoast.com\/product\/yoast-seo-wordpress\/ -->\n<title>Hablamos con C\u00e9cile Mury - REVISTA CULTURAL<\/title>\n<meta name=\"robots\" content=\"index, follow, max-snippet:-1, max-image-preview:large, max-video-preview:-1\" \/>\n<link rel=\"canonical\" href=\"https:\/\/revistaliterariaelgatonegro.com\/?p=21600\" \/>\n<meta property=\"og:locale\" content=\"es_ES\" \/>\n<meta property=\"og:type\" content=\"article\" \/>\n<meta property=\"og:title\" content=\"Hablamos con C\u00e9cile Mury - REVISTA CULTURAL\" \/>\n<meta property=\"og:description\" content=\"C\u00e9cile Mury es periodista de cine para T\u00e9l\u00e9rama.\u00a0Par\u00eds-Hollywood\u00a0es su primera novela; un equilibrio entre el cuento de hadas\" \/>\n<meta property=\"og:url\" content=\"https:\/\/revistaliterariaelgatonegro.com\/?p=21600\" \/>\n<meta property=\"og:site_name\" content=\"REVISTA CULTURAL\" \/>\n<meta property=\"article:published_time\" content=\"2025-10-21T12:16:34+00:00\" \/>\n<meta property=\"article:modified_time\" content=\"2025-10-21T12:16:37+00:00\" \/>\n<meta property=\"og:image\" content=\"https:\/\/revistaliterariaelgatonegro.com\/wp-content\/uploads\/2025\/10\/entrevista-paris-scaled.jpg\" \/>\n\t<meta property=\"og:image:width\" content=\"2560\" \/>\n\t<meta property=\"og:image:height\" content=\"1280\" \/>\n\t<meta property=\"og:image:type\" content=\"image\/jpeg\" \/>\n<meta name=\"author\" content=\"administrador\" \/>\n<meta name=\"twitter:card\" content=\"summary_large_image\" \/>\n<meta name=\"twitter:label1\" content=\"Escrito por\" \/>\n\t<meta name=\"twitter:data1\" content=\"\" \/>\n\t<meta name=\"twitter:label2\" content=\"Tiempo de lectura\" \/>\n\t<meta name=\"twitter:data2\" content=\"5 minutos\" \/>\n<script type=\"application\/ld+json\" class=\"yoast-schema-graph\">{\"@context\":\"https:\\\/\\\/schema.org\",\"@graph\":[{\"@type\":\"Article\",\"@id\":\"https:\\\/\\\/revistaliterariaelgatonegro.com\\\/?p=21600#article\",\"isPartOf\":{\"@id\":\"https:\\\/\\\/revistaliterariaelgatonegro.com\\\/?p=21600\"},\"author\":{\"name\":\"administrador\",\"@id\":\"https:\\\/\\\/revistaliterariaelgatonegro.com\\\/#\\\/schema\\\/person\\\/6a37dd51e0f101e394e91c123fd12e8a\"},\"headline\":\"Hablamos con C\u00e9cile Mury\",\"datePublished\":\"2025-10-21T12:16:34+00:00\",\"dateModified\":\"2025-10-21T12:16:37+00:00\",\"mainEntityOfPage\":{\"@id\":\"https:\\\/\\\/revistaliterariaelgatonegro.com\\\/?p=21600\"},\"wordCount\":897,\"commentCount\":0,\"publisher\":{\"@id\":\"https:\\\/\\\/revistaliterariaelgatonegro.com\\\/#\\\/schema\\\/person\\\/6a37dd51e0f101e394e91c123fd12e8a\"},\"image\":{\"@id\":\"https:\\\/\\\/revistaliterariaelgatonegro.com\\\/?p=21600#primaryimage\"},\"thumbnailUrl\":\"https:\\\/\\\/revistaliterariaelgatonegro.com\\\/wp-content\\\/uploads\\\/2025\\\/10\\\/entrevista-paris-scaled.jpg\",\"articleSection\":[\"Hablamos con el autor en...\",\"Hablamos con...\"],\"inLanguage\":\"es\",\"potentialAction\":[{\"@type\":\"CommentAction\",\"name\":\"Comment\",\"target\":[\"https:\\\/\\\/revistaliterariaelgatonegro.com\\\/?p=21600#respond\"]}]},{\"@type\":\"WebPage\",\"@id\":\"https:\\\/\\\/revistaliterariaelgatonegro.com\\\/?p=21600\",\"url\":\"https:\\\/\\\/revistaliterariaelgatonegro.com\\\/?p=21600\",\"name\":\"Hablamos con C\u00e9cile Mury - REVISTA CULTURAL\",\"isPartOf\":{\"@id\":\"https:\\\/\\\/revistaliterariaelgatonegro.com\\\/#website\"},\"primaryImageOfPage\":{\"@id\":\"https:\\\/\\\/revistaliterariaelgatonegro.com\\\/?p=21600#primaryimage\"},\"image\":{\"@id\":\"https:\\\/\\\/revistaliterariaelgatonegro.com\\\/?p=21600#primaryimage\"},\"thumbnailUrl\":\"https:\\\/\\\/revistaliterariaelgatonegro.com\\\/wp-content\\\/uploads\\\/2025\\\/10\\\/entrevista-paris-scaled.jpg\",\"datePublished\":\"2025-10-21T12:16:34+00:00\",\"dateModified\":\"2025-10-21T12:16:37+00:00\",\"breadcrumb\":{\"@id\":\"https:\\\/\\\/revistaliterariaelgatonegro.com\\\/?p=21600#breadcrumb\"},\"inLanguage\":\"es\",\"potentialAction\":[{\"@type\":\"ReadAction\",\"target\":[\"https:\\\/\\\/revistaliterariaelgatonegro.com\\\/?p=21600\"]}]},{\"@type\":\"ImageObject\",\"inLanguage\":\"es\",\"@id\":\"https:\\\/\\\/revistaliterariaelgatonegro.com\\\/?p=21600#primaryimage\",\"url\":\"https:\\\/\\\/revistaliterariaelgatonegro.com\\\/wp-content\\\/uploads\\\/2025\\\/10\\\/entrevista-paris-scaled.jpg\",\"contentUrl\":\"https:\\\/\\\/revistaliterariaelgatonegro.com\\\/wp-content\\\/uploads\\\/2025\\\/10\\\/entrevista-paris-scaled.jpg\",\"width\":2560,\"height\":1280},{\"@type\":\"BreadcrumbList\",\"@id\":\"https:\\\/\\\/revistaliterariaelgatonegro.com\\\/?p=21600#breadcrumb\",\"itemListElement\":[{\"@type\":\"ListItem\",\"position\":1,\"name\":\"Portada\",\"item\":\"https:\\\/\\\/revistaliterariaelgatonegro.com\\\/\"},{\"@type\":\"ListItem\",\"position\":2,\"name\":\"Hablamos con C\u00e9cile Mury\"}]},{\"@type\":\"WebSite\",\"@id\":\"https:\\\/\\\/revistaliterariaelgatonegro.com\\\/#website\",\"url\":\"https:\\\/\\\/revistaliterariaelgatonegro.com\\\/\",\"name\":\"REVISTA CULTURAL\",\"description\":\" Un nuevo espacio para la divulgaci\u00f3n literaria, as\u00ed como dem\u00e1s artes \",\"publisher\":{\"@id\":\"https:\\\/\\\/revistaliterariaelgatonegro.com\\\/#\\\/schema\\\/person\\\/6a37dd51e0f101e394e91c123fd12e8a\"},\"potentialAction\":[{\"@type\":\"SearchAction\",\"target\":{\"@type\":\"EntryPoint\",\"urlTemplate\":\"https:\\\/\\\/revistaliterariaelgatonegro.com\\\/?s={search_term_string}\"},\"query-input\":{\"@type\":\"PropertyValueSpecification\",\"valueRequired\":true,\"valueName\":\"search_term_string\"}}],\"inLanguage\":\"es\"},{\"@type\":[\"Person\",\"Organization\"],\"@id\":\"https:\\\/\\\/revistaliterariaelgatonegro.com\\\/#\\\/schema\\\/person\\\/6a37dd51e0f101e394e91c123fd12e8a\",\"name\":\"administrador\",\"image\":{\"@type\":\"ImageObject\",\"inLanguage\":\"es\",\"@id\":\"https:\\\/\\\/revistaliterariaelgatonegro.com\\\/wp-content\\\/uploads\\\/2025\\\/12\\\/cropped-Logotipo-Logo-Marca-personal-Pastel-Amarillo-12-Photoroom.png\",\"url\":\"https:\\\/\\\/revistaliterariaelgatonegro.com\\\/wp-content\\\/uploads\\\/2025\\\/12\\\/cropped-Logotipo-Logo-Marca-personal-Pastel-Amarillo-12-Photoroom.png\",\"contentUrl\":\"https:\\\/\\\/revistaliterariaelgatonegro.com\\\/wp-content\\\/uploads\\\/2025\\\/12\\\/cropped-Logotipo-Logo-Marca-personal-Pastel-Amarillo-12-Photoroom.png\",\"width\":364,\"height\":212,\"caption\":\"administrador\"},\"logo\":{\"@id\":\"https:\\\/\\\/revistaliterariaelgatonegro.com\\\/wp-content\\\/uploads\\\/2025\\\/12\\\/cropped-Logotipo-Logo-Marca-personal-Pastel-Amarillo-12-Photoroom.png\"},\"sameAs\":[\"http:\\\/\\\/s864831950.mialojamiento.es\"]}]}<\/script>\n<!-- \/ Yoast SEO plugin. -->","yoast_head_json":{"title":"Hablamos con C\u00e9cile Mury - REVISTA CULTURAL","robots":{"index":"index","follow":"follow","max-snippet":"max-snippet:-1","max-image-preview":"max-image-preview:large","max-video-preview":"max-video-preview:-1"},"canonical":"https:\/\/revistaliterariaelgatonegro.com\/?p=21600","og_locale":"es_ES","og_type":"article","og_title":"Hablamos con C\u00e9cile Mury - REVISTA CULTURAL","og_description":"C\u00e9cile Mury es periodista de cine para T\u00e9l\u00e9rama.\u00a0Par\u00eds-Hollywood\u00a0es su primera novela; un equilibrio entre el cuento de hadas","og_url":"https:\/\/revistaliterariaelgatonegro.com\/?p=21600","og_site_name":"REVISTA CULTURAL","article_published_time":"2025-10-21T12:16:34+00:00","article_modified_time":"2025-10-21T12:16:37+00:00","og_image":[{"width":2560,"height":1280,"url":"https:\/\/revistaliterariaelgatonegro.com\/wp-content\/uploads\/2025\/10\/entrevista-paris-scaled.jpg","type":"image\/jpeg"}],"author":"administrador","twitter_card":"summary_large_image","twitter_misc":{"Escrito por":false,"Tiempo de lectura":"5 minutos"},"schema":{"@context":"https:\/\/schema.org","@graph":[{"@type":"Article","@id":"https:\/\/revistaliterariaelgatonegro.com\/?p=21600#article","isPartOf":{"@id":"https:\/\/revistaliterariaelgatonegro.com\/?p=21600"},"author":{"name":"administrador","@id":"https:\/\/revistaliterariaelgatonegro.com\/#\/schema\/person\/6a37dd51e0f101e394e91c123fd12e8a"},"headline":"Hablamos con C\u00e9cile Mury","datePublished":"2025-10-21T12:16:34+00:00","dateModified":"2025-10-21T12:16:37+00:00","mainEntityOfPage":{"@id":"https:\/\/revistaliterariaelgatonegro.com\/?p=21600"},"wordCount":897,"commentCount":0,"publisher":{"@id":"https:\/\/revistaliterariaelgatonegro.com\/#\/schema\/person\/6a37dd51e0f101e394e91c123fd12e8a"},"image":{"@id":"https:\/\/revistaliterariaelgatonegro.com\/?p=21600#primaryimage"},"thumbnailUrl":"https:\/\/revistaliterariaelgatonegro.com\/wp-content\/uploads\/2025\/10\/entrevista-paris-scaled.jpg","articleSection":["Hablamos con el autor en...","Hablamos con..."],"inLanguage":"es","potentialAction":[{"@type":"CommentAction","name":"Comment","target":["https:\/\/revistaliterariaelgatonegro.com\/?p=21600#respond"]}]},{"@type":"WebPage","@id":"https:\/\/revistaliterariaelgatonegro.com\/?p=21600","url":"https:\/\/revistaliterariaelgatonegro.com\/?p=21600","name":"Hablamos con C\u00e9cile Mury - REVISTA CULTURAL","isPartOf":{"@id":"https:\/\/revistaliterariaelgatonegro.com\/#website"},"primaryImageOfPage":{"@id":"https:\/\/revistaliterariaelgatonegro.com\/?p=21600#primaryimage"},"image":{"@id":"https:\/\/revistaliterariaelgatonegro.com\/?p=21600#primaryimage"},"thumbnailUrl":"https:\/\/revistaliterariaelgatonegro.com\/wp-content\/uploads\/2025\/10\/entrevista-paris-scaled.jpg","datePublished":"2025-10-21T12:16:34+00:00","dateModified":"2025-10-21T12:16:37+00:00","breadcrumb":{"@id":"https:\/\/revistaliterariaelgatonegro.com\/?p=21600#breadcrumb"},"inLanguage":"es","potentialAction":[{"@type":"ReadAction","target":["https:\/\/revistaliterariaelgatonegro.com\/?p=21600"]}]},{"@type":"ImageObject","inLanguage":"es","@id":"https:\/\/revistaliterariaelgatonegro.com\/?p=21600#primaryimage","url":"https:\/\/revistaliterariaelgatonegro.com\/wp-content\/uploads\/2025\/10\/entrevista-paris-scaled.jpg","contentUrl":"https:\/\/revistaliterariaelgatonegro.com\/wp-content\/uploads\/2025\/10\/entrevista-paris-scaled.jpg","width":2560,"height":1280},{"@type":"BreadcrumbList","@id":"https:\/\/revistaliterariaelgatonegro.com\/?p=21600#breadcrumb","itemListElement":[{"@type":"ListItem","position":1,"name":"Portada","item":"https:\/\/revistaliterariaelgatonegro.com\/"},{"@type":"ListItem","position":2,"name":"Hablamos con C\u00e9cile Mury"}]},{"@type":"WebSite","@id":"https:\/\/revistaliterariaelgatonegro.com\/#website","url":"https:\/\/revistaliterariaelgatonegro.com\/","name":"REVISTA CULTURAL","description":" Un nuevo espacio para la divulgaci\u00f3n literaria, as\u00ed como dem\u00e1s artes ","publisher":{"@id":"https:\/\/revistaliterariaelgatonegro.com\/#\/schema\/person\/6a37dd51e0f101e394e91c123fd12e8a"},"potentialAction":[{"@type":"SearchAction","target":{"@type":"EntryPoint","urlTemplate":"https:\/\/revistaliterariaelgatonegro.com\/?s={search_term_string}"},"query-input":{"@type":"PropertyValueSpecification","valueRequired":true,"valueName":"search_term_string"}}],"inLanguage":"es"},{"@type":["Person","Organization"],"@id":"https:\/\/revistaliterariaelgatonegro.com\/#\/schema\/person\/6a37dd51e0f101e394e91c123fd12e8a","name":"administrador","image":{"@type":"ImageObject","inLanguage":"es","@id":"https:\/\/revistaliterariaelgatonegro.com\/wp-content\/uploads\/2025\/12\/cropped-Logotipo-Logo-Marca-personal-Pastel-Amarillo-12-Photoroom.png","url":"https:\/\/revistaliterariaelgatonegro.com\/wp-content\/uploads\/2025\/12\/cropped-Logotipo-Logo-Marca-personal-Pastel-Amarillo-12-Photoroom.png","contentUrl":"https:\/\/revistaliterariaelgatonegro.com\/wp-content\/uploads\/2025\/12\/cropped-Logotipo-Logo-Marca-personal-Pastel-Amarillo-12-Photoroom.png","width":364,"height":212,"caption":"administrador"},"logo":{"@id":"https:\/\/revistaliterariaelgatonegro.com\/wp-content\/uploads\/2025\/12\/cropped-Logotipo-Logo-Marca-personal-Pastel-Amarillo-12-Photoroom.png"},"sameAs":["http:\/\/s864831950.mialojamiento.es"]}]}},"featured_image_urls":{"full":["https:\/\/revistaliterariaelgatonegro.com\/wp-content\/uploads\/2025\/10\/entrevista-paris-scaled.jpg",2560,1280,false],"thumbnail":["https:\/\/revistaliterariaelgatonegro.com\/wp-content\/uploads\/2025\/10\/entrevista-paris-150x150.jpg",150,150,true],"medium":["https:\/\/revistaliterariaelgatonegro.com\/wp-content\/uploads\/2025\/10\/entrevista-paris-300x150.jpg",300,150,true],"medium_large":["https:\/\/revistaliterariaelgatonegro.com\/wp-content\/uploads\/2025\/10\/entrevista-paris-768x384.jpg",640,320,true],"large":["https:\/\/revistaliterariaelgatonegro.com\/wp-content\/uploads\/2025\/10\/entrevista-paris-700x350.jpg",640,320,true],"1536x1536":["https:\/\/revistaliterariaelgatonegro.com\/wp-content\/uploads\/2025\/10\/entrevista-paris-1536x768.jpg",1536,768,true],"2048x2048":["https:\/\/revistaliterariaelgatonegro.com\/wp-content\/uploads\/2025\/10\/entrevista-paris-2048x1024.jpg",2048,1024,true],"morenews-large":["https:\/\/revistaliterariaelgatonegro.com\/wp-content\/uploads\/2025\/10\/entrevista-paris-825x575.jpg",825,575,true],"morenews-medium":["https:\/\/revistaliterariaelgatonegro.com\/wp-content\/uploads\/2025\/10\/entrevista-paris-590x410.jpg",590,410,true],"woocommerce_thumbnail":["https:\/\/revistaliterariaelgatonegro.com\/wp-content\/uploads\/2025\/10\/entrevista-paris-300x150.jpg",300,150,true],"woocommerce_single":["https:\/\/revistaliterariaelgatonegro.com\/wp-content\/uploads\/2025\/10\/entrevista-paris-300x150.jpg",300,150,true],"woocommerce_gallery_thumbnail":["https:\/\/revistaliterariaelgatonegro.com\/wp-content\/uploads\/2025\/10\/entrevista-paris-100x100.jpg",100,100,true],"dgwt-wcas-product-suggestion":["https:\/\/revistaliterariaelgatonegro.com\/wp-content\/uploads\/2025\/10\/entrevista-paris-64x32.jpg",64,32,true]},"author_info":{"display_name":false,"author_link":"https:\/\/revistaliterariaelgatonegro.com\/?author=1"},"category_info":"<a href=\"https:\/\/revistaliterariaelgatonegro.com\/?cat=123\" rel=\"category\">Hablamos con el autor en...<\/a> <a href=\"https:\/\/revistaliterariaelgatonegro.com\/?cat=121\" rel=\"category\">Hablamos con...<\/a>","tag_info":"Hablamos con...","comment_count":"0","_links":{"self":[{"href":"https:\/\/revistaliterariaelgatonegro.com\/index.php?rest_route=\/wp\/v2\/posts\/21600","targetHints":{"allow":["GET"]}}],"collection":[{"href":"https:\/\/revistaliterariaelgatonegro.com\/index.php?rest_route=\/wp\/v2\/posts"}],"about":[{"href":"https:\/\/revistaliterariaelgatonegro.com\/index.php?rest_route=\/wp\/v2\/types\/post"}],"author":[{"embeddable":true,"href":"https:\/\/revistaliterariaelgatonegro.com\/index.php?rest_route=\/wp\/v2\/users\/1"}],"replies":[{"embeddable":true,"href":"https:\/\/revistaliterariaelgatonegro.com\/index.php?rest_route=%2Fwp%2Fv2%2Fcomments&post=21600"}],"version-history":[{"count":5,"href":"https:\/\/revistaliterariaelgatonegro.com\/index.php?rest_route=\/wp\/v2\/posts\/21600\/revisions"}],"predecessor-version":[{"id":21607,"href":"https:\/\/revistaliterariaelgatonegro.com\/index.php?rest_route=\/wp\/v2\/posts\/21600\/revisions\/21607"}],"wp:featuredmedia":[{"embeddable":true,"href":"https:\/\/revistaliterariaelgatonegro.com\/index.php?rest_route=\/wp\/v2\/media\/21604"}],"wp:attachment":[{"href":"https:\/\/revistaliterariaelgatonegro.com\/index.php?rest_route=%2Fwp%2Fv2%2Fmedia&parent=21600"}],"wp:term":[{"taxonomy":"category","embeddable":true,"href":"https:\/\/revistaliterariaelgatonegro.com\/index.php?rest_route=%2Fwp%2Fv2%2Fcategories&post=21600"},{"taxonomy":"post_tag","embeddable":true,"href":"https:\/\/revistaliterariaelgatonegro.com\/index.php?rest_route=%2Fwp%2Fv2%2Ftags&post=21600"}],"curies":[{"name":"wp","href":"https:\/\/api.w.org\/{rel}","templated":true}]}}