{"id":21448,"date":"2025-09-04T10:01:07","date_gmt":"2025-09-04T10:01:07","guid":{"rendered":"https:\/\/revistaliterariaelgatonegro.com\/?p=21448"},"modified":"2025-09-04T10:01:12","modified_gmt":"2025-09-04T10:01:12","slug":"concurso-septiembre-organizado-por-zenda-e-iberdrola","status":"publish","type":"post","link":"https:\/\/revistaliterariaelgatonegro.com\/?p=21448","title":{"rendered":"Concurso #septiembre, organizado por\u00a0Zenda\u00a0e Iberdrola"},"content":{"rendered":"\n<p>Septiembre simboliza el paso del verano al oto\u00f1o, marcando un tiempo de cambio y preparaci\u00f3n para el invierno.  Nuevos Comienzos, septiembre representa una oportunidad para empezar de nuevo, especialmente con el inicio del a\u00f1o escolar y las actividades acad\u00e9micas; tambi\u00e9n es una conexi\u00f3n con la naturaleza, tradicionalmente, se asociaba con la \u00e9poca de la cosecha de la vid y las uvas&#8230;\u00a0y un mes para escribir y participar en el concurso organizado por Zenda. <\/p>\n\n\n\n<h3 class=\"wp-block-heading\"><strong>B<\/strong>ASES<\/h3>\n\n\n\n<p>1. El objetivo de la presente promoci\u00f3n es promover la escritura y ofrecer a los usuarios la posibilidad de ganar un premio en met\u00e1lico.<\/p>\n\n\n\n<p>2. La promoci\u00f3n se lleva a cabo en internet y pueden participar escritores aficionados y profesionales, as\u00ed como blogueros y usuarios de redes sociales, de cualquier parte del mundo.<\/p>\n\n\n\n<p>3. Duraci\u00f3n de la promoci\u00f3n: Del mi\u00e9rcoles 3 de septiembre de 2025, a las 12:00 horas, al domingo 21 de septiembre de 2025 a las 23:59. El mi\u00e9rcoles 24 de septiembre publicaremos en&nbsp;<em>Zenda<\/em>&nbsp;una selecci\u00f3n con las 10 historias que optan a los premios. El viernes 26 de septiembre de 2025 se difundir\u00e1n los nombres del ganador del primer premio de 1.000 euros y de los ganadores de los segundos premios de 500 euros.<\/p>\n\n\n\n<h3 class=\"wp-block-heading\"><strong>C\u00d3MO PARTICIPAR<\/strong><\/h3>\n\n\n\n<p>Para concursar en #septiembre, dotado con 2.000 euros, 1.000 para el ganador y 500 para cada uno de los dos finalistas y patrocinado por Iberdrola, tienes que\u00a0<a href=\"https:\/\/www.zendalibros.com\/concurso-de-historias-septiembre\/?utm_campaign=20250903&amp;utm_medium=email&amp;utm_source=newsletter\">rellenar el formulario<\/a>\u00a0con tus datos personales y el relato que has escrito.<\/p>\n\n\n\n<p>Cada concursante podr\u00e1 participar con dos historias como mucho, siempre que cumpla con los requisitos establecidos en estas bases.<\/p>\n\n\n\n<p>Las historias deber\u00e1n ser originales e in\u00e9ditas, y no deber\u00e1n vulnerar en ning\u00fan modo derechos de propiedad intelectual e industrial, protecci\u00f3n de datos o de cualquier otra \u00edndole, de terceros.<\/p>\n\n\n\n<p>La extensi\u00f3n m\u00ednima de los textos es de 100 caracteres. La m\u00e1xima es de 1.000 palabras.<\/p>\n\n\n\n<p>De entre los textos publicados en el plazo indicado, un jurado, formado por los escritores Juan G\u00f3mez-Jurado, Espido Freire, Paula Izquierdo y Miguel Mun\u00e1rriz, elegir\u00e1 un ganador y dos finalistas. El jurado valorar\u00e1 la calidad literaria y la originalidad de los textos.<\/p>\n\n\n\n<p><strong>PREMIO<\/strong><\/p>\n\n\n\n<p>1. El primer premio est\u00e1 dotado con 1.000 \u20ac en met\u00e1lico. La dotaci\u00f3n para los dos ganadores del segundo premio es de 500 \u20ac en met\u00e1lico para cada uno. (2.000 \u20ac, en total).<\/p>\n\n\n\n<p>2. Los premios estar\u00e1n sujetos a lo dispuesto tanto en la Ley 35\/2006, de 28 de noviembre, reguladora del Impuesto sobre la Renta de las Personas F\u00edsicas (IRPF), como en el Real Decreto 439\/2007, de 30 de marzo, por el que se aprueba el Reglamento del IRPF, de manera que corresponder\u00e1 a<em>&nbsp;Zenda,<\/em>&nbsp;como sujeto pasivo que satisface la renta sujeta a retenci\u00f3n o ingreso a cuenta, la realizaci\u00f3n del ingreso a cuenta o la pr\u00e1ctica de la retenci\u00f3n correspondiente a efectos de dicho impuesto.<\/p>\n\n\n\n<p>3. Una vez escogidos los textos premiados,&nbsp;<em>Zenda<\/em>&nbsp;se pondr\u00e1 en contacto con los ganadores para informarles de que han sido seleccionados como ganadores y se les solicitar\u00e1 que remitan un formulario con los siguientes datos: Nombre, apellidos, DNI o Pasaporte, direcci\u00f3n de correo electr\u00f3nico, direcci\u00f3n postal y n\u00famero de cuenta bancaria. En el caso de no poder contactar con alguno de los dos (ganador o finalista) en un plazo de cinco (5) d\u00edas, el jurado podr\u00e1 escoger un nuevo texto en ambos casos, y en caso de no contactar con estos segundos en el plazo de cinco (5) d\u00edas, ese premio quedar\u00e1 desierto.<\/p>\n\n\n\n<p>4. El premio es personal e intransferible. El premio tendr\u00e1 que ser recogido por el ganador, o la persona que este designe, identific\u00e1ndose con su DNI, Pasaporte o un documento acreditativo que&nbsp;<em>Zenda<\/em>&nbsp;considere equivalente.<\/p>\n\n\n\n<p><\/p>\n","protected":false},"excerpt":{"rendered":"<p>Septiembre simboliza el paso del verano al oto\u00f1o, marcando un tiempo de cambio y preparaci\u00f3n para el invierno.<\/p>\n","protected":false},"author":1,"featured_media":21451,"comment_status":"open","ping_status":"open","sticky":false,"template":"","format":"standard","meta":{"footnotes":""},"categories":[81,136],"tags":[],"class_list":["post-21448","post","type-post","status-publish","format-standard","has-post-thumbnail","hentry","category-concursos","category-mas"],"yoast_head":"<!-- This site is optimized with the Yoast SEO plugin v27.4 - https:\/\/yoast.com\/product\/yoast-seo-wordpress\/ -->\n<title>Concurso #septiembre, organizado por\u00a0Zenda\u00a0e Iberdrola - REVISTA CULTURAL<\/title>\n<meta name=\"robots\" content=\"index, follow, max-snippet:-1, max-image-preview:large, max-video-preview:-1\" \/>\n<link rel=\"canonical\" href=\"https:\/\/revistaliterariaelgatonegro.com\/?p=21448\" \/>\n<meta property=\"og:locale\" content=\"es_ES\" \/>\n<meta property=\"og:type\" content=\"article\" \/>\n<meta property=\"og:title\" content=\"Concurso #septiembre, organizado por\u00a0Zenda\u00a0e Iberdrola - REVISTA CULTURAL\" \/>\n<meta property=\"og:description\" content=\"Septiembre simboliza el paso del verano al oto\u00f1o, marcando un tiempo de cambio y preparaci\u00f3n para el invierno.\" \/>\n<meta property=\"og:url\" content=\"https:\/\/revistaliterariaelgatonegro.com\/?p=21448\" \/>\n<meta property=\"og:site_name\" content=\"REVISTA CULTURAL\" \/>\n<meta property=\"article:published_time\" content=\"2025-09-04T10:01:07+00:00\" \/>\n<meta property=\"article:modified_time\" content=\"2025-09-04T10:01:12+00:00\" \/>\n<meta property=\"og:image\" content=\"https:\/\/revistaliterariaelgatonegro.com\/wp-content\/uploads\/2025\/09\/concurso-scaled.jpg\" \/>\n\t<meta property=\"og:image:width\" content=\"2560\" \/>\n\t<meta property=\"og:image:height\" content=\"1280\" \/>\n\t<meta property=\"og:image:type\" content=\"image\/jpeg\" \/>\n<meta name=\"author\" content=\"administrador\" \/>\n<meta name=\"twitter:card\" content=\"summary_large_image\" \/>\n<meta name=\"twitter:label1\" content=\"Escrito por\" \/>\n\t<meta name=\"twitter:data1\" content=\"\" \/>\n\t<meta name=\"twitter:label2\" content=\"Tiempo de lectura\" \/>\n\t<meta name=\"twitter:data2\" content=\"4 minutos\" \/>\n<script type=\"application\/ld+json\" class=\"yoast-schema-graph\">{\"@context\":\"https:\\\/\\\/schema.org\",\"@graph\":[{\"@type\":\"Article\",\"@id\":\"https:\\\/\\\/revistaliterariaelgatonegro.com\\\/?p=21448#article\",\"isPartOf\":{\"@id\":\"https:\\\/\\\/revistaliterariaelgatonegro.com\\\/?p=21448\"},\"author\":{\"name\":\"administrador\",\"@id\":\"https:\\\/\\\/revistaliterariaelgatonegro.com\\\/#\\\/schema\\\/person\\\/6a37dd51e0f101e394e91c123fd12e8a\"},\"headline\":\"Concurso #septiembre, organizado por\u00a0Zenda\u00a0e Iberdrola\",\"datePublished\":\"2025-09-04T10:01:07+00:00\",\"dateModified\":\"2025-09-04T10:01:12+00:00\",\"mainEntityOfPage\":{\"@id\":\"https:\\\/\\\/revistaliterariaelgatonegro.com\\\/?p=21448\"},\"wordCount\":631,\"commentCount\":0,\"publisher\":{\"@id\":\"https:\\\/\\\/revistaliterariaelgatonegro.com\\\/#\\\/schema\\\/person\\\/6a37dd51e0f101e394e91c123fd12e8a\"},\"image\":{\"@id\":\"https:\\\/\\\/revistaliterariaelgatonegro.com\\\/?p=21448#primaryimage\"},\"thumbnailUrl\":\"https:\\\/\\\/revistaliterariaelgatonegro.com\\\/wp-content\\\/uploads\\\/2025\\\/09\\\/concurso-scaled.jpg\",\"articleSection\":[\"Concursos\",\"M\u00e1s\"],\"inLanguage\":\"es\",\"potentialAction\":[{\"@type\":\"CommentAction\",\"name\":\"Comment\",\"target\":[\"https:\\\/\\\/revistaliterariaelgatonegro.com\\\/?p=21448#respond\"]}]},{\"@type\":\"WebPage\",\"@id\":\"https:\\\/\\\/revistaliterariaelgatonegro.com\\\/?p=21448\",\"url\":\"https:\\\/\\\/revistaliterariaelgatonegro.com\\\/?p=21448\",\"name\":\"Concurso #septiembre, organizado por\u00a0Zenda\u00a0e Iberdrola - REVISTA CULTURAL\",\"isPartOf\":{\"@id\":\"https:\\\/\\\/revistaliterariaelgatonegro.com\\\/#website\"},\"primaryImageOfPage\":{\"@id\":\"https:\\\/\\\/revistaliterariaelgatonegro.com\\\/?p=21448#primaryimage\"},\"image\":{\"@id\":\"https:\\\/\\\/revistaliterariaelgatonegro.com\\\/?p=21448#primaryimage\"},\"thumbnailUrl\":\"https:\\\/\\\/revistaliterariaelgatonegro.com\\\/wp-content\\\/uploads\\\/2025\\\/09\\\/concurso-scaled.jpg\",\"datePublished\":\"2025-09-04T10:01:07+00:00\",\"dateModified\":\"2025-09-04T10:01:12+00:00\",\"breadcrumb\":{\"@id\":\"https:\\\/\\\/revistaliterariaelgatonegro.com\\\/?p=21448#breadcrumb\"},\"inLanguage\":\"es\",\"potentialAction\":[{\"@type\":\"ReadAction\",\"target\":[\"https:\\\/\\\/revistaliterariaelgatonegro.com\\\/?p=21448\"]}]},{\"@type\":\"ImageObject\",\"inLanguage\":\"es\",\"@id\":\"https:\\\/\\\/revistaliterariaelgatonegro.com\\\/?p=21448#primaryimage\",\"url\":\"https:\\\/\\\/revistaliterariaelgatonegro.com\\\/wp-content\\\/uploads\\\/2025\\\/09\\\/concurso-scaled.jpg\",\"contentUrl\":\"https:\\\/\\\/revistaliterariaelgatonegro.com\\\/wp-content\\\/uploads\\\/2025\\\/09\\\/concurso-scaled.jpg\",\"width\":2560,\"height\":1280},{\"@type\":\"BreadcrumbList\",\"@id\":\"https:\\\/\\\/revistaliterariaelgatonegro.com\\\/?p=21448#breadcrumb\",\"itemListElement\":[{\"@type\":\"ListItem\",\"position\":1,\"name\":\"Portada\",\"item\":\"https:\\\/\\\/revistaliterariaelgatonegro.com\\\/\"},{\"@type\":\"ListItem\",\"position\":2,\"name\":\"Concurso #septiembre, organizado por\u00a0Zenda\u00a0e Iberdrola\"}]},{\"@type\":\"WebSite\",\"@id\":\"https:\\\/\\\/revistaliterariaelgatonegro.com\\\/#website\",\"url\":\"https:\\\/\\\/revistaliterariaelgatonegro.com\\\/\",\"name\":\"REVISTA CULTURAL\",\"description\":\" Un nuevo espacio para la divulgaci\u00f3n literaria, as\u00ed como dem\u00e1s artes \",\"publisher\":{\"@id\":\"https:\\\/\\\/revistaliterariaelgatonegro.com\\\/#\\\/schema\\\/person\\\/6a37dd51e0f101e394e91c123fd12e8a\"},\"potentialAction\":[{\"@type\":\"SearchAction\",\"target\":{\"@type\":\"EntryPoint\",\"urlTemplate\":\"https:\\\/\\\/revistaliterariaelgatonegro.com\\\/?s={search_term_string}\"},\"query-input\":{\"@type\":\"PropertyValueSpecification\",\"valueRequired\":true,\"valueName\":\"search_term_string\"}}],\"inLanguage\":\"es\"},{\"@type\":[\"Person\",\"Organization\"],\"@id\":\"https:\\\/\\\/revistaliterariaelgatonegro.com\\\/#\\\/schema\\\/person\\\/6a37dd51e0f101e394e91c123fd12e8a\",\"name\":\"administrador\",\"image\":{\"@type\":\"ImageObject\",\"inLanguage\":\"es\",\"@id\":\"https:\\\/\\\/revistaliterariaelgatonegro.com\\\/wp-content\\\/uploads\\\/2025\\\/12\\\/cropped-Logotipo-Logo-Marca-personal-Pastel-Amarillo-12-Photoroom.png\",\"url\":\"https:\\\/\\\/revistaliterariaelgatonegro.com\\\/wp-content\\\/uploads\\\/2025\\\/12\\\/cropped-Logotipo-Logo-Marca-personal-Pastel-Amarillo-12-Photoroom.png\",\"contentUrl\":\"https:\\\/\\\/revistaliterariaelgatonegro.com\\\/wp-content\\\/uploads\\\/2025\\\/12\\\/cropped-Logotipo-Logo-Marca-personal-Pastel-Amarillo-12-Photoroom.png\",\"width\":364,\"height\":212,\"caption\":\"administrador\"},\"logo\":{\"@id\":\"https:\\\/\\\/revistaliterariaelgatonegro.com\\\/wp-content\\\/uploads\\\/2025\\\/12\\\/cropped-Logotipo-Logo-Marca-personal-Pastel-Amarillo-12-Photoroom.png\"},\"sameAs\":[\"http:\\\/\\\/s864831950.mialojamiento.es\"]}]}<\/script>\n<!-- \/ Yoast SEO plugin. -->","yoast_head_json":{"title":"Concurso #septiembre, organizado por\u00a0Zenda\u00a0e Iberdrola - REVISTA CULTURAL","robots":{"index":"index","follow":"follow","max-snippet":"max-snippet:-1","max-image-preview":"max-image-preview:large","max-video-preview":"max-video-preview:-1"},"canonical":"https:\/\/revistaliterariaelgatonegro.com\/?p=21448","og_locale":"es_ES","og_type":"article","og_title":"Concurso #septiembre, organizado por\u00a0Zenda\u00a0e Iberdrola - REVISTA CULTURAL","og_description":"Septiembre simboliza el paso del verano al oto\u00f1o, marcando un tiempo de cambio y preparaci\u00f3n para el invierno.","og_url":"https:\/\/revistaliterariaelgatonegro.com\/?p=21448","og_site_name":"REVISTA CULTURAL","article_published_time":"2025-09-04T10:01:07+00:00","article_modified_time":"2025-09-04T10:01:12+00:00","og_image":[{"width":2560,"height":1280,"url":"https:\/\/revistaliterariaelgatonegro.com\/wp-content\/uploads\/2025\/09\/concurso-scaled.jpg","type":"image\/jpeg"}],"author":"administrador","twitter_card":"summary_large_image","twitter_misc":{"Escrito por":false,"Tiempo de lectura":"4 minutos"},"schema":{"@context":"https:\/\/schema.org","@graph":[{"@type":"Article","@id":"https:\/\/revistaliterariaelgatonegro.com\/?p=21448#article","isPartOf":{"@id":"https:\/\/revistaliterariaelgatonegro.com\/?p=21448"},"author":{"name":"administrador","@id":"https:\/\/revistaliterariaelgatonegro.com\/#\/schema\/person\/6a37dd51e0f101e394e91c123fd12e8a"},"headline":"Concurso #septiembre, organizado por\u00a0Zenda\u00a0e Iberdrola","datePublished":"2025-09-04T10:01:07+00:00","dateModified":"2025-09-04T10:01:12+00:00","mainEntityOfPage":{"@id":"https:\/\/revistaliterariaelgatonegro.com\/?p=21448"},"wordCount":631,"commentCount":0,"publisher":{"@id":"https:\/\/revistaliterariaelgatonegro.com\/#\/schema\/person\/6a37dd51e0f101e394e91c123fd12e8a"},"image":{"@id":"https:\/\/revistaliterariaelgatonegro.com\/?p=21448#primaryimage"},"thumbnailUrl":"https:\/\/revistaliterariaelgatonegro.com\/wp-content\/uploads\/2025\/09\/concurso-scaled.jpg","articleSection":["Concursos","M\u00e1s"],"inLanguage":"es","potentialAction":[{"@type":"CommentAction","name":"Comment","target":["https:\/\/revistaliterariaelgatonegro.com\/?p=21448#respond"]}]},{"@type":"WebPage","@id":"https:\/\/revistaliterariaelgatonegro.com\/?p=21448","url":"https:\/\/revistaliterariaelgatonegro.com\/?p=21448","name":"Concurso #septiembre, organizado por\u00a0Zenda\u00a0e Iberdrola - REVISTA CULTURAL","isPartOf":{"@id":"https:\/\/revistaliterariaelgatonegro.com\/#website"},"primaryImageOfPage":{"@id":"https:\/\/revistaliterariaelgatonegro.com\/?p=21448#primaryimage"},"image":{"@id":"https:\/\/revistaliterariaelgatonegro.com\/?p=21448#primaryimage"},"thumbnailUrl":"https:\/\/revistaliterariaelgatonegro.com\/wp-content\/uploads\/2025\/09\/concurso-scaled.jpg","datePublished":"2025-09-04T10:01:07+00:00","dateModified":"2025-09-04T10:01:12+00:00","breadcrumb":{"@id":"https:\/\/revistaliterariaelgatonegro.com\/?p=21448#breadcrumb"},"inLanguage":"es","potentialAction":[{"@type":"ReadAction","target":["https:\/\/revistaliterariaelgatonegro.com\/?p=21448"]}]},{"@type":"ImageObject","inLanguage":"es","@id":"https:\/\/revistaliterariaelgatonegro.com\/?p=21448#primaryimage","url":"https:\/\/revistaliterariaelgatonegro.com\/wp-content\/uploads\/2025\/09\/concurso-scaled.jpg","contentUrl":"https:\/\/revistaliterariaelgatonegro.com\/wp-content\/uploads\/2025\/09\/concurso-scaled.jpg","width":2560,"height":1280},{"@type":"BreadcrumbList","@id":"https:\/\/revistaliterariaelgatonegro.com\/?p=21448#breadcrumb","itemListElement":[{"@type":"ListItem","position":1,"name":"Portada","item":"https:\/\/revistaliterariaelgatonegro.com\/"},{"@type":"ListItem","position":2,"name":"Concurso #septiembre, organizado por\u00a0Zenda\u00a0e Iberdrola"}]},{"@type":"WebSite","@id":"https:\/\/revistaliterariaelgatonegro.com\/#website","url":"https:\/\/revistaliterariaelgatonegro.com\/","name":"REVISTA CULTURAL","description":" Un nuevo espacio para la divulgaci\u00f3n literaria, as\u00ed como dem\u00e1s artes ","publisher":{"@id":"https:\/\/revistaliterariaelgatonegro.com\/#\/schema\/person\/6a37dd51e0f101e394e91c123fd12e8a"},"potentialAction":[{"@type":"SearchAction","target":{"@type":"EntryPoint","urlTemplate":"https:\/\/revistaliterariaelgatonegro.com\/?s={search_term_string}"},"query-input":{"@type":"PropertyValueSpecification","valueRequired":true,"valueName":"search_term_string"}}],"inLanguage":"es"},{"@type":["Person","Organization"],"@id":"https:\/\/revistaliterariaelgatonegro.com\/#\/schema\/person\/6a37dd51e0f101e394e91c123fd12e8a","name":"administrador","image":{"@type":"ImageObject","inLanguage":"es","@id":"https:\/\/revistaliterariaelgatonegro.com\/wp-content\/uploads\/2025\/12\/cropped-Logotipo-Logo-Marca-personal-Pastel-Amarillo-12-Photoroom.png","url":"https:\/\/revistaliterariaelgatonegro.com\/wp-content\/uploads\/2025\/12\/cropped-Logotipo-Logo-Marca-personal-Pastel-Amarillo-12-Photoroom.png","contentUrl":"https:\/\/revistaliterariaelgatonegro.com\/wp-content\/uploads\/2025\/12\/cropped-Logotipo-Logo-Marca-personal-Pastel-Amarillo-12-Photoroom.png","width":364,"height":212,"caption":"administrador"},"logo":{"@id":"https:\/\/revistaliterariaelgatonegro.com\/wp-content\/uploads\/2025\/12\/cropped-Logotipo-Logo-Marca-personal-Pastel-Amarillo-12-Photoroom.png"},"sameAs":["http:\/\/s864831950.mialojamiento.es"]}]}},"featured_image_urls":{"full":["https:\/\/revistaliterariaelgatonegro.com\/wp-content\/uploads\/2025\/09\/concurso-scaled.jpg",2560,1280,false],"thumbnail":["https:\/\/revistaliterariaelgatonegro.com\/wp-content\/uploads\/2025\/09\/concurso-150x150.jpg",150,150,true],"medium":["https:\/\/revistaliterariaelgatonegro.com\/wp-content\/uploads\/2025\/09\/concurso-300x150.jpg",300,150,true],"medium_large":["https:\/\/revistaliterariaelgatonegro.com\/wp-content\/uploads\/2025\/09\/concurso-768x384.jpg",640,320,true],"large":["https:\/\/revistaliterariaelgatonegro.com\/wp-content\/uploads\/2025\/09\/concurso-700x350.jpg",640,320,true],"1536x1536":["https:\/\/revistaliterariaelgatonegro.com\/wp-content\/uploads\/2025\/09\/concurso-1536x768.jpg",1536,768,true],"2048x2048":["https:\/\/revistaliterariaelgatonegro.com\/wp-content\/uploads\/2025\/09\/concurso-2048x1024.jpg",2048,1024,true],"morenews-large":["https:\/\/revistaliterariaelgatonegro.com\/wp-content\/uploads\/2025\/09\/concurso-825x575.jpg",825,575,true],"morenews-medium":["https:\/\/revistaliterariaelgatonegro.com\/wp-content\/uploads\/2025\/09\/concurso-590x410.jpg",590,410,true],"woocommerce_thumbnail":["https:\/\/revistaliterariaelgatonegro.com\/wp-content\/uploads\/2025\/09\/concurso-300x150.jpg",300,150,true],"woocommerce_single":["https:\/\/revistaliterariaelgatonegro.com\/wp-content\/uploads\/2025\/09\/concurso-300x150.jpg",300,150,true],"woocommerce_gallery_thumbnail":["https:\/\/revistaliterariaelgatonegro.com\/wp-content\/uploads\/2025\/09\/concurso-100x100.jpg",100,100,true],"dgwt-wcas-product-suggestion":["https:\/\/revistaliterariaelgatonegro.com\/wp-content\/uploads\/2025\/09\/concurso-64x32.jpg",64,32,true]},"author_info":{"display_name":false,"author_link":"https:\/\/revistaliterariaelgatonegro.com\/?author=1"},"category_info":"<a href=\"https:\/\/revistaliterariaelgatonegro.com\/?cat=81\" rel=\"category\">Concursos<\/a> <a href=\"https:\/\/revistaliterariaelgatonegro.com\/?cat=136\" rel=\"category\">M\u00e1s<\/a>","tag_info":"M\u00e1s","comment_count":"0","_links":{"self":[{"href":"https:\/\/revistaliterariaelgatonegro.com\/index.php?rest_route=\/wp\/v2\/posts\/21448","targetHints":{"allow":["GET"]}}],"collection":[{"href":"https:\/\/revistaliterariaelgatonegro.com\/index.php?rest_route=\/wp\/v2\/posts"}],"about":[{"href":"https:\/\/revistaliterariaelgatonegro.com\/index.php?rest_route=\/wp\/v2\/types\/post"}],"author":[{"embeddable":true,"href":"https:\/\/revistaliterariaelgatonegro.com\/index.php?rest_route=\/wp\/v2\/users\/1"}],"replies":[{"embeddable":true,"href":"https:\/\/revistaliterariaelgatonegro.com\/index.php?rest_route=%2Fwp%2Fv2%2Fcomments&post=21448"}],"version-history":[{"count":1,"href":"https:\/\/revistaliterariaelgatonegro.com\/index.php?rest_route=\/wp\/v2\/posts\/21448\/revisions"}],"predecessor-version":[{"id":21449,"href":"https:\/\/revistaliterariaelgatonegro.com\/index.php?rest_route=\/wp\/v2\/posts\/21448\/revisions\/21449"}],"wp:featuredmedia":[{"embeddable":true,"href":"https:\/\/revistaliterariaelgatonegro.com\/index.php?rest_route=\/wp\/v2\/media\/21451"}],"wp:attachment":[{"href":"https:\/\/revistaliterariaelgatonegro.com\/index.php?rest_route=%2Fwp%2Fv2%2Fmedia&parent=21448"}],"wp:term":[{"taxonomy":"category","embeddable":true,"href":"https:\/\/revistaliterariaelgatonegro.com\/index.php?rest_route=%2Fwp%2Fv2%2Fcategories&post=21448"},{"taxonomy":"post_tag","embeddable":true,"href":"https:\/\/revistaliterariaelgatonegro.com\/index.php?rest_route=%2Fwp%2Fv2%2Ftags&post=21448"}],"curies":[{"name":"wp","href":"https:\/\/api.w.org\/{rel}","templated":true}]}}