{"id":21298,"date":"2025-07-16T12:54:49","date_gmt":"2025-07-16T12:54:49","guid":{"rendered":"https:\/\/revistaliterariaelgatonegro.com\/?p=21298"},"modified":"2025-07-16T14:20:59","modified_gmt":"2025-07-16T14:20:59","slug":"el-entorno-rural-deseoso-de-cultura-iii-encuentro-cultural-escuelas-de-arcallana","status":"publish","type":"post","link":"https:\/\/revistaliterariaelgatonegro.com\/?p=21298","title":{"rendered":"El entorno rural deseoso de cultura"},"content":{"rendered":"\n<h3 class=\"wp-block-heading has-text-align-center\">El pr\u00f3ximo 10 de agosto tendr\u00e1 lugar <em>el III Encuentro cultural escuelas de Arcallana<\/em>. La cultura es el medio utilizado por la asociaci\u00f3n literaria Se ha escrito un libro en colaboraci\u00f3n con la revista literaria El Gato Negro, para llenar de vida durante unas horas el pueblo.<\/h3>\n\n\n\n<p>La cultura es fundamental para nuestro desarrollo e identidad, ya que moldea nuestra forma de pensar, actuar y relacionarnos con el mundo. A trav\u00e9s de la cultura adquirimos un sentido de pertenencia, identidad y significado, adem\u00e1s de normas de comportamiento y valores que nos permiten interactuar en sociedad.&nbsp;&nbsp;<\/p>\n\n\n\n<p>La cultura, en su sentido amplio, abarca desde las artes y las letras hasta las tradiciones y los sistemas de valores.&nbsp;&nbsp;<\/p>\n\n\n\n<p>Hemos preguntado a diferentes escritores \u00bfc\u00f3mo definir\u00edas la cultura? y Carmen Santos, autora de varias novelas de gran \u00e9xito y una de las grandes narradoras de la ficci\u00f3n contempor\u00e1nea espa\u00f1ola, nos ha contestado: \u00abLa cultura es imprescindible porque nos hace pensar y nos abre la mente, aparte del placer que supone leer un libro, escuchar m\u00fasica o ver una pel\u00edcula&#8230;\u00bb.&nbsp;<\/p>\n\n\n\n<p>Gervasio Posadas escritor, formador y gestor cultural, nos ha dicho: \u00abLa cultura es el contexto que necesitamos para entender la vida en todos sus matices\u00bb.&nbsp;&nbsp;&nbsp;<\/p>\n\n\n\n<p>Inma Chac\u00f3n doctora en Ciencias de la Informaci\u00f3n y escritora de gran \u00e9xito; a la pregunta \u00bfsi cree que la cultura no puede salvar?, nos ha respondido que: \u00abLa cultura es la \u00fanica que puede salvarnos del desprop\u00f3sito y de la involuci\u00f3n que ha comenzado a adue\u00f1arse de las instituciones y amenaza con la vuelta a un pasado que no deber\u00eda repetirse\u00bb.&nbsp;<\/p>\n\n\n\n<p>&nbsp;Y<em>&nbsp;<\/em> Gr\u00e9goire Delacourt<em> <\/em>autor de los exitosos libros <em>La lista de mis deseos,<\/em> y <em>La 2\u00ba lista de mis deseos, <\/em>nos ha dicho que: \u00abLa cultura es lo que conecta a la gente, m\u00e1s all\u00e1 del poder y el dinero\u00bb.&nbsp;<\/p>\n\n\n\n<p>A tenor de lo mencionado hasta ahora, la cultura es de suma importancia para el ser humano, pero lamentablemente el acceso a la misma no es igual para todos. En las zonas rurales, esas, que tristemente forman parte de la Espa\u00f1a vac\u00eda, es m\u00e1s complicado acceder a ella. La asociaci\u00f3n <em>Se ha escrito un libro<\/em>, consciente de esta necesidad, acerca la cultura al mundo rural a trav\u00e9s de varios eventos al a\u00f1o en un entorno maravilloso como es la escuela de Arcallana; una parroquia del concejo de Vald\u00e9s (Asturias), asimismo, es una de las poblaciones que forman parte de dicha parroquia, y forma parte de la Espa\u00f1a vac\u00eda, ya que cuenta con pocos habitantes.&nbsp;La cultura es el medio utilizado por la asociaci\u00f3n literaria<em> Se ha escrito un libro<\/em> en colaboraci\u00f3n con la revista literaria<em> El Gato Negro,<\/em> para llenar de vida durante unas horas el pueblo.&nbsp; El pr\u00f3ximo 10 de agosto tendr\u00e1 lugar <em>el III Encuentro cultural escuelas de Arcallana,<\/em> organizado por la asociaci\u00f3n cultural Se ha escrito un libro. El encuentro tendr\u00e1 lugar en las escuelas, un hermoso edificio de 1929 que actualmente pertenece al Ayuntamiento de Luarca, y que no se encuentra en las mejores condiciones de conservaci\u00f3n, siendo la propia asociaci\u00f3n quien aporta los medios necesarios en colaboraci\u00f3n con los vecinos del pueblo para poder realizar dicho evento.&nbsp;<\/p>\n\n\n\n<p>El evento comenzar\u00e1 con la bienvenida a los asistentes por parte de&nbsp;&nbsp; los responsables de la organizaci\u00f3n, para continuar con una interesante presentaci\u00f3n del libro del autor Martin de Villar <em>Curandeiros, composteiros y otros sanadores, <\/em>se continuar\u00e1 con Ricardo P\u00e9rez, autor de <em>Donde vaya la vaca blanca<\/em>. que dialogar\u00e1 con la escritora Marta Huelves&nbsp; para contarnos y darnos a conocer la cultura de los vaqueiros de alzada. Despu\u00e9s de una breve pausa disfrutaremos de la poes\u00eda en estado puro, a trav\u00e9s de la poeta Eva V\u00e1zquez Tarr\u00edo con su poemario <em>La dependencia<\/em>. Presentaci\u00f3n a cargo del dramaturgo y director de teatro Diego Da Costa y el dramaturgo y compositor Julio Vi\u00f1uela Gavela.&nbsp;<\/p>\n\n\n\n<p>Tambi\u00e9n hablaremos sobre las librer\u00edas de barrio con, Tania, responsable de la librer\u00eda <em>La Madriguera <\/em>(Gij\u00f3n), que nos hablar\u00e1 del importante trabajo de las librer\u00edas, sobre todo siendo una librer\u00eda infantil, y como sobreviven en su profesi\u00f3n.&nbsp;<\/p>\n\n\n\n<p>Antes de degustar una exquisita comida comunitaria \u201cYO TRAJE\u201d con aportaci\u00f3n de comida por los asistentes; tendr\u00e1 lugar la tertulia con escritores, moderada por Sandra Ovies, con participaci\u00f3n de los escritores: Core Mu\u00f1iz, Rosa Valle, V\u00edctor Sentelles y Beatriz Alonso.&nbsp;<\/p>\n\n\n\n<p>&nbsp;Por la tarde la economista-historiadora Marta Caniego nos deja un relato de la historia con ra\u00edces asturianas, C<em>onectando con la historia.<\/em>&nbsp;<\/p>\n\n\n\n<p>La pintura tambi\u00e9n tendr\u00e1 un espacio con la exposici\u00f3n C<em>uadros arte fluido y otras t\u00e9cnicas, y u<\/em>na agradable charla sobre la comunicaci\u00f3n y forma de expresi\u00f3n en la pintura con Bego\u00f1a Oliva Brey y en la literatura con Aurelio Pel\u00e1ez.&nbsp;<\/p>\n\n\n\n<p>El cierre del evento correr\u00e1 a cargo del cantautor BARRO (D.F. d.O.).&nbsp;<\/p>\n\n\n\n<p>Los m\u00e1s peque\u00f1os de la casa podr\u00e1n disfrutar de cuentacuentos a cargo de Tania (librer\u00eda La Madriguera), y pilates para ni\u00f1os Impartido por Roc\u00edo de C.M.A. Fisioterapia de Trev\u00edas&nbsp;<\/p>\n\n\n\n<p>Si te gusta el evento y te apetece acompa\u00f1arnos, te esperamos el 10 de agosto en las escuelas de Arcallana.&nbsp;<\/p>\n\n\n\n<p class=\"has-text-align-right\"><a href=\"https:\/\/revistaliterariaelgatonegro.com\/wp-content\/uploads\/2025\/07\/Programacion-Encuentro-Cultural-Arcallana-2025.pdf\">Descargar programa&nbsp;<\/a><\/p>\n","protected":false},"excerpt":{"rendered":"<p>El pr\u00f3ximo 10 de agosto tendr\u00e1 lugar el III Encuentro cultural escuelas de Arcallana. La cultura es el<\/p>\n","protected":false},"author":1,"featured_media":21299,"comment_status":"open","ping_status":"open","sticky":false,"template":"","format":"standard","meta":{"footnotes":""},"categories":[134],"tags":[],"class_list":["post-21298","post","type-post","status-publish","format-standard","has-post-thumbnail","hentry","category-actualidad"],"yoast_head":"<!-- This site is optimized with the Yoast SEO plugin v27.4 - https:\/\/yoast.com\/product\/yoast-seo-wordpress\/ -->\n<title>El entorno rural deseoso de cultura - REVISTA CULTURAL<\/title>\n<meta name=\"robots\" content=\"index, follow, max-snippet:-1, max-image-preview:large, max-video-preview:-1\" \/>\n<link rel=\"canonical\" href=\"https:\/\/revistaliterariaelgatonegro.com\/?p=21298\" \/>\n<meta property=\"og:locale\" content=\"es_ES\" \/>\n<meta property=\"og:type\" content=\"article\" \/>\n<meta property=\"og:title\" content=\"El entorno rural deseoso de cultura - REVISTA CULTURAL\" \/>\n<meta property=\"og:description\" content=\"El pr\u00f3ximo 10 de agosto tendr\u00e1 lugar el III Encuentro cultural escuelas de Arcallana. La cultura es el\" \/>\n<meta property=\"og:url\" content=\"https:\/\/revistaliterariaelgatonegro.com\/?p=21298\" \/>\n<meta property=\"og:site_name\" content=\"REVISTA CULTURAL\" \/>\n<meta property=\"article:published_time\" content=\"2025-07-16T12:54:49+00:00\" \/>\n<meta property=\"article:modified_time\" content=\"2025-07-16T14:20:59+00:00\" \/>\n<meta property=\"og:image\" content=\"https:\/\/revistaliterariaelgatonegro.com\/wp-content\/uploads\/2025\/07\/III-encuentro-cultural-escuelas-de-arcallana-scaled.jpg\" \/>\n\t<meta property=\"og:image:width\" content=\"2560\" \/>\n\t<meta property=\"og:image:height\" content=\"1280\" \/>\n\t<meta property=\"og:image:type\" content=\"image\/jpeg\" \/>\n<meta name=\"author\" content=\"administrador\" \/>\n<meta name=\"twitter:card\" content=\"summary_large_image\" \/>\n<meta name=\"twitter:label1\" content=\"Escrito por\" \/>\n\t<meta name=\"twitter:data1\" content=\"\" \/>\n\t<meta name=\"twitter:label2\" content=\"Tiempo de lectura\" \/>\n\t<meta name=\"twitter:data2\" content=\"5 minutos\" \/>\n<script type=\"application\/ld+json\" class=\"yoast-schema-graph\">{\"@context\":\"https:\\\/\\\/schema.org\",\"@graph\":[{\"@type\":\"Article\",\"@id\":\"https:\\\/\\\/revistaliterariaelgatonegro.com\\\/?p=21298#article\",\"isPartOf\":{\"@id\":\"https:\\\/\\\/revistaliterariaelgatonegro.com\\\/?p=21298\"},\"author\":{\"name\":\"administrador\",\"@id\":\"https:\\\/\\\/revistaliterariaelgatonegro.com\\\/#\\\/schema\\\/person\\\/6a37dd51e0f101e394e91c123fd12e8a\"},\"headline\":\"El entorno rural deseoso de cultura\",\"datePublished\":\"2025-07-16T12:54:49+00:00\",\"dateModified\":\"2025-07-16T14:20:59+00:00\",\"mainEntityOfPage\":{\"@id\":\"https:\\\/\\\/revistaliterariaelgatonegro.com\\\/?p=21298\"},\"wordCount\":944,\"commentCount\":0,\"publisher\":{\"@id\":\"https:\\\/\\\/revistaliterariaelgatonegro.com\\\/#\\\/schema\\\/person\\\/6a37dd51e0f101e394e91c123fd12e8a\"},\"image\":{\"@id\":\"https:\\\/\\\/revistaliterariaelgatonegro.com\\\/?p=21298#primaryimage\"},\"thumbnailUrl\":\"https:\\\/\\\/revistaliterariaelgatonegro.com\\\/wp-content\\\/uploads\\\/2025\\\/07\\\/III-encuentro-cultural-escuelas-de-arcallana-scaled.jpg\",\"articleSection\":[\"Actualidad\"],\"inLanguage\":\"es\",\"potentialAction\":[{\"@type\":\"CommentAction\",\"name\":\"Comment\",\"target\":[\"https:\\\/\\\/revistaliterariaelgatonegro.com\\\/?p=21298#respond\"]}]},{\"@type\":\"WebPage\",\"@id\":\"https:\\\/\\\/revistaliterariaelgatonegro.com\\\/?p=21298\",\"url\":\"https:\\\/\\\/revistaliterariaelgatonegro.com\\\/?p=21298\",\"name\":\"El entorno rural deseoso de cultura - REVISTA CULTURAL\",\"isPartOf\":{\"@id\":\"https:\\\/\\\/revistaliterariaelgatonegro.com\\\/#website\"},\"primaryImageOfPage\":{\"@id\":\"https:\\\/\\\/revistaliterariaelgatonegro.com\\\/?p=21298#primaryimage\"},\"image\":{\"@id\":\"https:\\\/\\\/revistaliterariaelgatonegro.com\\\/?p=21298#primaryimage\"},\"thumbnailUrl\":\"https:\\\/\\\/revistaliterariaelgatonegro.com\\\/wp-content\\\/uploads\\\/2025\\\/07\\\/III-encuentro-cultural-escuelas-de-arcallana-scaled.jpg\",\"datePublished\":\"2025-07-16T12:54:49+00:00\",\"dateModified\":\"2025-07-16T14:20:59+00:00\",\"breadcrumb\":{\"@id\":\"https:\\\/\\\/revistaliterariaelgatonegro.com\\\/?p=21298#breadcrumb\"},\"inLanguage\":\"es\",\"potentialAction\":[{\"@type\":\"ReadAction\",\"target\":[\"https:\\\/\\\/revistaliterariaelgatonegro.com\\\/?p=21298\"]}]},{\"@type\":\"ImageObject\",\"inLanguage\":\"es\",\"@id\":\"https:\\\/\\\/revistaliterariaelgatonegro.com\\\/?p=21298#primaryimage\",\"url\":\"https:\\\/\\\/revistaliterariaelgatonegro.com\\\/wp-content\\\/uploads\\\/2025\\\/07\\\/III-encuentro-cultural-escuelas-de-arcallana-scaled.jpg\",\"contentUrl\":\"https:\\\/\\\/revistaliterariaelgatonegro.com\\\/wp-content\\\/uploads\\\/2025\\\/07\\\/III-encuentro-cultural-escuelas-de-arcallana-scaled.jpg\",\"width\":2560,\"height\":1280},{\"@type\":\"BreadcrumbList\",\"@id\":\"https:\\\/\\\/revistaliterariaelgatonegro.com\\\/?p=21298#breadcrumb\",\"itemListElement\":[{\"@type\":\"ListItem\",\"position\":1,\"name\":\"Portada\",\"item\":\"https:\\\/\\\/revistaliterariaelgatonegro.com\\\/\"},{\"@type\":\"ListItem\",\"position\":2,\"name\":\"El entorno rural deseoso de cultura\"}]},{\"@type\":\"WebSite\",\"@id\":\"https:\\\/\\\/revistaliterariaelgatonegro.com\\\/#website\",\"url\":\"https:\\\/\\\/revistaliterariaelgatonegro.com\\\/\",\"name\":\"REVISTA CULTURAL\",\"description\":\" Un nuevo espacio para la divulgaci\u00f3n literaria, as\u00ed como dem\u00e1s artes \",\"publisher\":{\"@id\":\"https:\\\/\\\/revistaliterariaelgatonegro.com\\\/#\\\/schema\\\/person\\\/6a37dd51e0f101e394e91c123fd12e8a\"},\"potentialAction\":[{\"@type\":\"SearchAction\",\"target\":{\"@type\":\"EntryPoint\",\"urlTemplate\":\"https:\\\/\\\/revistaliterariaelgatonegro.com\\\/?s={search_term_string}\"},\"query-input\":{\"@type\":\"PropertyValueSpecification\",\"valueRequired\":true,\"valueName\":\"search_term_string\"}}],\"inLanguage\":\"es\"},{\"@type\":[\"Person\",\"Organization\"],\"@id\":\"https:\\\/\\\/revistaliterariaelgatonegro.com\\\/#\\\/schema\\\/person\\\/6a37dd51e0f101e394e91c123fd12e8a\",\"name\":\"administrador\",\"image\":{\"@type\":\"ImageObject\",\"inLanguage\":\"es\",\"@id\":\"https:\\\/\\\/revistaliterariaelgatonegro.com\\\/wp-content\\\/uploads\\\/2025\\\/12\\\/cropped-Logotipo-Logo-Marca-personal-Pastel-Amarillo-12-Photoroom.png\",\"url\":\"https:\\\/\\\/revistaliterariaelgatonegro.com\\\/wp-content\\\/uploads\\\/2025\\\/12\\\/cropped-Logotipo-Logo-Marca-personal-Pastel-Amarillo-12-Photoroom.png\",\"contentUrl\":\"https:\\\/\\\/revistaliterariaelgatonegro.com\\\/wp-content\\\/uploads\\\/2025\\\/12\\\/cropped-Logotipo-Logo-Marca-personal-Pastel-Amarillo-12-Photoroom.png\",\"width\":364,\"height\":212,\"caption\":\"administrador\"},\"logo\":{\"@id\":\"https:\\\/\\\/revistaliterariaelgatonegro.com\\\/wp-content\\\/uploads\\\/2025\\\/12\\\/cropped-Logotipo-Logo-Marca-personal-Pastel-Amarillo-12-Photoroom.png\"},\"sameAs\":[\"http:\\\/\\\/s864831950.mialojamiento.es\"]}]}<\/script>\n<!-- \/ Yoast SEO plugin. -->","yoast_head_json":{"title":"El entorno rural deseoso de cultura - REVISTA CULTURAL","robots":{"index":"index","follow":"follow","max-snippet":"max-snippet:-1","max-image-preview":"max-image-preview:large","max-video-preview":"max-video-preview:-1"},"canonical":"https:\/\/revistaliterariaelgatonegro.com\/?p=21298","og_locale":"es_ES","og_type":"article","og_title":"El entorno rural deseoso de cultura - REVISTA CULTURAL","og_description":"El pr\u00f3ximo 10 de agosto tendr\u00e1 lugar el III Encuentro cultural escuelas de Arcallana. La cultura es el","og_url":"https:\/\/revistaliterariaelgatonegro.com\/?p=21298","og_site_name":"REVISTA CULTURAL","article_published_time":"2025-07-16T12:54:49+00:00","article_modified_time":"2025-07-16T14:20:59+00:00","og_image":[{"width":2560,"height":1280,"url":"https:\/\/revistaliterariaelgatonegro.com\/wp-content\/uploads\/2025\/07\/III-encuentro-cultural-escuelas-de-arcallana-scaled.jpg","type":"image\/jpeg"}],"author":"administrador","twitter_card":"summary_large_image","twitter_misc":{"Escrito por":false,"Tiempo de lectura":"5 minutos"},"schema":{"@context":"https:\/\/schema.org","@graph":[{"@type":"Article","@id":"https:\/\/revistaliterariaelgatonegro.com\/?p=21298#article","isPartOf":{"@id":"https:\/\/revistaliterariaelgatonegro.com\/?p=21298"},"author":{"name":"administrador","@id":"https:\/\/revistaliterariaelgatonegro.com\/#\/schema\/person\/6a37dd51e0f101e394e91c123fd12e8a"},"headline":"El entorno rural deseoso de cultura","datePublished":"2025-07-16T12:54:49+00:00","dateModified":"2025-07-16T14:20:59+00:00","mainEntityOfPage":{"@id":"https:\/\/revistaliterariaelgatonegro.com\/?p=21298"},"wordCount":944,"commentCount":0,"publisher":{"@id":"https:\/\/revistaliterariaelgatonegro.com\/#\/schema\/person\/6a37dd51e0f101e394e91c123fd12e8a"},"image":{"@id":"https:\/\/revistaliterariaelgatonegro.com\/?p=21298#primaryimage"},"thumbnailUrl":"https:\/\/revistaliterariaelgatonegro.com\/wp-content\/uploads\/2025\/07\/III-encuentro-cultural-escuelas-de-arcallana-scaled.jpg","articleSection":["Actualidad"],"inLanguage":"es","potentialAction":[{"@type":"CommentAction","name":"Comment","target":["https:\/\/revistaliterariaelgatonegro.com\/?p=21298#respond"]}]},{"@type":"WebPage","@id":"https:\/\/revistaliterariaelgatonegro.com\/?p=21298","url":"https:\/\/revistaliterariaelgatonegro.com\/?p=21298","name":"El entorno rural deseoso de cultura - REVISTA CULTURAL","isPartOf":{"@id":"https:\/\/revistaliterariaelgatonegro.com\/#website"},"primaryImageOfPage":{"@id":"https:\/\/revistaliterariaelgatonegro.com\/?p=21298#primaryimage"},"image":{"@id":"https:\/\/revistaliterariaelgatonegro.com\/?p=21298#primaryimage"},"thumbnailUrl":"https:\/\/revistaliterariaelgatonegro.com\/wp-content\/uploads\/2025\/07\/III-encuentro-cultural-escuelas-de-arcallana-scaled.jpg","datePublished":"2025-07-16T12:54:49+00:00","dateModified":"2025-07-16T14:20:59+00:00","breadcrumb":{"@id":"https:\/\/revistaliterariaelgatonegro.com\/?p=21298#breadcrumb"},"inLanguage":"es","potentialAction":[{"@type":"ReadAction","target":["https:\/\/revistaliterariaelgatonegro.com\/?p=21298"]}]},{"@type":"ImageObject","inLanguage":"es","@id":"https:\/\/revistaliterariaelgatonegro.com\/?p=21298#primaryimage","url":"https:\/\/revistaliterariaelgatonegro.com\/wp-content\/uploads\/2025\/07\/III-encuentro-cultural-escuelas-de-arcallana-scaled.jpg","contentUrl":"https:\/\/revistaliterariaelgatonegro.com\/wp-content\/uploads\/2025\/07\/III-encuentro-cultural-escuelas-de-arcallana-scaled.jpg","width":2560,"height":1280},{"@type":"BreadcrumbList","@id":"https:\/\/revistaliterariaelgatonegro.com\/?p=21298#breadcrumb","itemListElement":[{"@type":"ListItem","position":1,"name":"Portada","item":"https:\/\/revistaliterariaelgatonegro.com\/"},{"@type":"ListItem","position":2,"name":"El entorno rural deseoso de cultura"}]},{"@type":"WebSite","@id":"https:\/\/revistaliterariaelgatonegro.com\/#website","url":"https:\/\/revistaliterariaelgatonegro.com\/","name":"REVISTA CULTURAL","description":" Un nuevo espacio para la divulgaci\u00f3n literaria, as\u00ed como dem\u00e1s artes ","publisher":{"@id":"https:\/\/revistaliterariaelgatonegro.com\/#\/schema\/person\/6a37dd51e0f101e394e91c123fd12e8a"},"potentialAction":[{"@type":"SearchAction","target":{"@type":"EntryPoint","urlTemplate":"https:\/\/revistaliterariaelgatonegro.com\/?s={search_term_string}"},"query-input":{"@type":"PropertyValueSpecification","valueRequired":true,"valueName":"search_term_string"}}],"inLanguage":"es"},{"@type":["Person","Organization"],"@id":"https:\/\/revistaliterariaelgatonegro.com\/#\/schema\/person\/6a37dd51e0f101e394e91c123fd12e8a","name":"administrador","image":{"@type":"ImageObject","inLanguage":"es","@id":"https:\/\/revistaliterariaelgatonegro.com\/wp-content\/uploads\/2025\/12\/cropped-Logotipo-Logo-Marca-personal-Pastel-Amarillo-12-Photoroom.png","url":"https:\/\/revistaliterariaelgatonegro.com\/wp-content\/uploads\/2025\/12\/cropped-Logotipo-Logo-Marca-personal-Pastel-Amarillo-12-Photoroom.png","contentUrl":"https:\/\/revistaliterariaelgatonegro.com\/wp-content\/uploads\/2025\/12\/cropped-Logotipo-Logo-Marca-personal-Pastel-Amarillo-12-Photoroom.png","width":364,"height":212,"caption":"administrador"},"logo":{"@id":"https:\/\/revistaliterariaelgatonegro.com\/wp-content\/uploads\/2025\/12\/cropped-Logotipo-Logo-Marca-personal-Pastel-Amarillo-12-Photoroom.png"},"sameAs":["http:\/\/s864831950.mialojamiento.es"]}]}},"featured_image_urls":{"full":["https:\/\/revistaliterariaelgatonegro.com\/wp-content\/uploads\/2025\/07\/III-encuentro-cultural-escuelas-de-arcallana-scaled.jpg",2560,1280,false],"thumbnail":["https:\/\/revistaliterariaelgatonegro.com\/wp-content\/uploads\/2025\/07\/III-encuentro-cultural-escuelas-de-arcallana-150x150.jpg",150,150,true],"medium":["https:\/\/revistaliterariaelgatonegro.com\/wp-content\/uploads\/2025\/07\/III-encuentro-cultural-escuelas-de-arcallana-300x150.jpg",300,150,true],"medium_large":["https:\/\/revistaliterariaelgatonegro.com\/wp-content\/uploads\/2025\/07\/III-encuentro-cultural-escuelas-de-arcallana-768x384.jpg",640,320,true],"large":["https:\/\/revistaliterariaelgatonegro.com\/wp-content\/uploads\/2025\/07\/III-encuentro-cultural-escuelas-de-arcallana-700x350.jpg",640,320,true],"1536x1536":["https:\/\/revistaliterariaelgatonegro.com\/wp-content\/uploads\/2025\/07\/III-encuentro-cultural-escuelas-de-arcallana-1536x768.jpg",1536,768,true],"2048x2048":["https:\/\/revistaliterariaelgatonegro.com\/wp-content\/uploads\/2025\/07\/III-encuentro-cultural-escuelas-de-arcallana-2048x1024.jpg",2048,1024,true],"morenews-large":["https:\/\/revistaliterariaelgatonegro.com\/wp-content\/uploads\/2025\/07\/III-encuentro-cultural-escuelas-de-arcallana-825x575.jpg",825,575,true],"morenews-medium":["https:\/\/revistaliterariaelgatonegro.com\/wp-content\/uploads\/2025\/07\/III-encuentro-cultural-escuelas-de-arcallana-590x410.jpg",590,410,true],"woocommerce_thumbnail":["https:\/\/revistaliterariaelgatonegro.com\/wp-content\/uploads\/2025\/07\/III-encuentro-cultural-escuelas-de-arcallana-300x150.jpg",300,150,true],"woocommerce_single":["https:\/\/revistaliterariaelgatonegro.com\/wp-content\/uploads\/2025\/07\/III-encuentro-cultural-escuelas-de-arcallana-300x150.jpg",300,150,true],"woocommerce_gallery_thumbnail":["https:\/\/revistaliterariaelgatonegro.com\/wp-content\/uploads\/2025\/07\/III-encuentro-cultural-escuelas-de-arcallana-100x100.jpg",100,100,true],"dgwt-wcas-product-suggestion":["https:\/\/revistaliterariaelgatonegro.com\/wp-content\/uploads\/2025\/07\/III-encuentro-cultural-escuelas-de-arcallana-64x32.jpg",64,32,true]},"author_info":{"display_name":false,"author_link":"https:\/\/revistaliterariaelgatonegro.com\/?author=1"},"category_info":"<a href=\"https:\/\/revistaliterariaelgatonegro.com\/?cat=134\" rel=\"category\">Actualidad<\/a>","tag_info":"Actualidad","comment_count":"0","_links":{"self":[{"href":"https:\/\/revistaliterariaelgatonegro.com\/index.php?rest_route=\/wp\/v2\/posts\/21298","targetHints":{"allow":["GET"]}}],"collection":[{"href":"https:\/\/revistaliterariaelgatonegro.com\/index.php?rest_route=\/wp\/v2\/posts"}],"about":[{"href":"https:\/\/revistaliterariaelgatonegro.com\/index.php?rest_route=\/wp\/v2\/types\/post"}],"author":[{"embeddable":true,"href":"https:\/\/revistaliterariaelgatonegro.com\/index.php?rest_route=\/wp\/v2\/users\/1"}],"replies":[{"embeddable":true,"href":"https:\/\/revistaliterariaelgatonegro.com\/index.php?rest_route=%2Fwp%2Fv2%2Fcomments&post=21298"}],"version-history":[{"count":3,"href":"https:\/\/revistaliterariaelgatonegro.com\/index.php?rest_route=\/wp\/v2\/posts\/21298\/revisions"}],"predecessor-version":[{"id":21304,"href":"https:\/\/revistaliterariaelgatonegro.com\/index.php?rest_route=\/wp\/v2\/posts\/21298\/revisions\/21304"}],"wp:featuredmedia":[{"embeddable":true,"href":"https:\/\/revistaliterariaelgatonegro.com\/index.php?rest_route=\/wp\/v2\/media\/21299"}],"wp:attachment":[{"href":"https:\/\/revistaliterariaelgatonegro.com\/index.php?rest_route=%2Fwp%2Fv2%2Fmedia&parent=21298"}],"wp:term":[{"taxonomy":"category","embeddable":true,"href":"https:\/\/revistaliterariaelgatonegro.com\/index.php?rest_route=%2Fwp%2Fv2%2Fcategories&post=21298"},{"taxonomy":"post_tag","embeddable":true,"href":"https:\/\/revistaliterariaelgatonegro.com\/index.php?rest_route=%2Fwp%2Fv2%2Ftags&post=21298"}],"curies":[{"name":"wp","href":"https:\/\/api.w.org\/{rel}","templated":true}]}}