{"id":19731,"date":"2025-04-15T10:42:44","date_gmt":"2025-04-15T10:42:44","guid":{"rendered":"https:\/\/revistaliterariaelgatonegro.com\/?p=19731"},"modified":"2025-04-15T10:42:46","modified_gmt":"2025-04-15T10:42:46","slug":"convocado-el-xlv-premio-mundial-fernando-rielo-de-poesia-mistica","status":"publish","type":"post","link":"https:\/\/revistaliterariaelgatonegro.com\/?p=19731","title":{"rendered":"CONVOCADO EL XLV PREMIO MUNDIAL FERNANDO RIELO DE POES\u00cdA M\u00cdSTICA"},"content":{"rendered":"\n<p>La Fundaci\u00f3n Fernando Rielo convoca y patrocina el XLV Premio Mundial de Poes\u00eda M\u00edstica, que se regir\u00e1 por las siguientes bases:<\/p>\n\n\n\n<p>1\u00aa.\u2014 Podr\u00e1n optar al Premio Mundial Fernando Rielo de Poes\u00eda M\u00edstica todos los poemarios in\u00e9ditos que se presenten a este concurso, en espa\u00f1ol o en ingl\u00e9s, o traducidos a uno de estos dos idiomas.<\/p>\n\n\n\n<p>No se admitir\u00e1n obras difundidas en parte o en su totalidad a trav\u00e9s de redes sociales, blogs, webs\u2026 o por cualquier otro medio.<\/p>\n\n\n\n<p>2\u00aa.\u2014 Las obras deben ser presentadas por su \u00fanico autor. Tendr\u00e1n una extensi\u00f3n m\u00ednima de 600 versos (l\u00edneas) y m\u00e1xima de 1.300. No se admitir\u00e1 la presentaci\u00f3n del mismo poemario en posteriores ediciones del Premio, ni tampoco las obras premiadas o pendientes de fallo en otros concursos.<\/p>\n\n\n\n<p>3\u00aa.\u2014 La tem\u00e1tica del Premio versar\u00e1 sobre poes\u00eda m\u00edstica, es decir, aquella que expresa los valores espirituales del hombre en su honda significaci\u00f3n religiosa.<\/p>\n\n\n\n<p>4\u00aa.\u2014 Se establece un Premio de 7.000 euros, medalla conmemorativa y la publicaci\u00f3n de la obra. El Premio ser\u00e1 indivisible y se conceder\u00e1 a una sola obra, pudiendo ser declarado desierto. No obstante, el jurado podr\u00e1 conceder menci\u00f3n especial a alguna de las obras finalistas.<\/p>\n\n\n\n<p>5\u00aa.\u2014 Los derechos intelectuales de las obras ganadoras ser\u00e1n siempre del autor; los derechos editoriales de la 1\u00aa edici\u00f3n corresponden a la Fundaci\u00f3n Fernando Rielo. Los derechos de autor de la primera edici\u00f3n de la obra ganadora consistir\u00e1 en el abono del Premio y la entrega de 50 ejemplares.<\/p>\n\n\n\n<p>6\u00aa.\u2014 El jurado podr\u00e1 proponer a la Fundaci\u00f3n, de entre todas las obras presentadas, una selecci\u00f3n de poemas de neto valor m\u00edstico para que aqu\u00e9lla, si lo juzga oportuno, publique una antolog\u00eda.<\/p>\n\n\n\n<p>7\u00aa.\u2014 El env\u00edo de los poemarios se har\u00e1 por correo electr\u00f3nico en formato PDF (no se admitir\u00e1 otro formato) en un documento \u00fanico, llevando como primera hoja del mismo el t\u00edtulo de la obra, el nombre y apellidos de su autor, su direcci\u00f3n postal completa (incluyendo localidad, ciudad, pa\u00eds), su direcci\u00f3n electr\u00f3nica, y el tel\u00e9fono. La direcci\u00f3n de env\u00edo es: <a href=\"mailto:fundacionfernandorielo@gmail.com\" target=\"_blank\" rel=\"noreferrer noopener\">premiomundialpoesiamistica@rielo.org<\/a><\/p>\n\n\n\n<p>Excepcionalmente, a los autores que no les sea posible cumplir este requisito, se les admitir\u00e1 la entrega de su obra en las oficinas de la Fundaci\u00f3n en Madrid o su env\u00edo por correo postal a la direcci\u00f3n de la misma:<\/p>\n\n\n\n<p>Fundaci\u00f3n Fernando Rielo, Premio Mundial de Poes\u00eda M\u00edstica C\/Hermosilla, 5, 3\u00ba 28001 \u2013 Madrid ESPA\u00d1A<\/p>\n\n\n\n<p>&nbsp;En este caso, el poemario deber\u00e1 presentarse en un \u00fanico ejemplar, impreso o mecanografiado, debidamente cosido, grapado o encuadernado, acompa\u00f1ado de una versi\u00f3n en soporte inform\u00e1tico.<\/p>\n\n\n\n<p>8\u00aa.\u2014 El plazo de admisi\u00f3n de originales finalizar\u00e1 el 15 de octubre de 2025, admiti\u00e9ndose, para los env\u00edos postales, los que ostenten en el matasellos de origen una fecha igual o anterior a la citada.<\/p>\n\n\n\n<p>9\u00aa.\u2014 El Presidente de la Fundaci\u00f3n Fernando Rielo es quien constituye y preside el Jurado.<\/p>\n\n\n\n<p>10\u00aa.\u2014 El fallo del jurado se producir\u00e1 en la primera quincena de diciembre de 2025. Ser\u00e1 dado a conocer inmediatamente al premiado y difundido a trav\u00e9s de la p\u00e1gina web de la Fundaci\u00f3n y de los medios de comunicaci\u00f3n.<\/p>\n\n\n\n<p>11\u00aa.\u2014 Los originales no ser\u00e1n devueltos y se destruir\u00e1n a los diez d\u00edas del fallo.<\/p>\n\n\n\n<p>12\u00aa.\u2014 La decisi\u00f3n del jurado es inapelable.<\/p>\n\n\n\n<p>13\u00aa.\u2014 El env\u00edo de originales a este Premio supone la plena aceptaci\u00f3n de sus bases.<\/p>\n\n\n\n<p>14\u00aa.- Los datos de los participantes quedar\u00e1n recogidos en el fichero de la Fundaci\u00f3n Fernando Rielo para enviarles informaci\u00f3n sobre el Premio y otras actividades que pueden ser de su inter\u00e9s. En cualquier momento, pueden ejercitar su derecho a darse de baja del mismo, escribiendo a la direcci\u00f3n electr\u00f3nica del Premio.<\/p>\n\n\n\n<p class=\"has-text-align-right\"><a href=\"https:\/\/revistaliterariaelgatonegro.com\/wp-content\/uploads\/2025\/04\/ESP_2025_PremioPoesiaMistica.pdf\">Descargar bases<\/a><\/p>\n\n\n\n<p><\/p>\n","protected":false},"excerpt":{"rendered":"<p>La Fundaci\u00f3n Fernando Rielo convoca y patrocina el XLV Premio Mundial de Poes\u00eda M\u00edstica, que se regir\u00e1 por<\/p>\n","protected":false},"author":1,"featured_media":17108,"comment_status":"open","ping_status":"open","sticky":false,"template":"","format":"standard","meta":{"footnotes":""},"categories":[81,24],"tags":[],"class_list":["post-19731","post","type-post","status-publish","format-standard","has-post-thumbnail","hentry","category-concursos","category-poesias-y-poetas"],"yoast_head":"<!-- This site is optimized with the Yoast SEO plugin v27.4 - https:\/\/yoast.com\/product\/yoast-seo-wordpress\/ -->\n<title>CONVOCADO EL XLV PREMIO MUNDIAL FERNANDO RIELO DE POES\u00cdA M\u00cdSTICA - REVISTA CULTURAL<\/title>\n<meta name=\"robots\" content=\"index, follow, max-snippet:-1, max-image-preview:large, max-video-preview:-1\" \/>\n<link rel=\"canonical\" href=\"https:\/\/revistaliterariaelgatonegro.com\/?p=19731\" \/>\n<meta property=\"og:locale\" content=\"es_ES\" \/>\n<meta property=\"og:type\" content=\"article\" \/>\n<meta property=\"og:title\" content=\"CONVOCADO EL XLV PREMIO MUNDIAL FERNANDO RIELO DE POES\u00cdA M\u00cdSTICA - REVISTA CULTURAL\" \/>\n<meta property=\"og:description\" content=\"La Fundaci\u00f3n Fernando Rielo convoca y patrocina el XLV Premio Mundial de Poes\u00eda M\u00edstica, que se regir\u00e1 por\" \/>\n<meta property=\"og:url\" content=\"https:\/\/revistaliterariaelgatonegro.com\/?p=19731\" \/>\n<meta property=\"og:site_name\" content=\"REVISTA CULTURAL\" \/>\n<meta property=\"article:published_time\" content=\"2025-04-15T10:42:44+00:00\" \/>\n<meta property=\"article:modified_time\" content=\"2025-04-15T10:42:46+00:00\" \/>\n<meta property=\"og:image\" content=\"https:\/\/revistaliterariaelgatonegro.com\/wp-content\/uploads\/2024\/12\/Fundacion-riego-scaled.jpg\" \/>\n\t<meta property=\"og:image:width\" content=\"2560\" \/>\n\t<meta property=\"og:image:height\" content=\"1280\" \/>\n\t<meta property=\"og:image:type\" content=\"image\/jpeg\" \/>\n<meta name=\"author\" content=\"administrador\" \/>\n<meta name=\"twitter:card\" content=\"summary_large_image\" \/>\n<meta name=\"twitter:label1\" content=\"Escrito por\" \/>\n\t<meta name=\"twitter:data1\" content=\"\" \/>\n\t<meta name=\"twitter:label2\" content=\"Tiempo de lectura\" \/>\n\t<meta name=\"twitter:data2\" content=\"3 minutos\" \/>\n<script type=\"application\/ld+json\" class=\"yoast-schema-graph\">{\"@context\":\"https:\\\/\\\/schema.org\",\"@graph\":[{\"@type\":\"Article\",\"@id\":\"https:\\\/\\\/revistaliterariaelgatonegro.com\\\/?p=19731#article\",\"isPartOf\":{\"@id\":\"https:\\\/\\\/revistaliterariaelgatonegro.com\\\/?p=19731\"},\"author\":{\"name\":\"administrador\",\"@id\":\"https:\\\/\\\/revistaliterariaelgatonegro.com\\\/#\\\/schema\\\/person\\\/6a37dd51e0f101e394e91c123fd12e8a\"},\"headline\":\"CONVOCADO EL XLV PREMIO MUNDIAL FERNANDO RIELO DE POES\u00cdA M\u00cdSTICA\",\"datePublished\":\"2025-04-15T10:42:44+00:00\",\"dateModified\":\"2025-04-15T10:42:46+00:00\",\"mainEntityOfPage\":{\"@id\":\"https:\\\/\\\/revistaliterariaelgatonegro.com\\\/?p=19731\"},\"wordCount\":659,\"commentCount\":0,\"publisher\":{\"@id\":\"https:\\\/\\\/revistaliterariaelgatonegro.com\\\/#\\\/schema\\\/person\\\/6a37dd51e0f101e394e91c123fd12e8a\"},\"image\":{\"@id\":\"https:\\\/\\\/revistaliterariaelgatonegro.com\\\/?p=19731#primaryimage\"},\"thumbnailUrl\":\"https:\\\/\\\/revistaliterariaelgatonegro.com\\\/wp-content\\\/uploads\\\/2024\\\/12\\\/Fundacion-riego-scaled.jpg\",\"articleSection\":[\"Concursos\",\"Poes\u00edas y Poetas\"],\"inLanguage\":\"es\",\"potentialAction\":[{\"@type\":\"CommentAction\",\"name\":\"Comment\",\"target\":[\"https:\\\/\\\/revistaliterariaelgatonegro.com\\\/?p=19731#respond\"]}]},{\"@type\":\"WebPage\",\"@id\":\"https:\\\/\\\/revistaliterariaelgatonegro.com\\\/?p=19731\",\"url\":\"https:\\\/\\\/revistaliterariaelgatonegro.com\\\/?p=19731\",\"name\":\"CONVOCADO EL XLV PREMIO MUNDIAL FERNANDO RIELO DE POES\u00cdA M\u00cdSTICA - REVISTA CULTURAL\",\"isPartOf\":{\"@id\":\"https:\\\/\\\/revistaliterariaelgatonegro.com\\\/#website\"},\"primaryImageOfPage\":{\"@id\":\"https:\\\/\\\/revistaliterariaelgatonegro.com\\\/?p=19731#primaryimage\"},\"image\":{\"@id\":\"https:\\\/\\\/revistaliterariaelgatonegro.com\\\/?p=19731#primaryimage\"},\"thumbnailUrl\":\"https:\\\/\\\/revistaliterariaelgatonegro.com\\\/wp-content\\\/uploads\\\/2024\\\/12\\\/Fundacion-riego-scaled.jpg\",\"datePublished\":\"2025-04-15T10:42:44+00:00\",\"dateModified\":\"2025-04-15T10:42:46+00:00\",\"breadcrumb\":{\"@id\":\"https:\\\/\\\/revistaliterariaelgatonegro.com\\\/?p=19731#breadcrumb\"},\"inLanguage\":\"es\",\"potentialAction\":[{\"@type\":\"ReadAction\",\"target\":[\"https:\\\/\\\/revistaliterariaelgatonegro.com\\\/?p=19731\"]}]},{\"@type\":\"ImageObject\",\"inLanguage\":\"es\",\"@id\":\"https:\\\/\\\/revistaliterariaelgatonegro.com\\\/?p=19731#primaryimage\",\"url\":\"https:\\\/\\\/revistaliterariaelgatonegro.com\\\/wp-content\\\/uploads\\\/2024\\\/12\\\/Fundacion-riego-scaled.jpg\",\"contentUrl\":\"https:\\\/\\\/revistaliterariaelgatonegro.com\\\/wp-content\\\/uploads\\\/2024\\\/12\\\/Fundacion-riego-scaled.jpg\",\"width\":2560,\"height\":1280},{\"@type\":\"BreadcrumbList\",\"@id\":\"https:\\\/\\\/revistaliterariaelgatonegro.com\\\/?p=19731#breadcrumb\",\"itemListElement\":[{\"@type\":\"ListItem\",\"position\":1,\"name\":\"Portada\",\"item\":\"https:\\\/\\\/revistaliterariaelgatonegro.com\\\/\"},{\"@type\":\"ListItem\",\"position\":2,\"name\":\"CONVOCADO EL XLV PREMIO MUNDIAL FERNANDO RIELO DE POES\u00cdA M\u00cdSTICA\"}]},{\"@type\":\"WebSite\",\"@id\":\"https:\\\/\\\/revistaliterariaelgatonegro.com\\\/#website\",\"url\":\"https:\\\/\\\/revistaliterariaelgatonegro.com\\\/\",\"name\":\"REVISTA CULTURAL\",\"description\":\" Un nuevo espacio para la divulgaci\u00f3n literaria, as\u00ed como dem\u00e1s artes \",\"publisher\":{\"@id\":\"https:\\\/\\\/revistaliterariaelgatonegro.com\\\/#\\\/schema\\\/person\\\/6a37dd51e0f101e394e91c123fd12e8a\"},\"potentialAction\":[{\"@type\":\"SearchAction\",\"target\":{\"@type\":\"EntryPoint\",\"urlTemplate\":\"https:\\\/\\\/revistaliterariaelgatonegro.com\\\/?s={search_term_string}\"},\"query-input\":{\"@type\":\"PropertyValueSpecification\",\"valueRequired\":true,\"valueName\":\"search_term_string\"}}],\"inLanguage\":\"es\"},{\"@type\":[\"Person\",\"Organization\"],\"@id\":\"https:\\\/\\\/revistaliterariaelgatonegro.com\\\/#\\\/schema\\\/person\\\/6a37dd51e0f101e394e91c123fd12e8a\",\"name\":\"administrador\",\"image\":{\"@type\":\"ImageObject\",\"inLanguage\":\"es\",\"@id\":\"https:\\\/\\\/revistaliterariaelgatonegro.com\\\/wp-content\\\/uploads\\\/2025\\\/12\\\/cropped-Logotipo-Logo-Marca-personal-Pastel-Amarillo-12-Photoroom.png\",\"url\":\"https:\\\/\\\/revistaliterariaelgatonegro.com\\\/wp-content\\\/uploads\\\/2025\\\/12\\\/cropped-Logotipo-Logo-Marca-personal-Pastel-Amarillo-12-Photoroom.png\",\"contentUrl\":\"https:\\\/\\\/revistaliterariaelgatonegro.com\\\/wp-content\\\/uploads\\\/2025\\\/12\\\/cropped-Logotipo-Logo-Marca-personal-Pastel-Amarillo-12-Photoroom.png\",\"width\":364,\"height\":212,\"caption\":\"administrador\"},\"logo\":{\"@id\":\"https:\\\/\\\/revistaliterariaelgatonegro.com\\\/wp-content\\\/uploads\\\/2025\\\/12\\\/cropped-Logotipo-Logo-Marca-personal-Pastel-Amarillo-12-Photoroom.png\"},\"sameAs\":[\"http:\\\/\\\/s864831950.mialojamiento.es\"]}]}<\/script>\n<!-- \/ Yoast SEO plugin. -->","yoast_head_json":{"title":"CONVOCADO EL XLV PREMIO MUNDIAL FERNANDO RIELO DE POES\u00cdA M\u00cdSTICA - REVISTA CULTURAL","robots":{"index":"index","follow":"follow","max-snippet":"max-snippet:-1","max-image-preview":"max-image-preview:large","max-video-preview":"max-video-preview:-1"},"canonical":"https:\/\/revistaliterariaelgatonegro.com\/?p=19731","og_locale":"es_ES","og_type":"article","og_title":"CONVOCADO EL XLV PREMIO MUNDIAL FERNANDO RIELO DE POES\u00cdA M\u00cdSTICA - REVISTA CULTURAL","og_description":"La Fundaci\u00f3n Fernando Rielo convoca y patrocina el XLV Premio Mundial de Poes\u00eda M\u00edstica, que se regir\u00e1 por","og_url":"https:\/\/revistaliterariaelgatonegro.com\/?p=19731","og_site_name":"REVISTA CULTURAL","article_published_time":"2025-04-15T10:42:44+00:00","article_modified_time":"2025-04-15T10:42:46+00:00","og_image":[{"width":2560,"height":1280,"url":"https:\/\/revistaliterariaelgatonegro.com\/wp-content\/uploads\/2024\/12\/Fundacion-riego-scaled.jpg","type":"image\/jpeg"}],"author":"administrador","twitter_card":"summary_large_image","twitter_misc":{"Escrito por":false,"Tiempo de lectura":"3 minutos"},"schema":{"@context":"https:\/\/schema.org","@graph":[{"@type":"Article","@id":"https:\/\/revistaliterariaelgatonegro.com\/?p=19731#article","isPartOf":{"@id":"https:\/\/revistaliterariaelgatonegro.com\/?p=19731"},"author":{"name":"administrador","@id":"https:\/\/revistaliterariaelgatonegro.com\/#\/schema\/person\/6a37dd51e0f101e394e91c123fd12e8a"},"headline":"CONVOCADO EL XLV PREMIO MUNDIAL FERNANDO RIELO DE POES\u00cdA M\u00cdSTICA","datePublished":"2025-04-15T10:42:44+00:00","dateModified":"2025-04-15T10:42:46+00:00","mainEntityOfPage":{"@id":"https:\/\/revistaliterariaelgatonegro.com\/?p=19731"},"wordCount":659,"commentCount":0,"publisher":{"@id":"https:\/\/revistaliterariaelgatonegro.com\/#\/schema\/person\/6a37dd51e0f101e394e91c123fd12e8a"},"image":{"@id":"https:\/\/revistaliterariaelgatonegro.com\/?p=19731#primaryimage"},"thumbnailUrl":"https:\/\/revistaliterariaelgatonegro.com\/wp-content\/uploads\/2024\/12\/Fundacion-riego-scaled.jpg","articleSection":["Concursos","Poes\u00edas y Poetas"],"inLanguage":"es","potentialAction":[{"@type":"CommentAction","name":"Comment","target":["https:\/\/revistaliterariaelgatonegro.com\/?p=19731#respond"]}]},{"@type":"WebPage","@id":"https:\/\/revistaliterariaelgatonegro.com\/?p=19731","url":"https:\/\/revistaliterariaelgatonegro.com\/?p=19731","name":"CONVOCADO EL XLV PREMIO MUNDIAL FERNANDO RIELO DE POES\u00cdA M\u00cdSTICA - REVISTA CULTURAL","isPartOf":{"@id":"https:\/\/revistaliterariaelgatonegro.com\/#website"},"primaryImageOfPage":{"@id":"https:\/\/revistaliterariaelgatonegro.com\/?p=19731#primaryimage"},"image":{"@id":"https:\/\/revistaliterariaelgatonegro.com\/?p=19731#primaryimage"},"thumbnailUrl":"https:\/\/revistaliterariaelgatonegro.com\/wp-content\/uploads\/2024\/12\/Fundacion-riego-scaled.jpg","datePublished":"2025-04-15T10:42:44+00:00","dateModified":"2025-04-15T10:42:46+00:00","breadcrumb":{"@id":"https:\/\/revistaliterariaelgatonegro.com\/?p=19731#breadcrumb"},"inLanguage":"es","potentialAction":[{"@type":"ReadAction","target":["https:\/\/revistaliterariaelgatonegro.com\/?p=19731"]}]},{"@type":"ImageObject","inLanguage":"es","@id":"https:\/\/revistaliterariaelgatonegro.com\/?p=19731#primaryimage","url":"https:\/\/revistaliterariaelgatonegro.com\/wp-content\/uploads\/2024\/12\/Fundacion-riego-scaled.jpg","contentUrl":"https:\/\/revistaliterariaelgatonegro.com\/wp-content\/uploads\/2024\/12\/Fundacion-riego-scaled.jpg","width":2560,"height":1280},{"@type":"BreadcrumbList","@id":"https:\/\/revistaliterariaelgatonegro.com\/?p=19731#breadcrumb","itemListElement":[{"@type":"ListItem","position":1,"name":"Portada","item":"https:\/\/revistaliterariaelgatonegro.com\/"},{"@type":"ListItem","position":2,"name":"CONVOCADO EL XLV PREMIO MUNDIAL FERNANDO RIELO DE POES\u00cdA M\u00cdSTICA"}]},{"@type":"WebSite","@id":"https:\/\/revistaliterariaelgatonegro.com\/#website","url":"https:\/\/revistaliterariaelgatonegro.com\/","name":"REVISTA CULTURAL","description":" Un nuevo espacio para la divulgaci\u00f3n literaria, as\u00ed como dem\u00e1s artes ","publisher":{"@id":"https:\/\/revistaliterariaelgatonegro.com\/#\/schema\/person\/6a37dd51e0f101e394e91c123fd12e8a"},"potentialAction":[{"@type":"SearchAction","target":{"@type":"EntryPoint","urlTemplate":"https:\/\/revistaliterariaelgatonegro.com\/?s={search_term_string}"},"query-input":{"@type":"PropertyValueSpecification","valueRequired":true,"valueName":"search_term_string"}}],"inLanguage":"es"},{"@type":["Person","Organization"],"@id":"https:\/\/revistaliterariaelgatonegro.com\/#\/schema\/person\/6a37dd51e0f101e394e91c123fd12e8a","name":"administrador","image":{"@type":"ImageObject","inLanguage":"es","@id":"https:\/\/revistaliterariaelgatonegro.com\/wp-content\/uploads\/2025\/12\/cropped-Logotipo-Logo-Marca-personal-Pastel-Amarillo-12-Photoroom.png","url":"https:\/\/revistaliterariaelgatonegro.com\/wp-content\/uploads\/2025\/12\/cropped-Logotipo-Logo-Marca-personal-Pastel-Amarillo-12-Photoroom.png","contentUrl":"https:\/\/revistaliterariaelgatonegro.com\/wp-content\/uploads\/2025\/12\/cropped-Logotipo-Logo-Marca-personal-Pastel-Amarillo-12-Photoroom.png","width":364,"height":212,"caption":"administrador"},"logo":{"@id":"https:\/\/revistaliterariaelgatonegro.com\/wp-content\/uploads\/2025\/12\/cropped-Logotipo-Logo-Marca-personal-Pastel-Amarillo-12-Photoroom.png"},"sameAs":["http:\/\/s864831950.mialojamiento.es"]}]}},"featured_image_urls":{"full":["https:\/\/revistaliterariaelgatonegro.com\/wp-content\/uploads\/2024\/12\/Fundacion-riego-scaled.jpg",2560,1280,false],"thumbnail":["https:\/\/revistaliterariaelgatonegro.com\/wp-content\/uploads\/2024\/12\/Fundacion-riego-150x150.jpg",150,150,true],"medium":["https:\/\/revistaliterariaelgatonegro.com\/wp-content\/uploads\/2024\/12\/Fundacion-riego-300x150.jpg",300,150,true],"medium_large":["https:\/\/revistaliterariaelgatonegro.com\/wp-content\/uploads\/2024\/12\/Fundacion-riego-768x384.jpg",640,320,true],"large":["https:\/\/revistaliterariaelgatonegro.com\/wp-content\/uploads\/2024\/12\/Fundacion-riego-700x350.jpg",640,320,true],"1536x1536":["https:\/\/revistaliterariaelgatonegro.com\/wp-content\/uploads\/2024\/12\/Fundacion-riego-1536x768.jpg",1536,768,true],"2048x2048":["https:\/\/revistaliterariaelgatonegro.com\/wp-content\/uploads\/2024\/12\/Fundacion-riego-2048x1024.jpg",2048,1024,true],"morenews-large":["https:\/\/revistaliterariaelgatonegro.com\/wp-content\/uploads\/2024\/12\/Fundacion-riego-825x575.jpg",825,575,true],"morenews-medium":["https:\/\/revistaliterariaelgatonegro.com\/wp-content\/uploads\/2024\/12\/Fundacion-riego-590x410.jpg",590,410,true],"woocommerce_thumbnail":["https:\/\/revistaliterariaelgatonegro.com\/wp-content\/uploads\/2024\/12\/Fundacion-riego-scaled-300x150.jpg",300,150,true],"woocommerce_single":["https:\/\/revistaliterariaelgatonegro.com\/wp-content\/uploads\/2024\/12\/Fundacion-riego-300x150.jpg",300,150,true],"woocommerce_gallery_thumbnail":["https:\/\/revistaliterariaelgatonegro.com\/wp-content\/uploads\/2024\/12\/Fundacion-riego-scaled-100x100.jpg",100,100,true],"dgwt-wcas-product-suggestion":["https:\/\/revistaliterariaelgatonegro.com\/wp-content\/uploads\/2024\/12\/Fundacion-riego-scaled-64x32.jpg",64,32,true]},"author_info":{"display_name":false,"author_link":"https:\/\/revistaliterariaelgatonegro.com\/?author=1"},"category_info":"<a href=\"https:\/\/revistaliterariaelgatonegro.com\/?cat=81\" rel=\"category\">Concursos<\/a> <a href=\"https:\/\/revistaliterariaelgatonegro.com\/?cat=24\" rel=\"category\">Poes\u00edas y Poetas<\/a>","tag_info":"Poes\u00edas y Poetas","comment_count":"0","_links":{"self":[{"href":"https:\/\/revistaliterariaelgatonegro.com\/index.php?rest_route=\/wp\/v2\/posts\/19731","targetHints":{"allow":["GET"]}}],"collection":[{"href":"https:\/\/revistaliterariaelgatonegro.com\/index.php?rest_route=\/wp\/v2\/posts"}],"about":[{"href":"https:\/\/revistaliterariaelgatonegro.com\/index.php?rest_route=\/wp\/v2\/types\/post"}],"author":[{"embeddable":true,"href":"https:\/\/revistaliterariaelgatonegro.com\/index.php?rest_route=\/wp\/v2\/users\/1"}],"replies":[{"embeddable":true,"href":"https:\/\/revistaliterariaelgatonegro.com\/index.php?rest_route=%2Fwp%2Fv2%2Fcomments&post=19731"}],"version-history":[{"count":2,"href":"https:\/\/revistaliterariaelgatonegro.com\/index.php?rest_route=\/wp\/v2\/posts\/19731\/revisions"}],"predecessor-version":[{"id":19734,"href":"https:\/\/revistaliterariaelgatonegro.com\/index.php?rest_route=\/wp\/v2\/posts\/19731\/revisions\/19734"}],"wp:featuredmedia":[{"embeddable":true,"href":"https:\/\/revistaliterariaelgatonegro.com\/index.php?rest_route=\/wp\/v2\/media\/17108"}],"wp:attachment":[{"href":"https:\/\/revistaliterariaelgatonegro.com\/index.php?rest_route=%2Fwp%2Fv2%2Fmedia&parent=19731"}],"wp:term":[{"taxonomy":"category","embeddable":true,"href":"https:\/\/revistaliterariaelgatonegro.com\/index.php?rest_route=%2Fwp%2Fv2%2Fcategories&post=19731"},{"taxonomy":"post_tag","embeddable":true,"href":"https:\/\/revistaliterariaelgatonegro.com\/index.php?rest_route=%2Fwp%2Fv2%2Ftags&post=19731"}],"curies":[{"name":"wp","href":"https:\/\/api.w.org\/{rel}","templated":true}]}}