{"id":19363,"date":"2025-04-01T07:30:00","date_gmt":"2025-04-01T07:30:00","guid":{"rendered":"https:\/\/revistaliterariaelgatonegro.com\/?p=19363"},"modified":"2025-03-31T12:35:39","modified_gmt":"2025-03-31T12:35:39","slug":"la-villa-del-laberinto-de-fiona-valpy","status":"publish","type":"post","link":"https:\/\/revistaliterariaelgatonegro.com\/?p=19363","title":{"rendered":"La villa del laberinto,\u00a0de Fiona Valpy"},"content":{"rendered":"\n<h3 class=\"wp-block-heading has-text-align-center\"><strong>Fiona Valpy, con m\u00e1s de 2,5 millones de libros vendidos, llega con una nueva historia de secretos, lucha y resiliencia en la Italia de la II Guerra Mundial<\/strong><\/h3>\n\n\n\n<figure class=\"wp-block-image alignleft size-large is-resized\"><img decoding=\"async\" width=\"700\" height=\"1013\" src=\"https:\/\/revistaliterariaelgatonegro.com\/wp-content\/uploads\/2025\/03\/la-villa-del-laberinto-700x1013.jpg\" alt=\"\" class=\"wp-image-19405\" style=\"width:402px\" srcset=\"https:\/\/revistaliterariaelgatonegro.com\/wp-content\/uploads\/2025\/03\/la-villa-del-laberinto-700x1013.jpg 700w, https:\/\/revistaliterariaelgatonegro.com\/wp-content\/uploads\/2025\/03\/la-villa-del-laberinto-300x434.jpg 300w, https:\/\/revistaliterariaelgatonegro.com\/wp-content\/uploads\/2025\/03\/la-villa-del-laberinto-64x93.jpg 64w, https:\/\/revistaliterariaelgatonegro.com\/wp-content\/uploads\/2025\/03\/la-villa-del-laberinto-207x300.jpg 207w, https:\/\/revistaliterariaelgatonegro.com\/wp-content\/uploads\/2025\/03\/la-villa-del-laberinto-768x1111.jpg 768w, https:\/\/revistaliterariaelgatonegro.com\/wp-content\/uploads\/2025\/03\/la-villa-del-laberinto.jpg 898w\" sizes=\"(max-width: 700px) 100vw, 700px\" \/><\/figure>\n\n\n\n<p><strong>La Toscana, 1943.<\/strong>&nbsp;Varada en una Italia devastada por la guerra, el sue\u00f1o de Beatrice de pasar un a\u00f1o sab\u00e1tico dando clases de ingl\u00e9s se ha ido al traste. Por fortuna, le ofrecen refugio en la casa de Edoardo y Francesca, una preciosa villa con un jard\u00edn que guarda un laberinto en su interior. Sin embargo, ella no es la \u00fanica que busca refugio en la villa, sino tambi\u00e9n ni\u00f1os desplazados por la guerra y otras personas. Y seg\u00fan esta se acerca\u2026 los residentes se ver\u00e1n obligados a ver y hacer lo impensable.<\/p>\n\n\n\n<p><strong>2015.<\/strong>&nbsp;Tras la muerte de su marido, Tess llega a la villa destrozada. Busca paz, sanar sus heridas, y all\u00ed se encuentra a Beatrice, que es ahora la responsable de la casa. Todo parece ir bien hasta que aparece Marco, el propietario, que no piensa en otra cosa que venderla a un promotor inmobiliario. \u00bfPodr\u00e1 Beatrice salvar la villa desvelando su doloroso pasado?<\/p>\n\n\n\n<p class=\"has-text-align-right\"><a href=\"https:\/\/revistaliterariaelgatonegro.com\/wp-content\/uploads\/2025\/03\/La-villa-del-Laberinto_fragmento.pdf\">Empezar a leer<\/a><\/p>\n\n\n\n<p class=\"has-medium-font-size\"><strong>Sobre la autora<\/strong><\/p>\n\n\n\n<figure class=\"wp-block-image alignright size-large is-resized\"><img decoding=\"async\" width=\"700\" height=\"527\" src=\"https:\/\/revistaliterariaelgatonegro.com\/wp-content\/uploads\/2025\/03\/fiona-valpy-700x527.jpg\" alt=\"\" class=\"wp-image-19404\" style=\"width:402px\" srcset=\"https:\/\/revistaliterariaelgatonegro.com\/wp-content\/uploads\/2025\/03\/fiona-valpy-700x527.jpg 700w, https:\/\/revistaliterariaelgatonegro.com\/wp-content\/uploads\/2025\/03\/fiona-valpy-300x226.jpg 300w, https:\/\/revistaliterariaelgatonegro.com\/wp-content\/uploads\/2025\/03\/fiona-valpy-scaled-64x48.jpg 64w, https:\/\/revistaliterariaelgatonegro.com\/wp-content\/uploads\/2025\/03\/fiona-valpy-768x578.jpg 768w, https:\/\/revistaliterariaelgatonegro.com\/wp-content\/uploads\/2025\/03\/fiona-valpy-1536x1156.jpg 1536w, https:\/\/revistaliterariaelgatonegro.com\/wp-content\/uploads\/2025\/03\/fiona-valpy-2048x1541.jpg 2048w, https:\/\/revistaliterariaelgatonegro.com\/wp-content\/uploads\/2025\/03\/fiona-valpy-1024x770.jpg 1024w\" sizes=\"(max-width: 700px) 100vw, 700px\" \/><\/figure>\n\n\n\n<p><a href=\"https:\/\/revistaliterariaelgatonegro.com\/ffffffffff\">Fiona Valpy<\/a> se traslad\u00f3 a Francia en 2007, donde vivi\u00f3 siete a\u00f1os. All\u00ed, su familia y ella rehabilitaron una vieja casa de campo rodeada de vi\u00f1edos en Burdeos. Durante esa etapa descubri\u00f3 nuevas habilidades como hacer cemento, decorar interiores o la cata de vinos. Su amor por el lugar, sus gentes y su historia la inspiran, lo que se refleja en sus escritos. Ha sido traducida a m\u00e1s de treinta idiomas y ha vendido m\u00e1s de dos millones de libros en todo el mundo. Actualmente vive en Escocia, aunque no deja de visitar Francia con regularidad en busca del sol.<\/p>\n\n\n\n<p class=\"has-medium-font-size\"><strong>Otros libros de la autora <\/strong><\/p>\n\n\n\n<figure class=\"wp-block-gallery has-nested-images columns-default is-cropped wp-block-gallery-1 is-layout-flex wp-block-gallery-is-layout-flex\">\n<figure class=\"wp-block-image size-large\"><img decoding=\"async\" data-id=\"15800\" src=\"https:\/\/revistaliterariaelgatonegro.com\/wp-content\/uploads\/2024\/09\/El-regalo-de-la-modista-700x1027.jpg\" alt=\"\" class=\"wp-image-15800\"\/><\/figure>\n\n\n\n<figure class=\"wp-block-image size-large\"><img decoding=\"async\" width=\"700\" height=\"1013\" data-id=\"15783\" src=\"https:\/\/revistaliterariaelgatonegro.com\/wp-content\/uploads\/2024\/09\/El-secreto-de-la-alondra-700x1013.jpg\" alt=\"\" class=\"wp-image-15783\" srcset=\"https:\/\/revistaliterariaelgatonegro.com\/wp-content\/uploads\/2024\/09\/El-secreto-de-la-alondra-700x1013.jpg 700w, https:\/\/revistaliterariaelgatonegro.com\/wp-content\/uploads\/2024\/09\/El-secreto-de-la-alondra-300x434.jpg 300w, https:\/\/revistaliterariaelgatonegro.com\/wp-content\/uploads\/2024\/09\/El-secreto-de-la-alondra-64x93.jpg 64w, https:\/\/revistaliterariaelgatonegro.com\/wp-content\/uploads\/2024\/09\/El-secreto-de-la-alondra-207x300.jpg 207w, https:\/\/revistaliterariaelgatonegro.com\/wp-content\/uploads\/2024\/09\/El-secreto-de-la-alondra-768x1111.jpg 768w, https:\/\/revistaliterariaelgatonegro.com\/wp-content\/uploads\/2024\/09\/El-secreto-de-la-alondra.jpg 898w\" sizes=\"(max-width: 700px) 100vw, 700px\" \/><\/figure>\n<\/figure>\n","protected":false},"excerpt":{"rendered":"<p>Fiona Valpy, con m\u00e1s de 2,5 millones de libros vendidos, llega con una nueva historia de secretos, lucha<\/p>\n","protected":false},"author":1,"featured_media":19413,"comment_status":"open","ping_status":"open","sticky":false,"template":"","format":"standard","meta":{"footnotes":""},"categories":[34],"tags":[130,132],"class_list":["post-19363","post","type-post","status-publish","format-standard","has-post-thumbnail","hentry","category-libros","tag-libros","tag-novedades-libros"],"yoast_head":"<!-- This site is optimized with the Yoast SEO plugin v27.4 - https:\/\/yoast.com\/product\/yoast-seo-wordpress\/ -->\n<title>La villa del laberinto,\u00a0de Fiona Valpy - REVISTA CULTURAL<\/title>\n<meta name=\"robots\" content=\"index, follow, max-snippet:-1, max-image-preview:large, max-video-preview:-1\" \/>\n<link rel=\"canonical\" href=\"https:\/\/revistaliterariaelgatonegro.com\/?p=19363\" \/>\n<meta property=\"og:locale\" content=\"es_ES\" \/>\n<meta property=\"og:type\" content=\"article\" \/>\n<meta property=\"og:title\" content=\"La villa del laberinto,\u00a0de Fiona Valpy - REVISTA CULTURAL\" \/>\n<meta property=\"og:description\" content=\"Fiona Valpy, con m\u00e1s de 2,5 millones de libros vendidos, llega con una nueva historia de secretos, lucha\" \/>\n<meta property=\"og:url\" content=\"https:\/\/revistaliterariaelgatonegro.com\/?p=19363\" \/>\n<meta property=\"og:site_name\" content=\"REVISTA CULTURAL\" \/>\n<meta property=\"article:published_time\" content=\"2025-04-01T07:30:00+00:00\" \/>\n<meta property=\"og:image\" content=\"https:\/\/revistaliterariaelgatonegro.com\/wp-content\/uploads\/2025\/03\/fiona-libro-scaled.jpg\" \/>\n\t<meta property=\"og:image:width\" content=\"2560\" \/>\n\t<meta property=\"og:image:height\" content=\"1280\" \/>\n\t<meta property=\"og:image:type\" content=\"image\/jpeg\" \/>\n<meta name=\"author\" content=\"administrador\" \/>\n<meta name=\"twitter:card\" content=\"summary_large_image\" \/>\n<meta name=\"twitter:label1\" content=\"Escrito por\" \/>\n\t<meta name=\"twitter:data1\" content=\"\" \/>\n\t<meta name=\"twitter:label2\" content=\"Tiempo de lectura\" \/>\n\t<meta name=\"twitter:data2\" content=\"3 minutos\" \/>\n<script type=\"application\/ld+json\" class=\"yoast-schema-graph\">{\"@context\":\"https:\\\/\\\/schema.org\",\"@graph\":[{\"@type\":\"Article\",\"@id\":\"https:\\\/\\\/revistaliterariaelgatonegro.com\\\/?p=19363#article\",\"isPartOf\":{\"@id\":\"https:\\\/\\\/revistaliterariaelgatonegro.com\\\/?p=19363\"},\"author\":{\"name\":\"administrador\",\"@id\":\"https:\\\/\\\/revistaliterariaelgatonegro.com\\\/#\\\/schema\\\/person\\\/6a37dd51e0f101e394e91c123fd12e8a\"},\"headline\":\"La villa del laberinto,\u00a0de Fiona Valpy\",\"datePublished\":\"2025-04-01T07:30:00+00:00\",\"mainEntityOfPage\":{\"@id\":\"https:\\\/\\\/revistaliterariaelgatonegro.com\\\/?p=19363\"},\"wordCount\":314,\"commentCount\":0,\"publisher\":{\"@id\":\"https:\\\/\\\/revistaliterariaelgatonegro.com\\\/#\\\/schema\\\/person\\\/6a37dd51e0f101e394e91c123fd12e8a\"},\"image\":{\"@id\":\"https:\\\/\\\/revistaliterariaelgatonegro.com\\\/?p=19363#primaryimage\"},\"thumbnailUrl\":\"https:\\\/\\\/revistaliterariaelgatonegro.com\\\/wp-content\\\/uploads\\\/2025\\\/03\\\/fiona-libro-scaled.jpg\",\"keywords\":[\"Libros\",\"Novedades libros\"],\"articleSection\":[\"Libros\"],\"inLanguage\":\"es\",\"potentialAction\":[{\"@type\":\"CommentAction\",\"name\":\"Comment\",\"target\":[\"https:\\\/\\\/revistaliterariaelgatonegro.com\\\/?p=19363#respond\"]}]},{\"@type\":\"WebPage\",\"@id\":\"https:\\\/\\\/revistaliterariaelgatonegro.com\\\/?p=19363\",\"url\":\"https:\\\/\\\/revistaliterariaelgatonegro.com\\\/?p=19363\",\"name\":\"La villa del laberinto,\u00a0de Fiona Valpy - REVISTA CULTURAL\",\"isPartOf\":{\"@id\":\"https:\\\/\\\/revistaliterariaelgatonegro.com\\\/#website\"},\"primaryImageOfPage\":{\"@id\":\"https:\\\/\\\/revistaliterariaelgatonegro.com\\\/?p=19363#primaryimage\"},\"image\":{\"@id\":\"https:\\\/\\\/revistaliterariaelgatonegro.com\\\/?p=19363#primaryimage\"},\"thumbnailUrl\":\"https:\\\/\\\/revistaliterariaelgatonegro.com\\\/wp-content\\\/uploads\\\/2025\\\/03\\\/fiona-libro-scaled.jpg\",\"datePublished\":\"2025-04-01T07:30:00+00:00\",\"breadcrumb\":{\"@id\":\"https:\\\/\\\/revistaliterariaelgatonegro.com\\\/?p=19363#breadcrumb\"},\"inLanguage\":\"es\",\"potentialAction\":[{\"@type\":\"ReadAction\",\"target\":[\"https:\\\/\\\/revistaliterariaelgatonegro.com\\\/?p=19363\"]}]},{\"@type\":\"ImageObject\",\"inLanguage\":\"es\",\"@id\":\"https:\\\/\\\/revistaliterariaelgatonegro.com\\\/?p=19363#primaryimage\",\"url\":\"https:\\\/\\\/revistaliterariaelgatonegro.com\\\/wp-content\\\/uploads\\\/2025\\\/03\\\/fiona-libro-scaled.jpg\",\"contentUrl\":\"https:\\\/\\\/revistaliterariaelgatonegro.com\\\/wp-content\\\/uploads\\\/2025\\\/03\\\/fiona-libro-scaled.jpg\",\"width\":2560,\"height\":1280},{\"@type\":\"BreadcrumbList\",\"@id\":\"https:\\\/\\\/revistaliterariaelgatonegro.com\\\/?p=19363#breadcrumb\",\"itemListElement\":[{\"@type\":\"ListItem\",\"position\":1,\"name\":\"Portada\",\"item\":\"https:\\\/\\\/revistaliterariaelgatonegro.com\\\/\"},{\"@type\":\"ListItem\",\"position\":2,\"name\":\"La villa del laberinto,\u00a0de Fiona Valpy\"}]},{\"@type\":\"WebSite\",\"@id\":\"https:\\\/\\\/revistaliterariaelgatonegro.com\\\/#website\",\"url\":\"https:\\\/\\\/revistaliterariaelgatonegro.com\\\/\",\"name\":\"REVISTA CULTURAL\",\"description\":\" Un nuevo espacio para la divulgaci\u00f3n literaria, as\u00ed como dem\u00e1s artes \",\"publisher\":{\"@id\":\"https:\\\/\\\/revistaliterariaelgatonegro.com\\\/#\\\/schema\\\/person\\\/6a37dd51e0f101e394e91c123fd12e8a\"},\"potentialAction\":[{\"@type\":\"SearchAction\",\"target\":{\"@type\":\"EntryPoint\",\"urlTemplate\":\"https:\\\/\\\/revistaliterariaelgatonegro.com\\\/?s={search_term_string}\"},\"query-input\":{\"@type\":\"PropertyValueSpecification\",\"valueRequired\":true,\"valueName\":\"search_term_string\"}}],\"inLanguage\":\"es\"},{\"@type\":[\"Person\",\"Organization\"],\"@id\":\"https:\\\/\\\/revistaliterariaelgatonegro.com\\\/#\\\/schema\\\/person\\\/6a37dd51e0f101e394e91c123fd12e8a\",\"name\":\"administrador\",\"image\":{\"@type\":\"ImageObject\",\"inLanguage\":\"es\",\"@id\":\"https:\\\/\\\/revistaliterariaelgatonegro.com\\\/wp-content\\\/uploads\\\/2025\\\/12\\\/cropped-Logotipo-Logo-Marca-personal-Pastel-Amarillo-12-Photoroom.png\",\"url\":\"https:\\\/\\\/revistaliterariaelgatonegro.com\\\/wp-content\\\/uploads\\\/2025\\\/12\\\/cropped-Logotipo-Logo-Marca-personal-Pastel-Amarillo-12-Photoroom.png\",\"contentUrl\":\"https:\\\/\\\/revistaliterariaelgatonegro.com\\\/wp-content\\\/uploads\\\/2025\\\/12\\\/cropped-Logotipo-Logo-Marca-personal-Pastel-Amarillo-12-Photoroom.png\",\"width\":364,\"height\":212,\"caption\":\"administrador\"},\"logo\":{\"@id\":\"https:\\\/\\\/revistaliterariaelgatonegro.com\\\/wp-content\\\/uploads\\\/2025\\\/12\\\/cropped-Logotipo-Logo-Marca-personal-Pastel-Amarillo-12-Photoroom.png\"},\"sameAs\":[\"http:\\\/\\\/s864831950.mialojamiento.es\"]}]}<\/script>\n<!-- \/ Yoast SEO plugin. -->","yoast_head_json":{"title":"La villa del laberinto,\u00a0de Fiona Valpy - REVISTA CULTURAL","robots":{"index":"index","follow":"follow","max-snippet":"max-snippet:-1","max-image-preview":"max-image-preview:large","max-video-preview":"max-video-preview:-1"},"canonical":"https:\/\/revistaliterariaelgatonegro.com\/?p=19363","og_locale":"es_ES","og_type":"article","og_title":"La villa del laberinto,\u00a0de Fiona Valpy - REVISTA CULTURAL","og_description":"Fiona Valpy, con m\u00e1s de 2,5 millones de libros vendidos, llega con una nueva historia de secretos, lucha","og_url":"https:\/\/revistaliterariaelgatonegro.com\/?p=19363","og_site_name":"REVISTA CULTURAL","article_published_time":"2025-04-01T07:30:00+00:00","og_image":[{"width":2560,"height":1280,"url":"https:\/\/revistaliterariaelgatonegro.com\/wp-content\/uploads\/2025\/03\/fiona-libro-scaled.jpg","type":"image\/jpeg"}],"author":"administrador","twitter_card":"summary_large_image","twitter_misc":{"Escrito por":false,"Tiempo de lectura":"3 minutos"},"schema":{"@context":"https:\/\/schema.org","@graph":[{"@type":"Article","@id":"https:\/\/revistaliterariaelgatonegro.com\/?p=19363#article","isPartOf":{"@id":"https:\/\/revistaliterariaelgatonegro.com\/?p=19363"},"author":{"name":"administrador","@id":"https:\/\/revistaliterariaelgatonegro.com\/#\/schema\/person\/6a37dd51e0f101e394e91c123fd12e8a"},"headline":"La villa del laberinto,\u00a0de Fiona Valpy","datePublished":"2025-04-01T07:30:00+00:00","mainEntityOfPage":{"@id":"https:\/\/revistaliterariaelgatonegro.com\/?p=19363"},"wordCount":314,"commentCount":0,"publisher":{"@id":"https:\/\/revistaliterariaelgatonegro.com\/#\/schema\/person\/6a37dd51e0f101e394e91c123fd12e8a"},"image":{"@id":"https:\/\/revistaliterariaelgatonegro.com\/?p=19363#primaryimage"},"thumbnailUrl":"https:\/\/revistaliterariaelgatonegro.com\/wp-content\/uploads\/2025\/03\/fiona-libro-scaled.jpg","keywords":["Libros","Novedades libros"],"articleSection":["Libros"],"inLanguage":"es","potentialAction":[{"@type":"CommentAction","name":"Comment","target":["https:\/\/revistaliterariaelgatonegro.com\/?p=19363#respond"]}]},{"@type":"WebPage","@id":"https:\/\/revistaliterariaelgatonegro.com\/?p=19363","url":"https:\/\/revistaliterariaelgatonegro.com\/?p=19363","name":"La villa del laberinto,\u00a0de Fiona Valpy - REVISTA CULTURAL","isPartOf":{"@id":"https:\/\/revistaliterariaelgatonegro.com\/#website"},"primaryImageOfPage":{"@id":"https:\/\/revistaliterariaelgatonegro.com\/?p=19363#primaryimage"},"image":{"@id":"https:\/\/revistaliterariaelgatonegro.com\/?p=19363#primaryimage"},"thumbnailUrl":"https:\/\/revistaliterariaelgatonegro.com\/wp-content\/uploads\/2025\/03\/fiona-libro-scaled.jpg","datePublished":"2025-04-01T07:30:00+00:00","breadcrumb":{"@id":"https:\/\/revistaliterariaelgatonegro.com\/?p=19363#breadcrumb"},"inLanguage":"es","potentialAction":[{"@type":"ReadAction","target":["https:\/\/revistaliterariaelgatonegro.com\/?p=19363"]}]},{"@type":"ImageObject","inLanguage":"es","@id":"https:\/\/revistaliterariaelgatonegro.com\/?p=19363#primaryimage","url":"https:\/\/revistaliterariaelgatonegro.com\/wp-content\/uploads\/2025\/03\/fiona-libro-scaled.jpg","contentUrl":"https:\/\/revistaliterariaelgatonegro.com\/wp-content\/uploads\/2025\/03\/fiona-libro-scaled.jpg","width":2560,"height":1280},{"@type":"BreadcrumbList","@id":"https:\/\/revistaliterariaelgatonegro.com\/?p=19363#breadcrumb","itemListElement":[{"@type":"ListItem","position":1,"name":"Portada","item":"https:\/\/revistaliterariaelgatonegro.com\/"},{"@type":"ListItem","position":2,"name":"La villa del laberinto,\u00a0de Fiona Valpy"}]},{"@type":"WebSite","@id":"https:\/\/revistaliterariaelgatonegro.com\/#website","url":"https:\/\/revistaliterariaelgatonegro.com\/","name":"REVISTA CULTURAL","description":" Un nuevo espacio para la divulgaci\u00f3n literaria, as\u00ed como dem\u00e1s artes ","publisher":{"@id":"https:\/\/revistaliterariaelgatonegro.com\/#\/schema\/person\/6a37dd51e0f101e394e91c123fd12e8a"},"potentialAction":[{"@type":"SearchAction","target":{"@type":"EntryPoint","urlTemplate":"https:\/\/revistaliterariaelgatonegro.com\/?s={search_term_string}"},"query-input":{"@type":"PropertyValueSpecification","valueRequired":true,"valueName":"search_term_string"}}],"inLanguage":"es"},{"@type":["Person","Organization"],"@id":"https:\/\/revistaliterariaelgatonegro.com\/#\/schema\/person\/6a37dd51e0f101e394e91c123fd12e8a","name":"administrador","image":{"@type":"ImageObject","inLanguage":"es","@id":"https:\/\/revistaliterariaelgatonegro.com\/wp-content\/uploads\/2025\/12\/cropped-Logotipo-Logo-Marca-personal-Pastel-Amarillo-12-Photoroom.png","url":"https:\/\/revistaliterariaelgatonegro.com\/wp-content\/uploads\/2025\/12\/cropped-Logotipo-Logo-Marca-personal-Pastel-Amarillo-12-Photoroom.png","contentUrl":"https:\/\/revistaliterariaelgatonegro.com\/wp-content\/uploads\/2025\/12\/cropped-Logotipo-Logo-Marca-personal-Pastel-Amarillo-12-Photoroom.png","width":364,"height":212,"caption":"administrador"},"logo":{"@id":"https:\/\/revistaliterariaelgatonegro.com\/wp-content\/uploads\/2025\/12\/cropped-Logotipo-Logo-Marca-personal-Pastel-Amarillo-12-Photoroom.png"},"sameAs":["http:\/\/s864831950.mialojamiento.es"]}]}},"featured_image_urls":{"full":["https:\/\/revistaliterariaelgatonegro.com\/wp-content\/uploads\/2025\/03\/fiona-libro-scaled.jpg",2560,1280,false],"thumbnail":["https:\/\/revistaliterariaelgatonegro.com\/wp-content\/uploads\/2025\/03\/fiona-libro-150x150.jpg",150,150,true],"medium":["https:\/\/revistaliterariaelgatonegro.com\/wp-content\/uploads\/2025\/03\/fiona-libro-300x150.jpg",300,150,true],"medium_large":["https:\/\/revistaliterariaelgatonegro.com\/wp-content\/uploads\/2025\/03\/fiona-libro-768x384.jpg",640,320,true],"large":["https:\/\/revistaliterariaelgatonegro.com\/wp-content\/uploads\/2025\/03\/fiona-libro-700x350.jpg",640,320,true],"1536x1536":["https:\/\/revistaliterariaelgatonegro.com\/wp-content\/uploads\/2025\/03\/fiona-libro-1536x768.jpg",1536,768,true],"2048x2048":["https:\/\/revistaliterariaelgatonegro.com\/wp-content\/uploads\/2025\/03\/fiona-libro-2048x1024.jpg",2048,1024,true],"morenews-large":["https:\/\/revistaliterariaelgatonegro.com\/wp-content\/uploads\/2025\/03\/fiona-libro-825x575.jpg",825,575,true],"morenews-medium":["https:\/\/revistaliterariaelgatonegro.com\/wp-content\/uploads\/2025\/03\/fiona-libro-590x410.jpg",590,410,true],"woocommerce_thumbnail":["https:\/\/revistaliterariaelgatonegro.com\/wp-content\/uploads\/2025\/03\/fiona-libro-scaled-300x150.jpg",300,150,true],"woocommerce_single":["https:\/\/revistaliterariaelgatonegro.com\/wp-content\/uploads\/2025\/03\/fiona-libro-300x150.jpg",300,150,true],"woocommerce_gallery_thumbnail":["https:\/\/revistaliterariaelgatonegro.com\/wp-content\/uploads\/2025\/03\/fiona-libro-scaled-100x100.jpg",100,100,true],"dgwt-wcas-product-suggestion":["https:\/\/revistaliterariaelgatonegro.com\/wp-content\/uploads\/2025\/03\/fiona-libro-scaled-64x32.jpg",64,32,true]},"author_info":{"display_name":false,"author_link":"https:\/\/revistaliterariaelgatonegro.com\/?author=1"},"category_info":"<a href=\"https:\/\/revistaliterariaelgatonegro.com\/?cat=34\" rel=\"category\">Libros<\/a>","tag_info":"Libros","comment_count":"0","_links":{"self":[{"href":"https:\/\/revistaliterariaelgatonegro.com\/index.php?rest_route=\/wp\/v2\/posts\/19363","targetHints":{"allow":["GET"]}}],"collection":[{"href":"https:\/\/revistaliterariaelgatonegro.com\/index.php?rest_route=\/wp\/v2\/posts"}],"about":[{"href":"https:\/\/revistaliterariaelgatonegro.com\/index.php?rest_route=\/wp\/v2\/types\/post"}],"author":[{"embeddable":true,"href":"https:\/\/revistaliterariaelgatonegro.com\/index.php?rest_route=\/wp\/v2\/users\/1"}],"replies":[{"embeddable":true,"href":"https:\/\/revistaliterariaelgatonegro.com\/index.php?rest_route=%2Fwp%2Fv2%2Fcomments&post=19363"}],"version-history":[{"count":7,"href":"https:\/\/revistaliterariaelgatonegro.com\/index.php?rest_route=\/wp\/v2\/posts\/19363\/revisions"}],"predecessor-version":[{"id":19412,"href":"https:\/\/revistaliterariaelgatonegro.com\/index.php?rest_route=\/wp\/v2\/posts\/19363\/revisions\/19412"}],"wp:featuredmedia":[{"embeddable":true,"href":"https:\/\/revistaliterariaelgatonegro.com\/index.php?rest_route=\/wp\/v2\/media\/19413"}],"wp:attachment":[{"href":"https:\/\/revistaliterariaelgatonegro.com\/index.php?rest_route=%2Fwp%2Fv2%2Fmedia&parent=19363"}],"wp:term":[{"taxonomy":"category","embeddable":true,"href":"https:\/\/revistaliterariaelgatonegro.com\/index.php?rest_route=%2Fwp%2Fv2%2Fcategories&post=19363"},{"taxonomy":"post_tag","embeddable":true,"href":"https:\/\/revistaliterariaelgatonegro.com\/index.php?rest_route=%2Fwp%2Fv2%2Ftags&post=19363"}],"curies":[{"name":"wp","href":"https:\/\/api.w.org\/{rel}","templated":true}]}}