{"id":18962,"date":"2025-03-19T09:30:00","date_gmt":"2025-03-19T09:30:00","guid":{"rendered":"https:\/\/revistaliterariaelgatonegro.com\/?p=18962"},"modified":"2025-03-18T01:21:34","modified_gmt":"2025-03-18T01:21:34","slug":"labthyssen-inaugura-su-programacion-anual-con-proyectos-iniciativas-y-encuentros-gratuitos","status":"publish","type":"post","link":"https:\/\/revistaliterariaelgatonegro.com\/?p=18962","title":{"rendered":"LabThyssen\u00a0inaugura\u00a0su programaci\u00f3n anual con proyectos, iniciativas y encuentros gratuitos"},"content":{"rendered":"\n<h2 class=\"wp-block-heading has-text-align-center\">LabThyssen: la \u201c<em>puerta\u201d <\/em>de los j\u00f3venes para entrar al museo<\/h2>\n\n\n\n<p>Tras la sesi\u00f3n creativa celebrada en enero de 2025,<strong>&nbsp;LabThyssen&nbsp;<\/strong>inaugura&nbsp;<strong>su programaci\u00f3n anual con proyectos, iniciativas y encuentros gratuitos<\/strong>&nbsp;realizados en fin de semana que prometen seguir sorprendiendo. LabThyssen es la iniciativa del<a href=\"https:\/\/www.museothyssen.org\/\">&nbsp;<strong>Museo Nacional Thyssen-Bornemisza&nbsp;<\/strong><\/a>que permite a los&nbsp;<strong>j\u00f3venes de hasta 35 a\u00f1os dise\u00f1ar su propio programa de actividades culturales<\/strong>. Con el apoyo de la Fundaci\u00f3n Banco Sabadell,&nbsp;m\u00e1s de 500 Amigos J\u00f3venes&nbsp;han participado en encuentros exclusivos con artistas y expertos, visitas guiadas tem\u00e1ticas y eventos como <em>Otro Thyssen<\/em> y <em>Hoy vamos de\u2026<\/em><\/p>\n\n\n\n<p>&nbsp;En 2024, las actividades del programa atrajeron a&nbsp;m\u00e1s de 600 participantes, consolidando su papel como referente en la oferta cultural juvenil. En 2025, <strong>LabThyssen <\/strong>arranca con nuevas propuestas, incluyendo visitas con figuras como la fot\u00f3grafa Roc\u00edo Aguirre y el violinista Pablo Martos, encuentros fuera del museo como ARCOmadrid, y charlas con profesionales vinculados a la instituci\u00f3n. Adem\u00e1s, en septiembre tendr\u00e1 lugar el&nbsp;<strong>TedTalk LabThyssen.<\/strong><\/p>\n\n\n\n<figure class=\"wp-block-image alignwide size-large\"><img decoding=\"async\" width=\"700\" height=\"467\" src=\"https:\/\/revistaliterariaelgatonegro.com\/wp-content\/uploads\/2023\/06\/Visita-de-los-alumnos-de-los-grados-al-Museo-Thyssen-700x467.jpg\" alt=\"\" class=\"wp-image-9655\" srcset=\"https:\/\/revistaliterariaelgatonegro.com\/wp-content\/uploads\/2023\/06\/Visita-de-los-alumnos-de-los-grados-al-Museo-Thyssen-700x467.jpg 700w, https:\/\/revistaliterariaelgatonegro.com\/wp-content\/uploads\/2023\/06\/Visita-de-los-alumnos-de-los-grados-al-Museo-Thyssen-300x200.jpg 300w, https:\/\/revistaliterariaelgatonegro.com\/wp-content\/uploads\/2023\/06\/Visita-de-los-alumnos-de-los-grados-al-Museo-Thyssen-scaled-64x43.jpg 64w, https:\/\/revistaliterariaelgatonegro.com\/wp-content\/uploads\/2023\/06\/Visita-de-los-alumnos-de-los-grados-al-Museo-Thyssen-768x512.jpg 768w, https:\/\/revistaliterariaelgatonegro.com\/wp-content\/uploads\/2023\/06\/Visita-de-los-alumnos-de-los-grados-al-Museo-Thyssen-1536x1024.jpg 1536w, https:\/\/revistaliterariaelgatonegro.com\/wp-content\/uploads\/2023\/06\/Visita-de-los-alumnos-de-los-grados-al-Museo-Thyssen-2048x1365.jpg 2048w, https:\/\/revistaliterariaelgatonegro.com\/wp-content\/uploads\/2023\/06\/Visita-de-los-alumnos-de-los-grados-al-Museo-Thyssen-1800x1200.jpg 1800w\" sizes=\"(max-width: 700px) 100vw, 700px\" \/><\/figure>\n\n\n\n<p>Con un crecimiento del 50% en nuevos miembros el \u00faltimo a\u00f1o, el programa sigue expandi\u00e9ndose como un laboratorio cultural abierto a la creatividad y la participaci\u00f3n activa de su comunidad. <strong>LabThyssen <\/strong>es un programa participativo creado con y para j\u00f3venes de hasta 35 a\u00f1os, que desde 2024 y con el respaldo de la Fundaci\u00f3n Banco Sabadell permite a sus miembros la oportunidad de dise\u00f1ar y decidir su propio programa anual de actividades.<\/p>\n\n\n\n<figure class=\"wp-block-image alignright size-full\"><img decoding=\"async\" width=\"436\" height=\"654\" src=\"https:\/\/revistaliterariaelgatonegro.com\/wp-content\/uploads\/2025\/03\/Una-amiga-joven-del-Museo-Thyssen.jpg\" alt=\"\" class=\"wp-image-19090\" srcset=\"https:\/\/revistaliterariaelgatonegro.com\/wp-content\/uploads\/2025\/03\/Una-amiga-joven-del-Museo-Thyssen.jpg 436w, https:\/\/revistaliterariaelgatonegro.com\/wp-content\/uploads\/2025\/03\/Una-amiga-joven-del-Museo-Thyssen-300x450.jpg 300w, https:\/\/revistaliterariaelgatonegro.com\/wp-content\/uploads\/2025\/03\/Una-amiga-joven-del-Museo-Thyssen-64x96.jpg 64w, https:\/\/revistaliterariaelgatonegro.com\/wp-content\/uploads\/2025\/03\/Una-amiga-joven-del-Museo-Thyssen-200x300.jpg 200w\" sizes=\"(max-width: 436px) 100vw, 436px\" \/><\/figure>\n\n\n\n<p>A trav\u00e9s de estos encuentros, los Amigos J\u00f3venes del Museo Nacional Thyssen-Bornemisza no solo pueden de co-crear y\/o votar las actividades que m\u00e1s les interesan, sino que tambi\u00e9n tienen la oportunidad de conocer personas con intereses afines, intercambiar ideas y vivir el museo desde una perspectiva distinta. Adem\u00e1s, disponen de un grupo de WhatsApp para plantear dudas, compartir propuestas y fortalecer la comunidad, creando v\u00ednculos entre ellos.<\/p>\n\n\n\n<p>El a\u00f1o 2024 se cerr\u00f3 con un total de 20 actividades, como <em>Otro Thyssen<\/em>, <em>Hoy vamos de\u2026<\/em>, <em>El Thyssen desde la mirada de\u2026 <\/em>y encuentros que contaron con el apoyo y la participaci\u00f3n de artistas y expertos en distintas ramas como Sara Rubayo , Pablo G. Conde-Corbal , Yanira Franco, Hug\u00e1ceo Crujiente, Maya Pixelskaya, y Carlota P\u00e9rez de Castro, entre otros.<\/p>\n\n\n\n<p>Tras la sesi\u00f3n creativa celebrada en enero de 2025, <strong>LabThyssen<\/strong> inaugura su programaci\u00f3n anual con proyectos, iniciativas y encuentros gratuitos realizados en fin de semana que prometen seguir sorprendiendo.<\/p>\n\n\n\n<h3 class=\"wp-block-heading\">Calendario de actividades 2025<\/h3>\n\n\n\n<p>El ciclo de visitas guiadas a las colecciones del museo, <strong><em>Otro Thyssen<\/em><\/strong>, vuelve con referentes en variadas disciplinas como la moda, la ciencia o la m\u00fasica. Este a\u00f1o, los Amigos J\u00f3venes pueden disfrutar de visitas con artistas que ya participaron en 2024, Sara Rubayo (visita <em>Pink Paints<\/em>), Maya Pixelskaya (visita <em>Mala Gente) <\/em>y con Hug\u00e1ceo Crujiente. Adem\u00e1s, este 2025 estar\u00e1n con la fot\u00f3grafa Roc\u00edo Aguirre, la influencer de moda Marta Camin y el violinista y director de orquesta Pablo Martos.<\/p>\n\n\n\n<p>Las salidas enmarcadas bajo el t\u00edtulo <strong><em>Hoy vamos de\u2026 <\/em><\/strong>regresan con nuevas propuestas que invitan a descubrir artistas contempor\u00e1neos y espacios culturales. La feria de arte contempor\u00e1neo ARCOmadrid y la visita al estudio-taller de la artista Carlota P\u00e9rez de Castro son ejemplos de los encuentros que salen del museo y dan la oportunidad a los Amigos J\u00f3venes de explorar el arte desde nuevos y diferentes enfoques.<\/p>\n\n\n\n<p><strong><em>El Thyssen desde la mirada de\u2026 <\/em><\/strong>pretende acercar el museo desde la perspectiva de personas que trabajan o que est\u00e1n vinculadas con la instituci\u00f3n. Este a\u00f1o cuenta con la participaci\u00f3n de Evelio Acevedo, director gerente del Museo Nacional Thyssen-Bornemisza, una persona del \u00e1rea de En la feria de ARCOmadrid restauraci\u00f3n, y una sesi\u00f3n especial que combina arte y ciencia junto a Celera, un programa de talento apoyado por la Fundaci\u00f3n Banco Santander. En septiembre, se celebrar\u00e1 <strong>TedTalk LabThyssen<\/strong>, donde un grupo de expertos del panel compartir\u00e1 su visi\u00f3n sobre el museo y el programa de LabThyssen.<\/p>\n\n\n\n<h3 class=\"wp-block-heading\">Un programa en expansi\u00f3n<\/h3>\n\n\n\n<figure class=\"wp-block-image alignleft size-full is-resized\"><img decoding=\"async\" width=\"600\" height=\"800\" src=\"https:\/\/revistaliterariaelgatonegro.com\/wp-content\/uploads\/2025\/03\/LabThyssen-inaugura-su-programacion-anual-1.jpg\" alt=\"\" class=\"wp-image-19091\" style=\"width:401px\" srcset=\"https:\/\/revistaliterariaelgatonegro.com\/wp-content\/uploads\/2025\/03\/LabThyssen-inaugura-su-programacion-anual-1.jpg 600w, https:\/\/revistaliterariaelgatonegro.com\/wp-content\/uploads\/2025\/03\/LabThyssen-inaugura-su-programacion-anual-1-300x400.jpg 300w, https:\/\/revistaliterariaelgatonegro.com\/wp-content\/uploads\/2025\/03\/LabThyssen-inaugura-su-programacion-anual-1-64x85.jpg 64w, https:\/\/revistaliterariaelgatonegro.com\/wp-content\/uploads\/2025\/03\/LabThyssen-inaugura-su-programacion-anual-1-225x300.jpg 225w\" sizes=\"(max-width: 600px) 100vw, 600px\" \/><\/figure>\n\n\n\n<p>El programa de <em>Amigos del muse<\/em>o se cre\u00f3 en 1993 y siempre ha contado con la categor\u00eda de Amigo Joven como una de sus opciones, con un precio m\u00e1s asequible e incluyendo las mismas ventajas que el resto de grupos, tales como visitas guiadas a las colecciones y a las exposiciones; acceso preferente y descuentos en actividades y servicios; cursos, viajes y actividades exclusivas, etc. Sin embargo, en los \u00faltimos a\u00f1os se ha visto la necesidad de potenciar de forma especial la participaci\u00f3n de este colectivo, con el fin de reforzar sus v\u00ednculos con el museo, haci\u00e9ndoles part\u00edcipes de la creaci\u00f3n y el dise\u00f1o de sus propias actividades. <strong>LabThyssen<\/strong> ha experimentado un crecimiento significativo en los \u00faltimos a\u00f1os. En 2024, el n\u00famero de Amigos J\u00f3venes aument\u00f3 un 50%, superando los 500 miembros y representando el 23,5% de las nuevas altas del Programa de Amigos del Museo, que ya tiene m\u00e1s de 7.000 miembros. El programa tambi\u00e9n cuenta con el respaldo de un panel de doce expertos de distintas disciplinas que colaboran en la programaci\u00f3n y difunden la iniciativa a trav\u00e9s de sus redes sociales. Entre ellos, figuran nombres como Guillermo Nevot, Almudena Mart\u00edn Castro y Ant\u00f3n Gonz\u00e1lez Font\u00e1n, adem\u00e1s de los anteriormente mencionados.<\/p>\n\n\n\n<p>En 2024, m\u00e1s de 600 personas participaron en las actividades organizadas por <strong>LabThyssen<\/strong>, consolidando su papel como un espacio de referencia para el p\u00fablico joven.<\/p>\n\n\n\n<p><\/p>\n","protected":false},"excerpt":{"rendered":"<p>LabThyssen: la \u201cpuerta\u201d de los j\u00f3venes para entrar al museo Tras la sesi\u00f3n creativa celebrada en enero de<\/p>\n","protected":false},"author":1,"featured_media":19089,"comment_status":"open","ping_status":"open","sticky":false,"template":"","format":"standard","meta":{"footnotes":""},"categories":[134,35],"tags":[],"class_list":["post-18962","post","type-post","status-publish","format-standard","has-post-thumbnail","hentry","category-actualidad","category-pintura"],"yoast_head":"<!-- This site is optimized with the Yoast SEO plugin v27.5 - https:\/\/yoast.com\/product\/yoast-seo-wordpress\/ -->\n<title>LabThyssen\u00a0inaugura\u00a0su programaci\u00f3n anual con proyectos, iniciativas y encuentros gratuitos - REVISTA CULTURAL<\/title>\n<meta name=\"robots\" content=\"index, follow, max-snippet:-1, max-image-preview:large, max-video-preview:-1\" \/>\n<link rel=\"canonical\" href=\"https:\/\/revistaliterariaelgatonegro.com\/?p=18962\" \/>\n<meta property=\"og:locale\" content=\"es_ES\" \/>\n<meta property=\"og:type\" content=\"article\" \/>\n<meta property=\"og:title\" content=\"LabThyssen\u00a0inaugura\u00a0su programaci\u00f3n anual con proyectos, iniciativas y encuentros gratuitos - REVISTA CULTURAL\" \/>\n<meta property=\"og:description\" content=\"LabThyssen: la \u201cpuerta\u201d de los j\u00f3venes para entrar al museo Tras la sesi\u00f3n creativa celebrada en enero de\" \/>\n<meta property=\"og:url\" content=\"https:\/\/revistaliterariaelgatonegro.com\/?p=18962\" \/>\n<meta property=\"og:site_name\" content=\"REVISTA CULTURAL\" \/>\n<meta property=\"article:published_time\" content=\"2025-03-19T09:30:00+00:00\" \/>\n<meta property=\"og:image\" content=\"https:\/\/revistaliterariaelgatonegro.com\/wp-content\/uploads\/2025\/03\/Amigos-Jovenes-del-Museo-Nacional-Thyssen-Bornemisza.jpg\" \/>\n\t<meta property=\"og:image:width\" content=\"981\" \/>\n\t<meta property=\"og:image:height\" content=\"654\" \/>\n\t<meta property=\"og:image:type\" content=\"image\/jpeg\" \/>\n<meta name=\"author\" content=\"administrador\" \/>\n<meta name=\"twitter:card\" content=\"summary_large_image\" \/>\n<meta name=\"twitter:label1\" content=\"Escrito por\" \/>\n\t<meta name=\"twitter:data1\" content=\"\" \/>\n\t<meta name=\"twitter:label2\" content=\"Tiempo de lectura\" \/>\n\t<meta name=\"twitter:data2\" content=\"5 minutos\" \/>\n<script type=\"application\/ld+json\" class=\"yoast-schema-graph\">{\"@context\":\"https:\\\/\\\/schema.org\",\"@graph\":[{\"@type\":\"Article\",\"@id\":\"https:\\\/\\\/revistaliterariaelgatonegro.com\\\/?p=18962#article\",\"isPartOf\":{\"@id\":\"https:\\\/\\\/revistaliterariaelgatonegro.com\\\/?p=18962\"},\"author\":{\"name\":\"administrador\",\"@id\":\"https:\\\/\\\/revistaliterariaelgatonegro.com\\\/#\\\/schema\\\/person\\\/6a37dd51e0f101e394e91c123fd12e8a\"},\"headline\":\"LabThyssen\u00a0inaugura\u00a0su programaci\u00f3n anual con proyectos, iniciativas y encuentros gratuitos\",\"datePublished\":\"2025-03-19T09:30:00+00:00\",\"mainEntityOfPage\":{\"@id\":\"https:\\\/\\\/revistaliterariaelgatonegro.com\\\/?p=18962\"},\"wordCount\":948,\"commentCount\":0,\"publisher\":{\"@id\":\"https:\\\/\\\/revistaliterariaelgatonegro.com\\\/#\\\/schema\\\/person\\\/6a37dd51e0f101e394e91c123fd12e8a\"},\"image\":{\"@id\":\"https:\\\/\\\/revistaliterariaelgatonegro.com\\\/?p=18962#primaryimage\"},\"thumbnailUrl\":\"https:\\\/\\\/revistaliterariaelgatonegro.com\\\/wp-content\\\/uploads\\\/2025\\\/03\\\/Amigos-Jovenes-del-Museo-Nacional-Thyssen-Bornemisza.jpg\",\"articleSection\":[\"Actualidad\",\"Pintura\"],\"inLanguage\":\"es\",\"potentialAction\":[{\"@type\":\"CommentAction\",\"name\":\"Comment\",\"target\":[\"https:\\\/\\\/revistaliterariaelgatonegro.com\\\/?p=18962#respond\"]}]},{\"@type\":\"WebPage\",\"@id\":\"https:\\\/\\\/revistaliterariaelgatonegro.com\\\/?p=18962\",\"url\":\"https:\\\/\\\/revistaliterariaelgatonegro.com\\\/?p=18962\",\"name\":\"LabThyssen\u00a0inaugura\u00a0su programaci\u00f3n anual con proyectos, iniciativas y encuentros gratuitos - REVISTA CULTURAL\",\"isPartOf\":{\"@id\":\"https:\\\/\\\/revistaliterariaelgatonegro.com\\\/#website\"},\"primaryImageOfPage\":{\"@id\":\"https:\\\/\\\/revistaliterariaelgatonegro.com\\\/?p=18962#primaryimage\"},\"image\":{\"@id\":\"https:\\\/\\\/revistaliterariaelgatonegro.com\\\/?p=18962#primaryimage\"},\"thumbnailUrl\":\"https:\\\/\\\/revistaliterariaelgatonegro.com\\\/wp-content\\\/uploads\\\/2025\\\/03\\\/Amigos-Jovenes-del-Museo-Nacional-Thyssen-Bornemisza.jpg\",\"datePublished\":\"2025-03-19T09:30:00+00:00\",\"breadcrumb\":{\"@id\":\"https:\\\/\\\/revistaliterariaelgatonegro.com\\\/?p=18962#breadcrumb\"},\"inLanguage\":\"es\",\"potentialAction\":[{\"@type\":\"ReadAction\",\"target\":[\"https:\\\/\\\/revistaliterariaelgatonegro.com\\\/?p=18962\"]}]},{\"@type\":\"ImageObject\",\"inLanguage\":\"es\",\"@id\":\"https:\\\/\\\/revistaliterariaelgatonegro.com\\\/?p=18962#primaryimage\",\"url\":\"https:\\\/\\\/revistaliterariaelgatonegro.com\\\/wp-content\\\/uploads\\\/2025\\\/03\\\/Amigos-Jovenes-del-Museo-Nacional-Thyssen-Bornemisza.jpg\",\"contentUrl\":\"https:\\\/\\\/revistaliterariaelgatonegro.com\\\/wp-content\\\/uploads\\\/2025\\\/03\\\/Amigos-Jovenes-del-Museo-Nacional-Thyssen-Bornemisza.jpg\",\"width\":981,\"height\":654},{\"@type\":\"BreadcrumbList\",\"@id\":\"https:\\\/\\\/revistaliterariaelgatonegro.com\\\/?p=18962#breadcrumb\",\"itemListElement\":[{\"@type\":\"ListItem\",\"position\":1,\"name\":\"Portada\",\"item\":\"https:\\\/\\\/revistaliterariaelgatonegro.com\\\/\"},{\"@type\":\"ListItem\",\"position\":2,\"name\":\"LabThyssen\u00a0inaugura\u00a0su programaci\u00f3n anual con proyectos, iniciativas y encuentros gratuitos\"}]},{\"@type\":\"WebSite\",\"@id\":\"https:\\\/\\\/revistaliterariaelgatonegro.com\\\/#website\",\"url\":\"https:\\\/\\\/revistaliterariaelgatonegro.com\\\/\",\"name\":\"REVISTA CULTURAL\",\"description\":\" Un nuevo espacio para la divulgaci\u00f3n literaria, as\u00ed como dem\u00e1s artes \",\"publisher\":{\"@id\":\"https:\\\/\\\/revistaliterariaelgatonegro.com\\\/#\\\/schema\\\/person\\\/6a37dd51e0f101e394e91c123fd12e8a\"},\"potentialAction\":[{\"@type\":\"SearchAction\",\"target\":{\"@type\":\"EntryPoint\",\"urlTemplate\":\"https:\\\/\\\/revistaliterariaelgatonegro.com\\\/?s={search_term_string}\"},\"query-input\":{\"@type\":\"PropertyValueSpecification\",\"valueRequired\":true,\"valueName\":\"search_term_string\"}}],\"inLanguage\":\"es\"},{\"@type\":[\"Person\",\"Organization\"],\"@id\":\"https:\\\/\\\/revistaliterariaelgatonegro.com\\\/#\\\/schema\\\/person\\\/6a37dd51e0f101e394e91c123fd12e8a\",\"name\":\"administrador\",\"image\":{\"@type\":\"ImageObject\",\"inLanguage\":\"es\",\"@id\":\"https:\\\/\\\/revistaliterariaelgatonegro.com\\\/wp-content\\\/uploads\\\/2025\\\/12\\\/cropped-Logotipo-Logo-Marca-personal-Pastel-Amarillo-12-Photoroom.png\",\"url\":\"https:\\\/\\\/revistaliterariaelgatonegro.com\\\/wp-content\\\/uploads\\\/2025\\\/12\\\/cropped-Logotipo-Logo-Marca-personal-Pastel-Amarillo-12-Photoroom.png\",\"contentUrl\":\"https:\\\/\\\/revistaliterariaelgatonegro.com\\\/wp-content\\\/uploads\\\/2025\\\/12\\\/cropped-Logotipo-Logo-Marca-personal-Pastel-Amarillo-12-Photoroom.png\",\"width\":364,\"height\":212,\"caption\":\"administrador\"},\"logo\":{\"@id\":\"https:\\\/\\\/revistaliterariaelgatonegro.com\\\/wp-content\\\/uploads\\\/2025\\\/12\\\/cropped-Logotipo-Logo-Marca-personal-Pastel-Amarillo-12-Photoroom.png\"},\"sameAs\":[\"http:\\\/\\\/s864831950.mialojamiento.es\"]}]}<\/script>\n<!-- \/ Yoast SEO plugin. -->","yoast_head_json":{"title":"LabThyssen\u00a0inaugura\u00a0su programaci\u00f3n anual con proyectos, iniciativas y encuentros gratuitos - REVISTA CULTURAL","robots":{"index":"index","follow":"follow","max-snippet":"max-snippet:-1","max-image-preview":"max-image-preview:large","max-video-preview":"max-video-preview:-1"},"canonical":"https:\/\/revistaliterariaelgatonegro.com\/?p=18962","og_locale":"es_ES","og_type":"article","og_title":"LabThyssen\u00a0inaugura\u00a0su programaci\u00f3n anual con proyectos, iniciativas y encuentros gratuitos - REVISTA CULTURAL","og_description":"LabThyssen: la \u201cpuerta\u201d de los j\u00f3venes para entrar al museo Tras la sesi\u00f3n creativa celebrada en enero de","og_url":"https:\/\/revistaliterariaelgatonegro.com\/?p=18962","og_site_name":"REVISTA CULTURAL","article_published_time":"2025-03-19T09:30:00+00:00","og_image":[{"width":981,"height":654,"url":"https:\/\/revistaliterariaelgatonegro.com\/wp-content\/uploads\/2025\/03\/Amigos-Jovenes-del-Museo-Nacional-Thyssen-Bornemisza.jpg","type":"image\/jpeg"}],"author":"administrador","twitter_card":"summary_large_image","twitter_misc":{"Escrito por":false,"Tiempo de lectura":"5 minutos"},"schema":{"@context":"https:\/\/schema.org","@graph":[{"@type":"Article","@id":"https:\/\/revistaliterariaelgatonegro.com\/?p=18962#article","isPartOf":{"@id":"https:\/\/revistaliterariaelgatonegro.com\/?p=18962"},"author":{"name":"administrador","@id":"https:\/\/revistaliterariaelgatonegro.com\/#\/schema\/person\/6a37dd51e0f101e394e91c123fd12e8a"},"headline":"LabThyssen\u00a0inaugura\u00a0su programaci\u00f3n anual con proyectos, iniciativas y encuentros gratuitos","datePublished":"2025-03-19T09:30:00+00:00","mainEntityOfPage":{"@id":"https:\/\/revistaliterariaelgatonegro.com\/?p=18962"},"wordCount":948,"commentCount":0,"publisher":{"@id":"https:\/\/revistaliterariaelgatonegro.com\/#\/schema\/person\/6a37dd51e0f101e394e91c123fd12e8a"},"image":{"@id":"https:\/\/revistaliterariaelgatonegro.com\/?p=18962#primaryimage"},"thumbnailUrl":"https:\/\/revistaliterariaelgatonegro.com\/wp-content\/uploads\/2025\/03\/Amigos-Jovenes-del-Museo-Nacional-Thyssen-Bornemisza.jpg","articleSection":["Actualidad","Pintura"],"inLanguage":"es","potentialAction":[{"@type":"CommentAction","name":"Comment","target":["https:\/\/revistaliterariaelgatonegro.com\/?p=18962#respond"]}]},{"@type":"WebPage","@id":"https:\/\/revistaliterariaelgatonegro.com\/?p=18962","url":"https:\/\/revistaliterariaelgatonegro.com\/?p=18962","name":"LabThyssen\u00a0inaugura\u00a0su programaci\u00f3n anual con proyectos, iniciativas y encuentros gratuitos - REVISTA CULTURAL","isPartOf":{"@id":"https:\/\/revistaliterariaelgatonegro.com\/#website"},"primaryImageOfPage":{"@id":"https:\/\/revistaliterariaelgatonegro.com\/?p=18962#primaryimage"},"image":{"@id":"https:\/\/revistaliterariaelgatonegro.com\/?p=18962#primaryimage"},"thumbnailUrl":"https:\/\/revistaliterariaelgatonegro.com\/wp-content\/uploads\/2025\/03\/Amigos-Jovenes-del-Museo-Nacional-Thyssen-Bornemisza.jpg","datePublished":"2025-03-19T09:30:00+00:00","breadcrumb":{"@id":"https:\/\/revistaliterariaelgatonegro.com\/?p=18962#breadcrumb"},"inLanguage":"es","potentialAction":[{"@type":"ReadAction","target":["https:\/\/revistaliterariaelgatonegro.com\/?p=18962"]}]},{"@type":"ImageObject","inLanguage":"es","@id":"https:\/\/revistaliterariaelgatonegro.com\/?p=18962#primaryimage","url":"https:\/\/revistaliterariaelgatonegro.com\/wp-content\/uploads\/2025\/03\/Amigos-Jovenes-del-Museo-Nacional-Thyssen-Bornemisza.jpg","contentUrl":"https:\/\/revistaliterariaelgatonegro.com\/wp-content\/uploads\/2025\/03\/Amigos-Jovenes-del-Museo-Nacional-Thyssen-Bornemisza.jpg","width":981,"height":654},{"@type":"BreadcrumbList","@id":"https:\/\/revistaliterariaelgatonegro.com\/?p=18962#breadcrumb","itemListElement":[{"@type":"ListItem","position":1,"name":"Portada","item":"https:\/\/revistaliterariaelgatonegro.com\/"},{"@type":"ListItem","position":2,"name":"LabThyssen\u00a0inaugura\u00a0su programaci\u00f3n anual con proyectos, iniciativas y encuentros gratuitos"}]},{"@type":"WebSite","@id":"https:\/\/revistaliterariaelgatonegro.com\/#website","url":"https:\/\/revistaliterariaelgatonegro.com\/","name":"REVISTA CULTURAL","description":" Un nuevo espacio para la divulgaci\u00f3n literaria, as\u00ed como dem\u00e1s artes ","publisher":{"@id":"https:\/\/revistaliterariaelgatonegro.com\/#\/schema\/person\/6a37dd51e0f101e394e91c123fd12e8a"},"potentialAction":[{"@type":"SearchAction","target":{"@type":"EntryPoint","urlTemplate":"https:\/\/revistaliterariaelgatonegro.com\/?s={search_term_string}"},"query-input":{"@type":"PropertyValueSpecification","valueRequired":true,"valueName":"search_term_string"}}],"inLanguage":"es"},{"@type":["Person","Organization"],"@id":"https:\/\/revistaliterariaelgatonegro.com\/#\/schema\/person\/6a37dd51e0f101e394e91c123fd12e8a","name":"administrador","image":{"@type":"ImageObject","inLanguage":"es","@id":"https:\/\/revistaliterariaelgatonegro.com\/wp-content\/uploads\/2025\/12\/cropped-Logotipo-Logo-Marca-personal-Pastel-Amarillo-12-Photoroom.png","url":"https:\/\/revistaliterariaelgatonegro.com\/wp-content\/uploads\/2025\/12\/cropped-Logotipo-Logo-Marca-personal-Pastel-Amarillo-12-Photoroom.png","contentUrl":"https:\/\/revistaliterariaelgatonegro.com\/wp-content\/uploads\/2025\/12\/cropped-Logotipo-Logo-Marca-personal-Pastel-Amarillo-12-Photoroom.png","width":364,"height":212,"caption":"administrador"},"logo":{"@id":"https:\/\/revistaliterariaelgatonegro.com\/wp-content\/uploads\/2025\/12\/cropped-Logotipo-Logo-Marca-personal-Pastel-Amarillo-12-Photoroom.png"},"sameAs":["http:\/\/s864831950.mialojamiento.es"]}]}},"featured_image_urls":{"full":["https:\/\/revistaliterariaelgatonegro.com\/wp-content\/uploads\/2025\/03\/Amigos-Jovenes-del-Museo-Nacional-Thyssen-Bornemisza.jpg",981,654,false],"thumbnail":["https:\/\/revistaliterariaelgatonegro.com\/wp-content\/uploads\/2025\/03\/Amigos-Jovenes-del-Museo-Nacional-Thyssen-Bornemisza-150x150.jpg",150,150,true],"medium":["https:\/\/revistaliterariaelgatonegro.com\/wp-content\/uploads\/2025\/03\/Amigos-Jovenes-del-Museo-Nacional-Thyssen-Bornemisza-300x200.jpg",300,200,true],"medium_large":["https:\/\/revistaliterariaelgatonegro.com\/wp-content\/uploads\/2025\/03\/Amigos-Jovenes-del-Museo-Nacional-Thyssen-Bornemisza-768x512.jpg",640,427,true],"large":["https:\/\/revistaliterariaelgatonegro.com\/wp-content\/uploads\/2025\/03\/Amigos-Jovenes-del-Museo-Nacional-Thyssen-Bornemisza-700x467.jpg",640,427,true],"1536x1536":["https:\/\/revistaliterariaelgatonegro.com\/wp-content\/uploads\/2025\/03\/Amigos-Jovenes-del-Museo-Nacional-Thyssen-Bornemisza.jpg",981,654,false],"2048x2048":["https:\/\/revistaliterariaelgatonegro.com\/wp-content\/uploads\/2025\/03\/Amigos-Jovenes-del-Museo-Nacional-Thyssen-Bornemisza.jpg",981,654,false],"morenews-large":["https:\/\/revistaliterariaelgatonegro.com\/wp-content\/uploads\/2025\/03\/Amigos-Jovenes-del-Museo-Nacional-Thyssen-Bornemisza-825x575.jpg",825,575,true],"morenews-medium":["https:\/\/revistaliterariaelgatonegro.com\/wp-content\/uploads\/2025\/03\/Amigos-Jovenes-del-Museo-Nacional-Thyssen-Bornemisza-590x410.jpg",590,410,true],"woocommerce_thumbnail":["https:\/\/revistaliterariaelgatonegro.com\/wp-content\/uploads\/2025\/03\/Amigos-Jovenes-del-Museo-Nacional-Thyssen-Bornemisza-300x200.jpg",300,200,true],"woocommerce_single":["https:\/\/revistaliterariaelgatonegro.com\/wp-content\/uploads\/2025\/03\/Amigos-Jovenes-del-Museo-Nacional-Thyssen-Bornemisza-300x200.jpg",300,200,true],"woocommerce_gallery_thumbnail":["https:\/\/revistaliterariaelgatonegro.com\/wp-content\/uploads\/2025\/03\/Amigos-Jovenes-del-Museo-Nacional-Thyssen-Bornemisza-100x100.jpg",100,100,true],"dgwt-wcas-product-suggestion":["https:\/\/revistaliterariaelgatonegro.com\/wp-content\/uploads\/2025\/03\/Amigos-Jovenes-del-Museo-Nacional-Thyssen-Bornemisza-64x43.jpg",64,43,true]},"author_info":{"display_name":false,"author_link":"https:\/\/revistaliterariaelgatonegro.com\/?author=1"},"category_info":"<a href=\"https:\/\/revistaliterariaelgatonegro.com\/?cat=134\" rel=\"category\">Actualidad<\/a> <a href=\"https:\/\/revistaliterariaelgatonegro.com\/?cat=35\" rel=\"category\">Pintura<\/a>","tag_info":"Pintura","comment_count":"0","_links":{"self":[{"href":"https:\/\/revistaliterariaelgatonegro.com\/index.php?rest_route=\/wp\/v2\/posts\/18962","targetHints":{"allow":["GET"]}}],"collection":[{"href":"https:\/\/revistaliterariaelgatonegro.com\/index.php?rest_route=\/wp\/v2\/posts"}],"about":[{"href":"https:\/\/revistaliterariaelgatonegro.com\/index.php?rest_route=\/wp\/v2\/types\/post"}],"author":[{"embeddable":true,"href":"https:\/\/revistaliterariaelgatonegro.com\/index.php?rest_route=\/wp\/v2\/users\/1"}],"replies":[{"embeddable":true,"href":"https:\/\/revistaliterariaelgatonegro.com\/index.php?rest_route=%2Fwp%2Fv2%2Fcomments&post=18962"}],"version-history":[{"count":11,"href":"https:\/\/revistaliterariaelgatonegro.com\/index.php?rest_route=\/wp\/v2\/posts\/18962\/revisions"}],"predecessor-version":[{"id":19100,"href":"https:\/\/revistaliterariaelgatonegro.com\/index.php?rest_route=\/wp\/v2\/posts\/18962\/revisions\/19100"}],"wp:featuredmedia":[{"embeddable":true,"href":"https:\/\/revistaliterariaelgatonegro.com\/index.php?rest_route=\/wp\/v2\/media\/19089"}],"wp:attachment":[{"href":"https:\/\/revistaliterariaelgatonegro.com\/index.php?rest_route=%2Fwp%2Fv2%2Fmedia&parent=18962"}],"wp:term":[{"taxonomy":"category","embeddable":true,"href":"https:\/\/revistaliterariaelgatonegro.com\/index.php?rest_route=%2Fwp%2Fv2%2Fcategories&post=18962"},{"taxonomy":"post_tag","embeddable":true,"href":"https:\/\/revistaliterariaelgatonegro.com\/index.php?rest_route=%2Fwp%2Fv2%2Ftags&post=18962"}],"curies":[{"name":"wp","href":"https:\/\/api.w.org\/{rel}","templated":true}]}}