{"id":18610,"date":"2025-03-05T14:07:40","date_gmt":"2025-03-05T14:07:40","guid":{"rendered":"https:\/\/revistaliterariaelgatonegro.com\/?p=18610"},"modified":"2025-03-05T14:07:40","modified_gmt":"2025-03-05T14:07:40","slug":"resena-de-anche-su-marte-crescono-i-fiori-de-valentina-marzulli","status":"publish","type":"post","link":"https:\/\/revistaliterariaelgatonegro.com\/?p=18610","title":{"rendered":"Rese\u00f1a de &#8216;Anche su marte crescono i fiori&#8217; de Valentina Marzulli"},"content":{"rendered":"\n<h3 class=\"wp-block-heading has-text-align-center\">El recorrido po\u00e9tico de Valentina Marzulli obra una conversi\u00f3n interior, se apoya en el conocimiento de la inspiraci\u00f3n literaria para aproximarse y comprender el ser en el mundo<\/h3>\n\n\n\n<p><em>Anche su marte crescono i fiori<\/em> de Valentina Marzulli recorre la transformaci\u00f3n y regeneraci\u00f3n de la sensibilidad po\u00e9tica a lo largo del recorrido acariciador y persuasivo del alma.  Valentina Marzulli traslada sus pensamientos evocadores al papel, arrastra el rastro sugerente de sus recuerdos, traduce el car\u00e1cter encantador de las emociones y de los cambios de su existencia, en la visi\u00f3n borrosa e imperceptible del tiempo, en la intencionalidad autobiogr\u00e1fica, emprende un viaje inici\u00e1tico, a trav\u00e9s de una maduraci\u00f3n espiritual que irradia el coraje y la pasi\u00f3n del propio crecimiento evolutivo.<\/p>\n\n\n\n<p> El recorrido po\u00e9tico de Valentina Marzulli obra una conversi\u00f3n interior, se apoya en el conocimiento de la inspiraci\u00f3n literaria para aproximarse y comprender el ser en el mundo, revela la accidentalidad y la consistencia de la existencia, conectando la perspectiva de cada intento vital de reflexi\u00f3n y renacimiento con la realidad de la experiencia. Despierta la preciosa entidad de la energ\u00eda regenerativa, enriquece el deseo de experiencias de renovaci\u00f3n a trav\u00e9s del paso necesario e inexorable del refugio espiritual, entendido como expresi\u00f3n de distanciamiento y recogimiento voluntario, pausa apartada de la vida, ampl\u00eda la capacidad de captar el espacio ilimitado y desarmante de todo redescubrimiento de la intimidad, de las propias razones, de la proyecci\u00f3n del cuidado, entre la afirmaci\u00f3n invisible del coraz\u00f3n y los instrumentos tangibles de interpretaci\u00f3n. <\/p>\n\n\n\n<figure class=\"wp-block-image alignright size-full\"><img decoding=\"async\" width=\"419\" height=\"654\" src=\"https:\/\/revistaliterariaelgatonegro.com\/wp-content\/uploads\/2025\/03\/Foto-libro-Anche-su-marte-crescono-i-fiori-Valentina-Marzulli.jpg\" alt=\"\" class=\"wp-image-18614\" srcset=\"https:\/\/revistaliterariaelgatonegro.com\/wp-content\/uploads\/2025\/03\/Foto-libro-Anche-su-marte-crescono-i-fiori-Valentina-Marzulli.jpg 419w, https:\/\/revistaliterariaelgatonegro.com\/wp-content\/uploads\/2025\/03\/Foto-libro-Anche-su-marte-crescono-i-fiori-Valentina-Marzulli-300x468.jpg 300w, https:\/\/revistaliterariaelgatonegro.com\/wp-content\/uploads\/2025\/03\/Foto-libro-Anche-su-marte-crescono-i-fiori-Valentina-Marzulli-64x100.jpg 64w, https:\/\/revistaliterariaelgatonegro.com\/wp-content\/uploads\/2025\/03\/Foto-libro-Anche-su-marte-crescono-i-fiori-Valentina-Marzulli-192x300.jpg 192w\" sizes=\"(max-width: 419px) 100vw, 419px\" \/><\/figure>\n\n\n\n<p>Valentina Marzulli nombra al planeta Marte como met\u00e1fora, as\u00ed como el a\u00f1o marciano dura casi el doble que un a\u00f1o terrestre, as\u00ed la poeta se enfrenta a la \u00f3rbita de sus propias angustias, declar\u00e1ndose ajena a s\u00ed misma y al mundo, en la sorprendente y desconcertante sensaci\u00f3n de extra\u00f1amiento, en la que el conflicto indistinto y confuso, entre lo que es el origen y el centro de los sentimientos y lo que se encuentra fuera de nosotros, intimida nuestros l\u00edmites relacionales, no reconoce la pertenencia de nuestra vida, percibe una necesidad instintiva e inmediata de protecci\u00f3n. Pero la resistencia adoptada por Valentina Marzulli explica la conexi\u00f3n profunda entre escritura y conciencia, persigue la aprobaci\u00f3n de su camino, la inspiraci\u00f3n del reconocimiento de las reacciones humanas y el asombro de poder encontrar nuevas estaciones de floraci\u00f3n, la riqueza simb\u00f3lica de las flores, como nobles brotes originales de belleza, uniendo la desintegraci\u00f3n emocional del pasado a la restauraci\u00f3n del presente, en su significativa diferencia. El libro analiza la cautivadora alegor\u00eda de las oportunidades, comunica el regreso de la bienvenida m\u00e1s all\u00e1 de la desolaci\u00f3n de la inmovilidad.<\/p>\n\n\n\n<p>La previsi\u00f3n de los a\u00f1os acumula las coincidencias de celeridad y de retraso, fluye alrededor de la superficie fundamental de la vida cotidiana y permite al autor distinguir inequ\u00edvocamente la participaci\u00f3n comportamental y emp\u00e1tica hacia lugares y situaciones aparentemente hostiles, inc\u00f3modas e inadecuadas pero que esconden una proximidad favorable, se entrecruzan con la orientaci\u00f3n reveladora del bienestar y de la serenidad. Valentina Marzulli recibe el don de la conciencia, en camino desde el inicio de cada aventura, redescubre su valor y encuentra, en la alianza temporal, la direcci\u00f3n de la salvaci\u00f3n, acoge la generosidad de toda alteridad dada con el reconocimiento de la actualidad existencial y recompone la identidad hacia s\u00ed misma.<\/p>\n\n\n\n<p class=\"has-text-align-right\"><a href=\"https:\/\/revistaliterariaelgatonegro.com\/wp-content\/uploads\/2025\/03\/Textos-seleccionados.pdf\">Leer un fragmento<\/a><\/p>\n\n\n\n<p><br>Rita Bompadre &#8211; <a href=\"https:\/\/www.facebook.com\/centroletturaarturopiatti\/\">Centro de Lectura Arturo Piatti<\/a><\/p>\n\n\n\n<p class=\"has-medium-font-size\"><strong>Sobre la autora<\/strong><\/p>\n\n\n\n<p>Valentina Marzulli naci\u00f3 en Taranto en 1990. Ingeniera civil, actualmente vive en Alemania, donde estudi\u00f3 materiales lunares como parte de su doctorado. Autora del poemario <em>Divenire<\/em> editado por Eretica Edizioni y creadora del blog de poes\u00eda <em>Lady Margot Stories<\/em>, paralelamente a su actividad cient\u00edfica se dedica al estudio de la lengua y la literatura alemana e inglesa, y cultiva su pasi\u00f3n por la escritura y la traducci\u00f3n literaria.<\/p>\n\n\n\n<p><\/p>\n","protected":false},"excerpt":{"rendered":"<p>El recorrido po\u00e9tico de Valentina Marzulli obra una conversi\u00f3n interior, se apoya en el conocimiento de la inspiraci\u00f3n<\/p>\n","protected":false},"author":1,"featured_media":18618,"comment_status":"open","ping_status":"open","sticky":false,"template":"","format":"standard","meta":{"footnotes":""},"categories":[136,63],"tags":[],"class_list":["post-18610","post","type-post","status-publish","format-standard","has-post-thumbnail","hentry","category-mas","category-resena"],"yoast_head":"<!-- This site is optimized with the Yoast SEO plugin v27.5 - https:\/\/yoast.com\/product\/yoast-seo-wordpress\/ -->\n<title>Rese\u00f1a de &#039;Anche su marte crescono i fiori&#039; de Valentina Marzulli - REVISTA CULTURAL<\/title>\n<meta name=\"robots\" content=\"index, follow, max-snippet:-1, max-image-preview:large, max-video-preview:-1\" \/>\n<link rel=\"canonical\" href=\"https:\/\/revistaliterariaelgatonegro.com\/?p=18610\" \/>\n<meta property=\"og:locale\" content=\"es_ES\" \/>\n<meta property=\"og:type\" content=\"article\" \/>\n<meta property=\"og:title\" content=\"Rese\u00f1a de &#039;Anche su marte crescono i fiori&#039; de Valentina Marzulli - REVISTA CULTURAL\" \/>\n<meta property=\"og:description\" content=\"El recorrido po\u00e9tico de Valentina Marzulli obra una conversi\u00f3n interior, se apoya en el conocimiento de la inspiraci\u00f3n\" \/>\n<meta property=\"og:url\" content=\"https:\/\/revistaliterariaelgatonegro.com\/?p=18610\" \/>\n<meta property=\"og:site_name\" content=\"REVISTA CULTURAL\" \/>\n<meta property=\"article:published_time\" content=\"2025-03-05T14:07:40+00:00\" \/>\n<meta property=\"og:image\" content=\"https:\/\/revistaliterariaelgatonegro.com\/wp-content\/uploads\/2025\/03\/libro-rita-scaled.jpg\" \/>\n\t<meta property=\"og:image:width\" content=\"2560\" \/>\n\t<meta property=\"og:image:height\" content=\"1280\" \/>\n\t<meta property=\"og:image:type\" content=\"image\/jpeg\" \/>\n<meta name=\"author\" content=\"administrador\" \/>\n<meta name=\"twitter:card\" content=\"summary_large_image\" \/>\n<meta name=\"twitter:label1\" content=\"Escrito por\" \/>\n\t<meta name=\"twitter:data1\" content=\"\" \/>\n\t<meta name=\"twitter:label2\" content=\"Tiempo de lectura\" \/>\n\t<meta name=\"twitter:data2\" content=\"4 minutos\" \/>\n<script type=\"application\/ld+json\" class=\"yoast-schema-graph\">{\"@context\":\"https:\\\/\\\/schema.org\",\"@graph\":[{\"@type\":\"Article\",\"@id\":\"https:\\\/\\\/revistaliterariaelgatonegro.com\\\/?p=18610#article\",\"isPartOf\":{\"@id\":\"https:\\\/\\\/revistaliterariaelgatonegro.com\\\/?p=18610\"},\"author\":{\"name\":\"administrador\",\"@id\":\"https:\\\/\\\/revistaliterariaelgatonegro.com\\\/#\\\/schema\\\/person\\\/6a37dd51e0f101e394e91c123fd12e8a\"},\"headline\":\"Rese\u00f1a de &#8216;Anche su marte crescono i fiori&#8217; de Valentina Marzulli\",\"datePublished\":\"2025-03-05T14:07:40+00:00\",\"mainEntityOfPage\":{\"@id\":\"https:\\\/\\\/revistaliterariaelgatonegro.com\\\/?p=18610\"},\"wordCount\":694,\"commentCount\":0,\"publisher\":{\"@id\":\"https:\\\/\\\/revistaliterariaelgatonegro.com\\\/#\\\/schema\\\/person\\\/6a37dd51e0f101e394e91c123fd12e8a\"},\"image\":{\"@id\":\"https:\\\/\\\/revistaliterariaelgatonegro.com\\\/?p=18610#primaryimage\"},\"thumbnailUrl\":\"https:\\\/\\\/revistaliterariaelgatonegro.com\\\/wp-content\\\/uploads\\\/2025\\\/03\\\/libro-rita-scaled.jpg\",\"articleSection\":[\"M\u00e1s\",\"Rese\u00f1as\"],\"inLanguage\":\"es\",\"potentialAction\":[{\"@type\":\"CommentAction\",\"name\":\"Comment\",\"target\":[\"https:\\\/\\\/revistaliterariaelgatonegro.com\\\/?p=18610#respond\"]}]},{\"@type\":\"WebPage\",\"@id\":\"https:\\\/\\\/revistaliterariaelgatonegro.com\\\/?p=18610\",\"url\":\"https:\\\/\\\/revistaliterariaelgatonegro.com\\\/?p=18610\",\"name\":\"Rese\u00f1a de 'Anche su marte crescono i fiori' de Valentina Marzulli - REVISTA CULTURAL\",\"isPartOf\":{\"@id\":\"https:\\\/\\\/revistaliterariaelgatonegro.com\\\/#website\"},\"primaryImageOfPage\":{\"@id\":\"https:\\\/\\\/revistaliterariaelgatonegro.com\\\/?p=18610#primaryimage\"},\"image\":{\"@id\":\"https:\\\/\\\/revistaliterariaelgatonegro.com\\\/?p=18610#primaryimage\"},\"thumbnailUrl\":\"https:\\\/\\\/revistaliterariaelgatonegro.com\\\/wp-content\\\/uploads\\\/2025\\\/03\\\/libro-rita-scaled.jpg\",\"datePublished\":\"2025-03-05T14:07:40+00:00\",\"breadcrumb\":{\"@id\":\"https:\\\/\\\/revistaliterariaelgatonegro.com\\\/?p=18610#breadcrumb\"},\"inLanguage\":\"es\",\"potentialAction\":[{\"@type\":\"ReadAction\",\"target\":[\"https:\\\/\\\/revistaliterariaelgatonegro.com\\\/?p=18610\"]}]},{\"@type\":\"ImageObject\",\"inLanguage\":\"es\",\"@id\":\"https:\\\/\\\/revistaliterariaelgatonegro.com\\\/?p=18610#primaryimage\",\"url\":\"https:\\\/\\\/revistaliterariaelgatonegro.com\\\/wp-content\\\/uploads\\\/2025\\\/03\\\/libro-rita-scaled.jpg\",\"contentUrl\":\"https:\\\/\\\/revistaliterariaelgatonegro.com\\\/wp-content\\\/uploads\\\/2025\\\/03\\\/libro-rita-scaled.jpg\",\"width\":2560,\"height\":1280},{\"@type\":\"BreadcrumbList\",\"@id\":\"https:\\\/\\\/revistaliterariaelgatonegro.com\\\/?p=18610#breadcrumb\",\"itemListElement\":[{\"@type\":\"ListItem\",\"position\":1,\"name\":\"Portada\",\"item\":\"https:\\\/\\\/revistaliterariaelgatonegro.com\\\/\"},{\"@type\":\"ListItem\",\"position\":2,\"name\":\"Rese\u00f1a de &#8216;Anche su marte crescono i fiori&#8217; de Valentina Marzulli\"}]},{\"@type\":\"WebSite\",\"@id\":\"https:\\\/\\\/revistaliterariaelgatonegro.com\\\/#website\",\"url\":\"https:\\\/\\\/revistaliterariaelgatonegro.com\\\/\",\"name\":\"REVISTA CULTURAL\",\"description\":\" Un nuevo espacio para la divulgaci\u00f3n literaria, as\u00ed como dem\u00e1s artes \",\"publisher\":{\"@id\":\"https:\\\/\\\/revistaliterariaelgatonegro.com\\\/#\\\/schema\\\/person\\\/6a37dd51e0f101e394e91c123fd12e8a\"},\"potentialAction\":[{\"@type\":\"SearchAction\",\"target\":{\"@type\":\"EntryPoint\",\"urlTemplate\":\"https:\\\/\\\/revistaliterariaelgatonegro.com\\\/?s={search_term_string}\"},\"query-input\":{\"@type\":\"PropertyValueSpecification\",\"valueRequired\":true,\"valueName\":\"search_term_string\"}}],\"inLanguage\":\"es\"},{\"@type\":[\"Person\",\"Organization\"],\"@id\":\"https:\\\/\\\/revistaliterariaelgatonegro.com\\\/#\\\/schema\\\/person\\\/6a37dd51e0f101e394e91c123fd12e8a\",\"name\":\"administrador\",\"image\":{\"@type\":\"ImageObject\",\"inLanguage\":\"es\",\"@id\":\"https:\\\/\\\/revistaliterariaelgatonegro.com\\\/wp-content\\\/uploads\\\/2025\\\/12\\\/cropped-Logotipo-Logo-Marca-personal-Pastel-Amarillo-12-Photoroom.png\",\"url\":\"https:\\\/\\\/revistaliterariaelgatonegro.com\\\/wp-content\\\/uploads\\\/2025\\\/12\\\/cropped-Logotipo-Logo-Marca-personal-Pastel-Amarillo-12-Photoroom.png\",\"contentUrl\":\"https:\\\/\\\/revistaliterariaelgatonegro.com\\\/wp-content\\\/uploads\\\/2025\\\/12\\\/cropped-Logotipo-Logo-Marca-personal-Pastel-Amarillo-12-Photoroom.png\",\"width\":364,\"height\":212,\"caption\":\"administrador\"},\"logo\":{\"@id\":\"https:\\\/\\\/revistaliterariaelgatonegro.com\\\/wp-content\\\/uploads\\\/2025\\\/12\\\/cropped-Logotipo-Logo-Marca-personal-Pastel-Amarillo-12-Photoroom.png\"},\"sameAs\":[\"http:\\\/\\\/s864831950.mialojamiento.es\"]}]}<\/script>\n<!-- \/ Yoast SEO plugin. -->","yoast_head_json":{"title":"Rese\u00f1a de 'Anche su marte crescono i fiori' de Valentina Marzulli - REVISTA CULTURAL","robots":{"index":"index","follow":"follow","max-snippet":"max-snippet:-1","max-image-preview":"max-image-preview:large","max-video-preview":"max-video-preview:-1"},"canonical":"https:\/\/revistaliterariaelgatonegro.com\/?p=18610","og_locale":"es_ES","og_type":"article","og_title":"Rese\u00f1a de 'Anche su marte crescono i fiori' de Valentina Marzulli - REVISTA CULTURAL","og_description":"El recorrido po\u00e9tico de Valentina Marzulli obra una conversi\u00f3n interior, se apoya en el conocimiento de la inspiraci\u00f3n","og_url":"https:\/\/revistaliterariaelgatonegro.com\/?p=18610","og_site_name":"REVISTA CULTURAL","article_published_time":"2025-03-05T14:07:40+00:00","og_image":[{"width":2560,"height":1280,"url":"https:\/\/revistaliterariaelgatonegro.com\/wp-content\/uploads\/2025\/03\/libro-rita-scaled.jpg","type":"image\/jpeg"}],"author":"administrador","twitter_card":"summary_large_image","twitter_misc":{"Escrito por":false,"Tiempo de lectura":"4 minutos"},"schema":{"@context":"https:\/\/schema.org","@graph":[{"@type":"Article","@id":"https:\/\/revistaliterariaelgatonegro.com\/?p=18610#article","isPartOf":{"@id":"https:\/\/revistaliterariaelgatonegro.com\/?p=18610"},"author":{"name":"administrador","@id":"https:\/\/revistaliterariaelgatonegro.com\/#\/schema\/person\/6a37dd51e0f101e394e91c123fd12e8a"},"headline":"Rese\u00f1a de &#8216;Anche su marte crescono i fiori&#8217; de Valentina Marzulli","datePublished":"2025-03-05T14:07:40+00:00","mainEntityOfPage":{"@id":"https:\/\/revistaliterariaelgatonegro.com\/?p=18610"},"wordCount":694,"commentCount":0,"publisher":{"@id":"https:\/\/revistaliterariaelgatonegro.com\/#\/schema\/person\/6a37dd51e0f101e394e91c123fd12e8a"},"image":{"@id":"https:\/\/revistaliterariaelgatonegro.com\/?p=18610#primaryimage"},"thumbnailUrl":"https:\/\/revistaliterariaelgatonegro.com\/wp-content\/uploads\/2025\/03\/libro-rita-scaled.jpg","articleSection":["M\u00e1s","Rese\u00f1as"],"inLanguage":"es","potentialAction":[{"@type":"CommentAction","name":"Comment","target":["https:\/\/revistaliterariaelgatonegro.com\/?p=18610#respond"]}]},{"@type":"WebPage","@id":"https:\/\/revistaliterariaelgatonegro.com\/?p=18610","url":"https:\/\/revistaliterariaelgatonegro.com\/?p=18610","name":"Rese\u00f1a de 'Anche su marte crescono i fiori' de Valentina Marzulli - REVISTA CULTURAL","isPartOf":{"@id":"https:\/\/revistaliterariaelgatonegro.com\/#website"},"primaryImageOfPage":{"@id":"https:\/\/revistaliterariaelgatonegro.com\/?p=18610#primaryimage"},"image":{"@id":"https:\/\/revistaliterariaelgatonegro.com\/?p=18610#primaryimage"},"thumbnailUrl":"https:\/\/revistaliterariaelgatonegro.com\/wp-content\/uploads\/2025\/03\/libro-rita-scaled.jpg","datePublished":"2025-03-05T14:07:40+00:00","breadcrumb":{"@id":"https:\/\/revistaliterariaelgatonegro.com\/?p=18610#breadcrumb"},"inLanguage":"es","potentialAction":[{"@type":"ReadAction","target":["https:\/\/revistaliterariaelgatonegro.com\/?p=18610"]}]},{"@type":"ImageObject","inLanguage":"es","@id":"https:\/\/revistaliterariaelgatonegro.com\/?p=18610#primaryimage","url":"https:\/\/revistaliterariaelgatonegro.com\/wp-content\/uploads\/2025\/03\/libro-rita-scaled.jpg","contentUrl":"https:\/\/revistaliterariaelgatonegro.com\/wp-content\/uploads\/2025\/03\/libro-rita-scaled.jpg","width":2560,"height":1280},{"@type":"BreadcrumbList","@id":"https:\/\/revistaliterariaelgatonegro.com\/?p=18610#breadcrumb","itemListElement":[{"@type":"ListItem","position":1,"name":"Portada","item":"https:\/\/revistaliterariaelgatonegro.com\/"},{"@type":"ListItem","position":2,"name":"Rese\u00f1a de &#8216;Anche su marte crescono i fiori&#8217; de Valentina Marzulli"}]},{"@type":"WebSite","@id":"https:\/\/revistaliterariaelgatonegro.com\/#website","url":"https:\/\/revistaliterariaelgatonegro.com\/","name":"REVISTA CULTURAL","description":" Un nuevo espacio para la divulgaci\u00f3n literaria, as\u00ed como dem\u00e1s artes ","publisher":{"@id":"https:\/\/revistaliterariaelgatonegro.com\/#\/schema\/person\/6a37dd51e0f101e394e91c123fd12e8a"},"potentialAction":[{"@type":"SearchAction","target":{"@type":"EntryPoint","urlTemplate":"https:\/\/revistaliterariaelgatonegro.com\/?s={search_term_string}"},"query-input":{"@type":"PropertyValueSpecification","valueRequired":true,"valueName":"search_term_string"}}],"inLanguage":"es"},{"@type":["Person","Organization"],"@id":"https:\/\/revistaliterariaelgatonegro.com\/#\/schema\/person\/6a37dd51e0f101e394e91c123fd12e8a","name":"administrador","image":{"@type":"ImageObject","inLanguage":"es","@id":"https:\/\/revistaliterariaelgatonegro.com\/wp-content\/uploads\/2025\/12\/cropped-Logotipo-Logo-Marca-personal-Pastel-Amarillo-12-Photoroom.png","url":"https:\/\/revistaliterariaelgatonegro.com\/wp-content\/uploads\/2025\/12\/cropped-Logotipo-Logo-Marca-personal-Pastel-Amarillo-12-Photoroom.png","contentUrl":"https:\/\/revistaliterariaelgatonegro.com\/wp-content\/uploads\/2025\/12\/cropped-Logotipo-Logo-Marca-personal-Pastel-Amarillo-12-Photoroom.png","width":364,"height":212,"caption":"administrador"},"logo":{"@id":"https:\/\/revistaliterariaelgatonegro.com\/wp-content\/uploads\/2025\/12\/cropped-Logotipo-Logo-Marca-personal-Pastel-Amarillo-12-Photoroom.png"},"sameAs":["http:\/\/s864831950.mialojamiento.es"]}]}},"featured_image_urls":{"full":["https:\/\/revistaliterariaelgatonegro.com\/wp-content\/uploads\/2025\/03\/libro-rita-scaled.jpg",2560,1280,false],"thumbnail":["https:\/\/revistaliterariaelgatonegro.com\/wp-content\/uploads\/2025\/03\/libro-rita-150x150.jpg",150,150,true],"medium":["https:\/\/revistaliterariaelgatonegro.com\/wp-content\/uploads\/2025\/03\/libro-rita-300x150.jpg",300,150,true],"medium_large":["https:\/\/revistaliterariaelgatonegro.com\/wp-content\/uploads\/2025\/03\/libro-rita-768x384.jpg",640,320,true],"large":["https:\/\/revistaliterariaelgatonegro.com\/wp-content\/uploads\/2025\/03\/libro-rita-700x350.jpg",640,320,true],"1536x1536":["https:\/\/revistaliterariaelgatonegro.com\/wp-content\/uploads\/2025\/03\/libro-rita-1536x768.jpg",1536,768,true],"2048x2048":["https:\/\/revistaliterariaelgatonegro.com\/wp-content\/uploads\/2025\/03\/libro-rita-2048x1024.jpg",2048,1024,true],"morenews-large":["https:\/\/revistaliterariaelgatonegro.com\/wp-content\/uploads\/2025\/03\/libro-rita-825x575.jpg",825,575,true],"morenews-medium":["https:\/\/revistaliterariaelgatonegro.com\/wp-content\/uploads\/2025\/03\/libro-rita-590x410.jpg",590,410,true],"woocommerce_thumbnail":["https:\/\/revistaliterariaelgatonegro.com\/wp-content\/uploads\/2025\/03\/libro-rita-scaled-300x150.jpg",300,150,true],"woocommerce_single":["https:\/\/revistaliterariaelgatonegro.com\/wp-content\/uploads\/2025\/03\/libro-rita-300x150.jpg",300,150,true],"woocommerce_gallery_thumbnail":["https:\/\/revistaliterariaelgatonegro.com\/wp-content\/uploads\/2025\/03\/libro-rita-scaled-100x100.jpg",100,100,true],"dgwt-wcas-product-suggestion":["https:\/\/revistaliterariaelgatonegro.com\/wp-content\/uploads\/2025\/03\/libro-rita-scaled-64x32.jpg",64,32,true]},"author_info":{"display_name":false,"author_link":"https:\/\/revistaliterariaelgatonegro.com\/?author=1"},"category_info":"<a href=\"https:\/\/revistaliterariaelgatonegro.com\/?cat=136\" rel=\"category\">M\u00e1s<\/a> <a href=\"https:\/\/revistaliterariaelgatonegro.com\/?cat=63\" rel=\"category\">Rese\u00f1as<\/a>","tag_info":"Rese\u00f1as","comment_count":"0","_links":{"self":[{"href":"https:\/\/revistaliterariaelgatonegro.com\/index.php?rest_route=\/wp\/v2\/posts\/18610","targetHints":{"allow":["GET"]}}],"collection":[{"href":"https:\/\/revistaliterariaelgatonegro.com\/index.php?rest_route=\/wp\/v2\/posts"}],"about":[{"href":"https:\/\/revistaliterariaelgatonegro.com\/index.php?rest_route=\/wp\/v2\/types\/post"}],"author":[{"embeddable":true,"href":"https:\/\/revistaliterariaelgatonegro.com\/index.php?rest_route=\/wp\/v2\/users\/1"}],"replies":[{"embeddable":true,"href":"https:\/\/revistaliterariaelgatonegro.com\/index.php?rest_route=%2Fwp%2Fv2%2Fcomments&post=18610"}],"version-history":[{"count":5,"href":"https:\/\/revistaliterariaelgatonegro.com\/index.php?rest_route=\/wp\/v2\/posts\/18610\/revisions"}],"predecessor-version":[{"id":18617,"href":"https:\/\/revistaliterariaelgatonegro.com\/index.php?rest_route=\/wp\/v2\/posts\/18610\/revisions\/18617"}],"wp:featuredmedia":[{"embeddable":true,"href":"https:\/\/revistaliterariaelgatonegro.com\/index.php?rest_route=\/wp\/v2\/media\/18618"}],"wp:attachment":[{"href":"https:\/\/revistaliterariaelgatonegro.com\/index.php?rest_route=%2Fwp%2Fv2%2Fmedia&parent=18610"}],"wp:term":[{"taxonomy":"category","embeddable":true,"href":"https:\/\/revistaliterariaelgatonegro.com\/index.php?rest_route=%2Fwp%2Fv2%2Fcategories&post=18610"},{"taxonomy":"post_tag","embeddable":true,"href":"https:\/\/revistaliterariaelgatonegro.com\/index.php?rest_route=%2Fwp%2Fv2%2Ftags&post=18610"}],"curies":[{"name":"wp","href":"https:\/\/api.w.org\/{rel}","templated":true}]}}