{"id":17583,"date":"2025-01-08T14:45:33","date_gmt":"2025-01-08T14:45:33","guid":{"rendered":"https:\/\/revistaliterariaelgatonegro.com\/?p=17583"},"modified":"2025-01-08T14:45:34","modified_gmt":"2025-01-08T14:45:34","slug":"ceremonia-de-entrega-premios-zenda-2023-2024","status":"publish","type":"post","link":"https:\/\/revistaliterariaelgatonegro.com\/?p=17583","title":{"rendered":"Ceremonia de entrega premios Zenda 2023-2024"},"content":{"rendered":"\n<p>La ceremonia de entrega de los Premios Zenda se celebrar\u00e1 en Madrid, en la Real F\u00e1brica de Tapices, el 14 de enero a las 19:30. Durante la gala, van a intervenir Leo Harlem y Loquillo y est\u00e1 prevista la presencia de todos los premiados, entre ellos Fernando Arrabal, Premio Zenda de Honor, y Leila Guerriero galardonada con el Premio Zenda de Narrativa.<\/p>\n\n\n\n<p>Numerosos representantes del mundo cultural, editorial y literario asistir\u00e1n a la ceremonia. Entre los m\u00e1s de 300 invitados confirmados se encuentra el Alcalde de Madrid, Jos\u00e9 Luis Mart\u00ednez-Almeida y el Secretario de Estado de Cultura Jordi Mart\u00ed Grau, adem\u00e1s de numerosos autores y autoras como: Arturo P\u00e9rez-Reverte, Mar\u00eda Due\u00f1as, Javier Cercas, Megan Maxwell, Ray Loriga, Juan G\u00f3mez-Jurado, Alex de la Iglesia, David Summers, Jos\u00e9 Luis Garci, Luis Mateo D\u00edez, Luz Gab\u00e1s, Juan Eslava Gal\u00e1n, David Summers, Soledad Pu\u00e9rtolas, Jos\u00e9 Mar\u00eda Merino, Clara S\u00e1nchez, Juan Manuel de Prada, Karina Sainz Borgo y Jos\u00e9 \u00c1ngel Ma\u00f1as. La gala estar\u00e1 presentada por Espido Freire y Jes\u00fas Vigorra.<\/p>\n\n\n\n<p>Los Premios Zenda son unos galardones que reconocen la labor literaria, editorial y en fomento de la lectura. En esta primera edici\u00f3n, los premios est\u00e1n compuestos por diez categor\u00edas, un premio de honor y un premio especial y abarcan el curso editorial comprendido entre agosto de 2023 y julio de 2024.<\/p>\n\n\n\n<p>Zenda ofrecer\u00e1 informaci\u00f3n sobre los premios a trav\u00e9s de zendalibros.com y de premioszenda.com, as\u00ed como en las redes sociales, con el hashtag, #PremiosZenda y en la Living App de Zenda Libros a trav\u00e9s de la televisi\u00f3n Movistar Plus+. Los galardones cuentan con el patrocinio de Iberdrola y Telef\u00f3nica, adem\u00e1s de con la colaboraci\u00f3n del Banco Santander.<\/p>\n\n\n\n<p>El jurado de los Premios Zenda est\u00e1 compuesto por los profesionales del sector del libro Guillermo Altares, Nuria Azancot, Laura Barrachina, Pepa Blanes, Jes\u00fas Garc\u00eda Calero, Antonio Lucas, Alberto Olmos, Cristina Rivera Garza, Sergio Vila-Sanju\u00e1n y Santos Sanz Villanueva, adem\u00e1s de Leandro P\u00e9rez y \u00c1lvaro Colomer (secretario del jurado), ambos en representaci\u00f3n de la revista Zenda.<\/p>\n\n\n\n<p>Arturo P\u00e9rez-Reverte, cofundador de Zenda, hizo este comentario cuando nac\u00eda el proyecto, a principios de 2016: \u00abZenda ser\u00e1 es un territorio de libros y amigos. Un espacio transversal de gran alcance. Una especie de cooperativa puesta a disposici\u00f3n tanto de los lectores como de los autores que participen en ella, y donde a todos \u00e9stos, desde el m\u00e1s afortunado al m\u00e1s modesto, se preste la merecida atenci\u00f3n\u00bb. Y ahora, al asistir al nacimiento de estos galardones, a\u00f1ade: \u00abLos Premios Zenda surgen para reconocer el esfuerzo y el talento de escritores, libreros y editores. Y su dotaci\u00f3n, en vez de ser econ\u00f3mica, se medir\u00e1 en prestigio: pretendemos que tanto la alta calidad del jurado como la justicia con los premiados conviertan estos premios en una referencia\u00bb.<\/p>\n\n\n\n<p>Zenda Libros es una plataforma dedicada a la promoci\u00f3n y difusi\u00f3n de la literatura en espa\u00f1ol. Fundada en abril de 2016 por el escritor Arturo P\u00e9rez-Reverte y dirigida por Leandro P\u00e9rez, Zenda ha publicado art\u00edculos de m\u00e1s de 1.700 autores iberoamericanos. Celebra concursos literarios todos los meses y publica novelas de aventuras en la editorial Zenda-Edhasa, dirigida por Mar\u00eda Jos\u00e9 Solano. Zenda sido distinguida con el premio Liber por el fomento de la lectura y con el premio Pop Eye 2022 a la mejor publicaci\u00f3n.<\/p>\n\n\n\n<p><\/p>\n","protected":false},"excerpt":{"rendered":"<p>La ceremonia de entrega de los Premios Zenda se celebrar\u00e1 en Madrid, en la Real F\u00e1brica de Tapices,<\/p>\n","protected":false},"author":1,"featured_media":17585,"comment_status":"open","ping_status":"open","sticky":false,"template":"","format":"standard","meta":{"footnotes":""},"categories":[134],"tags":[],"class_list":["post-17583","post","type-post","status-publish","format-standard","has-post-thumbnail","hentry","category-actualidad"],"yoast_head":"<!-- This site is optimized with the Yoast SEO plugin v27.4 - https:\/\/yoast.com\/product\/yoast-seo-wordpress\/ -->\n<title>Ceremonia de entrega premios Zenda 2023-2024 - REVISTA CULTURAL<\/title>\n<meta name=\"robots\" content=\"index, follow, max-snippet:-1, max-image-preview:large, max-video-preview:-1\" \/>\n<link rel=\"canonical\" href=\"https:\/\/revistaliterariaelgatonegro.com\/?p=17583\" \/>\n<meta property=\"og:locale\" content=\"es_ES\" \/>\n<meta property=\"og:type\" content=\"article\" \/>\n<meta property=\"og:title\" content=\"Ceremonia de entrega premios Zenda 2023-2024 - REVISTA CULTURAL\" \/>\n<meta property=\"og:description\" content=\"La ceremonia de entrega de los Premios Zenda se celebrar\u00e1 en Madrid, en la Real F\u00e1brica de Tapices,\" \/>\n<meta property=\"og:url\" content=\"https:\/\/revistaliterariaelgatonegro.com\/?p=17583\" \/>\n<meta property=\"og:site_name\" content=\"REVISTA CULTURAL\" \/>\n<meta property=\"article:published_time\" content=\"2025-01-08T14:45:33+00:00\" \/>\n<meta property=\"article:modified_time\" content=\"2025-01-08T14:45:34+00:00\" \/>\n<meta property=\"og:image\" content=\"https:\/\/revistaliterariaelgatonegro.com\/wp-content\/uploads\/2025\/01\/premios-zendra.jpg\" \/>\n\t<meta property=\"og:image:width\" content=\"650\" \/>\n\t<meta property=\"og:image:height\" content=\"350\" \/>\n\t<meta property=\"og:image:type\" content=\"image\/jpeg\" \/>\n<meta name=\"author\" content=\"administrador\" \/>\n<meta name=\"twitter:card\" content=\"summary_large_image\" \/>\n<meta name=\"twitter:label1\" content=\"Escrito por\" \/>\n\t<meta name=\"twitter:data1\" content=\"\" \/>\n\t<meta name=\"twitter:label2\" content=\"Tiempo de lectura\" \/>\n\t<meta name=\"twitter:data2\" content=\"3 minutos\" \/>\n<script type=\"application\/ld+json\" class=\"yoast-schema-graph\">{\"@context\":\"https:\\\/\\\/schema.org\",\"@graph\":[{\"@type\":\"Article\",\"@id\":\"https:\\\/\\\/revistaliterariaelgatonegro.com\\\/?p=17583#article\",\"isPartOf\":{\"@id\":\"https:\\\/\\\/revistaliterariaelgatonegro.com\\\/?p=17583\"},\"author\":{\"name\":\"administrador\",\"@id\":\"https:\\\/\\\/revistaliterariaelgatonegro.com\\\/#\\\/schema\\\/person\\\/6a37dd51e0f101e394e91c123fd12e8a\"},\"headline\":\"Ceremonia de entrega premios Zenda 2023-2024\",\"datePublished\":\"2025-01-08T14:45:33+00:00\",\"dateModified\":\"2025-01-08T14:45:34+00:00\",\"mainEntityOfPage\":{\"@id\":\"https:\\\/\\\/revistaliterariaelgatonegro.com\\\/?p=17583\"},\"wordCount\":589,\"commentCount\":0,\"publisher\":{\"@id\":\"https:\\\/\\\/revistaliterariaelgatonegro.com\\\/#\\\/schema\\\/person\\\/6a37dd51e0f101e394e91c123fd12e8a\"},\"image\":{\"@id\":\"https:\\\/\\\/revistaliterariaelgatonegro.com\\\/?p=17583#primaryimage\"},\"thumbnailUrl\":\"https:\\\/\\\/revistaliterariaelgatonegro.com\\\/wp-content\\\/uploads\\\/2025\\\/01\\\/premios-zendra.jpg\",\"articleSection\":[\"Actualidad\"],\"inLanguage\":\"es\",\"potentialAction\":[{\"@type\":\"CommentAction\",\"name\":\"Comment\",\"target\":[\"https:\\\/\\\/revistaliterariaelgatonegro.com\\\/?p=17583#respond\"]}]},{\"@type\":\"WebPage\",\"@id\":\"https:\\\/\\\/revistaliterariaelgatonegro.com\\\/?p=17583\",\"url\":\"https:\\\/\\\/revistaliterariaelgatonegro.com\\\/?p=17583\",\"name\":\"Ceremonia de entrega premios Zenda 2023-2024 - REVISTA CULTURAL\",\"isPartOf\":{\"@id\":\"https:\\\/\\\/revistaliterariaelgatonegro.com\\\/#website\"},\"primaryImageOfPage\":{\"@id\":\"https:\\\/\\\/revistaliterariaelgatonegro.com\\\/?p=17583#primaryimage\"},\"image\":{\"@id\":\"https:\\\/\\\/revistaliterariaelgatonegro.com\\\/?p=17583#primaryimage\"},\"thumbnailUrl\":\"https:\\\/\\\/revistaliterariaelgatonegro.com\\\/wp-content\\\/uploads\\\/2025\\\/01\\\/premios-zendra.jpg\",\"datePublished\":\"2025-01-08T14:45:33+00:00\",\"dateModified\":\"2025-01-08T14:45:34+00:00\",\"breadcrumb\":{\"@id\":\"https:\\\/\\\/revistaliterariaelgatonegro.com\\\/?p=17583#breadcrumb\"},\"inLanguage\":\"es\",\"potentialAction\":[{\"@type\":\"ReadAction\",\"target\":[\"https:\\\/\\\/revistaliterariaelgatonegro.com\\\/?p=17583\"]}]},{\"@type\":\"ImageObject\",\"inLanguage\":\"es\",\"@id\":\"https:\\\/\\\/revistaliterariaelgatonegro.com\\\/?p=17583#primaryimage\",\"url\":\"https:\\\/\\\/revistaliterariaelgatonegro.com\\\/wp-content\\\/uploads\\\/2025\\\/01\\\/premios-zendra.jpg\",\"contentUrl\":\"https:\\\/\\\/revistaliterariaelgatonegro.com\\\/wp-content\\\/uploads\\\/2025\\\/01\\\/premios-zendra.jpg\",\"width\":650,\"height\":350},{\"@type\":\"BreadcrumbList\",\"@id\":\"https:\\\/\\\/revistaliterariaelgatonegro.com\\\/?p=17583#breadcrumb\",\"itemListElement\":[{\"@type\":\"ListItem\",\"position\":1,\"name\":\"Portada\",\"item\":\"https:\\\/\\\/revistaliterariaelgatonegro.com\\\/\"},{\"@type\":\"ListItem\",\"position\":2,\"name\":\"Ceremonia de entrega premios Zenda 2023-2024\"}]},{\"@type\":\"WebSite\",\"@id\":\"https:\\\/\\\/revistaliterariaelgatonegro.com\\\/#website\",\"url\":\"https:\\\/\\\/revistaliterariaelgatonegro.com\\\/\",\"name\":\"REVISTA CULTURAL\",\"description\":\" Un nuevo espacio para la divulgaci\u00f3n literaria, as\u00ed como dem\u00e1s artes \",\"publisher\":{\"@id\":\"https:\\\/\\\/revistaliterariaelgatonegro.com\\\/#\\\/schema\\\/person\\\/6a37dd51e0f101e394e91c123fd12e8a\"},\"potentialAction\":[{\"@type\":\"SearchAction\",\"target\":{\"@type\":\"EntryPoint\",\"urlTemplate\":\"https:\\\/\\\/revistaliterariaelgatonegro.com\\\/?s={search_term_string}\"},\"query-input\":{\"@type\":\"PropertyValueSpecification\",\"valueRequired\":true,\"valueName\":\"search_term_string\"}}],\"inLanguage\":\"es\"},{\"@type\":[\"Person\",\"Organization\"],\"@id\":\"https:\\\/\\\/revistaliterariaelgatonegro.com\\\/#\\\/schema\\\/person\\\/6a37dd51e0f101e394e91c123fd12e8a\",\"name\":\"administrador\",\"image\":{\"@type\":\"ImageObject\",\"inLanguage\":\"es\",\"@id\":\"https:\\\/\\\/revistaliterariaelgatonegro.com\\\/wp-content\\\/uploads\\\/2025\\\/12\\\/cropped-Logotipo-Logo-Marca-personal-Pastel-Amarillo-12-Photoroom.png\",\"url\":\"https:\\\/\\\/revistaliterariaelgatonegro.com\\\/wp-content\\\/uploads\\\/2025\\\/12\\\/cropped-Logotipo-Logo-Marca-personal-Pastel-Amarillo-12-Photoroom.png\",\"contentUrl\":\"https:\\\/\\\/revistaliterariaelgatonegro.com\\\/wp-content\\\/uploads\\\/2025\\\/12\\\/cropped-Logotipo-Logo-Marca-personal-Pastel-Amarillo-12-Photoroom.png\",\"width\":364,\"height\":212,\"caption\":\"administrador\"},\"logo\":{\"@id\":\"https:\\\/\\\/revistaliterariaelgatonegro.com\\\/wp-content\\\/uploads\\\/2025\\\/12\\\/cropped-Logotipo-Logo-Marca-personal-Pastel-Amarillo-12-Photoroom.png\"},\"sameAs\":[\"http:\\\/\\\/s864831950.mialojamiento.es\"]}]}<\/script>\n<!-- \/ Yoast SEO plugin. -->","yoast_head_json":{"title":"Ceremonia de entrega premios Zenda 2023-2024 - REVISTA CULTURAL","robots":{"index":"index","follow":"follow","max-snippet":"max-snippet:-1","max-image-preview":"max-image-preview:large","max-video-preview":"max-video-preview:-1"},"canonical":"https:\/\/revistaliterariaelgatonegro.com\/?p=17583","og_locale":"es_ES","og_type":"article","og_title":"Ceremonia de entrega premios Zenda 2023-2024 - REVISTA CULTURAL","og_description":"La ceremonia de entrega de los Premios Zenda se celebrar\u00e1 en Madrid, en la Real F\u00e1brica de Tapices,","og_url":"https:\/\/revistaliterariaelgatonegro.com\/?p=17583","og_site_name":"REVISTA CULTURAL","article_published_time":"2025-01-08T14:45:33+00:00","article_modified_time":"2025-01-08T14:45:34+00:00","og_image":[{"width":650,"height":350,"url":"https:\/\/revistaliterariaelgatonegro.com\/wp-content\/uploads\/2025\/01\/premios-zendra.jpg","type":"image\/jpeg"}],"author":"administrador","twitter_card":"summary_large_image","twitter_misc":{"Escrito por":false,"Tiempo de lectura":"3 minutos"},"schema":{"@context":"https:\/\/schema.org","@graph":[{"@type":"Article","@id":"https:\/\/revistaliterariaelgatonegro.com\/?p=17583#article","isPartOf":{"@id":"https:\/\/revistaliterariaelgatonegro.com\/?p=17583"},"author":{"name":"administrador","@id":"https:\/\/revistaliterariaelgatonegro.com\/#\/schema\/person\/6a37dd51e0f101e394e91c123fd12e8a"},"headline":"Ceremonia de entrega premios Zenda 2023-2024","datePublished":"2025-01-08T14:45:33+00:00","dateModified":"2025-01-08T14:45:34+00:00","mainEntityOfPage":{"@id":"https:\/\/revistaliterariaelgatonegro.com\/?p=17583"},"wordCount":589,"commentCount":0,"publisher":{"@id":"https:\/\/revistaliterariaelgatonegro.com\/#\/schema\/person\/6a37dd51e0f101e394e91c123fd12e8a"},"image":{"@id":"https:\/\/revistaliterariaelgatonegro.com\/?p=17583#primaryimage"},"thumbnailUrl":"https:\/\/revistaliterariaelgatonegro.com\/wp-content\/uploads\/2025\/01\/premios-zendra.jpg","articleSection":["Actualidad"],"inLanguage":"es","potentialAction":[{"@type":"CommentAction","name":"Comment","target":["https:\/\/revistaliterariaelgatonegro.com\/?p=17583#respond"]}]},{"@type":"WebPage","@id":"https:\/\/revistaliterariaelgatonegro.com\/?p=17583","url":"https:\/\/revistaliterariaelgatonegro.com\/?p=17583","name":"Ceremonia de entrega premios Zenda 2023-2024 - REVISTA CULTURAL","isPartOf":{"@id":"https:\/\/revistaliterariaelgatonegro.com\/#website"},"primaryImageOfPage":{"@id":"https:\/\/revistaliterariaelgatonegro.com\/?p=17583#primaryimage"},"image":{"@id":"https:\/\/revistaliterariaelgatonegro.com\/?p=17583#primaryimage"},"thumbnailUrl":"https:\/\/revistaliterariaelgatonegro.com\/wp-content\/uploads\/2025\/01\/premios-zendra.jpg","datePublished":"2025-01-08T14:45:33+00:00","dateModified":"2025-01-08T14:45:34+00:00","breadcrumb":{"@id":"https:\/\/revistaliterariaelgatonegro.com\/?p=17583#breadcrumb"},"inLanguage":"es","potentialAction":[{"@type":"ReadAction","target":["https:\/\/revistaliterariaelgatonegro.com\/?p=17583"]}]},{"@type":"ImageObject","inLanguage":"es","@id":"https:\/\/revistaliterariaelgatonegro.com\/?p=17583#primaryimage","url":"https:\/\/revistaliterariaelgatonegro.com\/wp-content\/uploads\/2025\/01\/premios-zendra.jpg","contentUrl":"https:\/\/revistaliterariaelgatonegro.com\/wp-content\/uploads\/2025\/01\/premios-zendra.jpg","width":650,"height":350},{"@type":"BreadcrumbList","@id":"https:\/\/revistaliterariaelgatonegro.com\/?p=17583#breadcrumb","itemListElement":[{"@type":"ListItem","position":1,"name":"Portada","item":"https:\/\/revistaliterariaelgatonegro.com\/"},{"@type":"ListItem","position":2,"name":"Ceremonia de entrega premios Zenda 2023-2024"}]},{"@type":"WebSite","@id":"https:\/\/revistaliterariaelgatonegro.com\/#website","url":"https:\/\/revistaliterariaelgatonegro.com\/","name":"REVISTA CULTURAL","description":" Un nuevo espacio para la divulgaci\u00f3n literaria, as\u00ed como dem\u00e1s artes ","publisher":{"@id":"https:\/\/revistaliterariaelgatonegro.com\/#\/schema\/person\/6a37dd51e0f101e394e91c123fd12e8a"},"potentialAction":[{"@type":"SearchAction","target":{"@type":"EntryPoint","urlTemplate":"https:\/\/revistaliterariaelgatonegro.com\/?s={search_term_string}"},"query-input":{"@type":"PropertyValueSpecification","valueRequired":true,"valueName":"search_term_string"}}],"inLanguage":"es"},{"@type":["Person","Organization"],"@id":"https:\/\/revistaliterariaelgatonegro.com\/#\/schema\/person\/6a37dd51e0f101e394e91c123fd12e8a","name":"administrador","image":{"@type":"ImageObject","inLanguage":"es","@id":"https:\/\/revistaliterariaelgatonegro.com\/wp-content\/uploads\/2025\/12\/cropped-Logotipo-Logo-Marca-personal-Pastel-Amarillo-12-Photoroom.png","url":"https:\/\/revistaliterariaelgatonegro.com\/wp-content\/uploads\/2025\/12\/cropped-Logotipo-Logo-Marca-personal-Pastel-Amarillo-12-Photoroom.png","contentUrl":"https:\/\/revistaliterariaelgatonegro.com\/wp-content\/uploads\/2025\/12\/cropped-Logotipo-Logo-Marca-personal-Pastel-Amarillo-12-Photoroom.png","width":364,"height":212,"caption":"administrador"},"logo":{"@id":"https:\/\/revistaliterariaelgatonegro.com\/wp-content\/uploads\/2025\/12\/cropped-Logotipo-Logo-Marca-personal-Pastel-Amarillo-12-Photoroom.png"},"sameAs":["http:\/\/s864831950.mialojamiento.es"]}]}},"featured_image_urls":{"full":["https:\/\/revistaliterariaelgatonegro.com\/wp-content\/uploads\/2025\/01\/premios-zendra.jpg",650,350,false],"thumbnail":["https:\/\/revistaliterariaelgatonegro.com\/wp-content\/uploads\/2025\/01\/premios-zendra-150x150.jpg",150,150,true],"medium":["https:\/\/revistaliterariaelgatonegro.com\/wp-content\/uploads\/2025\/01\/premios-zendra-300x162.jpg",300,162,true],"medium_large":["https:\/\/revistaliterariaelgatonegro.com\/wp-content\/uploads\/2025\/01\/premios-zendra.jpg",640,345,false],"large":["https:\/\/revistaliterariaelgatonegro.com\/wp-content\/uploads\/2025\/01\/premios-zendra.jpg",640,345,false],"1536x1536":["https:\/\/revistaliterariaelgatonegro.com\/wp-content\/uploads\/2025\/01\/premios-zendra.jpg",650,350,false],"2048x2048":["https:\/\/revistaliterariaelgatonegro.com\/wp-content\/uploads\/2025\/01\/premios-zendra.jpg",650,350,false],"morenews-large":["https:\/\/revistaliterariaelgatonegro.com\/wp-content\/uploads\/2025\/01\/premios-zendra.jpg",650,350,false],"morenews-medium":["https:\/\/revistaliterariaelgatonegro.com\/wp-content\/uploads\/2025\/01\/premios-zendra-590x350.jpg",590,350,true],"woocommerce_thumbnail":["https:\/\/revistaliterariaelgatonegro.com\/wp-content\/uploads\/2025\/01\/premios-zendra-300x162.jpg",300,162,true],"woocommerce_single":["https:\/\/revistaliterariaelgatonegro.com\/wp-content\/uploads\/2025\/01\/premios-zendra-300x162.jpg",300,162,true],"woocommerce_gallery_thumbnail":["https:\/\/revistaliterariaelgatonegro.com\/wp-content\/uploads\/2025\/01\/premios-zendra-100x100.jpg",100,100,true],"dgwt-wcas-product-suggestion":["https:\/\/revistaliterariaelgatonegro.com\/wp-content\/uploads\/2025\/01\/premios-zendra-64x34.jpg",64,34,true]},"author_info":{"display_name":false,"author_link":"https:\/\/revistaliterariaelgatonegro.com\/?author=1"},"category_info":"<a href=\"https:\/\/revistaliterariaelgatonegro.com\/?cat=134\" rel=\"category\">Actualidad<\/a>","tag_info":"Actualidad","comment_count":"0","_links":{"self":[{"href":"https:\/\/revistaliterariaelgatonegro.com\/index.php?rest_route=\/wp\/v2\/posts\/17583","targetHints":{"allow":["GET"]}}],"collection":[{"href":"https:\/\/revistaliterariaelgatonegro.com\/index.php?rest_route=\/wp\/v2\/posts"}],"about":[{"href":"https:\/\/revistaliterariaelgatonegro.com\/index.php?rest_route=\/wp\/v2\/types\/post"}],"author":[{"embeddable":true,"href":"https:\/\/revistaliterariaelgatonegro.com\/index.php?rest_route=\/wp\/v2\/users\/1"}],"replies":[{"embeddable":true,"href":"https:\/\/revistaliterariaelgatonegro.com\/index.php?rest_route=%2Fwp%2Fv2%2Fcomments&post=17583"}],"version-history":[{"count":1,"href":"https:\/\/revistaliterariaelgatonegro.com\/index.php?rest_route=\/wp\/v2\/posts\/17583\/revisions"}],"predecessor-version":[{"id":17584,"href":"https:\/\/revistaliterariaelgatonegro.com\/index.php?rest_route=\/wp\/v2\/posts\/17583\/revisions\/17584"}],"wp:featuredmedia":[{"embeddable":true,"href":"https:\/\/revistaliterariaelgatonegro.com\/index.php?rest_route=\/wp\/v2\/media\/17585"}],"wp:attachment":[{"href":"https:\/\/revistaliterariaelgatonegro.com\/index.php?rest_route=%2Fwp%2Fv2%2Fmedia&parent=17583"}],"wp:term":[{"taxonomy":"category","embeddable":true,"href":"https:\/\/revistaliterariaelgatonegro.com\/index.php?rest_route=%2Fwp%2Fv2%2Fcategories&post=17583"},{"taxonomy":"post_tag","embeddable":true,"href":"https:\/\/revistaliterariaelgatonegro.com\/index.php?rest_route=%2Fwp%2Fv2%2Ftags&post=17583"}],"curies":[{"name":"wp","href":"https:\/\/api.w.org\/{rel}","templated":true}]}}