{"id":17311,"date":"2024-12-16T15:20:14","date_gmt":"2024-12-16T15:20:14","guid":{"rendered":"https:\/\/revistaliterariaelgatonegro.com\/?p=17311"},"modified":"2024-12-16T15:20:14","modified_gmt":"2024-12-16T15:20:14","slug":"tres-recien-graduados-de-las-universidades-politecnicas-de-madrid-y-sevilla-ganan-el-concurso-arte-publico-de-la-fundacion-edp-para-convertir-una-antigua-casona-de-cantabria-en","status":"publish","type":"post","link":"https:\/\/revistaliterariaelgatonegro.com\/?p=17311","title":{"rendered":"Tres reci\u00e9n graduados de las universidades polit\u00e9cnicas de Madrid y Sevilla ganan el concurso\u00a0\u2018Arte P\u00fablico\u2019 de la Fundaci\u00f3n EDP para convertir una antigua casona de Cantabria en un centro sociocultural\u00a0"},"content":{"rendered":"\n<p>La Fundaci\u00f3n EDP ha dado a conocer el proyecto ganador del programa Arte P\u00fablico, que transformar\u00e1 la Casona-Palacio de los Bustillo de Cantabria en un centro de arte y cohesi\u00f3n social. La propuesta \u2018Erre de Muro\u2019, presentada por un equipo de tres j\u00f3venes graduados de la Universidad Polit\u00e9cnica de Madrid y m\u00e1ster por la Universidad de Sevilla, ha conseguido destacar por encima del resto gracias a su enfoque integrador, su visi\u00f3n sostenible y su capacidad para dinamizar el entorno cultural de Puente Viesgo, reforzando su identidad local y atrayendo talento y visitantes a la regi\u00f3n. Un proyecto que plantea la creaci\u00f3n de un centro sociocultural que incluye un auditorio, biblioteca y cafeter\u00eda conectados a una sala de exposiciones e integrando elementos hist\u00f3ricos con arquitectura moderna. Adem\u00e1s, el dise\u00f1o propuesto es sostenible y cuenta con paneles solares y sistemas de reutilizaci\u00f3n de agua.&nbsp;<\/p>\n\n\n\n<p>Esta iniciativa tiene como objetivo ofrecer una soluci\u00f3n integral que combine de manera armoniosa las edificaciones con el paisaje circundante, mediante un enfoque contempor\u00e1neo que abarca la arquitectura, el arte y el dise\u00f1o paisaj\u00edstico, respetando el contexto rural y atendiendo adecuadamente las necesidades de los habitantes de Vargas.&nbsp;<\/p>\n\n\n\n<p>V\u00edctor Blanco, Beatriz Salido y Luc\u00eda Santos, ganadores del concurso con su proyecto \u2018Erre de Muro\u201d, son graduados en Arquitectura por la Universidad Polit\u00e9cnica de Madrid y posteriormente cursaron un m\u00e1ster en la Universidad de Sevilla. \u201cEl concurso nos pareci\u00f3 una gran oportunidad de despegar nuestra carrera y nos pareci\u00f3 muy atractivo, al proponer la rehabilitaci\u00f3n de un edificio de patrimonio hist\u00f3rico y en un entorno tan bonito como Cantabria\u201d, se\u00f1alaba Beatriz Salido. Luc\u00eda Santos explicaba as\u00ed sus sensaciones tras conocer el fallo del jurado: \u201cEstamos sin palabras: acabamos de salir de la carrera, es la primera vez que ganamos un concurso y pensar que algo que hemos proyectado se va a construir es una locura\u201d.&nbsp;<\/p>\n\n\n\n<figure class=\"wp-block-image aligncenter size-large\"><img decoding=\"async\" width=\"700\" height=\"467\" src=\"https:\/\/revistaliterariaelgatonegro.com\/wp-content\/uploads\/2024\/12\/Victor-Blanco-Beatriz-Salido-y-Lucia-Santos-ganadores-del-concurso-con-su-proyecto-\u2018Erre-de-Muro-700x467.jpg\" alt=\"\" class=\"wp-image-17316\" srcset=\"https:\/\/revistaliterariaelgatonegro.com\/wp-content\/uploads\/2024\/12\/Victor-Blanco-Beatriz-Salido-y-Lucia-Santos-ganadores-del-concurso-con-su-proyecto-\u2018Erre-de-Muro-700x467.jpg 700w, https:\/\/revistaliterariaelgatonegro.com\/wp-content\/uploads\/2024\/12\/Victor-Blanco-Beatriz-Salido-y-Lucia-Santos-ganadores-del-concurso-con-su-proyecto-\u2018Erre-de-Muro-300x200.jpg 300w, https:\/\/revistaliterariaelgatonegro.com\/wp-content\/uploads\/2024\/12\/Victor-Blanco-Beatriz-Salido-y-Lucia-Santos-ganadores-del-concurso-con-su-proyecto-\u2018Erre-de-Muro-64x43.jpg 64w, https:\/\/revistaliterariaelgatonegro.com\/wp-content\/uploads\/2024\/12\/Victor-Blanco-Beatriz-Salido-y-Lucia-Santos-ganadores-del-concurso-con-su-proyecto-\u2018Erre-de-Muro-768x512.jpg 768w, https:\/\/revistaliterariaelgatonegro.com\/wp-content\/uploads\/2024\/12\/Victor-Blanco-Beatriz-Salido-y-Lucia-Santos-ganadores-del-concurso-con-su-proyecto-\u2018Erre-de-Muro.jpg 981w\" sizes=\"(max-width: 700px) 100vw, 700px\" \/><\/figure>\n\n\n\n<p>Su proyecto se centra en el muro, cuyo valor se busca preservar, otorg\u00e1ndole el protagonismo que merece, al mismo tiempo que se abre la parcela para restablecer la conexi\u00f3n del pueblo de Vargas con su Casona. \u201cDecidimos darle potencial al muro, practicando una serie de aperturas en \u00e9l y construyendo el nuevo edificio a partir de las piedras originales\u201d, explicaba V\u00edctor Blanco. Adem\u00e1s, el jard\u00edn proyectado da respuesta a las peticiones que los habitantes del pueblo expresaron durante el proceso de participaci\u00f3n ciudadana. \u201cEs un proyecto excelente y muy atractivo que seguramente tendr\u00e1 una gran repercusi\u00f3n en el territorio\u201d, ha valorado Manuel Men\u00e9ndez, presidente de la Fundaci\u00f3n EDP.&nbsp;<\/p>\n\n\n\n<p>Este concurso de ideas, promovido por la Fundaci\u00f3n EDP, ha contado con la participaci\u00f3n de m\u00e1s de cincuenta j\u00f3venes talentos de universidades de toda Espa\u00f1a, quienes han presentado iniciativas innovadoras y sostenibles para revitalizar el espacio p\u00fablico.&nbsp;<\/p>\n\n\n\n<p>El programa tiene como objetivo fomentar el desarrollo local mediante el urbanismo sostenible, la participaci\u00f3n ciudadana y el talento joven. En esta edici\u00f3n, la transformaci\u00f3n de la Casona-Palacio de los Bustillo supone una oportunidad \u00fanica para ampliar la oferta cultural de Puente Viesgo y generar un impacto positivo en la comunidad.&nbsp;<\/p>\n\n\n\n<p>Para poder evaluar las candidaturas, el programa ha contado con un jurado experto formado por referentes en las \u00e1reas de urbanismo, arquitectura, arte y en el sector muse\u00edstico. Sonia Puente, arquitecta y urbanista experta en regeneraci\u00f3n urbana y arquitectura sostenible, ser\u00e1 la persona encargada de coordinar el jurado, que estar\u00e1 formado por F\u00e1tima S\u00e1nchez, directora ejecutiva del Centro Bot\u00edn; Teresa T\u00e1boas, arquitecta y miembro del Consejo de la Uni\u00f3n Internacional de Arquitectos; Jose Mar\u00eda Ezquiaga, arquitecto experto en gesti\u00f3n del territorio y Premio Europeo de Planificaci\u00f3n Urbana; Jaime Sordo, presidente de la Asociaci\u00f3n de Coleccionistas Privados 9915 y propietario de la Colecci\u00f3n Los Bragales; y Roberto Onta\u00f1\u00f3n, director del Museo de Prehistoria y Arqueolog\u00eda de Cantabria.&nbsp;<\/p>\n\n\n\n<p>El acto tambi\u00e9n ha servido para reconocer a los otros dos proyectos finalistas: \u2018Charnela\u2019, presentado por talentos de la Escuela T\u00e9cnica Superior de Arquitectura de A Coru\u00f1a, y \u00abMural\u00bb, ideado por estudiantes de la Universidad Polit\u00e9cnica de Catalu\u00f1a. Ambos proyectos tambi\u00e9n reflejan la creatividad y el compromiso de las nuevas generaciones con el desarrollo territorial sostenible.&nbsp;<\/p>\n\n\n\n<p>Este colaborativo proyecto incluye la participaci\u00f3n de los vecinos de Puente Viesgo. Se han realizado sesiones abiertas para definir las necesidades del nuevo espacio, garantizando que la rehabilitaci\u00f3n de la Casona-Palacio responda a sus expectativas y a\u00f1ada valor al entorno.\u00a0<\/p>\n\n\n\n<p>Hoy comienza una nueva etapa para el programa con la puesta en marcha del proyecto ganador. La comunidad local, que ya estuvo involucrada en las primeras fases del concurso mediante sesiones de participaci\u00f3n ciudadana, seguir\u00e1 siendo parte activa del proceso. Adem\u00e1s, la ejecuci\u00f3n de la obra incluir\u00e1 una evaluaci\u00f3n de impacto social con la metodolog\u00eda SROI, lo que permitir\u00e1 medir su contribuci\u00f3n al desarrollo a largo plazo.&nbsp;<\/p>\n\n\n\n<p><strong>Puente de Viesgo recoge el testigo de la primera edici\u00f3n de Arte P\u00fablico<\/strong>&nbsp;<\/p>\n\n\n\n<p>La Fundaci\u00f3n EDP, en colaboraci\u00f3n con el Ayuntamiento de Ribera de Arriba (Asturias), lanz\u00f3 la primera edici\u00f3n del programa Arte P\u00fablico para la puesta en marcha de un espacio cultural polivalente en el concejo. De las treinta y tres propuestas recibidas, con cerca de sesenta participantes de veinte universidades de Espa\u00f1a, la Central Art\u00edstica de Bue\u00f1o (CAB) result\u00f3 ganadora por su innovaci\u00f3n y creatividad. En 2022 se iniciaron las obras para la construcci\u00f3n del nuevo espacio y, en septiembre de 2023, tras invitar a la Embajada de Portugal en Espa\u00f1a y al Museo de Arte, Arquitectura y Tecnolog\u00eda de Lisboa a unirse al\u00a0proyecto para idear la programaci\u00f3n art\u00edstica de la central, se inaugur\u00f3. Desde entonces, artistas internacionales como la fadista Carminho o el artista visual Jo\u00e3o Pimenta Gomes han actuado en el nuevo espacio.\u00a0<\/p>\n\n\n\n<p><strong>Sobre la Fundaci\u00f3n EDP<\/strong>&nbsp;<\/p>\n\n\n\n<p>La Fundaci\u00f3n EDP tiene como objetivo reforzar el compromiso del Grupo EDP en los \u00e1mbitos geogr\u00e1ficos en que desarrolla su actividad, con especial atenci\u00f3n a las \u00e1reas educativa, cultural, social y medioambiental dentro de una perspectiva de desarrollo sostenible global, en el que la generaci\u00f3n y utilizaci\u00f3n eficiente y responsable de la energ\u00eda juega un papel determinante.&nbsp;<\/p>\n\n\n\n<p><\/p>\n","protected":false},"excerpt":{"rendered":"<p>La Fundaci\u00f3n EDP ha dado a conocer el proyecto ganador del programa Arte P\u00fablico, que transformar\u00e1 la Casona-Palacio<\/p>\n","protected":false},"author":1,"featured_media":17314,"comment_status":"open","ping_status":"open","sticky":false,"template":"","format":"standard","meta":{"footnotes":""},"categories":[135],"tags":[],"class_list":["post-17311","post","type-post","status-publish","format-standard","has-post-thumbnail","hentry","category-general"],"yoast_head":"<!-- This site is optimized with the Yoast SEO plugin v27.4 - https:\/\/yoast.com\/product\/yoast-seo-wordpress\/ -->\n<title>Tres reci\u00e9n graduados de las universidades polit\u00e9cnicas de Madrid y Sevilla ganan el concurso\u00a0\u2018Arte P\u00fablico\u2019 de la Fundaci\u00f3n EDP para convertir una antigua casona de Cantabria en un centro sociocultural\u00a0 - REVISTA CULTURAL<\/title>\n<meta name=\"robots\" content=\"index, follow, max-snippet:-1, max-image-preview:large, max-video-preview:-1\" \/>\n<link rel=\"canonical\" href=\"https:\/\/revistaliterariaelgatonegro.com\/?p=17311\" \/>\n<meta property=\"og:locale\" content=\"es_ES\" \/>\n<meta property=\"og:type\" content=\"article\" \/>\n<meta property=\"og:title\" content=\"Tres reci\u00e9n graduados de las universidades polit\u00e9cnicas de Madrid y Sevilla ganan el concurso\u00a0\u2018Arte P\u00fablico\u2019 de la Fundaci\u00f3n EDP para convertir una antigua casona de Cantabria en un centro sociocultural\u00a0 - REVISTA CULTURAL\" \/>\n<meta property=\"og:description\" content=\"La Fundaci\u00f3n EDP ha dado a conocer el proyecto ganador del programa Arte P\u00fablico, que transformar\u00e1 la Casona-Palacio\" \/>\n<meta property=\"og:url\" content=\"https:\/\/revistaliterariaelgatonegro.com\/?p=17311\" \/>\n<meta property=\"og:site_name\" content=\"REVISTA CULTURAL\" \/>\n<meta property=\"article:published_time\" content=\"2024-12-16T15:20:14+00:00\" \/>\n<meta property=\"og:image\" content=\"https:\/\/revistaliterariaelgatonegro.com\/wp-content\/uploads\/2024\/12\/Manuel-Menendez-presidente-de-la-Fundacion-EDP-otorga-el-premio-a-los-ganadores-del-concurso.jpg\" \/>\n\t<meta property=\"og:image:width\" content=\"981\" \/>\n\t<meta property=\"og:image:height\" content=\"654\" \/>\n\t<meta property=\"og:image:type\" content=\"image\/jpeg\" \/>\n<meta name=\"author\" content=\"administrador\" \/>\n<meta name=\"twitter:card\" content=\"summary_large_image\" \/>\n<meta name=\"twitter:label1\" content=\"Escrito por\" \/>\n\t<meta name=\"twitter:data1\" content=\"\" \/>\n\t<meta name=\"twitter:label2\" content=\"Tiempo de lectura\" \/>\n\t<meta name=\"twitter:data2\" content=\"5 minutos\" \/>\n<script type=\"application\/ld+json\" class=\"yoast-schema-graph\">{\"@context\":\"https:\\\/\\\/schema.org\",\"@graph\":[{\"@type\":\"Article\",\"@id\":\"https:\\\/\\\/revistaliterariaelgatonegro.com\\\/?p=17311#article\",\"isPartOf\":{\"@id\":\"https:\\\/\\\/revistaliterariaelgatonegro.com\\\/?p=17311\"},\"author\":{\"name\":\"administrador\",\"@id\":\"https:\\\/\\\/revistaliterariaelgatonegro.com\\\/#\\\/schema\\\/person\\\/6a37dd51e0f101e394e91c123fd12e8a\"},\"headline\":\"Tres reci\u00e9n graduados de las universidades polit\u00e9cnicas de Madrid y Sevilla ganan el concurso\u00a0\u2018Arte P\u00fablico\u2019 de la Fundaci\u00f3n EDP para convertir una antigua casona de Cantabria en un centro sociocultural\u00a0\",\"datePublished\":\"2024-12-16T15:20:14+00:00\",\"mainEntityOfPage\":{\"@id\":\"https:\\\/\\\/revistaliterariaelgatonegro.com\\\/?p=17311\"},\"wordCount\":1130,\"commentCount\":0,\"publisher\":{\"@id\":\"https:\\\/\\\/revistaliterariaelgatonegro.com\\\/#\\\/schema\\\/person\\\/6a37dd51e0f101e394e91c123fd12e8a\"},\"image\":{\"@id\":\"https:\\\/\\\/revistaliterariaelgatonegro.com\\\/?p=17311#primaryimage\"},\"thumbnailUrl\":\"https:\\\/\\\/revistaliterariaelgatonegro.com\\\/wp-content\\\/uploads\\\/2024\\\/12\\\/Manuel-Menendez-presidente-de-la-Fundacion-EDP-otorga-el-premio-a-los-ganadores-del-concurso.jpg\",\"articleSection\":[\"General\"],\"inLanguage\":\"es\",\"potentialAction\":[{\"@type\":\"CommentAction\",\"name\":\"Comment\",\"target\":[\"https:\\\/\\\/revistaliterariaelgatonegro.com\\\/?p=17311#respond\"]}]},{\"@type\":\"WebPage\",\"@id\":\"https:\\\/\\\/revistaliterariaelgatonegro.com\\\/?p=17311\",\"url\":\"https:\\\/\\\/revistaliterariaelgatonegro.com\\\/?p=17311\",\"name\":\"Tres reci\u00e9n graduados de las universidades polit\u00e9cnicas de Madrid y Sevilla ganan el concurso\u00a0\u2018Arte P\u00fablico\u2019 de la Fundaci\u00f3n EDP para convertir una antigua casona de Cantabria en un centro sociocultural\u00a0 - REVISTA CULTURAL\",\"isPartOf\":{\"@id\":\"https:\\\/\\\/revistaliterariaelgatonegro.com\\\/#website\"},\"primaryImageOfPage\":{\"@id\":\"https:\\\/\\\/revistaliterariaelgatonegro.com\\\/?p=17311#primaryimage\"},\"image\":{\"@id\":\"https:\\\/\\\/revistaliterariaelgatonegro.com\\\/?p=17311#primaryimage\"},\"thumbnailUrl\":\"https:\\\/\\\/revistaliterariaelgatonegro.com\\\/wp-content\\\/uploads\\\/2024\\\/12\\\/Manuel-Menendez-presidente-de-la-Fundacion-EDP-otorga-el-premio-a-los-ganadores-del-concurso.jpg\",\"datePublished\":\"2024-12-16T15:20:14+00:00\",\"breadcrumb\":{\"@id\":\"https:\\\/\\\/revistaliterariaelgatonegro.com\\\/?p=17311#breadcrumb\"},\"inLanguage\":\"es\",\"potentialAction\":[{\"@type\":\"ReadAction\",\"target\":[\"https:\\\/\\\/revistaliterariaelgatonegro.com\\\/?p=17311\"]}]},{\"@type\":\"ImageObject\",\"inLanguage\":\"es\",\"@id\":\"https:\\\/\\\/revistaliterariaelgatonegro.com\\\/?p=17311#primaryimage\",\"url\":\"https:\\\/\\\/revistaliterariaelgatonegro.com\\\/wp-content\\\/uploads\\\/2024\\\/12\\\/Manuel-Menendez-presidente-de-la-Fundacion-EDP-otorga-el-premio-a-los-ganadores-del-concurso.jpg\",\"contentUrl\":\"https:\\\/\\\/revistaliterariaelgatonegro.com\\\/wp-content\\\/uploads\\\/2024\\\/12\\\/Manuel-Menendez-presidente-de-la-Fundacion-EDP-otorga-el-premio-a-los-ganadores-del-concurso.jpg\",\"width\":981,\"height\":654},{\"@type\":\"BreadcrumbList\",\"@id\":\"https:\\\/\\\/revistaliterariaelgatonegro.com\\\/?p=17311#breadcrumb\",\"itemListElement\":[{\"@type\":\"ListItem\",\"position\":1,\"name\":\"Portada\",\"item\":\"https:\\\/\\\/revistaliterariaelgatonegro.com\\\/\"},{\"@type\":\"ListItem\",\"position\":2,\"name\":\"Tres reci\u00e9n graduados de las universidades polit\u00e9cnicas de Madrid y Sevilla ganan el concurso\u00a0\u2018Arte P\u00fablico\u2019 de la Fundaci\u00f3n EDP para convertir una antigua casona de Cantabria en un centro sociocultural\u00a0\"}]},{\"@type\":\"WebSite\",\"@id\":\"https:\\\/\\\/revistaliterariaelgatonegro.com\\\/#website\",\"url\":\"https:\\\/\\\/revistaliterariaelgatonegro.com\\\/\",\"name\":\"REVISTA CULTURAL\",\"description\":\" Un nuevo espacio para la divulgaci\u00f3n literaria, as\u00ed como dem\u00e1s artes \",\"publisher\":{\"@id\":\"https:\\\/\\\/revistaliterariaelgatonegro.com\\\/#\\\/schema\\\/person\\\/6a37dd51e0f101e394e91c123fd12e8a\"},\"potentialAction\":[{\"@type\":\"SearchAction\",\"target\":{\"@type\":\"EntryPoint\",\"urlTemplate\":\"https:\\\/\\\/revistaliterariaelgatonegro.com\\\/?s={search_term_string}\"},\"query-input\":{\"@type\":\"PropertyValueSpecification\",\"valueRequired\":true,\"valueName\":\"search_term_string\"}}],\"inLanguage\":\"es\"},{\"@type\":[\"Person\",\"Organization\"],\"@id\":\"https:\\\/\\\/revistaliterariaelgatonegro.com\\\/#\\\/schema\\\/person\\\/6a37dd51e0f101e394e91c123fd12e8a\",\"name\":\"administrador\",\"image\":{\"@type\":\"ImageObject\",\"inLanguage\":\"es\",\"@id\":\"https:\\\/\\\/revistaliterariaelgatonegro.com\\\/wp-content\\\/uploads\\\/2025\\\/12\\\/cropped-Logotipo-Logo-Marca-personal-Pastel-Amarillo-12-Photoroom.png\",\"url\":\"https:\\\/\\\/revistaliterariaelgatonegro.com\\\/wp-content\\\/uploads\\\/2025\\\/12\\\/cropped-Logotipo-Logo-Marca-personal-Pastel-Amarillo-12-Photoroom.png\",\"contentUrl\":\"https:\\\/\\\/revistaliterariaelgatonegro.com\\\/wp-content\\\/uploads\\\/2025\\\/12\\\/cropped-Logotipo-Logo-Marca-personal-Pastel-Amarillo-12-Photoroom.png\",\"width\":364,\"height\":212,\"caption\":\"administrador\"},\"logo\":{\"@id\":\"https:\\\/\\\/revistaliterariaelgatonegro.com\\\/wp-content\\\/uploads\\\/2025\\\/12\\\/cropped-Logotipo-Logo-Marca-personal-Pastel-Amarillo-12-Photoroom.png\"},\"sameAs\":[\"http:\\\/\\\/s864831950.mialojamiento.es\"]}]}<\/script>\n<!-- \/ Yoast SEO plugin. -->","yoast_head_json":{"title":"Tres reci\u00e9n graduados de las universidades polit\u00e9cnicas de Madrid y Sevilla ganan el concurso\u00a0\u2018Arte P\u00fablico\u2019 de la Fundaci\u00f3n EDP para convertir una antigua casona de Cantabria en un centro sociocultural\u00a0 - REVISTA CULTURAL","robots":{"index":"index","follow":"follow","max-snippet":"max-snippet:-1","max-image-preview":"max-image-preview:large","max-video-preview":"max-video-preview:-1"},"canonical":"https:\/\/revistaliterariaelgatonegro.com\/?p=17311","og_locale":"es_ES","og_type":"article","og_title":"Tres reci\u00e9n graduados de las universidades polit\u00e9cnicas de Madrid y Sevilla ganan el concurso\u00a0\u2018Arte P\u00fablico\u2019 de la Fundaci\u00f3n EDP para convertir una antigua casona de Cantabria en un centro sociocultural\u00a0 - REVISTA CULTURAL","og_description":"La Fundaci\u00f3n EDP ha dado a conocer el proyecto ganador del programa Arte P\u00fablico, que transformar\u00e1 la Casona-Palacio","og_url":"https:\/\/revistaliterariaelgatonegro.com\/?p=17311","og_site_name":"REVISTA CULTURAL","article_published_time":"2024-12-16T15:20:14+00:00","og_image":[{"width":981,"height":654,"url":"https:\/\/revistaliterariaelgatonegro.com\/wp-content\/uploads\/2024\/12\/Manuel-Menendez-presidente-de-la-Fundacion-EDP-otorga-el-premio-a-los-ganadores-del-concurso.jpg","type":"image\/jpeg"}],"author":"administrador","twitter_card":"summary_large_image","twitter_misc":{"Escrito por":false,"Tiempo de lectura":"5 minutos"},"schema":{"@context":"https:\/\/schema.org","@graph":[{"@type":"Article","@id":"https:\/\/revistaliterariaelgatonegro.com\/?p=17311#article","isPartOf":{"@id":"https:\/\/revistaliterariaelgatonegro.com\/?p=17311"},"author":{"name":"administrador","@id":"https:\/\/revistaliterariaelgatonegro.com\/#\/schema\/person\/6a37dd51e0f101e394e91c123fd12e8a"},"headline":"Tres reci\u00e9n graduados de las universidades polit\u00e9cnicas de Madrid y Sevilla ganan el concurso\u00a0\u2018Arte P\u00fablico\u2019 de la Fundaci\u00f3n EDP para convertir una antigua casona de Cantabria en un centro sociocultural\u00a0","datePublished":"2024-12-16T15:20:14+00:00","mainEntityOfPage":{"@id":"https:\/\/revistaliterariaelgatonegro.com\/?p=17311"},"wordCount":1130,"commentCount":0,"publisher":{"@id":"https:\/\/revistaliterariaelgatonegro.com\/#\/schema\/person\/6a37dd51e0f101e394e91c123fd12e8a"},"image":{"@id":"https:\/\/revistaliterariaelgatonegro.com\/?p=17311#primaryimage"},"thumbnailUrl":"https:\/\/revistaliterariaelgatonegro.com\/wp-content\/uploads\/2024\/12\/Manuel-Menendez-presidente-de-la-Fundacion-EDP-otorga-el-premio-a-los-ganadores-del-concurso.jpg","articleSection":["General"],"inLanguage":"es","potentialAction":[{"@type":"CommentAction","name":"Comment","target":["https:\/\/revistaliterariaelgatonegro.com\/?p=17311#respond"]}]},{"@type":"WebPage","@id":"https:\/\/revistaliterariaelgatonegro.com\/?p=17311","url":"https:\/\/revistaliterariaelgatonegro.com\/?p=17311","name":"Tres reci\u00e9n graduados de las universidades polit\u00e9cnicas de Madrid y Sevilla ganan el concurso\u00a0\u2018Arte P\u00fablico\u2019 de la Fundaci\u00f3n EDP para convertir una antigua casona de Cantabria en un centro sociocultural\u00a0 - REVISTA CULTURAL","isPartOf":{"@id":"https:\/\/revistaliterariaelgatonegro.com\/#website"},"primaryImageOfPage":{"@id":"https:\/\/revistaliterariaelgatonegro.com\/?p=17311#primaryimage"},"image":{"@id":"https:\/\/revistaliterariaelgatonegro.com\/?p=17311#primaryimage"},"thumbnailUrl":"https:\/\/revistaliterariaelgatonegro.com\/wp-content\/uploads\/2024\/12\/Manuel-Menendez-presidente-de-la-Fundacion-EDP-otorga-el-premio-a-los-ganadores-del-concurso.jpg","datePublished":"2024-12-16T15:20:14+00:00","breadcrumb":{"@id":"https:\/\/revistaliterariaelgatonegro.com\/?p=17311#breadcrumb"},"inLanguage":"es","potentialAction":[{"@type":"ReadAction","target":["https:\/\/revistaliterariaelgatonegro.com\/?p=17311"]}]},{"@type":"ImageObject","inLanguage":"es","@id":"https:\/\/revistaliterariaelgatonegro.com\/?p=17311#primaryimage","url":"https:\/\/revistaliterariaelgatonegro.com\/wp-content\/uploads\/2024\/12\/Manuel-Menendez-presidente-de-la-Fundacion-EDP-otorga-el-premio-a-los-ganadores-del-concurso.jpg","contentUrl":"https:\/\/revistaliterariaelgatonegro.com\/wp-content\/uploads\/2024\/12\/Manuel-Menendez-presidente-de-la-Fundacion-EDP-otorga-el-premio-a-los-ganadores-del-concurso.jpg","width":981,"height":654},{"@type":"BreadcrumbList","@id":"https:\/\/revistaliterariaelgatonegro.com\/?p=17311#breadcrumb","itemListElement":[{"@type":"ListItem","position":1,"name":"Portada","item":"https:\/\/revistaliterariaelgatonegro.com\/"},{"@type":"ListItem","position":2,"name":"Tres reci\u00e9n graduados de las universidades polit\u00e9cnicas de Madrid y Sevilla ganan el concurso\u00a0\u2018Arte P\u00fablico\u2019 de la Fundaci\u00f3n EDP para convertir una antigua casona de Cantabria en un centro sociocultural\u00a0"}]},{"@type":"WebSite","@id":"https:\/\/revistaliterariaelgatonegro.com\/#website","url":"https:\/\/revistaliterariaelgatonegro.com\/","name":"REVISTA CULTURAL","description":" Un nuevo espacio para la divulgaci\u00f3n literaria, as\u00ed como dem\u00e1s artes ","publisher":{"@id":"https:\/\/revistaliterariaelgatonegro.com\/#\/schema\/person\/6a37dd51e0f101e394e91c123fd12e8a"},"potentialAction":[{"@type":"SearchAction","target":{"@type":"EntryPoint","urlTemplate":"https:\/\/revistaliterariaelgatonegro.com\/?s={search_term_string}"},"query-input":{"@type":"PropertyValueSpecification","valueRequired":true,"valueName":"search_term_string"}}],"inLanguage":"es"},{"@type":["Person","Organization"],"@id":"https:\/\/revistaliterariaelgatonegro.com\/#\/schema\/person\/6a37dd51e0f101e394e91c123fd12e8a","name":"administrador","image":{"@type":"ImageObject","inLanguage":"es","@id":"https:\/\/revistaliterariaelgatonegro.com\/wp-content\/uploads\/2025\/12\/cropped-Logotipo-Logo-Marca-personal-Pastel-Amarillo-12-Photoroom.png","url":"https:\/\/revistaliterariaelgatonegro.com\/wp-content\/uploads\/2025\/12\/cropped-Logotipo-Logo-Marca-personal-Pastel-Amarillo-12-Photoroom.png","contentUrl":"https:\/\/revistaliterariaelgatonegro.com\/wp-content\/uploads\/2025\/12\/cropped-Logotipo-Logo-Marca-personal-Pastel-Amarillo-12-Photoroom.png","width":364,"height":212,"caption":"administrador"},"logo":{"@id":"https:\/\/revistaliterariaelgatonegro.com\/wp-content\/uploads\/2025\/12\/cropped-Logotipo-Logo-Marca-personal-Pastel-Amarillo-12-Photoroom.png"},"sameAs":["http:\/\/s864831950.mialojamiento.es"]}]}},"featured_image_urls":{"full":["https:\/\/revistaliterariaelgatonegro.com\/wp-content\/uploads\/2024\/12\/Manuel-Menendez-presidente-de-la-Fundacion-EDP-otorga-el-premio-a-los-ganadores-del-concurso.jpg",981,654,false],"thumbnail":["https:\/\/revistaliterariaelgatonegro.com\/wp-content\/uploads\/2024\/12\/Manuel-Menendez-presidente-de-la-Fundacion-EDP-otorga-el-premio-a-los-ganadores-del-concurso-150x150.jpg",150,150,true],"medium":["https:\/\/revistaliterariaelgatonegro.com\/wp-content\/uploads\/2024\/12\/Manuel-Menendez-presidente-de-la-Fundacion-EDP-otorga-el-premio-a-los-ganadores-del-concurso-300x200.jpg",300,200,true],"medium_large":["https:\/\/revistaliterariaelgatonegro.com\/wp-content\/uploads\/2024\/12\/Manuel-Menendez-presidente-de-la-Fundacion-EDP-otorga-el-premio-a-los-ganadores-del-concurso-768x512.jpg",640,427,true],"large":["https:\/\/revistaliterariaelgatonegro.com\/wp-content\/uploads\/2024\/12\/Manuel-Menendez-presidente-de-la-Fundacion-EDP-otorga-el-premio-a-los-ganadores-del-concurso-700x467.jpg",640,427,true],"1536x1536":["https:\/\/revistaliterariaelgatonegro.com\/wp-content\/uploads\/2024\/12\/Manuel-Menendez-presidente-de-la-Fundacion-EDP-otorga-el-premio-a-los-ganadores-del-concurso.jpg",981,654,false],"2048x2048":["https:\/\/revistaliterariaelgatonegro.com\/wp-content\/uploads\/2024\/12\/Manuel-Menendez-presidente-de-la-Fundacion-EDP-otorga-el-premio-a-los-ganadores-del-concurso.jpg",981,654,false],"morenews-large":["https:\/\/revistaliterariaelgatonegro.com\/wp-content\/uploads\/2024\/12\/Manuel-Menendez-presidente-de-la-Fundacion-EDP-otorga-el-premio-a-los-ganadores-del-concurso-825x575.jpg",825,575,true],"morenews-medium":["https:\/\/revistaliterariaelgatonegro.com\/wp-content\/uploads\/2024\/12\/Manuel-Menendez-presidente-de-la-Fundacion-EDP-otorga-el-premio-a-los-ganadores-del-concurso-590x410.jpg",590,410,true],"woocommerce_thumbnail":["https:\/\/revistaliterariaelgatonegro.com\/wp-content\/uploads\/2024\/12\/Manuel-Menendez-presidente-de-la-Fundacion-EDP-otorga-el-premio-a-los-ganadores-del-concurso-300x200.jpg",300,200,true],"woocommerce_single":["https:\/\/revistaliterariaelgatonegro.com\/wp-content\/uploads\/2024\/12\/Manuel-Menendez-presidente-de-la-Fundacion-EDP-otorga-el-premio-a-los-ganadores-del-concurso-300x200.jpg",300,200,true],"woocommerce_gallery_thumbnail":["https:\/\/revistaliterariaelgatonegro.com\/wp-content\/uploads\/2024\/12\/Manuel-Menendez-presidente-de-la-Fundacion-EDP-otorga-el-premio-a-los-ganadores-del-concurso-100x100.jpg",100,100,true],"dgwt-wcas-product-suggestion":["https:\/\/revistaliterariaelgatonegro.com\/wp-content\/uploads\/2024\/12\/Manuel-Menendez-presidente-de-la-Fundacion-EDP-otorga-el-premio-a-los-ganadores-del-concurso-64x43.jpg",64,43,true]},"author_info":{"display_name":false,"author_link":"https:\/\/revistaliterariaelgatonegro.com\/?author=1"},"category_info":"<a href=\"https:\/\/revistaliterariaelgatonegro.com\/?cat=135\" rel=\"category\">General<\/a>","tag_info":"General","comment_count":"0","_links":{"self":[{"href":"https:\/\/revistaliterariaelgatonegro.com\/index.php?rest_route=\/wp\/v2\/posts\/17311","targetHints":{"allow":["GET"]}}],"collection":[{"href":"https:\/\/revistaliterariaelgatonegro.com\/index.php?rest_route=\/wp\/v2\/posts"}],"about":[{"href":"https:\/\/revistaliterariaelgatonegro.com\/index.php?rest_route=\/wp\/v2\/types\/post"}],"author":[{"embeddable":true,"href":"https:\/\/revistaliterariaelgatonegro.com\/index.php?rest_route=\/wp\/v2\/users\/1"}],"replies":[{"embeddable":true,"href":"https:\/\/revistaliterariaelgatonegro.com\/index.php?rest_route=%2Fwp%2Fv2%2Fcomments&post=17311"}],"version-history":[{"count":3,"href":"https:\/\/revistaliterariaelgatonegro.com\/index.php?rest_route=\/wp\/v2\/posts\/17311\/revisions"}],"predecessor-version":[{"id":17317,"href":"https:\/\/revistaliterariaelgatonegro.com\/index.php?rest_route=\/wp\/v2\/posts\/17311\/revisions\/17317"}],"wp:featuredmedia":[{"embeddable":true,"href":"https:\/\/revistaliterariaelgatonegro.com\/index.php?rest_route=\/wp\/v2\/media\/17314"}],"wp:attachment":[{"href":"https:\/\/revistaliterariaelgatonegro.com\/index.php?rest_route=%2Fwp%2Fv2%2Fmedia&parent=17311"}],"wp:term":[{"taxonomy":"category","embeddable":true,"href":"https:\/\/revistaliterariaelgatonegro.com\/index.php?rest_route=%2Fwp%2Fv2%2Fcategories&post=17311"},{"taxonomy":"post_tag","embeddable":true,"href":"https:\/\/revistaliterariaelgatonegro.com\/index.php?rest_route=%2Fwp%2Fv2%2Ftags&post=17311"}],"curies":[{"name":"wp","href":"https:\/\/api.w.org\/{rel}","templated":true}]}}