{"id":1722,"date":"2021-07-22T21:19:30","date_gmt":"2021-07-22T21:19:30","guid":{"rendered":"https:\/\/revistaliterariaelgatonegro.com\/?page_id=1722"},"modified":"2023-10-25T18:22:09","modified_gmt":"2023-10-25T18:22:09","slug":"presentacion-de-noel-vicens-boileau","status":"publish","type":"post","link":"https:\/\/revistaliterariaelgatonegro.com\/?p=1722","title":{"rendered":"Presentaci\u00f3n de No\u00ebl Vicens Boileau"},"content":{"rendered":"\n<p class=\"has-drop-cap\">No\u00ebl Vicens Boileau naci\u00f3 en Canad\u00e1 en el a\u00f1o 1990 y es profesor de filosof\u00eda en secundaria en las Islas Baleares. Su formaci\u00f3n acad\u00e9mica siempre ha girado en torno a esta disciplina, obteniendo el Grado de Filosof\u00eda en el 2014, el M\u00e1ster de Filosof\u00eda el 2015 y en el 2018 el M\u00e1ster de Formaci\u00f3n de Profesorado en la UIB. <\/p>\n\n\n\n<blockquote class=\"wp-block-quote is-layout-flow wp-block-quote-is-layout-flow\">\n<p class=\"has-text-align-center has-medium-font-size\"><strong>La fotograf\u00eda es el arte de la observaci\u00f3n. Se trata de encontrar algo interesante en un lugar ordinario. Me he dado cuenta de que tiene poco que ver con las cosas que ves y mucho con c\u00f3mo las ves. <\/strong><\/p>\n<cite><em>Elliott Erwitt<\/em><\/cite><\/blockquote>\n\n\n\n<p>Ha dado charlas tanto a nivel nacional como internacional de los temas que m\u00e1s le han llamado la atenci\u00f3n, ya sea Nietzsche, Ortega y Gasset o el uso del humor negro en las redes sociales. Tambi\u00e9n es el autor de la novela de ciencia ficci\u00f3n dist\u00f3pica A-t\u00f3pos, editada en Ediciones Alf\u00e9izar.<\/p>\n\n\n\n<p><\/p>\n\n\n\n<p class=\"has-drop-cap\"><br>Viajero que ha estado en ambos hemisferios y contempla la vida local con asombro, lo que le ha ayudado a comprender mejor este misterio que es el ser humano.<\/p>\n","protected":false},"excerpt":{"rendered":"<p>No\u00ebl Vicens Boileau naci\u00f3 en Canad\u00e1 en el a\u00f1o 1990 y es profesor de filosof\u00eda en secundaria en<\/p>\n","protected":false},"author":1,"featured_media":1742,"comment_status":"closed","ping_status":"closed","sticky":false,"template":"","format":"standard","meta":{"footnotes":""},"categories":[33],"tags":[],"class_list":["post-1722","post","type-post","status-publish","format-standard","has-post-thumbnail","hentry","category-fotografia"],"yoast_head":"<!-- This site is optimized with the Yoast SEO plugin v27.5 - https:\/\/yoast.com\/product\/yoast-seo-wordpress\/ -->\n<title>Presentaci\u00f3n de No\u00ebl Vicens Boileau - REVISTA CULTURAL<\/title>\n<meta name=\"robots\" content=\"index, follow, max-snippet:-1, max-image-preview:large, max-video-preview:-1\" \/>\n<link rel=\"canonical\" href=\"https:\/\/revistaliterariaelgatonegro.com\/?p=1722\" \/>\n<meta property=\"og:locale\" content=\"es_ES\" \/>\n<meta property=\"og:type\" content=\"article\" \/>\n<meta property=\"og:title\" content=\"Presentaci\u00f3n de No\u00ebl Vicens Boileau - REVISTA CULTURAL\" \/>\n<meta property=\"og:description\" content=\"No\u00ebl Vicens Boileau naci\u00f3 en Canad\u00e1 en el a\u00f1o 1990 y es profesor de filosof\u00eda en secundaria en\" \/>\n<meta property=\"og:url\" content=\"https:\/\/revistaliterariaelgatonegro.com\/?p=1722\" \/>\n<meta property=\"og:site_name\" content=\"REVISTA CULTURAL\" \/>\n<meta property=\"article:published_time\" content=\"2021-07-22T21:19:30+00:00\" \/>\n<meta property=\"article:modified_time\" content=\"2023-10-25T18:22:09+00:00\" \/>\n<meta property=\"og:image\" content=\"https:\/\/revistaliterariaelgatonegro.com\/wp-content\/uploads\/2021\/07\/noel-foto.jpg\" \/>\n\t<meta property=\"og:image:width\" content=\"600\" \/>\n\t<meta property=\"og:image:height\" content=\"800\" \/>\n\t<meta property=\"og:image:type\" content=\"image\/jpeg\" \/>\n<meta name=\"author\" content=\"administrador\" \/>\n<meta name=\"twitter:card\" content=\"summary_large_image\" \/>\n<meta name=\"twitter:image\" content=\"https:\/\/revistaliterariaelgatonegro.com\/wp-content\/uploads\/2021\/07\/noel-foto.jpg\" \/>\n<meta name=\"twitter:label1\" content=\"Escrito por\" \/>\n\t<meta name=\"twitter:data1\" content=\"\" \/>\n\t<meta name=\"twitter:label2\" content=\"Tiempo de lectura\" \/>\n\t<meta name=\"twitter:data2\" content=\"1 minuto\" \/>\n<script type=\"application\/ld+json\" class=\"yoast-schema-graph\">{\"@context\":\"https:\\\/\\\/schema.org\",\"@graph\":[{\"@type\":\"Article\",\"@id\":\"https:\\\/\\\/revistaliterariaelgatonegro.com\\\/?p=1722#article\",\"isPartOf\":{\"@id\":\"https:\\\/\\\/revistaliterariaelgatonegro.com\\\/?p=1722\"},\"author\":{\"name\":\"administrador\",\"@id\":\"https:\\\/\\\/revistaliterariaelgatonegro.com\\\/#\\\/schema\\\/person\\\/6a37dd51e0f101e394e91c123fd12e8a\"},\"headline\":\"Presentaci\u00f3n de No\u00ebl Vicens Boileau\",\"datePublished\":\"2021-07-22T21:19:30+00:00\",\"dateModified\":\"2023-10-25T18:22:09+00:00\",\"mainEntityOfPage\":{\"@id\":\"https:\\\/\\\/revistaliterariaelgatonegro.com\\\/?p=1722\"},\"wordCount\":203,\"publisher\":{\"@id\":\"https:\\\/\\\/revistaliterariaelgatonegro.com\\\/#\\\/schema\\\/person\\\/6a37dd51e0f101e394e91c123fd12e8a\"},\"image\":{\"@id\":\"https:\\\/\\\/revistaliterariaelgatonegro.com\\\/?p=1722#primaryimage\"},\"thumbnailUrl\":\"https:\\\/\\\/revistaliterariaelgatonegro.com\\\/wp-content\\\/uploads\\\/2021\\\/07\\\/noel-foto.jpg\",\"articleSection\":[\"Fotograf\u00eda\"],\"inLanguage\":\"es\"},{\"@type\":\"WebPage\",\"@id\":\"https:\\\/\\\/revistaliterariaelgatonegro.com\\\/?p=1722\",\"url\":\"https:\\\/\\\/revistaliterariaelgatonegro.com\\\/?p=1722\",\"name\":\"Presentaci\u00f3n de No\u00ebl Vicens Boileau - REVISTA CULTURAL\",\"isPartOf\":{\"@id\":\"https:\\\/\\\/revistaliterariaelgatonegro.com\\\/#website\"},\"primaryImageOfPage\":{\"@id\":\"https:\\\/\\\/revistaliterariaelgatonegro.com\\\/?p=1722#primaryimage\"},\"image\":{\"@id\":\"https:\\\/\\\/revistaliterariaelgatonegro.com\\\/?p=1722#primaryimage\"},\"thumbnailUrl\":\"https:\\\/\\\/revistaliterariaelgatonegro.com\\\/wp-content\\\/uploads\\\/2021\\\/07\\\/noel-foto.jpg\",\"datePublished\":\"2021-07-22T21:19:30+00:00\",\"dateModified\":\"2023-10-25T18:22:09+00:00\",\"breadcrumb\":{\"@id\":\"https:\\\/\\\/revistaliterariaelgatonegro.com\\\/?p=1722#breadcrumb\"},\"inLanguage\":\"es\",\"potentialAction\":[{\"@type\":\"ReadAction\",\"target\":[\"https:\\\/\\\/revistaliterariaelgatonegro.com\\\/?p=1722\"]}]},{\"@type\":\"ImageObject\",\"inLanguage\":\"es\",\"@id\":\"https:\\\/\\\/revistaliterariaelgatonegro.com\\\/?p=1722#primaryimage\",\"url\":\"https:\\\/\\\/revistaliterariaelgatonegro.com\\\/wp-content\\\/uploads\\\/2021\\\/07\\\/noel-foto.jpg\",\"contentUrl\":\"https:\\\/\\\/revistaliterariaelgatonegro.com\\\/wp-content\\\/uploads\\\/2021\\\/07\\\/noel-foto.jpg\",\"width\":600,\"height\":800},{\"@type\":\"BreadcrumbList\",\"@id\":\"https:\\\/\\\/revistaliterariaelgatonegro.com\\\/?p=1722#breadcrumb\",\"itemListElement\":[{\"@type\":\"ListItem\",\"position\":1,\"name\":\"Portada\",\"item\":\"https:\\\/\\\/revistaliterariaelgatonegro.com\\\/\"},{\"@type\":\"ListItem\",\"position\":2,\"name\":\"Presentaci\u00f3n de No\u00ebl Vicens Boileau\"}]},{\"@type\":\"WebSite\",\"@id\":\"https:\\\/\\\/revistaliterariaelgatonegro.com\\\/#website\",\"url\":\"https:\\\/\\\/revistaliterariaelgatonegro.com\\\/\",\"name\":\"REVISTA CULTURAL\",\"description\":\" Un nuevo espacio para la divulgaci\u00f3n literaria, as\u00ed como dem\u00e1s artes \",\"publisher\":{\"@id\":\"https:\\\/\\\/revistaliterariaelgatonegro.com\\\/#\\\/schema\\\/person\\\/6a37dd51e0f101e394e91c123fd12e8a\"},\"potentialAction\":[{\"@type\":\"SearchAction\",\"target\":{\"@type\":\"EntryPoint\",\"urlTemplate\":\"https:\\\/\\\/revistaliterariaelgatonegro.com\\\/?s={search_term_string}\"},\"query-input\":{\"@type\":\"PropertyValueSpecification\",\"valueRequired\":true,\"valueName\":\"search_term_string\"}}],\"inLanguage\":\"es\"},{\"@type\":[\"Person\",\"Organization\"],\"@id\":\"https:\\\/\\\/revistaliterariaelgatonegro.com\\\/#\\\/schema\\\/person\\\/6a37dd51e0f101e394e91c123fd12e8a\",\"name\":\"administrador\",\"image\":{\"@type\":\"ImageObject\",\"inLanguage\":\"es\",\"@id\":\"https:\\\/\\\/revistaliterariaelgatonegro.com\\\/wp-content\\\/uploads\\\/2025\\\/12\\\/cropped-Logotipo-Logo-Marca-personal-Pastel-Amarillo-12-Photoroom.png\",\"url\":\"https:\\\/\\\/revistaliterariaelgatonegro.com\\\/wp-content\\\/uploads\\\/2025\\\/12\\\/cropped-Logotipo-Logo-Marca-personal-Pastel-Amarillo-12-Photoroom.png\",\"contentUrl\":\"https:\\\/\\\/revistaliterariaelgatonegro.com\\\/wp-content\\\/uploads\\\/2025\\\/12\\\/cropped-Logotipo-Logo-Marca-personal-Pastel-Amarillo-12-Photoroom.png\",\"width\":364,\"height\":212,\"caption\":\"administrador\"},\"logo\":{\"@id\":\"https:\\\/\\\/revistaliterariaelgatonegro.com\\\/wp-content\\\/uploads\\\/2025\\\/12\\\/cropped-Logotipo-Logo-Marca-personal-Pastel-Amarillo-12-Photoroom.png\"},\"sameAs\":[\"http:\\\/\\\/s864831950.mialojamiento.es\"]}]}<\/script>\n<!-- \/ Yoast SEO plugin. -->","yoast_head_json":{"title":"Presentaci\u00f3n de No\u00ebl Vicens Boileau - REVISTA CULTURAL","robots":{"index":"index","follow":"follow","max-snippet":"max-snippet:-1","max-image-preview":"max-image-preview:large","max-video-preview":"max-video-preview:-1"},"canonical":"https:\/\/revistaliterariaelgatonegro.com\/?p=1722","og_locale":"es_ES","og_type":"article","og_title":"Presentaci\u00f3n de No\u00ebl Vicens Boileau - REVISTA CULTURAL","og_description":"No\u00ebl Vicens Boileau naci\u00f3 en Canad\u00e1 en el a\u00f1o 1990 y es profesor de filosof\u00eda en secundaria en","og_url":"https:\/\/revistaliterariaelgatonegro.com\/?p=1722","og_site_name":"REVISTA CULTURAL","article_published_time":"2021-07-22T21:19:30+00:00","article_modified_time":"2023-10-25T18:22:09+00:00","og_image":[{"width":600,"height":800,"url":"https:\/\/revistaliterariaelgatonegro.com\/wp-content\/uploads\/2021\/07\/noel-foto.jpg","type":"image\/jpeg"}],"author":"administrador","twitter_card":"summary_large_image","twitter_image":"https:\/\/revistaliterariaelgatonegro.com\/wp-content\/uploads\/2021\/07\/noel-foto.jpg","twitter_misc":{"Escrito por":false,"Tiempo de lectura":"1 minuto"},"schema":{"@context":"https:\/\/schema.org","@graph":[{"@type":"Article","@id":"https:\/\/revistaliterariaelgatonegro.com\/?p=1722#article","isPartOf":{"@id":"https:\/\/revistaliterariaelgatonegro.com\/?p=1722"},"author":{"name":"administrador","@id":"https:\/\/revistaliterariaelgatonegro.com\/#\/schema\/person\/6a37dd51e0f101e394e91c123fd12e8a"},"headline":"Presentaci\u00f3n de No\u00ebl Vicens Boileau","datePublished":"2021-07-22T21:19:30+00:00","dateModified":"2023-10-25T18:22:09+00:00","mainEntityOfPage":{"@id":"https:\/\/revistaliterariaelgatonegro.com\/?p=1722"},"wordCount":203,"publisher":{"@id":"https:\/\/revistaliterariaelgatonegro.com\/#\/schema\/person\/6a37dd51e0f101e394e91c123fd12e8a"},"image":{"@id":"https:\/\/revistaliterariaelgatonegro.com\/?p=1722#primaryimage"},"thumbnailUrl":"https:\/\/revistaliterariaelgatonegro.com\/wp-content\/uploads\/2021\/07\/noel-foto.jpg","articleSection":["Fotograf\u00eda"],"inLanguage":"es"},{"@type":"WebPage","@id":"https:\/\/revistaliterariaelgatonegro.com\/?p=1722","url":"https:\/\/revistaliterariaelgatonegro.com\/?p=1722","name":"Presentaci\u00f3n de No\u00ebl Vicens Boileau - REVISTA CULTURAL","isPartOf":{"@id":"https:\/\/revistaliterariaelgatonegro.com\/#website"},"primaryImageOfPage":{"@id":"https:\/\/revistaliterariaelgatonegro.com\/?p=1722#primaryimage"},"image":{"@id":"https:\/\/revistaliterariaelgatonegro.com\/?p=1722#primaryimage"},"thumbnailUrl":"https:\/\/revistaliterariaelgatonegro.com\/wp-content\/uploads\/2021\/07\/noel-foto.jpg","datePublished":"2021-07-22T21:19:30+00:00","dateModified":"2023-10-25T18:22:09+00:00","breadcrumb":{"@id":"https:\/\/revistaliterariaelgatonegro.com\/?p=1722#breadcrumb"},"inLanguage":"es","potentialAction":[{"@type":"ReadAction","target":["https:\/\/revistaliterariaelgatonegro.com\/?p=1722"]}]},{"@type":"ImageObject","inLanguage":"es","@id":"https:\/\/revistaliterariaelgatonegro.com\/?p=1722#primaryimage","url":"https:\/\/revistaliterariaelgatonegro.com\/wp-content\/uploads\/2021\/07\/noel-foto.jpg","contentUrl":"https:\/\/revistaliterariaelgatonegro.com\/wp-content\/uploads\/2021\/07\/noel-foto.jpg","width":600,"height":800},{"@type":"BreadcrumbList","@id":"https:\/\/revistaliterariaelgatonegro.com\/?p=1722#breadcrumb","itemListElement":[{"@type":"ListItem","position":1,"name":"Portada","item":"https:\/\/revistaliterariaelgatonegro.com\/"},{"@type":"ListItem","position":2,"name":"Presentaci\u00f3n de No\u00ebl Vicens Boileau"}]},{"@type":"WebSite","@id":"https:\/\/revistaliterariaelgatonegro.com\/#website","url":"https:\/\/revistaliterariaelgatonegro.com\/","name":"REVISTA CULTURAL","description":" Un nuevo espacio para la divulgaci\u00f3n literaria, as\u00ed como dem\u00e1s artes ","publisher":{"@id":"https:\/\/revistaliterariaelgatonegro.com\/#\/schema\/person\/6a37dd51e0f101e394e91c123fd12e8a"},"potentialAction":[{"@type":"SearchAction","target":{"@type":"EntryPoint","urlTemplate":"https:\/\/revistaliterariaelgatonegro.com\/?s={search_term_string}"},"query-input":{"@type":"PropertyValueSpecification","valueRequired":true,"valueName":"search_term_string"}}],"inLanguage":"es"},{"@type":["Person","Organization"],"@id":"https:\/\/revistaliterariaelgatonegro.com\/#\/schema\/person\/6a37dd51e0f101e394e91c123fd12e8a","name":"administrador","image":{"@type":"ImageObject","inLanguage":"es","@id":"https:\/\/revistaliterariaelgatonegro.com\/wp-content\/uploads\/2025\/12\/cropped-Logotipo-Logo-Marca-personal-Pastel-Amarillo-12-Photoroom.png","url":"https:\/\/revistaliterariaelgatonegro.com\/wp-content\/uploads\/2025\/12\/cropped-Logotipo-Logo-Marca-personal-Pastel-Amarillo-12-Photoroom.png","contentUrl":"https:\/\/revistaliterariaelgatonegro.com\/wp-content\/uploads\/2025\/12\/cropped-Logotipo-Logo-Marca-personal-Pastel-Amarillo-12-Photoroom.png","width":364,"height":212,"caption":"administrador"},"logo":{"@id":"https:\/\/revistaliterariaelgatonegro.com\/wp-content\/uploads\/2025\/12\/cropped-Logotipo-Logo-Marca-personal-Pastel-Amarillo-12-Photoroom.png"},"sameAs":["http:\/\/s864831950.mialojamiento.es"]}]}},"featured_image_urls":{"full":["https:\/\/revistaliterariaelgatonegro.com\/wp-content\/uploads\/2021\/07\/noel-foto.jpg",600,800,false],"thumbnail":["https:\/\/revistaliterariaelgatonegro.com\/wp-content\/uploads\/2021\/07\/noel-foto-150x150.jpg",150,150,true],"medium":["https:\/\/revistaliterariaelgatonegro.com\/wp-content\/uploads\/2021\/07\/noel-foto-225x300.jpg",225,300,true],"medium_large":["https:\/\/revistaliterariaelgatonegro.com\/wp-content\/uploads\/2021\/07\/noel-foto.jpg",600,800,false],"large":["https:\/\/revistaliterariaelgatonegro.com\/wp-content\/uploads\/2021\/07\/noel-foto.jpg",600,800,false],"1536x1536":["https:\/\/revistaliterariaelgatonegro.com\/wp-content\/uploads\/2021\/07\/noel-foto.jpg",600,800,false],"2048x2048":["https:\/\/revistaliterariaelgatonegro.com\/wp-content\/uploads\/2021\/07\/noel-foto.jpg",600,800,false],"morenews-large":["https:\/\/revistaliterariaelgatonegro.com\/wp-content\/uploads\/2021\/07\/noel-foto.jpg",431,575,false],"morenews-medium":["https:\/\/revistaliterariaelgatonegro.com\/wp-content\/uploads\/2021\/07\/noel-foto.jpg",308,410,false],"woocommerce_thumbnail":["https:\/\/revistaliterariaelgatonegro.com\/wp-content\/uploads\/2021\/07\/noel-foto-300x400.jpg",300,400,true],"woocommerce_single":["https:\/\/revistaliterariaelgatonegro.com\/wp-content\/uploads\/2021\/07\/noel-foto-300x400.jpg",300,400,true],"woocommerce_gallery_thumbnail":["https:\/\/revistaliterariaelgatonegro.com\/wp-content\/uploads\/2021\/07\/noel-foto-100x100.jpg",100,100,true],"dgwt-wcas-product-suggestion":["https:\/\/revistaliterariaelgatonegro.com\/wp-content\/uploads\/2021\/07\/noel-foto-64x85.jpg",64,85,true]},"author_info":{"display_name":false,"author_link":"https:\/\/revistaliterariaelgatonegro.com\/?author=1"},"category_info":"<a href=\"https:\/\/revistaliterariaelgatonegro.com\/?cat=33\" rel=\"category\">Fotograf\u00eda<\/a>","tag_info":"Fotograf\u00eda","comment_count":"0","_links":{"self":[{"href":"https:\/\/revistaliterariaelgatonegro.com\/index.php?rest_route=\/wp\/v2\/posts\/1722","targetHints":{"allow":["GET"]}}],"collection":[{"href":"https:\/\/revistaliterariaelgatonegro.com\/index.php?rest_route=\/wp\/v2\/posts"}],"about":[{"href":"https:\/\/revistaliterariaelgatonegro.com\/index.php?rest_route=\/wp\/v2\/types\/post"}],"author":[{"embeddable":true,"href":"https:\/\/revistaliterariaelgatonegro.com\/index.php?rest_route=\/wp\/v2\/users\/1"}],"replies":[{"embeddable":true,"href":"https:\/\/revistaliterariaelgatonegro.com\/index.php?rest_route=%2Fwp%2Fv2%2Fcomments&post=1722"}],"version-history":[{"count":4,"href":"https:\/\/revistaliterariaelgatonegro.com\/index.php?rest_route=\/wp\/v2\/posts\/1722\/revisions"}],"predecessor-version":[{"id":11690,"href":"https:\/\/revistaliterariaelgatonegro.com\/index.php?rest_route=\/wp\/v2\/posts\/1722\/revisions\/11690"}],"wp:featuredmedia":[{"embeddable":true,"href":"https:\/\/revistaliterariaelgatonegro.com\/index.php?rest_route=\/wp\/v2\/media\/1742"}],"wp:attachment":[{"href":"https:\/\/revistaliterariaelgatonegro.com\/index.php?rest_route=%2Fwp%2Fv2%2Fmedia&parent=1722"}],"wp:term":[{"taxonomy":"category","embeddable":true,"href":"https:\/\/revistaliterariaelgatonegro.com\/index.php?rest_route=%2Fwp%2Fv2%2Fcategories&post=1722"},{"taxonomy":"post_tag","embeddable":true,"href":"https:\/\/revistaliterariaelgatonegro.com\/index.php?rest_route=%2Fwp%2Fv2%2Ftags&post=1722"}],"curies":[{"name":"wp","href":"https:\/\/api.w.org\/{rel}","templated":true}]}}