{"id":15732,"date":"2024-09-26T08:32:03","date_gmt":"2024-09-26T08:32:03","guid":{"rendered":"https:\/\/revistaliterariaelgatonegro.com\/?p=15732"},"modified":"2024-09-24T08:35:05","modified_gmt":"2024-09-24T08:35:05","slug":"llega-la-cuarta-temporada-de-fan-la-comedia-que-plantea-como-sobrevivir-cuando-la-lucha-por-tus-suenos-se-te-va-de-las-manos","status":"publish","type":"post","link":"https:\/\/revistaliterariaelgatonegro.com\/?p=15732","title":{"rendered":"Llega la cuarta temporada de \u2018FAN\u2019, la comedia que plantea c\u00f3mo sobrevivir cuando la lucha por tus sue\u00f1os se te va de las manos"},"content":{"rendered":"\n<p>El&nbsp;<strong>Teatro Lara<\/strong>&nbsp;acoge el reestreno de la obra&nbsp;<a target=\"_blank\" href=\"https:\/\/teatrolara.com\/programacion\/fan\" rel=\"noreferrer noopener\"><strong><em>FAN<\/em><\/strong><\/a>, que cumplir\u00e1 en cartel cuatro temporadas. Tras el \u00e9xito conseguido anteriormente,&nbsp;<a target=\"_blank\" href=\"https:\/\/lacoronaproducciones.com\/\" rel=\"noreferrer noopener\"><strong>La Corona Producciones<\/strong><\/a>&nbsp;regresa a Madrid&nbsp;<strong>desde el domingo 29 de septiembre<\/strong>, con una obra de humor sobre las relaciones humanas, las personas at\u00edpicas y los cap\u00edtulos por cerrar.<\/p>\n\n\n\n<p><strong>Juan Jes\u00fas Di Manuel firma esta obra<\/strong>&nbsp;que tambi\u00e9n protagoniza junto a&nbsp;<strong>Laura Ledesma y Santi Cuquejo<\/strong>&nbsp;para trasladar una pregunta: \u00bfQu\u00e9 har\u00edas por conseguir lo que deseas? Con un inicio disparatado en el que una fan secuestra a su \u00eddolo, el p\u00fablico ser\u00e1 testigo de c\u00f3mo esta comedia de situaci\u00f3n se transforma en una historia sobre el precio del \u00e9xito, las amistades del pasado, las traiciones por superar y el propio ego.<\/p>\n\n\n\n<blockquote class=\"wp-block-quote is-layout-flow wp-block-quote-is-layout-flow\">\n<p class=\"has-text-align-center has-medium-font-size\">\u00a0<strong>Se podr\u00e1 ver en la\u00a0sala Lola Membrives los domingos a las 18:15 h desde el pr\u00f3ximo 29 de septiembre\u00a0y, en esta temporada, iniciar\u00e1n una gira nacional\u00a0<\/strong><\/p>\n<\/blockquote>\n\n\n\n<p>La&nbsp;<strong>direcci\u00f3n de Eva Ramos y Laura Ledesma<\/strong>&nbsp;pone en escena una comedia en la que cualquier semejanza con la realidad podr\u00eda ser una coincidencia. O no. Mediante un juego de personajes exc\u00e9ntricos y giros inesperados, las reflexiones apuntan en dos direcciones: qu\u00e9 ser\u00edas capaz de hacer por tus sue\u00f1os y hasta d\u00f3nde llega tu ambici\u00f3n.<\/p>\n\n\n\n<figure class=\"wp-block-image alignleft size-large is-resized\"><img decoding=\"async\" width=\"700\" height=\"467\" src=\"https:\/\/revistaliterariaelgatonegro.com\/wp-content\/uploads\/2024\/09\/Fotografia-de-equipo-de-La-Chula-1-700x467.jpg\" alt=\"\" class=\"wp-image-15737\" style=\"width:500px\" srcset=\"https:\/\/revistaliterariaelgatonegro.com\/wp-content\/uploads\/2024\/09\/Fotografia-de-equipo-de-La-Chula-1-700x467.jpg 700w, https:\/\/revistaliterariaelgatonegro.com\/wp-content\/uploads\/2024\/09\/Fotografia-de-equipo-de-La-Chula-1-300x200.jpg 300w, https:\/\/revistaliterariaelgatonegro.com\/wp-content\/uploads\/2024\/09\/Fotografia-de-equipo-de-La-Chula-1-64x43.jpg 64w, https:\/\/revistaliterariaelgatonegro.com\/wp-content\/uploads\/2024\/09\/Fotografia-de-equipo-de-La-Chula-1-768x512.jpg 768w, https:\/\/revistaliterariaelgatonegro.com\/wp-content\/uploads\/2024\/09\/Fotografia-de-equipo-de-La-Chula-1.jpg 981w\" sizes=\"(max-width: 700px) 100vw, 700px\" \/><\/figure>\n\n\n\n<p><em>FAN<\/em>&nbsp;podr\u00eda ser una comedia absurda m\u00e1s sobre los entresijos del famoseo, las redes sociales y los aut\u00f3grafos. Pero nada es lo que parece. La obra recorre el camino que hay entre&nbsp;<strong>las expectativas y la decepci\u00f3n<\/strong>&nbsp;y entre el reconocimiento y la reconstrucci\u00f3n personal tras el fracaso.<\/p>\n\n\n\n<p>\u201cPoner en pie esta obra ha supuesto un ejercicio cat\u00e1rtico para toda la compa\u00f1\u00eda, porque tiene mucho de nuestras vivencias personales.&nbsp;<strong>Todos tenemos dentro una parte de cada uno de los personajes de&nbsp;<em>FAN<\/em><\/strong>. Estamos seguras de que los espectadores tambi\u00e9n se sentir\u00e1n identificados y no podr\u00e1n evitar re\u00edrse, incluso cuando queden al descubierto las sombras de cada uno\u201d, comentan Eva Ramos y Laura Ledesma.<\/p>\n\n\n\n<blockquote class=\"wp-block-quote is-layout-flow wp-block-quote-is-layout-flow\">\n<p class=\"has-text-align-center has-medium-font-size\">&nbsp;<strong>Trata la lucha por los&nbsp;sue\u00f1os y contra el ego, revisando el&nbsp;fen\u00f3meno fan desde una perspectiva c\u00f3mica y reflexiva<\/strong><\/p>\n<\/blockquote>\n\n\n\n<p><em>FAN<\/em>&nbsp;se estren\u00f3 en mayo de 2022 en Madrid y ya ha cruzado el charco, llegando a&nbsp;<strong>Argentina el pasado mes de junio<\/strong>&nbsp;con una gran acogida de p\u00fablico. Se trata de la&nbsp;<strong>tercera propuesta de La Corona Producciones<\/strong>, un equipo que ya ha estado en el Teatro Lara con&nbsp;<em>Una corona para Claudia<\/em>&nbsp;y&nbsp;<em>El grito de la tortuga<\/em>. El reestreno de su m\u00e1s reciente producci\u00f3n se podr\u00e1 ver en la&nbsp;<strong>sala Lola Membrives los domingos a las 18:15 h desde el pr\u00f3ximo 29 de septiembre<\/strong>&nbsp;y, en esta temporada, iniciar\u00e1n una gira nacional por nuestro pa\u00eds.<\/p>\n\n\n\n<figure class=\"wp-block-image aligncenter size-large\"><img decoding=\"async\" width=\"700\" height=\"368\" src=\"https:\/\/revistaliterariaelgatonegro.com\/wp-content\/uploads\/2024\/09\/Fotografia-de-Carles-Urgell--700x368.png\" alt=\"\" class=\"wp-image-15740\" srcset=\"https:\/\/revistaliterariaelgatonegro.com\/wp-content\/uploads\/2024\/09\/Fotografia-de-Carles-Urgell--700x368.png 700w, https:\/\/revistaliterariaelgatonegro.com\/wp-content\/uploads\/2024\/09\/Fotografia-de-Carles-Urgell--300x158.png 300w, https:\/\/revistaliterariaelgatonegro.com\/wp-content\/uploads\/2024\/09\/Fotografia-de-Carles-Urgell--64x34.png 64w, https:\/\/revistaliterariaelgatonegro.com\/wp-content\/uploads\/2024\/09\/Fotografia-de-Carles-Urgell--768x404.png 768w, https:\/\/revistaliterariaelgatonegro.com\/wp-content\/uploads\/2024\/09\/Fotografia-de-Carles-Urgell-.png 890w\" sizes=\"(max-width: 700px) 100vw, 700px\" \/><figcaption class=\"wp-element-caption\"><em>Fotograf\u00eda de Carles Urgell<\/em><\/figcaption><\/figure>\n\n\n\n<p>\u00bfPor qu\u00e9 es tan importante conseguir lo que ans\u00edas? \u00bfQu\u00e9 te falta en la vida para apostarlo todo por ese sue\u00f1o?<\/p>\n\n\n\n<p>Madrid. Noche lluviosa de esas que te empapan los tacones. Podr\u00eda ser una noche cualquiera en la que Canad\u00e1 regresa a casa de trabajar, se ducha y se echa a dormir, pero, por suerte o por desgracia, no lo es. En su portal encuentra a M\u00f3nica, una chica que llora de forma desconsolada bajo la lluvia. Canad\u00e1 podr\u00eda no hacerle caso y no tener en cuenta que M\u00f3nica parece muy afectada por algo. Podr\u00eda, pero no lo hace. Para y le pregunta qu\u00e9 le ocurre. M\u00f3nica contesta y, sin saber muy bien c\u00f3mo, terminan en el \u00e1tico de Canad\u00e1. Lo que ocurre a continuaci\u00f3n podr\u00edamos explic\u00e1rtelo. Podr\u00edamos, pero no tendr\u00eda ninguna gracia porque deseamos que t\u00fa tambi\u00e9n subas a casa de Canad\u00e1. Lo \u00fanico que te adelantamos es que esta noche es de todo menos una noche cualquiera.<\/p>\n","protected":false},"excerpt":{"rendered":"<p>El&nbsp;Teatro Lara&nbsp;acoge el reestreno de la obra&nbsp;FAN, que cumplir\u00e1 en cartel cuatro temporadas. Tras el \u00e9xito conseguido anteriormente,&nbsp;La<\/p>\n","protected":false},"author":1,"featured_media":15735,"comment_status":"open","ping_status":"open","sticky":false,"template":"","format":"standard","meta":{"footnotes":""},"categories":[119,61],"tags":[],"class_list":["post-15732","post","type-post","status-publish","format-standard","has-post-thumbnail","hentry","category-hablamos-de-2","category-teatro"],"yoast_head":"<!-- This site is optimized with the Yoast SEO plugin v27.5 - https:\/\/yoast.com\/product\/yoast-seo-wordpress\/ -->\n<title>Llega la cuarta temporada de \u2018FAN\u2019, la comedia que plantea c\u00f3mo sobrevivir cuando la lucha por tus sue\u00f1os se te va de las manos - REVISTA CULTURAL<\/title>\n<meta name=\"robots\" content=\"index, follow, max-snippet:-1, max-image-preview:large, max-video-preview:-1\" \/>\n<link rel=\"canonical\" href=\"https:\/\/revistaliterariaelgatonegro.com\/?p=15732\" \/>\n<meta property=\"og:locale\" content=\"es_ES\" \/>\n<meta property=\"og:type\" content=\"article\" \/>\n<meta property=\"og:title\" content=\"Llega la cuarta temporada de \u2018FAN\u2019, la comedia que plantea c\u00f3mo sobrevivir cuando la lucha por tus sue\u00f1os se te va de las manos - REVISTA CULTURAL\" \/>\n<meta property=\"og:description\" content=\"El&nbsp;Teatro Lara&nbsp;acoge el reestreno de la obra&nbsp;FAN, que cumplir\u00e1 en cartel cuatro temporadas. Tras el \u00e9xito conseguido anteriormente,&nbsp;La\" \/>\n<meta property=\"og:url\" content=\"https:\/\/revistaliterariaelgatonegro.com\/?p=15732\" \/>\n<meta property=\"og:site_name\" content=\"REVISTA CULTURAL\" \/>\n<meta property=\"article:published_time\" content=\"2024-09-26T08:32:03+00:00\" \/>\n<meta property=\"og:image\" content=\"https:\/\/revistaliterariaelgatonegro.com\/wp-content\/uploads\/2024\/09\/CARTEL-FAN.png\" \/>\n\t<meta property=\"og:image:width\" content=\"800\" \/>\n\t<meta property=\"og:image:height\" content=\"1200\" \/>\n\t<meta property=\"og:image:type\" content=\"image\/png\" \/>\n<meta name=\"author\" content=\"administrador\" \/>\n<meta name=\"twitter:card\" content=\"summary_large_image\" \/>\n<meta name=\"twitter:label1\" content=\"Escrito por\" \/>\n\t<meta name=\"twitter:data1\" content=\"\" \/>\n\t<meta name=\"twitter:label2\" content=\"Tiempo de lectura\" \/>\n\t<meta name=\"twitter:data2\" content=\"4 minutos\" \/>\n<script type=\"application\/ld+json\" class=\"yoast-schema-graph\">{\"@context\":\"https:\\\/\\\/schema.org\",\"@graph\":[{\"@type\":\"Article\",\"@id\":\"https:\\\/\\\/revistaliterariaelgatonegro.com\\\/?p=15732#article\",\"isPartOf\":{\"@id\":\"https:\\\/\\\/revistaliterariaelgatonegro.com\\\/?p=15732\"},\"author\":{\"name\":\"administrador\",\"@id\":\"https:\\\/\\\/revistaliterariaelgatonegro.com\\\/#\\\/schema\\\/person\\\/6a37dd51e0f101e394e91c123fd12e8a\"},\"headline\":\"Llega la cuarta temporada de \u2018FAN\u2019, la comedia que plantea c\u00f3mo sobrevivir cuando la lucha por tus sue\u00f1os se te va de las manos\",\"datePublished\":\"2024-09-26T08:32:03+00:00\",\"mainEntityOfPage\":{\"@id\":\"https:\\\/\\\/revistaliterariaelgatonegro.com\\\/?p=15732\"},\"wordCount\":702,\"commentCount\":0,\"publisher\":{\"@id\":\"https:\\\/\\\/revistaliterariaelgatonegro.com\\\/#\\\/schema\\\/person\\\/6a37dd51e0f101e394e91c123fd12e8a\"},\"image\":{\"@id\":\"https:\\\/\\\/revistaliterariaelgatonegro.com\\\/?p=15732#primaryimage\"},\"thumbnailUrl\":\"https:\\\/\\\/revistaliterariaelgatonegro.com\\\/wp-content\\\/uploads\\\/2024\\\/09\\\/CARTEL-FAN.png\",\"articleSection\":[\"Hablamos de...\",\"Teatro\"],\"inLanguage\":\"es\",\"potentialAction\":[{\"@type\":\"CommentAction\",\"name\":\"Comment\",\"target\":[\"https:\\\/\\\/revistaliterariaelgatonegro.com\\\/?p=15732#respond\"]}]},{\"@type\":\"WebPage\",\"@id\":\"https:\\\/\\\/revistaliterariaelgatonegro.com\\\/?p=15732\",\"url\":\"https:\\\/\\\/revistaliterariaelgatonegro.com\\\/?p=15732\",\"name\":\"Llega la cuarta temporada de \u2018FAN\u2019, la comedia que plantea c\u00f3mo sobrevivir cuando la lucha por tus sue\u00f1os se te va de las manos - REVISTA CULTURAL\",\"isPartOf\":{\"@id\":\"https:\\\/\\\/revistaliterariaelgatonegro.com\\\/#website\"},\"primaryImageOfPage\":{\"@id\":\"https:\\\/\\\/revistaliterariaelgatonegro.com\\\/?p=15732#primaryimage\"},\"image\":{\"@id\":\"https:\\\/\\\/revistaliterariaelgatonegro.com\\\/?p=15732#primaryimage\"},\"thumbnailUrl\":\"https:\\\/\\\/revistaliterariaelgatonegro.com\\\/wp-content\\\/uploads\\\/2024\\\/09\\\/CARTEL-FAN.png\",\"datePublished\":\"2024-09-26T08:32:03+00:00\",\"breadcrumb\":{\"@id\":\"https:\\\/\\\/revistaliterariaelgatonegro.com\\\/?p=15732#breadcrumb\"},\"inLanguage\":\"es\",\"potentialAction\":[{\"@type\":\"ReadAction\",\"target\":[\"https:\\\/\\\/revistaliterariaelgatonegro.com\\\/?p=15732\"]}]},{\"@type\":\"ImageObject\",\"inLanguage\":\"es\",\"@id\":\"https:\\\/\\\/revistaliterariaelgatonegro.com\\\/?p=15732#primaryimage\",\"url\":\"https:\\\/\\\/revistaliterariaelgatonegro.com\\\/wp-content\\\/uploads\\\/2024\\\/09\\\/CARTEL-FAN.png\",\"contentUrl\":\"https:\\\/\\\/revistaliterariaelgatonegro.com\\\/wp-content\\\/uploads\\\/2024\\\/09\\\/CARTEL-FAN.png\",\"width\":800,\"height\":1200},{\"@type\":\"BreadcrumbList\",\"@id\":\"https:\\\/\\\/revistaliterariaelgatonegro.com\\\/?p=15732#breadcrumb\",\"itemListElement\":[{\"@type\":\"ListItem\",\"position\":1,\"name\":\"Portada\",\"item\":\"https:\\\/\\\/revistaliterariaelgatonegro.com\\\/\"},{\"@type\":\"ListItem\",\"position\":2,\"name\":\"Llega la cuarta temporada de \u2018FAN\u2019, la comedia que plantea c\u00f3mo sobrevivir cuando la lucha por tus sue\u00f1os se te va de las manos\"}]},{\"@type\":\"WebSite\",\"@id\":\"https:\\\/\\\/revistaliterariaelgatonegro.com\\\/#website\",\"url\":\"https:\\\/\\\/revistaliterariaelgatonegro.com\\\/\",\"name\":\"REVISTA CULTURAL\",\"description\":\" Un nuevo espacio para la divulgaci\u00f3n literaria, as\u00ed como dem\u00e1s artes \",\"publisher\":{\"@id\":\"https:\\\/\\\/revistaliterariaelgatonegro.com\\\/#\\\/schema\\\/person\\\/6a37dd51e0f101e394e91c123fd12e8a\"},\"potentialAction\":[{\"@type\":\"SearchAction\",\"target\":{\"@type\":\"EntryPoint\",\"urlTemplate\":\"https:\\\/\\\/revistaliterariaelgatonegro.com\\\/?s={search_term_string}\"},\"query-input\":{\"@type\":\"PropertyValueSpecification\",\"valueRequired\":true,\"valueName\":\"search_term_string\"}}],\"inLanguage\":\"es\"},{\"@type\":[\"Person\",\"Organization\"],\"@id\":\"https:\\\/\\\/revistaliterariaelgatonegro.com\\\/#\\\/schema\\\/person\\\/6a37dd51e0f101e394e91c123fd12e8a\",\"name\":\"administrador\",\"image\":{\"@type\":\"ImageObject\",\"inLanguage\":\"es\",\"@id\":\"https:\\\/\\\/revistaliterariaelgatonegro.com\\\/wp-content\\\/uploads\\\/2025\\\/12\\\/cropped-Logotipo-Logo-Marca-personal-Pastel-Amarillo-12-Photoroom.png\",\"url\":\"https:\\\/\\\/revistaliterariaelgatonegro.com\\\/wp-content\\\/uploads\\\/2025\\\/12\\\/cropped-Logotipo-Logo-Marca-personal-Pastel-Amarillo-12-Photoroom.png\",\"contentUrl\":\"https:\\\/\\\/revistaliterariaelgatonegro.com\\\/wp-content\\\/uploads\\\/2025\\\/12\\\/cropped-Logotipo-Logo-Marca-personal-Pastel-Amarillo-12-Photoroom.png\",\"width\":364,\"height\":212,\"caption\":\"administrador\"},\"logo\":{\"@id\":\"https:\\\/\\\/revistaliterariaelgatonegro.com\\\/wp-content\\\/uploads\\\/2025\\\/12\\\/cropped-Logotipo-Logo-Marca-personal-Pastel-Amarillo-12-Photoroom.png\"},\"sameAs\":[\"http:\\\/\\\/s864831950.mialojamiento.es\"]}]}<\/script>\n<!-- \/ Yoast SEO plugin. -->","yoast_head_json":{"title":"Llega la cuarta temporada de \u2018FAN\u2019, la comedia que plantea c\u00f3mo sobrevivir cuando la lucha por tus sue\u00f1os se te va de las manos - REVISTA CULTURAL","robots":{"index":"index","follow":"follow","max-snippet":"max-snippet:-1","max-image-preview":"max-image-preview:large","max-video-preview":"max-video-preview:-1"},"canonical":"https:\/\/revistaliterariaelgatonegro.com\/?p=15732","og_locale":"es_ES","og_type":"article","og_title":"Llega la cuarta temporada de \u2018FAN\u2019, la comedia que plantea c\u00f3mo sobrevivir cuando la lucha por tus sue\u00f1os se te va de las manos - REVISTA CULTURAL","og_description":"El&nbsp;Teatro Lara&nbsp;acoge el reestreno de la obra&nbsp;FAN, que cumplir\u00e1 en cartel cuatro temporadas. Tras el \u00e9xito conseguido anteriormente,&nbsp;La","og_url":"https:\/\/revistaliterariaelgatonegro.com\/?p=15732","og_site_name":"REVISTA CULTURAL","article_published_time":"2024-09-26T08:32:03+00:00","og_image":[{"width":800,"height":1200,"url":"https:\/\/revistaliterariaelgatonegro.com\/wp-content\/uploads\/2024\/09\/CARTEL-FAN.png","type":"image\/png"}],"author":"administrador","twitter_card":"summary_large_image","twitter_misc":{"Escrito por":false,"Tiempo de lectura":"4 minutos"},"schema":{"@context":"https:\/\/schema.org","@graph":[{"@type":"Article","@id":"https:\/\/revistaliterariaelgatonegro.com\/?p=15732#article","isPartOf":{"@id":"https:\/\/revistaliterariaelgatonegro.com\/?p=15732"},"author":{"name":"administrador","@id":"https:\/\/revistaliterariaelgatonegro.com\/#\/schema\/person\/6a37dd51e0f101e394e91c123fd12e8a"},"headline":"Llega la cuarta temporada de \u2018FAN\u2019, la comedia que plantea c\u00f3mo sobrevivir cuando la lucha por tus sue\u00f1os se te va de las manos","datePublished":"2024-09-26T08:32:03+00:00","mainEntityOfPage":{"@id":"https:\/\/revistaliterariaelgatonegro.com\/?p=15732"},"wordCount":702,"commentCount":0,"publisher":{"@id":"https:\/\/revistaliterariaelgatonegro.com\/#\/schema\/person\/6a37dd51e0f101e394e91c123fd12e8a"},"image":{"@id":"https:\/\/revistaliterariaelgatonegro.com\/?p=15732#primaryimage"},"thumbnailUrl":"https:\/\/revistaliterariaelgatonegro.com\/wp-content\/uploads\/2024\/09\/CARTEL-FAN.png","articleSection":["Hablamos de...","Teatro"],"inLanguage":"es","potentialAction":[{"@type":"CommentAction","name":"Comment","target":["https:\/\/revistaliterariaelgatonegro.com\/?p=15732#respond"]}]},{"@type":"WebPage","@id":"https:\/\/revistaliterariaelgatonegro.com\/?p=15732","url":"https:\/\/revistaliterariaelgatonegro.com\/?p=15732","name":"Llega la cuarta temporada de \u2018FAN\u2019, la comedia que plantea c\u00f3mo sobrevivir cuando la lucha por tus sue\u00f1os se te va de las manos - REVISTA CULTURAL","isPartOf":{"@id":"https:\/\/revistaliterariaelgatonegro.com\/#website"},"primaryImageOfPage":{"@id":"https:\/\/revistaliterariaelgatonegro.com\/?p=15732#primaryimage"},"image":{"@id":"https:\/\/revistaliterariaelgatonegro.com\/?p=15732#primaryimage"},"thumbnailUrl":"https:\/\/revistaliterariaelgatonegro.com\/wp-content\/uploads\/2024\/09\/CARTEL-FAN.png","datePublished":"2024-09-26T08:32:03+00:00","breadcrumb":{"@id":"https:\/\/revistaliterariaelgatonegro.com\/?p=15732#breadcrumb"},"inLanguage":"es","potentialAction":[{"@type":"ReadAction","target":["https:\/\/revistaliterariaelgatonegro.com\/?p=15732"]}]},{"@type":"ImageObject","inLanguage":"es","@id":"https:\/\/revistaliterariaelgatonegro.com\/?p=15732#primaryimage","url":"https:\/\/revistaliterariaelgatonegro.com\/wp-content\/uploads\/2024\/09\/CARTEL-FAN.png","contentUrl":"https:\/\/revistaliterariaelgatonegro.com\/wp-content\/uploads\/2024\/09\/CARTEL-FAN.png","width":800,"height":1200},{"@type":"BreadcrumbList","@id":"https:\/\/revistaliterariaelgatonegro.com\/?p=15732#breadcrumb","itemListElement":[{"@type":"ListItem","position":1,"name":"Portada","item":"https:\/\/revistaliterariaelgatonegro.com\/"},{"@type":"ListItem","position":2,"name":"Llega la cuarta temporada de \u2018FAN\u2019, la comedia que plantea c\u00f3mo sobrevivir cuando la lucha por tus sue\u00f1os se te va de las manos"}]},{"@type":"WebSite","@id":"https:\/\/revistaliterariaelgatonegro.com\/#website","url":"https:\/\/revistaliterariaelgatonegro.com\/","name":"REVISTA CULTURAL","description":" Un nuevo espacio para la divulgaci\u00f3n literaria, as\u00ed como dem\u00e1s artes ","publisher":{"@id":"https:\/\/revistaliterariaelgatonegro.com\/#\/schema\/person\/6a37dd51e0f101e394e91c123fd12e8a"},"potentialAction":[{"@type":"SearchAction","target":{"@type":"EntryPoint","urlTemplate":"https:\/\/revistaliterariaelgatonegro.com\/?s={search_term_string}"},"query-input":{"@type":"PropertyValueSpecification","valueRequired":true,"valueName":"search_term_string"}}],"inLanguage":"es"},{"@type":["Person","Organization"],"@id":"https:\/\/revistaliterariaelgatonegro.com\/#\/schema\/person\/6a37dd51e0f101e394e91c123fd12e8a","name":"administrador","image":{"@type":"ImageObject","inLanguage":"es","@id":"https:\/\/revistaliterariaelgatonegro.com\/wp-content\/uploads\/2025\/12\/cropped-Logotipo-Logo-Marca-personal-Pastel-Amarillo-12-Photoroom.png","url":"https:\/\/revistaliterariaelgatonegro.com\/wp-content\/uploads\/2025\/12\/cropped-Logotipo-Logo-Marca-personal-Pastel-Amarillo-12-Photoroom.png","contentUrl":"https:\/\/revistaliterariaelgatonegro.com\/wp-content\/uploads\/2025\/12\/cropped-Logotipo-Logo-Marca-personal-Pastel-Amarillo-12-Photoroom.png","width":364,"height":212,"caption":"administrador"},"logo":{"@id":"https:\/\/revistaliterariaelgatonegro.com\/wp-content\/uploads\/2025\/12\/cropped-Logotipo-Logo-Marca-personal-Pastel-Amarillo-12-Photoroom.png"},"sameAs":["http:\/\/s864831950.mialojamiento.es"]}]}},"featured_image_urls":{"full":["https:\/\/revistaliterariaelgatonegro.com\/wp-content\/uploads\/2024\/09\/CARTEL-FAN.png",800,1200,false],"thumbnail":["https:\/\/revistaliterariaelgatonegro.com\/wp-content\/uploads\/2024\/09\/CARTEL-FAN-150x150.png",150,150,true],"medium":["https:\/\/revistaliterariaelgatonegro.com\/wp-content\/uploads\/2024\/09\/CARTEL-FAN-200x300.png",200,300,true],"medium_large":["https:\/\/revistaliterariaelgatonegro.com\/wp-content\/uploads\/2024\/09\/CARTEL-FAN-768x1152.png",640,960,true],"large":["https:\/\/revistaliterariaelgatonegro.com\/wp-content\/uploads\/2024\/09\/CARTEL-FAN-700x1050.png",640,960,true],"1536x1536":["https:\/\/revistaliterariaelgatonegro.com\/wp-content\/uploads\/2024\/09\/CARTEL-FAN.png",800,1200,false],"2048x2048":["https:\/\/revistaliterariaelgatonegro.com\/wp-content\/uploads\/2024\/09\/CARTEL-FAN.png",800,1200,false],"morenews-large":["https:\/\/revistaliterariaelgatonegro.com\/wp-content\/uploads\/2024\/09\/CARTEL-FAN.png",383,575,false],"morenews-medium":["https:\/\/revistaliterariaelgatonegro.com\/wp-content\/uploads\/2024\/09\/CARTEL-FAN.png",273,410,false],"woocommerce_thumbnail":["https:\/\/revistaliterariaelgatonegro.com\/wp-content\/uploads\/2024\/09\/CARTEL-FAN-300x450.png",300,450,true],"woocommerce_single":["https:\/\/revistaliterariaelgatonegro.com\/wp-content\/uploads\/2024\/09\/CARTEL-FAN-300x450.png",300,450,true],"woocommerce_gallery_thumbnail":["https:\/\/revistaliterariaelgatonegro.com\/wp-content\/uploads\/2024\/09\/CARTEL-FAN-100x100.png",100,100,true],"dgwt-wcas-product-suggestion":["https:\/\/revistaliterariaelgatonegro.com\/wp-content\/uploads\/2024\/09\/CARTEL-FAN-64x96.png",64,96,true]},"author_info":{"display_name":false,"author_link":"https:\/\/revistaliterariaelgatonegro.com\/?author=1"},"category_info":"<a href=\"https:\/\/revistaliterariaelgatonegro.com\/?cat=119\" rel=\"category\">Hablamos de...<\/a> <a href=\"https:\/\/revistaliterariaelgatonegro.com\/?cat=61\" rel=\"category\">Teatro<\/a>","tag_info":"Teatro","comment_count":"0","_links":{"self":[{"href":"https:\/\/revistaliterariaelgatonegro.com\/index.php?rest_route=\/wp\/v2\/posts\/15732","targetHints":{"allow":["GET"]}}],"collection":[{"href":"https:\/\/revistaliterariaelgatonegro.com\/index.php?rest_route=\/wp\/v2\/posts"}],"about":[{"href":"https:\/\/revistaliterariaelgatonegro.com\/index.php?rest_route=\/wp\/v2\/types\/post"}],"author":[{"embeddable":true,"href":"https:\/\/revistaliterariaelgatonegro.com\/index.php?rest_route=\/wp\/v2\/users\/1"}],"replies":[{"embeddable":true,"href":"https:\/\/revistaliterariaelgatonegro.com\/index.php?rest_route=%2Fwp%2Fv2%2Fcomments&post=15732"}],"version-history":[{"count":7,"href":"https:\/\/revistaliterariaelgatonegro.com\/index.php?rest_route=\/wp\/v2\/posts\/15732\/revisions"}],"predecessor-version":[{"id":15743,"href":"https:\/\/revistaliterariaelgatonegro.com\/index.php?rest_route=\/wp\/v2\/posts\/15732\/revisions\/15743"}],"wp:featuredmedia":[{"embeddable":true,"href":"https:\/\/revistaliterariaelgatonegro.com\/index.php?rest_route=\/wp\/v2\/media\/15735"}],"wp:attachment":[{"href":"https:\/\/revistaliterariaelgatonegro.com\/index.php?rest_route=%2Fwp%2Fv2%2Fmedia&parent=15732"}],"wp:term":[{"taxonomy":"category","embeddable":true,"href":"https:\/\/revistaliterariaelgatonegro.com\/index.php?rest_route=%2Fwp%2Fv2%2Fcategories&post=15732"},{"taxonomy":"post_tag","embeddable":true,"href":"https:\/\/revistaliterariaelgatonegro.com\/index.php?rest_route=%2Fwp%2Fv2%2Ftags&post=15732"}],"curies":[{"name":"wp","href":"https:\/\/api.w.org\/{rel}","templated":true}]}}