{"id":15177,"date":"2024-08-12T05:34:41","date_gmt":"2024-08-12T05:34:41","guid":{"rendered":"https:\/\/revistaliterariaelgatonegro.com\/?p=15177"},"modified":"2024-09-21T00:16:09","modified_gmt":"2024-09-21T00:16:09","slug":"ii-encuentro-cultural-escuelas-de-arcallana","status":"publish","type":"post","link":"https:\/\/revistaliterariaelgatonegro.com\/?p=15177","title":{"rendered":"II Encuentro Cultural Escuelas de Arcallana"},"content":{"rendered":"\n<p>Por unas horas hemos vuelto a la escuela para hablar de teatro, libros y la cultura en el mundo rural, y todo ello en un entorno maravilloso como es la escuela de Arcallana. El pasado 10 de agosto se organiz\u00f3 el II Encuentro Cultural Escuelas de Arcallana. Arcallana es una parroquia del concejo de Vald\u00e9s (Asturias), asimismo, es una de las poblaciones que forman parte de dicha parroquia, y lamentablemente forma parte de la Espa\u00f1a vac\u00eda, ya que cuenta con pocos habitantes.<\/p>\n\n\n\n<p>La cultura fue el medio utilizado por la Asociaci\u00f3n Literaria Se ha Escrito un Libro en colaboraci\u00f3n con la revista literaria El Gato Negro, para llenar de vida durante unas horas el pueblo.<\/p>\n\n\n\n<figure class=\"wp-block-image alignright size-large is-resized\"><img decoding=\"async\" width=\"700\" height=\"700\" src=\"https:\/\/revistaliterariaelgatonegro.com\/wp-content\/uploads\/2024\/08\/gente-escuela-700x700.jpg\" alt=\"\" class=\"wp-image-15193\" style=\"width:500px\" srcset=\"https:\/\/revistaliterariaelgatonegro.com\/wp-content\/uploads\/2024\/08\/gente-escuela-700x700.jpg 700w, https:\/\/revistaliterariaelgatonegro.com\/wp-content\/uploads\/2024\/08\/gente-escuela-300x300.jpg 300w, https:\/\/revistaliterariaelgatonegro.com\/wp-content\/uploads\/2024\/08\/gente-escuela-100x100.jpg 100w, https:\/\/revistaliterariaelgatonegro.com\/wp-content\/uploads\/2024\/08\/gente-escuela-64x64.jpg 64w, https:\/\/revistaliterariaelgatonegro.com\/wp-content\/uploads\/2024\/08\/gente-escuela-150x150.jpg 150w, https:\/\/revistaliterariaelgatonegro.com\/wp-content\/uploads\/2024\/08\/gente-escuela.jpg 720w\" sizes=\"(max-width: 700px) 100vw, 700px\" \/><\/figure>\n\n\n\n<p>El encuentro cultural tuvo lugar en las Escuelas de Arcallana, hermoso edificio de 1929 que actualmente pertenece al Ayuntamiento de Luarca, y que no se encuentra en las mejores condiciones de conservaci\u00f3n, siendo la propia Asociaci\u00f3n quien ha aportado los medios necesarios en colaboraci\u00f3n con los vecinos del pueblo, para poder realizar dicho evento.<\/p>\n\n\n\n<p>El encuentro cultural comenz\u00f3 con la bienvenida a los asistentes por parte de la presidenta de la asociaci\u00f3n Emma Iglesias, para seguir con una tertulia moderada por Sandra Ovies, sobre teatro con los dramaturgos Julio Vi\u00f1uela Gavela y Diego Da Costa. Se hablo de teatro, de la compa\u00f1\u00eda que han formado La joie de la colina, y de sus obras teatrales, <em>Ayer intent\u00e9 suicidarme, El Barrio<\/em> (actualmente, en el teatro Lara de Madrid y <em>El Lapso<\/em> que se estrenar\u00e1 el pr\u00f3ximo 28 de septiembre en el teatro Lara.<\/p>\n\n\n\n<figure class=\"wp-block-image alignleft size-large is-resized\"><img decoding=\"async\" width=\"700\" height=\"331\" src=\"https:\/\/revistaliterariaelgatonegro.com\/wp-content\/uploads\/2024\/08\/emma-y-Noelia-700x331.jpg\" alt=\"\" class=\"wp-image-15185\" style=\"aspect-ratio:1;object-fit:cover;width:500px\" srcset=\"https:\/\/revistaliterariaelgatonegro.com\/wp-content\/uploads\/2024\/08\/emma-y-Noelia-700x331.jpg 700w, https:\/\/revistaliterariaelgatonegro.com\/wp-content\/uploads\/2024\/08\/emma-y-Noelia-300x142.jpg 300w, https:\/\/revistaliterariaelgatonegro.com\/wp-content\/uploads\/2024\/08\/emma-y-Noelia-scaled-64x30.jpg 64w, https:\/\/revistaliterariaelgatonegro.com\/wp-content\/uploads\/2024\/08\/emma-y-Noelia-768x363.jpg 768w, https:\/\/revistaliterariaelgatonegro.com\/wp-content\/uploads\/2024\/08\/emma-y-Noelia-1536x725.jpg 1536w, https:\/\/revistaliterariaelgatonegro.com\/wp-content\/uploads\/2024\/08\/emma-y-Noelia-2048x967.jpg 2048w, https:\/\/revistaliterariaelgatonegro.com\/wp-content\/uploads\/2024\/08\/emma-y-Noelia-1800x850.jpg 1800w\" sizes=\"(max-width: 700px) 100vw, 700px\" \/><\/figure>\n\n\n\n<p>Despu\u00e9s de una peque\u00f1a pausa, el evento continuo con una tertulia literaria moderada por Sandra Ovies, con los escritores Aurelio Pel\u00e1ez, Marta Huelves, Roci\u00f3 Sariego, Isabel A. de Sola, y Azahara Alonso. Con ellos hablamos sobre la palabra, que significa para ellos escribir, y sobre sus libros. Marta Huelves nos ha zambullido en los misterios que nos ofrece con Asturias como tel\u00f3n de fondo. Isabel A. de Sola nos transporta a sus mundos de fantas\u00eda, Aurelio Pel\u00e1ez nos hace un recorrido por los \u00faltimos 70 a\u00f1os de la historia de Espa\u00f1a, Roc\u00edo Sariego nos invita a sumergirnos en una novela rom\u00e1ntica y conocer a los nativos americanos en el siglo XVIII, y Azahara Alonso nos recuerda lo importante que es el tiempo. El evento tambi\u00e9n ha servido para recuperar una vieja tradici\u00f3n. \u201cYO TRAJE\u201d con aportaci\u00f3n de comida por los asistentes, para realizar una comida comunitaria.<\/p>\n\n\n\n<p>El acto se cerr\u00f3 con un coloquio con Marta Huelve y Azahara Alonso, moderado por Emma Iglesias sobre \u2018La Cultura en el Mundo Rural\u2019; y con la m\u00fasica del compositor Julio Vi\u00f1uela Gavela y el artista musical Barro (D.F.d.O) que nos regal\u00f3 su m\u00fasica para clausurar una jornada cultural perfecta.<\/p>\n\n\n\n<p>En la jornada cultural tambi\u00e9n estuvieron presentes las ilustraciones de Raquel Quesada, la cer\u00e1mica art\u00edstica de Mar Arozena y las tallas de madera de Balbino Cano.<\/p>\n\n\n\n<p>Eventos como el que ha tenido lugar en Arcallana deja patente lo importante es la cultura en el mundo rural.<\/p>\n\n\n\n<figure class=\"wp-block-gallery has-nested-images columns-default is-cropped wp-block-gallery-1 is-layout-flex wp-block-gallery-is-layout-flex\">\n<figure class=\"wp-block-image size-large\"><img decoding=\"async\" width=\"700\" height=\"700\" data-id=\"15181\" src=\"https:\/\/revistaliterariaelgatonegro.com\/wp-content\/uploads\/2024\/08\/Barro-700x700.jpg\" alt=\"\" class=\"wp-image-15181\" srcset=\"https:\/\/revistaliterariaelgatonegro.com\/wp-content\/uploads\/2024\/08\/Barro-700x700.jpg 700w, https:\/\/revistaliterariaelgatonegro.com\/wp-content\/uploads\/2024\/08\/Barro-300x300.jpg 300w, https:\/\/revistaliterariaelgatonegro.com\/wp-content\/uploads\/2024\/08\/Barro-100x100.jpg 100w, https:\/\/revistaliterariaelgatonegro.com\/wp-content\/uploads\/2024\/08\/Barro-64x64.jpg 64w, https:\/\/revistaliterariaelgatonegro.com\/wp-content\/uploads\/2024\/08\/Barro-150x150.jpg 150w, https:\/\/revistaliterariaelgatonegro.com\/wp-content\/uploads\/2024\/08\/Barro-768x768.jpg 768w, https:\/\/revistaliterariaelgatonegro.com\/wp-content\/uploads\/2024\/08\/Barro-900x900.jpg 900w, https:\/\/revistaliterariaelgatonegro.com\/wp-content\/uploads\/2024\/08\/Barro.jpg 1080w\" sizes=\"(max-width: 700px) 100vw, 700px\" \/><\/figure>\n\n\n\n<figure class=\"wp-block-image size-large\"><img decoding=\"async\" width=\"700\" height=\"700\" data-id=\"15180\" src=\"https:\/\/revistaliterariaelgatonegro.com\/wp-content\/uploads\/2024\/08\/tertulia-700x700.jpg\" alt=\"\" class=\"wp-image-15180\" srcset=\"https:\/\/revistaliterariaelgatonegro.com\/wp-content\/uploads\/2024\/08\/tertulia-700x700.jpg 700w, https:\/\/revistaliterariaelgatonegro.com\/wp-content\/uploads\/2024\/08\/tertulia-300x300.jpg 300w, https:\/\/revistaliterariaelgatonegro.com\/wp-content\/uploads\/2024\/08\/tertulia-100x100.jpg 100w, https:\/\/revistaliterariaelgatonegro.com\/wp-content\/uploads\/2024\/08\/tertulia-64x64.jpg 64w, https:\/\/revistaliterariaelgatonegro.com\/wp-content\/uploads\/2024\/08\/tertulia-150x150.jpg 150w, https:\/\/revistaliterariaelgatonegro.com\/wp-content\/uploads\/2024\/08\/tertulia.jpg 720w\" sizes=\"(max-width: 700px) 100vw, 700px\" \/><\/figure>\n\n\n\n<figure class=\"wp-block-image size-large\"><img decoding=\"async\" width=\"700\" height=\"1482\" data-id=\"15182\" src=\"https:\/\/revistaliterariaelgatonegro.com\/wp-content\/uploads\/2024\/08\/diego-julio-y-emma-700x1482.jpg\" alt=\"\" class=\"wp-image-15182\" srcset=\"https:\/\/revistaliterariaelgatonegro.com\/wp-content\/uploads\/2024\/08\/diego-julio-y-emma-700x1482.jpg 700w, https:\/\/revistaliterariaelgatonegro.com\/wp-content\/uploads\/2024\/08\/diego-julio-y-emma-scaled-300x635.jpg 300w, https:\/\/revistaliterariaelgatonegro.com\/wp-content\/uploads\/2024\/08\/diego-julio-y-emma-scaled-64x136.jpg 64w, https:\/\/revistaliterariaelgatonegro.com\/wp-content\/uploads\/2024\/08\/diego-julio-y-emma-142x300.jpg 142w, https:\/\/revistaliterariaelgatonegro.com\/wp-content\/uploads\/2024\/08\/diego-julio-y-emma-768x1626.jpg 768w, https:\/\/revistaliterariaelgatonegro.com\/wp-content\/uploads\/2024\/08\/diego-julio-y-emma-725x1536.jpg 725w, https:\/\/revistaliterariaelgatonegro.com\/wp-content\/uploads\/2024\/08\/diego-julio-y-emma-967x2048.jpg 967w, https:\/\/revistaliterariaelgatonegro.com\/wp-content\/uploads\/2024\/08\/diego-julio-y-emma-1800x3812.jpg 1800w, https:\/\/revistaliterariaelgatonegro.com\/wp-content\/uploads\/2024\/08\/diego-julio-y-emma-scaled.jpg 1209w\" sizes=\"(max-width: 700px) 100vw, 700px\" \/><\/figure>\n\n\n\n<figure class=\"wp-block-image size-large\"><img decoding=\"async\" width=\"700\" height=\"1482\" data-id=\"15183\" src=\"https:\/\/revistaliterariaelgatonegro.com\/wp-content\/uploads\/2024\/08\/diego-y-julio-700x1482.jpg\" alt=\"\" class=\"wp-image-15183\" srcset=\"https:\/\/revistaliterariaelgatonegro.com\/wp-content\/uploads\/2024\/08\/diego-y-julio-700x1482.jpg 700w, https:\/\/revistaliterariaelgatonegro.com\/wp-content\/uploads\/2024\/08\/diego-y-julio-scaled-300x635.jpg 300w, https:\/\/revistaliterariaelgatonegro.com\/wp-content\/uploads\/2024\/08\/diego-y-julio-scaled-64x136.jpg 64w, https:\/\/revistaliterariaelgatonegro.com\/wp-content\/uploads\/2024\/08\/diego-y-julio-142x300.jpg 142w, https:\/\/revistaliterariaelgatonegro.com\/wp-content\/uploads\/2024\/08\/diego-y-julio-768x1626.jpg 768w, https:\/\/revistaliterariaelgatonegro.com\/wp-content\/uploads\/2024\/08\/diego-y-julio-725x1536.jpg 725w, https:\/\/revistaliterariaelgatonegro.com\/wp-content\/uploads\/2024\/08\/diego-y-julio-967x2048.jpg 967w, https:\/\/revistaliterariaelgatonegro.com\/wp-content\/uploads\/2024\/08\/diego-y-julio-1800x3812.jpg 1800w, https:\/\/revistaliterariaelgatonegro.com\/wp-content\/uploads\/2024\/08\/diego-y-julio-scaled.jpg 1209w\" sizes=\"(max-width: 700px) 100vw, 700px\" \/><\/figure>\n\n\n\n<figure class=\"wp-block-image size-large\"><img decoding=\"async\" width=\"700\" height=\"700\" data-id=\"15186\" src=\"https:\/\/revistaliterariaelgatonegro.com\/wp-content\/uploads\/2024\/08\/marta-y-yo-700x700.jpg\" alt=\"\" class=\"wp-image-15186\" srcset=\"https:\/\/revistaliterariaelgatonegro.com\/wp-content\/uploads\/2024\/08\/marta-y-yo-700x700.jpg 700w, https:\/\/revistaliterariaelgatonegro.com\/wp-content\/uploads\/2024\/08\/marta-y-yo-300x300.jpg 300w, https:\/\/revistaliterariaelgatonegro.com\/wp-content\/uploads\/2024\/08\/marta-y-yo-100x100.jpg 100w, https:\/\/revistaliterariaelgatonegro.com\/wp-content\/uploads\/2024\/08\/marta-y-yo-64x64.jpg 64w, https:\/\/revistaliterariaelgatonegro.com\/wp-content\/uploads\/2024\/08\/marta-y-yo-150x150.jpg 150w, https:\/\/revistaliterariaelgatonegro.com\/wp-content\/uploads\/2024\/08\/marta-y-yo.jpg 720w\" sizes=\"(max-width: 700px) 100vw, 700px\" \/><\/figure>\n\n\n\n<figure class=\"wp-block-image size-large\"><img decoding=\"async\" width=\"700\" height=\"1482\" data-id=\"15187\" src=\"https:\/\/revistaliterariaelgatonegro.com\/wp-content\/uploads\/2024\/08\/diego-julio-y-dani-700x1482.jpg\" alt=\"\" class=\"wp-image-15187\" srcset=\"https:\/\/revistaliterariaelgatonegro.com\/wp-content\/uploads\/2024\/08\/diego-julio-y-dani-700x1482.jpg 700w, https:\/\/revistaliterariaelgatonegro.com\/wp-content\/uploads\/2024\/08\/diego-julio-y-dani-scaled-300x635.jpg 300w, https:\/\/revistaliterariaelgatonegro.com\/wp-content\/uploads\/2024\/08\/diego-julio-y-dani-scaled-64x136.jpg 64w, https:\/\/revistaliterariaelgatonegro.com\/wp-content\/uploads\/2024\/08\/diego-julio-y-dani-142x300.jpg 142w, https:\/\/revistaliterariaelgatonegro.com\/wp-content\/uploads\/2024\/08\/diego-julio-y-dani-768x1626.jpg 768w, https:\/\/revistaliterariaelgatonegro.com\/wp-content\/uploads\/2024\/08\/diego-julio-y-dani-725x1536.jpg 725w, https:\/\/revistaliterariaelgatonegro.com\/wp-content\/uploads\/2024\/08\/diego-julio-y-dani-967x2048.jpg 967w, https:\/\/revistaliterariaelgatonegro.com\/wp-content\/uploads\/2024\/08\/diego-julio-y-dani-1800x3812.jpg 1800w, https:\/\/revistaliterariaelgatonegro.com\/wp-content\/uploads\/2024\/08\/diego-julio-y-dani-scaled.jpg 1209w\" sizes=\"(max-width: 700px) 100vw, 700px\" \/><\/figure>\n<\/figure>\n","protected":false},"excerpt":{"rendered":"<p>Por unas horas hemos vuelto a la escuela para hablar de teatro, libros y la cultura en el<\/p>\n","protected":false},"author":1,"featured_media":15192,"comment_status":"open","ping_status":"open","sticky":false,"template":"","format":"standard","meta":{"footnotes":""},"categories":[119],"tags":[],"class_list":["post-15177","post","type-post","status-publish","format-standard","has-post-thumbnail","hentry","category-hablamos-de-2"],"yoast_head":"<!-- This site is optimized with the Yoast SEO plugin v27.4 - https:\/\/yoast.com\/product\/yoast-seo-wordpress\/ -->\n<title>II Encuentro Cultural Escuelas de Arcallana - REVISTA CULTURAL<\/title>\n<meta name=\"robots\" content=\"index, follow, max-snippet:-1, max-image-preview:large, max-video-preview:-1\" \/>\n<link rel=\"canonical\" href=\"https:\/\/revistaliterariaelgatonegro.com\/?p=15177\" \/>\n<meta property=\"og:locale\" content=\"es_ES\" \/>\n<meta property=\"og:type\" content=\"article\" \/>\n<meta property=\"og:title\" content=\"II Encuentro Cultural Escuelas de Arcallana - REVISTA CULTURAL\" \/>\n<meta property=\"og:description\" content=\"Por unas horas hemos vuelto a la escuela para hablar de teatro, libros y la cultura en el\" \/>\n<meta property=\"og:url\" content=\"https:\/\/revistaliterariaelgatonegro.com\/?p=15177\" \/>\n<meta property=\"og:site_name\" content=\"REVISTA CULTURAL\" \/>\n<meta property=\"article:published_time\" content=\"2024-08-12T05:34:41+00:00\" \/>\n<meta property=\"article:modified_time\" content=\"2024-09-21T00:16:09+00:00\" \/>\n<meta property=\"og:image\" content=\"https:\/\/revistaliterariaelgatonegro.com\/wp-content\/uploads\/2024\/08\/marta-arcallana-1.jpg\" \/>\n\t<meta property=\"og:image:width\" content=\"890\" \/>\n\t<meta property=\"og:image:height\" content=\"890\" \/>\n\t<meta property=\"og:image:type\" content=\"image\/jpeg\" \/>\n<meta name=\"author\" content=\"administrador\" \/>\n<meta name=\"twitter:card\" content=\"summary_large_image\" \/>\n<meta name=\"twitter:label1\" content=\"Escrito por\" \/>\n\t<meta name=\"twitter:data1\" content=\"\" \/>\n\t<meta name=\"twitter:label2\" content=\"Tiempo de lectura\" \/>\n\t<meta name=\"twitter:data2\" content=\"5 minutos\" \/>\n<script type=\"application\/ld+json\" class=\"yoast-schema-graph\">{\"@context\":\"https:\\\/\\\/schema.org\",\"@graph\":[{\"@type\":\"Article\",\"@id\":\"https:\\\/\\\/revistaliterariaelgatonegro.com\\\/?p=15177#article\",\"isPartOf\":{\"@id\":\"https:\\\/\\\/revistaliterariaelgatonegro.com\\\/?p=15177\"},\"author\":{\"name\":\"administrador\",\"@id\":\"https:\\\/\\\/revistaliterariaelgatonegro.com\\\/#\\\/schema\\\/person\\\/6a37dd51e0f101e394e91c123fd12e8a\"},\"headline\":\"II Encuentro Cultural Escuelas de Arcallana\",\"datePublished\":\"2024-08-12T05:34:41+00:00\",\"dateModified\":\"2024-09-21T00:16:09+00:00\",\"mainEntityOfPage\":{\"@id\":\"https:\\\/\\\/revistaliterariaelgatonegro.com\\\/?p=15177\"},\"wordCount\":535,\"commentCount\":0,\"publisher\":{\"@id\":\"https:\\\/\\\/revistaliterariaelgatonegro.com\\\/#\\\/schema\\\/person\\\/6a37dd51e0f101e394e91c123fd12e8a\"},\"image\":{\"@id\":\"https:\\\/\\\/revistaliterariaelgatonegro.com\\\/?p=15177#primaryimage\"},\"thumbnailUrl\":\"https:\\\/\\\/revistaliterariaelgatonegro.com\\\/wp-content\\\/uploads\\\/2024\\\/08\\\/marta-arcallana-1.jpg\",\"articleSection\":[\"Hablamos de...\"],\"inLanguage\":\"es\",\"potentialAction\":[{\"@type\":\"CommentAction\",\"name\":\"Comment\",\"target\":[\"https:\\\/\\\/revistaliterariaelgatonegro.com\\\/?p=15177#respond\"]}]},{\"@type\":\"WebPage\",\"@id\":\"https:\\\/\\\/revistaliterariaelgatonegro.com\\\/?p=15177\",\"url\":\"https:\\\/\\\/revistaliterariaelgatonegro.com\\\/?p=15177\",\"name\":\"II Encuentro Cultural Escuelas de Arcallana - REVISTA CULTURAL\",\"isPartOf\":{\"@id\":\"https:\\\/\\\/revistaliterariaelgatonegro.com\\\/#website\"},\"primaryImageOfPage\":{\"@id\":\"https:\\\/\\\/revistaliterariaelgatonegro.com\\\/?p=15177#primaryimage\"},\"image\":{\"@id\":\"https:\\\/\\\/revistaliterariaelgatonegro.com\\\/?p=15177#primaryimage\"},\"thumbnailUrl\":\"https:\\\/\\\/revistaliterariaelgatonegro.com\\\/wp-content\\\/uploads\\\/2024\\\/08\\\/marta-arcallana-1.jpg\",\"datePublished\":\"2024-08-12T05:34:41+00:00\",\"dateModified\":\"2024-09-21T00:16:09+00:00\",\"breadcrumb\":{\"@id\":\"https:\\\/\\\/revistaliterariaelgatonegro.com\\\/?p=15177#breadcrumb\"},\"inLanguage\":\"es\",\"potentialAction\":[{\"@type\":\"ReadAction\",\"target\":[\"https:\\\/\\\/revistaliterariaelgatonegro.com\\\/?p=15177\"]}]},{\"@type\":\"ImageObject\",\"inLanguage\":\"es\",\"@id\":\"https:\\\/\\\/revistaliterariaelgatonegro.com\\\/?p=15177#primaryimage\",\"url\":\"https:\\\/\\\/revistaliterariaelgatonegro.com\\\/wp-content\\\/uploads\\\/2024\\\/08\\\/marta-arcallana-1.jpg\",\"contentUrl\":\"https:\\\/\\\/revistaliterariaelgatonegro.com\\\/wp-content\\\/uploads\\\/2024\\\/08\\\/marta-arcallana-1.jpg\",\"width\":890,\"height\":890},{\"@type\":\"BreadcrumbList\",\"@id\":\"https:\\\/\\\/revistaliterariaelgatonegro.com\\\/?p=15177#breadcrumb\",\"itemListElement\":[{\"@type\":\"ListItem\",\"position\":1,\"name\":\"Portada\",\"item\":\"https:\\\/\\\/revistaliterariaelgatonegro.com\\\/\"},{\"@type\":\"ListItem\",\"position\":2,\"name\":\"II Encuentro Cultural Escuelas de Arcallana\"}]},{\"@type\":\"WebSite\",\"@id\":\"https:\\\/\\\/revistaliterariaelgatonegro.com\\\/#website\",\"url\":\"https:\\\/\\\/revistaliterariaelgatonegro.com\\\/\",\"name\":\"REVISTA CULTURAL\",\"description\":\" Un nuevo espacio para la divulgaci\u00f3n literaria, as\u00ed como dem\u00e1s artes \",\"publisher\":{\"@id\":\"https:\\\/\\\/revistaliterariaelgatonegro.com\\\/#\\\/schema\\\/person\\\/6a37dd51e0f101e394e91c123fd12e8a\"},\"potentialAction\":[{\"@type\":\"SearchAction\",\"target\":{\"@type\":\"EntryPoint\",\"urlTemplate\":\"https:\\\/\\\/revistaliterariaelgatonegro.com\\\/?s={search_term_string}\"},\"query-input\":{\"@type\":\"PropertyValueSpecification\",\"valueRequired\":true,\"valueName\":\"search_term_string\"}}],\"inLanguage\":\"es\"},{\"@type\":[\"Person\",\"Organization\"],\"@id\":\"https:\\\/\\\/revistaliterariaelgatonegro.com\\\/#\\\/schema\\\/person\\\/6a37dd51e0f101e394e91c123fd12e8a\",\"name\":\"administrador\",\"image\":{\"@type\":\"ImageObject\",\"inLanguage\":\"es\",\"@id\":\"https:\\\/\\\/revistaliterariaelgatonegro.com\\\/wp-content\\\/uploads\\\/2025\\\/12\\\/cropped-Logotipo-Logo-Marca-personal-Pastel-Amarillo-12-Photoroom.png\",\"url\":\"https:\\\/\\\/revistaliterariaelgatonegro.com\\\/wp-content\\\/uploads\\\/2025\\\/12\\\/cropped-Logotipo-Logo-Marca-personal-Pastel-Amarillo-12-Photoroom.png\",\"contentUrl\":\"https:\\\/\\\/revistaliterariaelgatonegro.com\\\/wp-content\\\/uploads\\\/2025\\\/12\\\/cropped-Logotipo-Logo-Marca-personal-Pastel-Amarillo-12-Photoroom.png\",\"width\":364,\"height\":212,\"caption\":\"administrador\"},\"logo\":{\"@id\":\"https:\\\/\\\/revistaliterariaelgatonegro.com\\\/wp-content\\\/uploads\\\/2025\\\/12\\\/cropped-Logotipo-Logo-Marca-personal-Pastel-Amarillo-12-Photoroom.png\"},\"sameAs\":[\"http:\\\/\\\/s864831950.mialojamiento.es\"]}]}<\/script>\n<!-- \/ Yoast SEO plugin. -->","yoast_head_json":{"title":"II Encuentro Cultural Escuelas de Arcallana - REVISTA CULTURAL","robots":{"index":"index","follow":"follow","max-snippet":"max-snippet:-1","max-image-preview":"max-image-preview:large","max-video-preview":"max-video-preview:-1"},"canonical":"https:\/\/revistaliterariaelgatonegro.com\/?p=15177","og_locale":"es_ES","og_type":"article","og_title":"II Encuentro Cultural Escuelas de Arcallana - REVISTA CULTURAL","og_description":"Por unas horas hemos vuelto a la escuela para hablar de teatro, libros y la cultura en el","og_url":"https:\/\/revistaliterariaelgatonegro.com\/?p=15177","og_site_name":"REVISTA CULTURAL","article_published_time":"2024-08-12T05:34:41+00:00","article_modified_time":"2024-09-21T00:16:09+00:00","og_image":[{"width":890,"height":890,"url":"https:\/\/revistaliterariaelgatonegro.com\/wp-content\/uploads\/2024\/08\/marta-arcallana-1.jpg","type":"image\/jpeg"}],"author":"administrador","twitter_card":"summary_large_image","twitter_misc":{"Escrito por":false,"Tiempo de lectura":"5 minutos"},"schema":{"@context":"https:\/\/schema.org","@graph":[{"@type":"Article","@id":"https:\/\/revistaliterariaelgatonegro.com\/?p=15177#article","isPartOf":{"@id":"https:\/\/revistaliterariaelgatonegro.com\/?p=15177"},"author":{"name":"administrador","@id":"https:\/\/revistaliterariaelgatonegro.com\/#\/schema\/person\/6a37dd51e0f101e394e91c123fd12e8a"},"headline":"II Encuentro Cultural Escuelas de Arcallana","datePublished":"2024-08-12T05:34:41+00:00","dateModified":"2024-09-21T00:16:09+00:00","mainEntityOfPage":{"@id":"https:\/\/revistaliterariaelgatonegro.com\/?p=15177"},"wordCount":535,"commentCount":0,"publisher":{"@id":"https:\/\/revistaliterariaelgatonegro.com\/#\/schema\/person\/6a37dd51e0f101e394e91c123fd12e8a"},"image":{"@id":"https:\/\/revistaliterariaelgatonegro.com\/?p=15177#primaryimage"},"thumbnailUrl":"https:\/\/revistaliterariaelgatonegro.com\/wp-content\/uploads\/2024\/08\/marta-arcallana-1.jpg","articleSection":["Hablamos de..."],"inLanguage":"es","potentialAction":[{"@type":"CommentAction","name":"Comment","target":["https:\/\/revistaliterariaelgatonegro.com\/?p=15177#respond"]}]},{"@type":"WebPage","@id":"https:\/\/revistaliterariaelgatonegro.com\/?p=15177","url":"https:\/\/revistaliterariaelgatonegro.com\/?p=15177","name":"II Encuentro Cultural Escuelas de Arcallana - REVISTA CULTURAL","isPartOf":{"@id":"https:\/\/revistaliterariaelgatonegro.com\/#website"},"primaryImageOfPage":{"@id":"https:\/\/revistaliterariaelgatonegro.com\/?p=15177#primaryimage"},"image":{"@id":"https:\/\/revistaliterariaelgatonegro.com\/?p=15177#primaryimage"},"thumbnailUrl":"https:\/\/revistaliterariaelgatonegro.com\/wp-content\/uploads\/2024\/08\/marta-arcallana-1.jpg","datePublished":"2024-08-12T05:34:41+00:00","dateModified":"2024-09-21T00:16:09+00:00","breadcrumb":{"@id":"https:\/\/revistaliterariaelgatonegro.com\/?p=15177#breadcrumb"},"inLanguage":"es","potentialAction":[{"@type":"ReadAction","target":["https:\/\/revistaliterariaelgatonegro.com\/?p=15177"]}]},{"@type":"ImageObject","inLanguage":"es","@id":"https:\/\/revistaliterariaelgatonegro.com\/?p=15177#primaryimage","url":"https:\/\/revistaliterariaelgatonegro.com\/wp-content\/uploads\/2024\/08\/marta-arcallana-1.jpg","contentUrl":"https:\/\/revistaliterariaelgatonegro.com\/wp-content\/uploads\/2024\/08\/marta-arcallana-1.jpg","width":890,"height":890},{"@type":"BreadcrumbList","@id":"https:\/\/revistaliterariaelgatonegro.com\/?p=15177#breadcrumb","itemListElement":[{"@type":"ListItem","position":1,"name":"Portada","item":"https:\/\/revistaliterariaelgatonegro.com\/"},{"@type":"ListItem","position":2,"name":"II Encuentro Cultural Escuelas de Arcallana"}]},{"@type":"WebSite","@id":"https:\/\/revistaliterariaelgatonegro.com\/#website","url":"https:\/\/revistaliterariaelgatonegro.com\/","name":"REVISTA CULTURAL","description":" Un nuevo espacio para la divulgaci\u00f3n literaria, as\u00ed como dem\u00e1s artes ","publisher":{"@id":"https:\/\/revistaliterariaelgatonegro.com\/#\/schema\/person\/6a37dd51e0f101e394e91c123fd12e8a"},"potentialAction":[{"@type":"SearchAction","target":{"@type":"EntryPoint","urlTemplate":"https:\/\/revistaliterariaelgatonegro.com\/?s={search_term_string}"},"query-input":{"@type":"PropertyValueSpecification","valueRequired":true,"valueName":"search_term_string"}}],"inLanguage":"es"},{"@type":["Person","Organization"],"@id":"https:\/\/revistaliterariaelgatonegro.com\/#\/schema\/person\/6a37dd51e0f101e394e91c123fd12e8a","name":"administrador","image":{"@type":"ImageObject","inLanguage":"es","@id":"https:\/\/revistaliterariaelgatonegro.com\/wp-content\/uploads\/2025\/12\/cropped-Logotipo-Logo-Marca-personal-Pastel-Amarillo-12-Photoroom.png","url":"https:\/\/revistaliterariaelgatonegro.com\/wp-content\/uploads\/2025\/12\/cropped-Logotipo-Logo-Marca-personal-Pastel-Amarillo-12-Photoroom.png","contentUrl":"https:\/\/revistaliterariaelgatonegro.com\/wp-content\/uploads\/2025\/12\/cropped-Logotipo-Logo-Marca-personal-Pastel-Amarillo-12-Photoroom.png","width":364,"height":212,"caption":"administrador"},"logo":{"@id":"https:\/\/revistaliterariaelgatonegro.com\/wp-content\/uploads\/2025\/12\/cropped-Logotipo-Logo-Marca-personal-Pastel-Amarillo-12-Photoroom.png"},"sameAs":["http:\/\/s864831950.mialojamiento.es"]}]}},"featured_image_urls":{"full":["https:\/\/revistaliterariaelgatonegro.com\/wp-content\/uploads\/2024\/08\/marta-arcallana-1.jpg",890,890,false],"thumbnail":["https:\/\/revistaliterariaelgatonegro.com\/wp-content\/uploads\/2024\/08\/marta-arcallana-1-150x150.jpg",150,150,true],"medium":["https:\/\/revistaliterariaelgatonegro.com\/wp-content\/uploads\/2024\/08\/marta-arcallana-1-300x300.jpg",300,300,true],"medium_large":["https:\/\/revistaliterariaelgatonegro.com\/wp-content\/uploads\/2024\/08\/marta-arcallana-1-768x768.jpg",640,640,true],"large":["https:\/\/revistaliterariaelgatonegro.com\/wp-content\/uploads\/2024\/08\/marta-arcallana-1-700x700.jpg",640,640,true],"1536x1536":["https:\/\/revistaliterariaelgatonegro.com\/wp-content\/uploads\/2024\/08\/marta-arcallana-1.jpg",890,890,false],"2048x2048":["https:\/\/revistaliterariaelgatonegro.com\/wp-content\/uploads\/2024\/08\/marta-arcallana-1.jpg",890,890,false],"morenews-large":["https:\/\/revistaliterariaelgatonegro.com\/wp-content\/uploads\/2024\/08\/marta-arcallana-1.jpg",575,575,false],"morenews-medium":["https:\/\/revistaliterariaelgatonegro.com\/wp-content\/uploads\/2024\/08\/marta-arcallana-1.jpg",410,410,false],"woocommerce_thumbnail":["https:\/\/revistaliterariaelgatonegro.com\/wp-content\/uploads\/2024\/08\/marta-arcallana-1-300x300.jpg",300,300,true],"woocommerce_single":["https:\/\/revistaliterariaelgatonegro.com\/wp-content\/uploads\/2024\/08\/marta-arcallana-1-300x300.jpg",300,300,true],"woocommerce_gallery_thumbnail":["https:\/\/revistaliterariaelgatonegro.com\/wp-content\/uploads\/2024\/08\/marta-arcallana-1-100x100.jpg",100,100,true],"dgwt-wcas-product-suggestion":["https:\/\/revistaliterariaelgatonegro.com\/wp-content\/uploads\/2024\/08\/marta-arcallana-1-64x64.jpg",64,64,true]},"author_info":{"display_name":false,"author_link":"https:\/\/revistaliterariaelgatonegro.com\/?author=1"},"category_info":"<a href=\"https:\/\/revistaliterariaelgatonegro.com\/?cat=119\" rel=\"category\">Hablamos de...<\/a>","tag_info":"Hablamos de...","comment_count":"0","_links":{"self":[{"href":"https:\/\/revistaliterariaelgatonegro.com\/index.php?rest_route=\/wp\/v2\/posts\/15177","targetHints":{"allow":["GET"]}}],"collection":[{"href":"https:\/\/revistaliterariaelgatonegro.com\/index.php?rest_route=\/wp\/v2\/posts"}],"about":[{"href":"https:\/\/revistaliterariaelgatonegro.com\/index.php?rest_route=\/wp\/v2\/types\/post"}],"author":[{"embeddable":true,"href":"https:\/\/revistaliterariaelgatonegro.com\/index.php?rest_route=\/wp\/v2\/users\/1"}],"replies":[{"embeddable":true,"href":"https:\/\/revistaliterariaelgatonegro.com\/index.php?rest_route=%2Fwp%2Fv2%2Fcomments&post=15177"}],"version-history":[{"count":10,"href":"https:\/\/revistaliterariaelgatonegro.com\/index.php?rest_route=\/wp\/v2\/posts\/15177\/revisions"}],"predecessor-version":[{"id":15666,"href":"https:\/\/revistaliterariaelgatonegro.com\/index.php?rest_route=\/wp\/v2\/posts\/15177\/revisions\/15666"}],"wp:featuredmedia":[{"embeddable":true,"href":"https:\/\/revistaliterariaelgatonegro.com\/index.php?rest_route=\/wp\/v2\/media\/15192"}],"wp:attachment":[{"href":"https:\/\/revistaliterariaelgatonegro.com\/index.php?rest_route=%2Fwp%2Fv2%2Fmedia&parent=15177"}],"wp:term":[{"taxonomy":"category","embeddable":true,"href":"https:\/\/revistaliterariaelgatonegro.com\/index.php?rest_route=%2Fwp%2Fv2%2Fcategories&post=15177"},{"taxonomy":"post_tag","embeddable":true,"href":"https:\/\/revistaliterariaelgatonegro.com\/index.php?rest_route=%2Fwp%2Fv2%2Ftags&post=15177"}],"curies":[{"name":"wp","href":"https:\/\/api.w.org\/{rel}","templated":true}]}}