{"id":14470,"date":"2024-06-03T08:50:20","date_gmt":"2024-06-03T08:50:20","guid":{"rendered":"https:\/\/revistaliterariaelgatonegro.com\/?p=14470"},"modified":"2024-06-03T08:50:22","modified_gmt":"2024-06-03T08:50:22","slug":"la-compania-hermana-y-hermano-convierte-el-escenario-del-teatro-lara-en-un-plato-con-su-obra-camaradas","status":"publish","type":"post","link":"https:\/\/revistaliterariaelgatonegro.com\/?p=14470","title":{"rendered":"La compa\u00f1\u00eda Hermana y Hermano convierte el escenario del Teatro Lara\u00a0\u00a0\u00a0\u00a0 en un plat\u00f3 con su obra \u2018Camaradas\u2019"},"content":{"rendered":"\n<p>El&nbsp;Teatro Lara&nbsp;acoge el estreno absoluto de&nbsp;<a href=\"https:\/\/teatrolara.com\/programacion\/camaradas\" target=\"_blank\" rel=\"noreferrer noopener\"><em>Camaradas<\/em><\/a>, obra&nbsp;escrita y protagonizada por Clara Garrido&nbsp;y&nbsp;dirigida por Felipe G. Archanco, fundadores de la&nbsp;compa\u00f1\u00eda Hermana y Hermano&nbsp;con la que inician andadura teatral propia. Estar\u00e1 en cartel los domingos por la tarde del 9 de junio al 28 de julio y en ella prometen televisi\u00f3n en escena y teatro en&nbsp;<em>prime time<\/em>.<\/p>\n\n\n\n<p>Clara Garrido\u00a0es Alma, que interpreta a Romina, la mujer de Amadeo, pero quiere ser Caye, la novia de Quique, que interpret\u00f3 Leo, que es\u00a0Fernando Coronado. Una comedia laber\u00edntica en la que dos actores que luchan por sobrevivir en una industria salvaje se ver\u00e1n obligados a confrontar todo aquello en lo que creen creer. Adem\u00e1s, la obra cuenta con un tercer personaje, interpretado por\u00a0Mar\u00eda Jos\u00e9 Sarrate.<\/p>\n\n\n\n<blockquote class=\"wp-block-quote is-layout-flow wp-block-quote-is-layout-flow\">\n<p class=\"has-text-align-center has-medium-font-size\"><strong><em>Camaradas<\/em>\u00a0se podr\u00e1 ver los domingos del 9 de junio al 28 de julio a las 18:15 h en la sala Lola Membrives del Teatro Lara<\/strong><\/p>\n<\/blockquote>\n\n\n\n<p>Esta propuesta ofrece al p\u00fablico lo que no se ve, el&nbsp;<em>backstage<\/em>, los momentos previos y posteriores al rodaje de las \u00faltimas secuencias de una serie que lleva por t\u00edtulo Pensamientos 47. A trav\u00e9s de una estructura de matrioska, los personajes dicen ser, aparentan ser y tambi\u00e9n son. En este sentido,&nbsp;<em>Camaradas<\/em>&nbsp;tiene algo de Cluedo, invitando al espectador a resolver un misterio: \u00bfQui\u00e9nes son Alma y Leo?<\/p>\n\n\n\n<p>\u201c<em>Camaradas<\/em>&nbsp;habla del peligro de perderse en el personaje que creas. La obra plantea el viaje de&nbsp;dos personajes en crisis que se niegan a s\u00ed mismos, pero que llegar\u00e1n a un punto en el que no les quedar\u00e1 otra que mirarse, estar y ser\u201d, comentan Clara Garrido y Felipe G. Archanco. \u201cCuando cae la m\u00e1scara social, aparece la verdadera humanidad\u201d, a\u00f1aden.<\/p>\n\n\n\n<p><em>Camaradas<\/em>&nbsp;se podr\u00e1 ver los domingos del 9 de junio al 28 de julio a las 18:15 h en la sala Lola Membrives del Teatro Lara.<\/p>\n\n\n\n<p><em>Camaradas<\/em>&nbsp;ofrece al p\u00fablico lo que no se ve, el&nbsp;<em>backstage<\/em>. All\u00ed, Leo y Alma comparten los momentos previos y posteriores al rodaje de las \u00faltimas secuencias de Pensamientos 47, un compendio de situaciones&nbsp;<em>a priori<\/em>&nbsp;cotidianas, pero cada vez m\u00e1s extra\u00f1as, absurdas, extremas, que evidenciar\u00e1n que Leo y Alma, quiz\u00e1, no son (solo) quienes aparentan ser.<\/p>\n","protected":false},"excerpt":{"rendered":"<p>El&nbsp;Teatro Lara&nbsp;acoge el estreno absoluto de&nbsp;Camaradas, obra&nbsp;escrita y protagonizada por Clara Garrido&nbsp;y&nbsp;dirigida por Felipe G. Archanco, fundadores de<\/p>\n","protected":false},"author":1,"featured_media":14472,"comment_status":"open","ping_status":"open","sticky":false,"template":"","format":"standard","meta":{"footnotes":""},"categories":[61],"tags":[],"class_list":["post-14470","post","type-post","status-publish","format-standard","has-post-thumbnail","hentry","category-teatro"],"yoast_head":"<!-- This site is optimized with the Yoast SEO plugin v27.4 - https:\/\/yoast.com\/product\/yoast-seo-wordpress\/ -->\n<title>La compa\u00f1\u00eda Hermana y Hermano convierte el escenario del Teatro Lara\u00a0\u00a0\u00a0\u00a0 en un plat\u00f3 con su obra \u2018Camaradas\u2019 - REVISTA CULTURAL<\/title>\n<meta name=\"robots\" content=\"index, follow, max-snippet:-1, max-image-preview:large, max-video-preview:-1\" \/>\n<link rel=\"canonical\" href=\"https:\/\/revistaliterariaelgatonegro.com\/?p=14470\" \/>\n<meta property=\"og:locale\" content=\"es_ES\" \/>\n<meta property=\"og:type\" content=\"article\" \/>\n<meta property=\"og:title\" content=\"La compa\u00f1\u00eda Hermana y Hermano convierte el escenario del Teatro Lara\u00a0\u00a0\u00a0\u00a0 en un plat\u00f3 con su obra \u2018Camaradas\u2019 - REVISTA CULTURAL\" \/>\n<meta property=\"og:description\" content=\"El&nbsp;Teatro Lara&nbsp;acoge el estreno absoluto de&nbsp;Camaradas, obra&nbsp;escrita y protagonizada por Clara Garrido&nbsp;y&nbsp;dirigida por Felipe G. Archanco, fundadores de\" \/>\n<meta property=\"og:url\" content=\"https:\/\/revistaliterariaelgatonegro.com\/?p=14470\" \/>\n<meta property=\"og:site_name\" content=\"REVISTA CULTURAL\" \/>\n<meta property=\"article:published_time\" content=\"2024-06-03T08:50:20+00:00\" \/>\n<meta property=\"article:modified_time\" content=\"2024-06-03T08:50:22+00:00\" \/>\n<meta property=\"og:image\" content=\"https:\/\/revistaliterariaelgatonegro.com\/wp-content\/uploads\/2024\/06\/CARTEL-CAMARADAS.jpg\" \/>\n\t<meta property=\"og:image:width\" content=\"800\" \/>\n\t<meta property=\"og:image:height\" content=\"1132\" \/>\n\t<meta property=\"og:image:type\" content=\"image\/jpeg\" \/>\n<meta name=\"author\" content=\"administrador\" \/>\n<meta name=\"twitter:card\" content=\"summary_large_image\" \/>\n<meta name=\"twitter:label1\" content=\"Escrito por\" \/>\n\t<meta name=\"twitter:data1\" content=\"\" \/>\n\t<meta name=\"twitter:label2\" content=\"Tiempo de lectura\" \/>\n\t<meta name=\"twitter:data2\" content=\"2 minutos\" \/>\n<script type=\"application\/ld+json\" class=\"yoast-schema-graph\">{\"@context\":\"https:\\\/\\\/schema.org\",\"@graph\":[{\"@type\":\"Article\",\"@id\":\"https:\\\/\\\/revistaliterariaelgatonegro.com\\\/?p=14470#article\",\"isPartOf\":{\"@id\":\"https:\\\/\\\/revistaliterariaelgatonegro.com\\\/?p=14470\"},\"author\":{\"name\":\"administrador\",\"@id\":\"https:\\\/\\\/revistaliterariaelgatonegro.com\\\/#\\\/schema\\\/person\\\/6a37dd51e0f101e394e91c123fd12e8a\"},\"headline\":\"La compa\u00f1\u00eda Hermana y Hermano convierte el escenario del Teatro Lara\u00a0\u00a0\u00a0\u00a0 en un plat\u00f3 con su obra \u2018Camaradas\u2019\",\"datePublished\":\"2024-06-03T08:50:20+00:00\",\"dateModified\":\"2024-06-03T08:50:22+00:00\",\"mainEntityOfPage\":{\"@id\":\"https:\\\/\\\/revistaliterariaelgatonegro.com\\\/?p=14470\"},\"wordCount\":417,\"commentCount\":0,\"publisher\":{\"@id\":\"https:\\\/\\\/revistaliterariaelgatonegro.com\\\/#\\\/schema\\\/person\\\/6a37dd51e0f101e394e91c123fd12e8a\"},\"image\":{\"@id\":\"https:\\\/\\\/revistaliterariaelgatonegro.com\\\/?p=14470#primaryimage\"},\"thumbnailUrl\":\"https:\\\/\\\/revistaliterariaelgatonegro.com\\\/wp-content\\\/uploads\\\/2024\\\/06\\\/CARTEL-CAMARADAS.jpg\",\"articleSection\":[\"Teatro\"],\"inLanguage\":\"es\",\"potentialAction\":[{\"@type\":\"CommentAction\",\"name\":\"Comment\",\"target\":[\"https:\\\/\\\/revistaliterariaelgatonegro.com\\\/?p=14470#respond\"]}]},{\"@type\":\"WebPage\",\"@id\":\"https:\\\/\\\/revistaliterariaelgatonegro.com\\\/?p=14470\",\"url\":\"https:\\\/\\\/revistaliterariaelgatonegro.com\\\/?p=14470\",\"name\":\"La compa\u00f1\u00eda Hermana y Hermano convierte el escenario del Teatro Lara\u00a0\u00a0\u00a0\u00a0 en un plat\u00f3 con su obra \u2018Camaradas\u2019 - REVISTA CULTURAL\",\"isPartOf\":{\"@id\":\"https:\\\/\\\/revistaliterariaelgatonegro.com\\\/#website\"},\"primaryImageOfPage\":{\"@id\":\"https:\\\/\\\/revistaliterariaelgatonegro.com\\\/?p=14470#primaryimage\"},\"image\":{\"@id\":\"https:\\\/\\\/revistaliterariaelgatonegro.com\\\/?p=14470#primaryimage\"},\"thumbnailUrl\":\"https:\\\/\\\/revistaliterariaelgatonegro.com\\\/wp-content\\\/uploads\\\/2024\\\/06\\\/CARTEL-CAMARADAS.jpg\",\"datePublished\":\"2024-06-03T08:50:20+00:00\",\"dateModified\":\"2024-06-03T08:50:22+00:00\",\"breadcrumb\":{\"@id\":\"https:\\\/\\\/revistaliterariaelgatonegro.com\\\/?p=14470#breadcrumb\"},\"inLanguage\":\"es\",\"potentialAction\":[{\"@type\":\"ReadAction\",\"target\":[\"https:\\\/\\\/revistaliterariaelgatonegro.com\\\/?p=14470\"]}]},{\"@type\":\"ImageObject\",\"inLanguage\":\"es\",\"@id\":\"https:\\\/\\\/revistaliterariaelgatonegro.com\\\/?p=14470#primaryimage\",\"url\":\"https:\\\/\\\/revistaliterariaelgatonegro.com\\\/wp-content\\\/uploads\\\/2024\\\/06\\\/CARTEL-CAMARADAS.jpg\",\"contentUrl\":\"https:\\\/\\\/revistaliterariaelgatonegro.com\\\/wp-content\\\/uploads\\\/2024\\\/06\\\/CARTEL-CAMARADAS.jpg\",\"width\":800,\"height\":1132},{\"@type\":\"BreadcrumbList\",\"@id\":\"https:\\\/\\\/revistaliterariaelgatonegro.com\\\/?p=14470#breadcrumb\",\"itemListElement\":[{\"@type\":\"ListItem\",\"position\":1,\"name\":\"Portada\",\"item\":\"https:\\\/\\\/revistaliterariaelgatonegro.com\\\/\"},{\"@type\":\"ListItem\",\"position\":2,\"name\":\"La compa\u00f1\u00eda Hermana y Hermano convierte el escenario del Teatro Lara\u00a0\u00a0\u00a0\u00a0 en un plat\u00f3 con su obra \u2018Camaradas\u2019\"}]},{\"@type\":\"WebSite\",\"@id\":\"https:\\\/\\\/revistaliterariaelgatonegro.com\\\/#website\",\"url\":\"https:\\\/\\\/revistaliterariaelgatonegro.com\\\/\",\"name\":\"REVISTA CULTURAL\",\"description\":\" Un nuevo espacio para la divulgaci\u00f3n literaria, as\u00ed como dem\u00e1s artes \",\"publisher\":{\"@id\":\"https:\\\/\\\/revistaliterariaelgatonegro.com\\\/#\\\/schema\\\/person\\\/6a37dd51e0f101e394e91c123fd12e8a\"},\"potentialAction\":[{\"@type\":\"SearchAction\",\"target\":{\"@type\":\"EntryPoint\",\"urlTemplate\":\"https:\\\/\\\/revistaliterariaelgatonegro.com\\\/?s={search_term_string}\"},\"query-input\":{\"@type\":\"PropertyValueSpecification\",\"valueRequired\":true,\"valueName\":\"search_term_string\"}}],\"inLanguage\":\"es\"},{\"@type\":[\"Person\",\"Organization\"],\"@id\":\"https:\\\/\\\/revistaliterariaelgatonegro.com\\\/#\\\/schema\\\/person\\\/6a37dd51e0f101e394e91c123fd12e8a\",\"name\":\"administrador\",\"image\":{\"@type\":\"ImageObject\",\"inLanguage\":\"es\",\"@id\":\"https:\\\/\\\/revistaliterariaelgatonegro.com\\\/wp-content\\\/uploads\\\/2025\\\/12\\\/cropped-Logotipo-Logo-Marca-personal-Pastel-Amarillo-12-Photoroom.png\",\"url\":\"https:\\\/\\\/revistaliterariaelgatonegro.com\\\/wp-content\\\/uploads\\\/2025\\\/12\\\/cropped-Logotipo-Logo-Marca-personal-Pastel-Amarillo-12-Photoroom.png\",\"contentUrl\":\"https:\\\/\\\/revistaliterariaelgatonegro.com\\\/wp-content\\\/uploads\\\/2025\\\/12\\\/cropped-Logotipo-Logo-Marca-personal-Pastel-Amarillo-12-Photoroom.png\",\"width\":364,\"height\":212,\"caption\":\"administrador\"},\"logo\":{\"@id\":\"https:\\\/\\\/revistaliterariaelgatonegro.com\\\/wp-content\\\/uploads\\\/2025\\\/12\\\/cropped-Logotipo-Logo-Marca-personal-Pastel-Amarillo-12-Photoroom.png\"},\"sameAs\":[\"http:\\\/\\\/s864831950.mialojamiento.es\"]}]}<\/script>\n<!-- \/ Yoast SEO plugin. -->","yoast_head_json":{"title":"La compa\u00f1\u00eda Hermana y Hermano convierte el escenario del Teatro Lara\u00a0\u00a0\u00a0\u00a0 en un plat\u00f3 con su obra \u2018Camaradas\u2019 - REVISTA CULTURAL","robots":{"index":"index","follow":"follow","max-snippet":"max-snippet:-1","max-image-preview":"max-image-preview:large","max-video-preview":"max-video-preview:-1"},"canonical":"https:\/\/revistaliterariaelgatonegro.com\/?p=14470","og_locale":"es_ES","og_type":"article","og_title":"La compa\u00f1\u00eda Hermana y Hermano convierte el escenario del Teatro Lara\u00a0\u00a0\u00a0\u00a0 en un plat\u00f3 con su obra \u2018Camaradas\u2019 - REVISTA CULTURAL","og_description":"El&nbsp;Teatro Lara&nbsp;acoge el estreno absoluto de&nbsp;Camaradas, obra&nbsp;escrita y protagonizada por Clara Garrido&nbsp;y&nbsp;dirigida por Felipe G. Archanco, fundadores de","og_url":"https:\/\/revistaliterariaelgatonegro.com\/?p=14470","og_site_name":"REVISTA CULTURAL","article_published_time":"2024-06-03T08:50:20+00:00","article_modified_time":"2024-06-03T08:50:22+00:00","og_image":[{"width":800,"height":1132,"url":"https:\/\/revistaliterariaelgatonegro.com\/wp-content\/uploads\/2024\/06\/CARTEL-CAMARADAS.jpg","type":"image\/jpeg"}],"author":"administrador","twitter_card":"summary_large_image","twitter_misc":{"Escrito por":false,"Tiempo de lectura":"2 minutos"},"schema":{"@context":"https:\/\/schema.org","@graph":[{"@type":"Article","@id":"https:\/\/revistaliterariaelgatonegro.com\/?p=14470#article","isPartOf":{"@id":"https:\/\/revistaliterariaelgatonegro.com\/?p=14470"},"author":{"name":"administrador","@id":"https:\/\/revistaliterariaelgatonegro.com\/#\/schema\/person\/6a37dd51e0f101e394e91c123fd12e8a"},"headline":"La compa\u00f1\u00eda Hermana y Hermano convierte el escenario del Teatro Lara\u00a0\u00a0\u00a0\u00a0 en un plat\u00f3 con su obra \u2018Camaradas\u2019","datePublished":"2024-06-03T08:50:20+00:00","dateModified":"2024-06-03T08:50:22+00:00","mainEntityOfPage":{"@id":"https:\/\/revistaliterariaelgatonegro.com\/?p=14470"},"wordCount":417,"commentCount":0,"publisher":{"@id":"https:\/\/revistaliterariaelgatonegro.com\/#\/schema\/person\/6a37dd51e0f101e394e91c123fd12e8a"},"image":{"@id":"https:\/\/revistaliterariaelgatonegro.com\/?p=14470#primaryimage"},"thumbnailUrl":"https:\/\/revistaliterariaelgatonegro.com\/wp-content\/uploads\/2024\/06\/CARTEL-CAMARADAS.jpg","articleSection":["Teatro"],"inLanguage":"es","potentialAction":[{"@type":"CommentAction","name":"Comment","target":["https:\/\/revistaliterariaelgatonegro.com\/?p=14470#respond"]}]},{"@type":"WebPage","@id":"https:\/\/revistaliterariaelgatonegro.com\/?p=14470","url":"https:\/\/revistaliterariaelgatonegro.com\/?p=14470","name":"La compa\u00f1\u00eda Hermana y Hermano convierte el escenario del Teatro Lara\u00a0\u00a0\u00a0\u00a0 en un plat\u00f3 con su obra \u2018Camaradas\u2019 - REVISTA CULTURAL","isPartOf":{"@id":"https:\/\/revistaliterariaelgatonegro.com\/#website"},"primaryImageOfPage":{"@id":"https:\/\/revistaliterariaelgatonegro.com\/?p=14470#primaryimage"},"image":{"@id":"https:\/\/revistaliterariaelgatonegro.com\/?p=14470#primaryimage"},"thumbnailUrl":"https:\/\/revistaliterariaelgatonegro.com\/wp-content\/uploads\/2024\/06\/CARTEL-CAMARADAS.jpg","datePublished":"2024-06-03T08:50:20+00:00","dateModified":"2024-06-03T08:50:22+00:00","breadcrumb":{"@id":"https:\/\/revistaliterariaelgatonegro.com\/?p=14470#breadcrumb"},"inLanguage":"es","potentialAction":[{"@type":"ReadAction","target":["https:\/\/revistaliterariaelgatonegro.com\/?p=14470"]}]},{"@type":"ImageObject","inLanguage":"es","@id":"https:\/\/revistaliterariaelgatonegro.com\/?p=14470#primaryimage","url":"https:\/\/revistaliterariaelgatonegro.com\/wp-content\/uploads\/2024\/06\/CARTEL-CAMARADAS.jpg","contentUrl":"https:\/\/revistaliterariaelgatonegro.com\/wp-content\/uploads\/2024\/06\/CARTEL-CAMARADAS.jpg","width":800,"height":1132},{"@type":"BreadcrumbList","@id":"https:\/\/revistaliterariaelgatonegro.com\/?p=14470#breadcrumb","itemListElement":[{"@type":"ListItem","position":1,"name":"Portada","item":"https:\/\/revistaliterariaelgatonegro.com\/"},{"@type":"ListItem","position":2,"name":"La compa\u00f1\u00eda Hermana y Hermano convierte el escenario del Teatro Lara\u00a0\u00a0\u00a0\u00a0 en un plat\u00f3 con su obra \u2018Camaradas\u2019"}]},{"@type":"WebSite","@id":"https:\/\/revistaliterariaelgatonegro.com\/#website","url":"https:\/\/revistaliterariaelgatonegro.com\/","name":"REVISTA CULTURAL","description":" Un nuevo espacio para la divulgaci\u00f3n literaria, as\u00ed como dem\u00e1s artes ","publisher":{"@id":"https:\/\/revistaliterariaelgatonegro.com\/#\/schema\/person\/6a37dd51e0f101e394e91c123fd12e8a"},"potentialAction":[{"@type":"SearchAction","target":{"@type":"EntryPoint","urlTemplate":"https:\/\/revistaliterariaelgatonegro.com\/?s={search_term_string}"},"query-input":{"@type":"PropertyValueSpecification","valueRequired":true,"valueName":"search_term_string"}}],"inLanguage":"es"},{"@type":["Person","Organization"],"@id":"https:\/\/revistaliterariaelgatonegro.com\/#\/schema\/person\/6a37dd51e0f101e394e91c123fd12e8a","name":"administrador","image":{"@type":"ImageObject","inLanguage":"es","@id":"https:\/\/revistaliterariaelgatonegro.com\/wp-content\/uploads\/2025\/12\/cropped-Logotipo-Logo-Marca-personal-Pastel-Amarillo-12-Photoroom.png","url":"https:\/\/revistaliterariaelgatonegro.com\/wp-content\/uploads\/2025\/12\/cropped-Logotipo-Logo-Marca-personal-Pastel-Amarillo-12-Photoroom.png","contentUrl":"https:\/\/revistaliterariaelgatonegro.com\/wp-content\/uploads\/2025\/12\/cropped-Logotipo-Logo-Marca-personal-Pastel-Amarillo-12-Photoroom.png","width":364,"height":212,"caption":"administrador"},"logo":{"@id":"https:\/\/revistaliterariaelgatonegro.com\/wp-content\/uploads\/2025\/12\/cropped-Logotipo-Logo-Marca-personal-Pastel-Amarillo-12-Photoroom.png"},"sameAs":["http:\/\/s864831950.mialojamiento.es"]}]}},"featured_image_urls":{"full":["https:\/\/revistaliterariaelgatonegro.com\/wp-content\/uploads\/2024\/06\/CARTEL-CAMARADAS.jpg",800,1132,false],"thumbnail":["https:\/\/revistaliterariaelgatonegro.com\/wp-content\/uploads\/2024\/06\/CARTEL-CAMARADAS-150x150.jpg",150,150,true],"medium":["https:\/\/revistaliterariaelgatonegro.com\/wp-content\/uploads\/2024\/06\/CARTEL-CAMARADAS-212x300.jpg",212,300,true],"medium_large":["https:\/\/revistaliterariaelgatonegro.com\/wp-content\/uploads\/2024\/06\/CARTEL-CAMARADAS-768x1087.jpg",640,906,true],"large":["https:\/\/revistaliterariaelgatonegro.com\/wp-content\/uploads\/2024\/06\/CARTEL-CAMARADAS-700x991.jpg",640,906,true],"1536x1536":["https:\/\/revistaliterariaelgatonegro.com\/wp-content\/uploads\/2024\/06\/CARTEL-CAMARADAS.jpg",800,1132,false],"2048x2048":["https:\/\/revistaliterariaelgatonegro.com\/wp-content\/uploads\/2024\/06\/CARTEL-CAMARADAS.jpg",800,1132,false],"morenews-large":["https:\/\/revistaliterariaelgatonegro.com\/wp-content\/uploads\/2024\/06\/CARTEL-CAMARADAS.jpg",406,575,false],"morenews-medium":["https:\/\/revistaliterariaelgatonegro.com\/wp-content\/uploads\/2024\/06\/CARTEL-CAMARADAS.jpg",290,410,false],"woocommerce_thumbnail":["https:\/\/revistaliterariaelgatonegro.com\/wp-content\/uploads\/2024\/06\/CARTEL-CAMARADAS-300x425.jpg",300,425,true],"woocommerce_single":["https:\/\/revistaliterariaelgatonegro.com\/wp-content\/uploads\/2024\/06\/CARTEL-CAMARADAS-300x425.jpg",300,425,true],"woocommerce_gallery_thumbnail":["https:\/\/revistaliterariaelgatonegro.com\/wp-content\/uploads\/2024\/06\/CARTEL-CAMARADAS-100x100.jpg",100,100,true],"dgwt-wcas-product-suggestion":["https:\/\/revistaliterariaelgatonegro.com\/wp-content\/uploads\/2024\/06\/CARTEL-CAMARADAS-64x91.jpg",64,91,true]},"author_info":{"display_name":false,"author_link":"https:\/\/revistaliterariaelgatonegro.com\/?author=1"},"category_info":"<a href=\"https:\/\/revistaliterariaelgatonegro.com\/?cat=61\" rel=\"category\">Teatro<\/a>","tag_info":"Teatro","comment_count":"0","_links":{"self":[{"href":"https:\/\/revistaliterariaelgatonegro.com\/index.php?rest_route=\/wp\/v2\/posts\/14470","targetHints":{"allow":["GET"]}}],"collection":[{"href":"https:\/\/revistaliterariaelgatonegro.com\/index.php?rest_route=\/wp\/v2\/posts"}],"about":[{"href":"https:\/\/revistaliterariaelgatonegro.com\/index.php?rest_route=\/wp\/v2\/types\/post"}],"author":[{"embeddable":true,"href":"https:\/\/revistaliterariaelgatonegro.com\/index.php?rest_route=\/wp\/v2\/users\/1"}],"replies":[{"embeddable":true,"href":"https:\/\/revistaliterariaelgatonegro.com\/index.php?rest_route=%2Fwp%2Fv2%2Fcomments&post=14470"}],"version-history":[{"count":2,"href":"https:\/\/revistaliterariaelgatonegro.com\/index.php?rest_route=\/wp\/v2\/posts\/14470\/revisions"}],"predecessor-version":[{"id":14473,"href":"https:\/\/revistaliterariaelgatonegro.com\/index.php?rest_route=\/wp\/v2\/posts\/14470\/revisions\/14473"}],"wp:featuredmedia":[{"embeddable":true,"href":"https:\/\/revistaliterariaelgatonegro.com\/index.php?rest_route=\/wp\/v2\/media\/14472"}],"wp:attachment":[{"href":"https:\/\/revistaliterariaelgatonegro.com\/index.php?rest_route=%2Fwp%2Fv2%2Fmedia&parent=14470"}],"wp:term":[{"taxonomy":"category","embeddable":true,"href":"https:\/\/revistaliterariaelgatonegro.com\/index.php?rest_route=%2Fwp%2Fv2%2Fcategories&post=14470"},{"taxonomy":"post_tag","embeddable":true,"href":"https:\/\/revistaliterariaelgatonegro.com\/index.php?rest_route=%2Fwp%2Fv2%2Ftags&post=14470"}],"curies":[{"name":"wp","href":"https:\/\/api.w.org\/{rel}","templated":true}]}}