{"id":12385,"date":"2023-12-06T07:43:00","date_gmt":"2023-12-06T07:43:00","guid":{"rendered":"https:\/\/revistaliterariaelgatonegro.com\/?p=12385"},"modified":"2023-12-05T19:45:18","modified_gmt":"2023-12-05T19:45:18","slug":"cuando-el-diablo-no-tiene-que-hacer","status":"publish","type":"post","link":"https:\/\/revistaliterariaelgatonegro.com\/?p=12385","title":{"rendered":"Cuando el diablo no tiene que hacer&#8230;"},"content":{"rendered":"\n<p class=\"wp-block-paragraph\">Me dec\u00eda un viejo funcionario hace muchos a\u00f1os, que con la llegada de los interinos la administraci\u00f3n se descabalaba. Creo que ten\u00eda raz\u00f3n, en parte, tambi\u00e9n soy de la opini\u00f3n que en estos tiempos buena parte de su desenfoque en la gesti\u00f3n est\u00e1 propiciado por esencias pol\u00edticas.<\/p>\n\n\n\n<p class=\"wp-block-paragraph\">Pongamos que hablo de Madrid, del \u201cPaisaje de la luz\u201d, considerado Patrimonio mundial.<\/p>\n\n\n\n<p class=\"wp-block-paragraph\">A qu\u00e9 viene el buscarle tres pies al gato pensando en la tala de 70 frondosos ejemplares, entre ellos los cedros monumentales, que el propio ayuntamiento los ha catalogado como singulares. \u00bfPuede que, tambi\u00e9n, para echarle la culpa al presidente del gobierno? \u00bfPuede que sea necesario desviar la atenci\u00f3n de algo de mayor inter\u00e9s? \u00bfPudiera ser que les importa un pepino todo lo que huela a UNESCO y a cultura?<\/p>\n\n\n\n<p class=\"wp-block-paragraph\">Este mes nos hemos levantado con otra propuesta que a muchos se nos antoja poco seria. Se trata de eliminar el nombre de unos jardines en el paseo de la Castellana de Madrid, en pleno distrito de Chamart\u00edn. As\u00ed es, la concejal presidente del distrito propuso eliminar el nombre de Jardines de las Bellas Artes por el de Jardines de la Transici\u00f3n Espa\u00f1ola.<\/p>\n\n\n\n<p class=\"wp-block-paragraph\">Unos hablan de que la transici\u00f3n dur\u00f3 tres a\u00f1os, en 1976 se hizo la Reforma Pol\u00edtica, en 1977, llegaron las elecciones generales libres, tras cuarenta a\u00f1os, luego la Ley de Amnist\u00eda y en 1978 la Constituci\u00f3n.<\/p>\n\n\n\n<p class=\"wp-block-paragraph\">Algunos cuentan que la Transici\u00f3n fue de 1975 a 1982, despu\u00e9s de abandonar la UCD a Adolfo Suarez, tras el intento de golpe frustrado en 1981 y un a\u00f1o despu\u00e9s la llegada de las segundas elecciones generales con la mayor\u00eda absoluta de la izquierda y triunfo del PSOE.<\/p>\n\n\n\n<p class=\"wp-block-paragraph\">Otros son de la opini\u00f3n que vivimos en una continua transici\u00f3n.<\/p>\n\n\n\n<p class=\"wp-block-paragraph\">\u00bfQu\u00e9 intenta resaltar este cambio de nombre de unos jardines? Quiz\u00e1 la man\u00eda institucional que se le tiene a la cultura, a las Bellas Artes y lo obsoletas que estas est\u00e1n en el \u00e1mbito social, propiciadas desde &nbsp;antes de la transici\u00f3n, en el periodo que se guste elegir, en aquel distrito de Chamart\u00edn y en aquella ciudad de Madrid, donde solo hay cultura de primera, la cultura vecinal, la de proximidad, la cultura p\u00fablica, apenas existe.<\/p>\n\n\n\n<p class=\"wp-block-paragraph\">En aquel distrito hay m\u00e1s de 140.000 vecinos y solo cuenta con un aforo de butacas inferior a las trescientas en los Centros Culturales.<\/p>\n\n\n\n<p class=\"wp-block-paragraph\">Ese mismo distrito cuenta con solo dos bibliotecas p\u00fablicas, que la tercera dedicada a la literatura infantil se cerr\u00f3 hace muchos a\u00f1os. Donde no existe una escuela municipal de artes esc\u00e9nicas: danza, teatro, mimo\u2026 El distrito cuenta solo con una sala de exposiciones, las salas de teatro y cine deslumbran por su ausencia. Un distrito con pocas esculturas en espacios abiertos. Unos espacios infrautilizados, ya que en las ma\u00f1anas se deber\u00edan ofrecer eventos culturales, ya fuera para colegios ya para aquellas personas que trabajan o cuidan de los suyos en turno de tarde.<\/p>\n\n\n\n<p class=\"wp-block-paragraph\">Puestos a ser cr\u00edticos, dir\u00eda que tienen muchas cosas por hacer en el distrito, pero, o no le dejan o no sabe gestionar, por ese motivo, lo dicho en el refr\u00e1n: Cuando el diablo no tiene que hacer\u2026<\/p>\n\n\n\n<p class=\"wp-block-paragraph\">Y surge una pregunta sin respuesta: \u00bfEn lugar de conseguir acercar la cultura a los vecinos del distrito y aumentar el n\u00famero de Centros Culturales, a que viene eliminar el nombre de unos jardines? Puede tener muchos significados, puede ser que, si los vecinos no reclaman un nuevo nombre dedicado a las Bellas Artes, en el pr\u00f3ximo Pleno de la Junta municipal del distrito, caiga el nombre de otra plaza, de otro parque. Recordemos que ese distrito es el \u00fanico que cuenta con un monumento dedicado a \u201cEnterrar la guerra\u201d, levantado por suscripci\u00f3n popular, tirado porque s\u00ed y vuelto a levantar por la presi\u00f3n vecinal.<\/p>\n\n\n\n<p class=\"wp-block-paragraph\">Entiendo que espacio tan obsoleto para homenajear a las Bellas Artes en Madrid, resulte criticable por sus escuetas dimensiones y, por tanto, se quiera dar el nombre a otro espacio ajardinado de mayor tama\u00f1o. Espero que los vecinos decidan cual ser\u00eda ese punto dedicado a recordar a las Bellas Artes. En alg\u00fan momento se propuso esa denominaci\u00f3n, en la \u00e9poca de los Consejos municipales distritales, hace ya m\u00e1s de una d\u00e9cada. Se propuso el jard\u00edn que est\u00e1 en la calle Padre Claret. Puede que esta vez la Junta municipal, se haga eco de esa petici\u00f3n vecinal o de sus representantes pol\u00edticos.<\/p>\n\n\n\n<p class=\"wp-block-paragraph\">Algo que no sale tan caro y es f\u00e1cil de gestionar gracias a las nuevas aplicaciones tecnol\u00f3gicas: Mediante un c\u00f3digo QR, colocado en cada calle, el ciudadano podr\u00eda conocer a quien se homenajea en esa calle, parque o jard\u00edn: Ros de Olano, el de gorro militar. Saturnino Calleja, el de los cuentos infantiles. L\u00f3pez de Hoyos, el preceptor de un tal Cervantes\u2026<\/p>\n\n\n\n<p class=\"wp-block-paragraph\">La cultura no tiene por qu\u00e9 ser cara, aunque hay mucho cara que rapta la cultura para poder manipular mejor a los vecindarios.<\/p>\n\n\n\n<p class=\"wp-block-paragraph\">Recordemos que sin conocimiento no hay esp\u00edritu cr\u00edtico, pero tampoco c\u00edvico.<\/p>\n\n\n\n<p class=\"wp-block-paragraph\">\u00a0Fdo:<em> Emilio Meseguer End\u00e9riz<\/em><\/p>\n","protected":false},"excerpt":{"rendered":"<p>Me dec\u00eda un viejo funcionario hace muchos a\u00f1os, que con la llegada de los interinos la administraci\u00f3n se<\/p>\n","protected":false},"author":1,"featured_media":12394,"comment_status":"open","ping_status":"open","sticky":false,"template":"","format":"standard","meta":{"footnotes":""},"categories":[118],"tags":[],"class_list":["post-12385","post","type-post","status-publish","format-standard","has-post-thumbnail","hentry","category-articulos"],"yoast_head":"<!-- This site is optimized with the Yoast SEO plugin v28.3 - https:\/\/yoast.com\/product\/yoast-seo-wordpress\/ -->\n<title>Cuando el diablo no tiene que hacer... - REVISTA CULTURAL<\/title>\n<meta name=\"robots\" content=\"index, follow, max-snippet:-1, max-image-preview:large, max-video-preview:-1\" \/>\n<link rel=\"canonical\" href=\"https:\/\/revistaliterariaelgatonegro.com\/?p=12385\" \/>\n<meta property=\"og:locale\" content=\"es_ES\" \/>\n<meta property=\"og:type\" content=\"article\" \/>\n<meta property=\"og:title\" content=\"Cuando el diablo no tiene que hacer... - REVISTA CULTURAL\" \/>\n<meta property=\"og:description\" content=\"Me dec\u00eda un viejo funcionario hace muchos a\u00f1os, que con la llegada de los interinos la administraci\u00f3n se\" \/>\n<meta property=\"og:url\" content=\"https:\/\/revistaliterariaelgatonegro.com\/?p=12385\" \/>\n<meta property=\"og:site_name\" content=\"REVISTA CULTURAL\" \/>\n<meta property=\"article:published_time\" content=\"2023-12-06T07:43:00+00:00\" \/>\n<meta property=\"og:image\" content=\"https:\/\/revistaliterariaelgatonegro.com\/wp-content\/uploads\/2023\/12\/articulo.jpg\" \/>\n\t<meta property=\"og:image:width\" content=\"1080\" \/>\n\t<meta property=\"og:image:height\" content=\"1080\" \/>\n\t<meta property=\"og:image:type\" content=\"image\/jpeg\" \/>\n<meta name=\"author\" content=\"administrador\" \/>\n<meta name=\"twitter:card\" content=\"summary_large_image\" \/>\n<meta name=\"twitter:label1\" content=\"Escrito por\" \/>\n\t<meta name=\"twitter:data1\" content=\"\" \/>\n\t<meta name=\"twitter:label2\" content=\"Tiempo de lectura\" \/>\n\t<meta name=\"twitter:data2\" content=\"4 minutos\" \/>\n<script type=\"application\/ld+json\" class=\"yoast-schema-graph\">{\"@context\":\"https:\\\/\\\/schema.org\",\"@graph\":[{\"@type\":\"Article\",\"@id\":\"https:\\\/\\\/revistaliterariaelgatonegro.com\\\/?p=12385#article\",\"isPartOf\":{\"@id\":\"https:\\\/\\\/revistaliterariaelgatonegro.com\\\/?p=12385\"},\"author\":{\"name\":\"administrador\",\"@id\":\"https:\\\/\\\/revistaliterariaelgatonegro.com\\\/#\\\/schema\\\/person\\\/6a37dd51e0f101e394e91c123fd12e8a\"},\"headline\":\"Cuando el diablo no tiene que hacer&#8230;\",\"datePublished\":\"2023-12-06T07:43:00+00:00\",\"mainEntityOfPage\":{\"@id\":\"https:\\\/\\\/revistaliterariaelgatonegro.com\\\/?p=12385\"},\"wordCount\":890,\"commentCount\":1,\"publisher\":{\"@id\":\"https:\\\/\\\/revistaliterariaelgatonegro.com\\\/#\\\/schema\\\/person\\\/6a37dd51e0f101e394e91c123fd12e8a\"},\"image\":{\"@id\":\"https:\\\/\\\/revistaliterariaelgatonegro.com\\\/?p=12385#primaryimage\"},\"thumbnailUrl\":\"https:\\\/\\\/revistaliterariaelgatonegro.com\\\/wp-content\\\/uploads\\\/2023\\\/12\\\/articulo.jpg\",\"articleSection\":[\"Art\u00edculos\"],\"inLanguage\":\"es\",\"potentialAction\":[{\"@type\":\"CommentAction\",\"name\":\"Comment\",\"target\":[\"https:\\\/\\\/revistaliterariaelgatonegro.com\\\/?p=12385#respond\"]}]},{\"@type\":\"WebPage\",\"@id\":\"https:\\\/\\\/revistaliterariaelgatonegro.com\\\/?p=12385\",\"url\":\"https:\\\/\\\/revistaliterariaelgatonegro.com\\\/?p=12385\",\"name\":\"Cuando el diablo no tiene que hacer... - REVISTA CULTURAL\",\"isPartOf\":{\"@id\":\"https:\\\/\\\/revistaliterariaelgatonegro.com\\\/#website\"},\"primaryImageOfPage\":{\"@id\":\"https:\\\/\\\/revistaliterariaelgatonegro.com\\\/?p=12385#primaryimage\"},\"image\":{\"@id\":\"https:\\\/\\\/revistaliterariaelgatonegro.com\\\/?p=12385#primaryimage\"},\"thumbnailUrl\":\"https:\\\/\\\/revistaliterariaelgatonegro.com\\\/wp-content\\\/uploads\\\/2023\\\/12\\\/articulo.jpg\",\"datePublished\":\"2023-12-06T07:43:00+00:00\",\"breadcrumb\":{\"@id\":\"https:\\\/\\\/revistaliterariaelgatonegro.com\\\/?p=12385#breadcrumb\"},\"inLanguage\":\"es\",\"potentialAction\":[{\"@type\":\"ReadAction\",\"target\":[\"https:\\\/\\\/revistaliterariaelgatonegro.com\\\/?p=12385\"]}]},{\"@type\":\"ImageObject\",\"inLanguage\":\"es\",\"@id\":\"https:\\\/\\\/revistaliterariaelgatonegro.com\\\/?p=12385#primaryimage\",\"url\":\"https:\\\/\\\/revistaliterariaelgatonegro.com\\\/wp-content\\\/uploads\\\/2023\\\/12\\\/articulo.jpg\",\"contentUrl\":\"https:\\\/\\\/revistaliterariaelgatonegro.com\\\/wp-content\\\/uploads\\\/2023\\\/12\\\/articulo.jpg\",\"width\":1080,\"height\":1080},{\"@type\":\"BreadcrumbList\",\"@id\":\"https:\\\/\\\/revistaliterariaelgatonegro.com\\\/?p=12385#breadcrumb\",\"itemListElement\":[{\"@type\":\"ListItem\",\"position\":1,\"name\":\"Portada\",\"item\":\"https:\\\/\\\/revistaliterariaelgatonegro.com\\\/\"},{\"@type\":\"ListItem\",\"position\":2,\"name\":\"Cuando el diablo no tiene que hacer&#8230;\"}]},{\"@type\":\"WebSite\",\"@id\":\"https:\\\/\\\/revistaliterariaelgatonegro.com\\\/#website\",\"url\":\"https:\\\/\\\/revistaliterariaelgatonegro.com\\\/\",\"name\":\"REVISTA CULTURAL\",\"description\":\" Un nuevo espacio para la divulgaci\u00f3n literaria, as\u00ed como dem\u00e1s artes \",\"publisher\":{\"@id\":\"https:\\\/\\\/revistaliterariaelgatonegro.com\\\/#\\\/schema\\\/person\\\/6a37dd51e0f101e394e91c123fd12e8a\"},\"potentialAction\":[{\"@type\":\"SearchAction\",\"target\":{\"@type\":\"EntryPoint\",\"urlTemplate\":\"https:\\\/\\\/revistaliterariaelgatonegro.com\\\/?s={search_term_string}\"},\"query-input\":{\"@type\":\"PropertyValueSpecification\",\"valueRequired\":true,\"valueName\":\"search_term_string\"}}],\"inLanguage\":\"es\"},{\"@type\":[\"Person\",\"Organization\"],\"@id\":\"https:\\\/\\\/revistaliterariaelgatonegro.com\\\/#\\\/schema\\\/person\\\/6a37dd51e0f101e394e91c123fd12e8a\",\"name\":\"administrador\",\"image\":{\"@type\":\"ImageObject\",\"inLanguage\":\"es\",\"@id\":\"https:\\\/\\\/revistaliterariaelgatonegro.com\\\/wp-content\\\/uploads\\\/2025\\\/12\\\/cropped-Logotipo-Logo-Marca-personal-Pastel-Amarillo-12-Photoroom.png\",\"url\":\"https:\\\/\\\/revistaliterariaelgatonegro.com\\\/wp-content\\\/uploads\\\/2025\\\/12\\\/cropped-Logotipo-Logo-Marca-personal-Pastel-Amarillo-12-Photoroom.png\",\"contentUrl\":\"https:\\\/\\\/revistaliterariaelgatonegro.com\\\/wp-content\\\/uploads\\\/2025\\\/12\\\/cropped-Logotipo-Logo-Marca-personal-Pastel-Amarillo-12-Photoroom.png\",\"width\":364,\"height\":212,\"caption\":\"administrador\"},\"logo\":{\"@id\":\"https:\\\/\\\/revistaliterariaelgatonegro.com\\\/wp-content\\\/uploads\\\/2025\\\/12\\\/cropped-Logotipo-Logo-Marca-personal-Pastel-Amarillo-12-Photoroom.png\"},\"sameAs\":[\"http:\\\/\\\/s864831950.mialojamiento.es\"]}]}<\/script>\n<!-- \/ Yoast SEO plugin. -->","yoast_head_json":{"title":"Cuando el diablo no tiene que hacer... - REVISTA CULTURAL","robots":{"index":"index","follow":"follow","max-snippet":"max-snippet:-1","max-image-preview":"max-image-preview:large","max-video-preview":"max-video-preview:-1"},"canonical":"https:\/\/revistaliterariaelgatonegro.com\/?p=12385","og_locale":"es_ES","og_type":"article","og_title":"Cuando el diablo no tiene que hacer... - REVISTA CULTURAL","og_description":"Me dec\u00eda un viejo funcionario hace muchos a\u00f1os, que con la llegada de los interinos la administraci\u00f3n se","og_url":"https:\/\/revistaliterariaelgatonegro.com\/?p=12385","og_site_name":"REVISTA CULTURAL","article_published_time":"2023-12-06T07:43:00+00:00","og_image":[{"width":1080,"height":1080,"url":"https:\/\/revistaliterariaelgatonegro.com\/wp-content\/uploads\/2023\/12\/articulo.jpg","type":"image\/jpeg"}],"author":"administrador","twitter_card":"summary_large_image","twitter_misc":{"Escrito por":false,"Tiempo de lectura":"4 minutos"},"schema":{"@context":"https:\/\/schema.org","@graph":[{"@type":"Article","@id":"https:\/\/revistaliterariaelgatonegro.com\/?p=12385#article","isPartOf":{"@id":"https:\/\/revistaliterariaelgatonegro.com\/?p=12385"},"author":{"name":"administrador","@id":"https:\/\/revistaliterariaelgatonegro.com\/#\/schema\/person\/6a37dd51e0f101e394e91c123fd12e8a"},"headline":"Cuando el diablo no tiene que hacer&#8230;","datePublished":"2023-12-06T07:43:00+00:00","mainEntityOfPage":{"@id":"https:\/\/revistaliterariaelgatonegro.com\/?p=12385"},"wordCount":890,"commentCount":1,"publisher":{"@id":"https:\/\/revistaliterariaelgatonegro.com\/#\/schema\/person\/6a37dd51e0f101e394e91c123fd12e8a"},"image":{"@id":"https:\/\/revistaliterariaelgatonegro.com\/?p=12385#primaryimage"},"thumbnailUrl":"https:\/\/revistaliterariaelgatonegro.com\/wp-content\/uploads\/2023\/12\/articulo.jpg","articleSection":["Art\u00edculos"],"inLanguage":"es","potentialAction":[{"@type":"CommentAction","name":"Comment","target":["https:\/\/revistaliterariaelgatonegro.com\/?p=12385#respond"]}]},{"@type":"WebPage","@id":"https:\/\/revistaliterariaelgatonegro.com\/?p=12385","url":"https:\/\/revistaliterariaelgatonegro.com\/?p=12385","name":"Cuando el diablo no tiene que hacer... - REVISTA CULTURAL","isPartOf":{"@id":"https:\/\/revistaliterariaelgatonegro.com\/#website"},"primaryImageOfPage":{"@id":"https:\/\/revistaliterariaelgatonegro.com\/?p=12385#primaryimage"},"image":{"@id":"https:\/\/revistaliterariaelgatonegro.com\/?p=12385#primaryimage"},"thumbnailUrl":"https:\/\/revistaliterariaelgatonegro.com\/wp-content\/uploads\/2023\/12\/articulo.jpg","datePublished":"2023-12-06T07:43:00+00:00","breadcrumb":{"@id":"https:\/\/revistaliterariaelgatonegro.com\/?p=12385#breadcrumb"},"inLanguage":"es","potentialAction":[{"@type":"ReadAction","target":["https:\/\/revistaliterariaelgatonegro.com\/?p=12385"]}]},{"@type":"ImageObject","inLanguage":"es","@id":"https:\/\/revistaliterariaelgatonegro.com\/?p=12385#primaryimage","url":"https:\/\/revistaliterariaelgatonegro.com\/wp-content\/uploads\/2023\/12\/articulo.jpg","contentUrl":"https:\/\/revistaliterariaelgatonegro.com\/wp-content\/uploads\/2023\/12\/articulo.jpg","width":1080,"height":1080},{"@type":"BreadcrumbList","@id":"https:\/\/revistaliterariaelgatonegro.com\/?p=12385#breadcrumb","itemListElement":[{"@type":"ListItem","position":1,"name":"Portada","item":"https:\/\/revistaliterariaelgatonegro.com\/"},{"@type":"ListItem","position":2,"name":"Cuando el diablo no tiene que hacer&#8230;"}]},{"@type":"WebSite","@id":"https:\/\/revistaliterariaelgatonegro.com\/#website","url":"https:\/\/revistaliterariaelgatonegro.com\/","name":"REVISTA CULTURAL","description":" Un nuevo espacio para la divulgaci\u00f3n literaria, as\u00ed como dem\u00e1s artes ","publisher":{"@id":"https:\/\/revistaliterariaelgatonegro.com\/#\/schema\/person\/6a37dd51e0f101e394e91c123fd12e8a"},"potentialAction":[{"@type":"SearchAction","target":{"@type":"EntryPoint","urlTemplate":"https:\/\/revistaliterariaelgatonegro.com\/?s={search_term_string}"},"query-input":{"@type":"PropertyValueSpecification","valueRequired":true,"valueName":"search_term_string"}}],"inLanguage":"es"},{"@type":["Person","Organization"],"@id":"https:\/\/revistaliterariaelgatonegro.com\/#\/schema\/person\/6a37dd51e0f101e394e91c123fd12e8a","name":"administrador","image":{"@type":"ImageObject","inLanguage":"es","@id":"https:\/\/revistaliterariaelgatonegro.com\/wp-content\/uploads\/2025\/12\/cropped-Logotipo-Logo-Marca-personal-Pastel-Amarillo-12-Photoroom.png","url":"https:\/\/revistaliterariaelgatonegro.com\/wp-content\/uploads\/2025\/12\/cropped-Logotipo-Logo-Marca-personal-Pastel-Amarillo-12-Photoroom.png","contentUrl":"https:\/\/revistaliterariaelgatonegro.com\/wp-content\/uploads\/2025\/12\/cropped-Logotipo-Logo-Marca-personal-Pastel-Amarillo-12-Photoroom.png","width":364,"height":212,"caption":"administrador"},"logo":{"@id":"https:\/\/revistaliterariaelgatonegro.com\/wp-content\/uploads\/2025\/12\/cropped-Logotipo-Logo-Marca-personal-Pastel-Amarillo-12-Photoroom.png"},"sameAs":["http:\/\/s864831950.mialojamiento.es"]}]}},"featured_image_urls":{"full":["https:\/\/revistaliterariaelgatonegro.com\/wp-content\/uploads\/2023\/12\/articulo.jpg",1080,1080,false],"thumbnail":["https:\/\/revistaliterariaelgatonegro.com\/wp-content\/uploads\/2023\/12\/articulo-150x150.jpg",150,150,true],"medium":["https:\/\/revistaliterariaelgatonegro.com\/wp-content\/uploads\/2023\/12\/articulo-300x300.jpg",300,300,true],"medium_large":["https:\/\/revistaliterariaelgatonegro.com\/wp-content\/uploads\/2023\/12\/articulo-768x768.jpg",640,640,true],"large":["https:\/\/revistaliterariaelgatonegro.com\/wp-content\/uploads\/2023\/12\/articulo-700x700.jpg",640,640,true],"1536x1536":["https:\/\/revistaliterariaelgatonegro.com\/wp-content\/uploads\/2023\/12\/articulo.jpg",1080,1080,false],"2048x2048":["https:\/\/revistaliterariaelgatonegro.com\/wp-content\/uploads\/2023\/12\/articulo.jpg",1080,1080,false],"morenews-large":["https:\/\/revistaliterariaelgatonegro.com\/wp-content\/uploads\/2023\/12\/articulo.jpg",575,575,false],"morenews-medium":["https:\/\/revistaliterariaelgatonegro.com\/wp-content\/uploads\/2023\/12\/articulo.jpg",410,410,false],"woocommerce_thumbnail":["https:\/\/revistaliterariaelgatonegro.com\/wp-content\/uploads\/2023\/12\/articulo-300x300.jpg",300,300,true],"woocommerce_single":["https:\/\/revistaliterariaelgatonegro.com\/wp-content\/uploads\/2023\/12\/articulo-300x300.jpg",300,300,true],"woocommerce_gallery_thumbnail":["https:\/\/revistaliterariaelgatonegro.com\/wp-content\/uploads\/2023\/12\/articulo-100x100.jpg",100,100,true],"dgwt-wcas-product-suggestion":["https:\/\/revistaliterariaelgatonegro.com\/wp-content\/uploads\/2023\/12\/articulo-64x64.jpg",64,64,true]},"author_info":{"display_name":false,"author_link":"https:\/\/revistaliterariaelgatonegro.com\/?author=1"},"category_info":"<a href=\"https:\/\/revistaliterariaelgatonegro.com\/?cat=118\" rel=\"category\">Art\u00edculos<\/a>","tag_info":"Art\u00edculos","comment_count":"1","_links":{"self":[{"href":"https:\/\/revistaliterariaelgatonegro.com\/index.php?rest_route=\/wp\/v2\/posts\/12385","targetHints":{"allow":["GET"]}}],"collection":[{"href":"https:\/\/revistaliterariaelgatonegro.com\/index.php?rest_route=\/wp\/v2\/posts"}],"about":[{"href":"https:\/\/revistaliterariaelgatonegro.com\/index.php?rest_route=\/wp\/v2\/types\/post"}],"author":[{"embeddable":true,"href":"https:\/\/revistaliterariaelgatonegro.com\/index.php?rest_route=\/wp\/v2\/users\/1"}],"replies":[{"embeddable":true,"href":"https:\/\/revistaliterariaelgatonegro.com\/index.php?rest_route=%2Fwp%2Fv2%2Fcomments&post=12385"}],"version-history":[{"count":1,"href":"https:\/\/revistaliterariaelgatonegro.com\/index.php?rest_route=\/wp\/v2\/posts\/12385\/revisions"}],"predecessor-version":[{"id":12386,"href":"https:\/\/revistaliterariaelgatonegro.com\/index.php?rest_route=\/wp\/v2\/posts\/12385\/revisions\/12386"}],"wp:featuredmedia":[{"embeddable":true,"href":"https:\/\/revistaliterariaelgatonegro.com\/index.php?rest_route=\/wp\/v2\/media\/12394"}],"wp:attachment":[{"href":"https:\/\/revistaliterariaelgatonegro.com\/index.php?rest_route=%2Fwp%2Fv2%2Fmedia&parent=12385"}],"wp:term":[{"taxonomy":"category","embeddable":true,"href":"https:\/\/revistaliterariaelgatonegro.com\/index.php?rest_route=%2Fwp%2Fv2%2Fcategories&post=12385"},{"taxonomy":"post_tag","embeddable":true,"href":"https:\/\/revistaliterariaelgatonegro.com\/index.php?rest_route=%2Fwp%2Fv2%2Ftags&post=12385"}],"curies":[{"name":"wp","href":"https:\/\/api.w.org\/{rel}","templated":true}]}}