{"id":11406,"date":"2023-10-18T15:40:08","date_gmt":"2023-10-18T15:40:08","guid":{"rendered":"https:\/\/revistaliterariaelgatonegro.com\/?p=11406"},"modified":"2023-10-18T15:40:10","modified_gmt":"2023-10-18T15:40:10","slug":"zenda-con-los-jovenes-talentos-de-la-escritura-el-iv-concurso-juvenil-de-historias-repartira-3-000-euros-en-premios","status":"publish","type":"post","link":"https:\/\/revistaliterariaelgatonegro.com\/?p=11406","title":{"rendered":"Zenda, con los j\u00f3venes talentos de la escritura: el IV Concurso juvenil de historias repartir\u00e1 3.000 euros en premios"},"content":{"rendered":"\n<p>La web literaria\u00a0<em><strong><a href=\"https:\/\/dospassos.us4.list-manage.com\/track\/click?u=b92ca18588cff4e08987cdddb&amp;id=c760a83d14&amp;e=c73c3b1d1c\" target=\"_blank\" rel=\"noreferrer noopener\">Zenda<\/a><\/strong><\/em> convoca su\u00a0cuarto concurso juvenil de relatos, dotado con\u00a03.000 euros en premios, organizado junto a\u00a0Cultura inquieta\u00a0y patrocinado por\u00a0Iberdrola. Este certamen literario, en el que pueden participar j\u00f3venes autores nacidos entre 2006 y 2010, es de tem\u00e1tica libre. El concurso comenz\u00f3 ayer y\u00a0los autores podr\u00e1n presentar sus originales hasta el 20 de noviembre de 2023 a las doce de la noche. La extensi\u00f3n m\u00ednima de los relatos es 100 caracteres y la m\u00e1xima de 1.000 palabras.<\/p>\n\n\n\n<blockquote class=\"wp-block-quote is-layout-flow wp-block-quote-is-layout-flow\">\n<p class=\"has-text-align-center has-medium-font-size\"><strong>#historiasdej\u00f3venes: el plazo est\u00e1 abierto hasta el 20 de noviembre<\/strong><\/p>\n<\/blockquote>\n\n\n\n<p>El autor de la mejor historia ganar\u00e1 un premio de 1.000 euros en productos culturales, deportivos o digitales de su elecci\u00f3n. Adem\u00e1s los autores de las cinco historias finalistas restantes recibir\u00e1n un premio de 400 euros igualmente en productos culturales, deportivos o digitales de su elecci\u00f3n.<\/p>\n\n\n\n<p>El concurso est\u00e1 abierto a la participaci\u00f3n de&nbsp;adolescentes y j\u00f3venes de cualquier parte del mundo que el 31 de diciembre de 2023 tengan entre 13 y 17 a\u00f1os (es decir, nacidos entre 2006 y 2010). Los relatos participantes pueden ser historias de&nbsp;tem\u00e1tica libre, ambientadas en nuestro presente o en cualquier otro tiempo, tanto reales como ficticias.<\/p>\n\n\n\n<p>El mi\u00e9rcoles 29 de noviembre,&nbsp;<em><a href=\"https:\/\/dospassos.us4.list-manage.com\/track\/click?u=b92ca18588cff4e08987cdddb&amp;id=6d5292acec&amp;e=c73c3b1d1c\" target=\"_blank\" rel=\"noreferrer noopener\"><strong>Zenda<\/strong><\/a>&nbsp;<\/em>publicar\u00e1 una selecci\u00f3n con las treinta&nbsp;<em>#historiasdej\u00f3venes<\/em>&nbsp;seleccionadas para optar a los premios. El 4 de diciembre se dar\u00e1n a conocer los nombres de los ganadores del primer premio y de los cinco segundos premios.<\/p>\n\n\n\n<blockquote class=\"wp-block-quote is-layout-flow wp-block-quote-is-layout-flow\">\n<p class=\"has-text-align-center has-medium-font-size\"><strong>Los j\u00f3venes nacidos entre 2006 y 2010 pueden presentar sus historias al certamen, organizado por la web literaria junto a Cultura inquieta y patrocinado por Iberdrola.<\/strong><\/p>\n<\/blockquote>\n\n\n\n<p>El concurso #historiasdej\u00f3venes cuenta con un jurado formado por los escritores&nbsp;Juan G\u00f3mez-Jurado,&nbsp;Espido Freire,&nbsp;Roberto Santiago,&nbsp;Blue Jeans,&nbsp;Nando L\u00f3pez,&nbsp;Paula Izquierdo&nbsp;e&nbsp;InmaRubiales&nbsp;y el director de Cultura inquieta,&nbsp;Juan Yuste.<\/p>\n\n\n\n<p>En anteriores convocatorias del concurso, miles de j\u00f3venes participaron con sus historias en Zenda. En la primera edici\u00f3n (2020), la joven Alicia Di\u00e9guez Galaz, estudiante del IES Juan de la Cierva, fue la ganadora con un relato titulado&nbsp;<em>Cris y Nico<\/em>. En su segunda edici\u00f3n (2021), el certamen tuvo como lema #VeinteTreinta. Mar\u00eda D\u00edaz Franquet, estudiante del &nbsp;Col.legi Cultural Badalona, fue la ganadora con su relato&nbsp;<em>Du\u00e9rmete ni\u00f1o<\/em>. Nerea Aceituno Array\u00e1s, estudiante en el IES Don Bosco, se alz\u00f3 con el primer premio en la III Edici\u00f3n (2022) con el relato&nbsp;<em>\u00bfQu\u00e9 has visto?<\/em><\/p>\n\n\n\n<blockquote class=\"wp-block-quote is-layout-flow wp-block-quote-is-layout-flow\">\n<p class=\"has-text-align-center has-medium-font-size\"><strong>El jurado est\u00e1 compuesto por los escritores Juan G\u00f3mez-Jurado, Espido Freire, Roberto Santiago, Blue Jeans, Nando L\u00f3pez, Paula Izquierdo e Inma Rubiales y el director de Cultura Inquieta, Juan Yuste<\/strong><\/p>\n<\/blockquote>\n\n\n\n<p>Los interesados en participar tendr\u00e1n que rellenar un formulario en la p\u00e1gina web:&nbsp;<a href=\"https:\/\/dospassos.us4.list-manage.com\/track\/click?u=b92ca18588cff4e08987cdddb&amp;id=ee84a61018&amp;e=c73c3b1d1c\" target=\"_blank\" rel=\"noreferrer noopener\">https:\/\/www.zendalibros.com\/iv-concurso-juvenil-de-historias-historiasdejovenes\/<\/a><\/p>\n\n\n\n<p>El env\u00edo de los relatos participantes debe ser efectuado por la madre\/padre o representante legal del menor de edad que participa en el concurso a trav\u00e9s del formulario y deber\u00e1 autorizar expresamente el tratamiento de los datos<\/p>\n","protected":false},"excerpt":{"rendered":"<p>La web literaria\u00a0Zenda convoca su\u00a0cuarto concurso juvenil de relatos, dotado con\u00a03.000 euros en premios, organizado junto a\u00a0Cultura inquieta\u00a0y<\/p>\n","protected":false},"author":1,"featured_media":11409,"comment_status":"open","ping_status":"open","sticky":false,"template":"","format":"standard","meta":{"footnotes":""},"categories":[81],"tags":[],"class_list":["post-11406","post","type-post","status-publish","format-standard","has-post-thumbnail","hentry","category-concursos"],"yoast_head":"<!-- This site is optimized with the Yoast SEO plugin v27.4 - https:\/\/yoast.com\/product\/yoast-seo-wordpress\/ -->\n<title>Zenda, con los j\u00f3venes talentos de la escritura: el IV Concurso juvenil de historias repartir\u00e1 3.000 euros en premios - REVISTA CULTURAL<\/title>\n<meta name=\"robots\" content=\"index, follow, max-snippet:-1, max-image-preview:large, max-video-preview:-1\" \/>\n<link rel=\"canonical\" href=\"https:\/\/revistaliterariaelgatonegro.com\/?p=11406\" \/>\n<meta property=\"og:locale\" content=\"es_ES\" \/>\n<meta property=\"og:type\" content=\"article\" \/>\n<meta property=\"og:title\" content=\"Zenda, con los j\u00f3venes talentos de la escritura: el IV Concurso juvenil de historias repartir\u00e1 3.000 euros en premios - REVISTA CULTURAL\" \/>\n<meta property=\"og:description\" content=\"La web literaria\u00a0Zenda convoca su\u00a0cuarto concurso juvenil de relatos, dotado con\u00a03.000 euros en premios, organizado junto a\u00a0Cultura inquieta\u00a0y\" \/>\n<meta property=\"og:url\" content=\"https:\/\/revistaliterariaelgatonegro.com\/?p=11406\" \/>\n<meta property=\"og:site_name\" content=\"REVISTA CULTURAL\" \/>\n<meta property=\"article:published_time\" content=\"2023-10-18T15:40:08+00:00\" \/>\n<meta property=\"article:modified_time\" content=\"2023-10-18T15:40:10+00:00\" \/>\n<meta property=\"og:image\" content=\"https:\/\/revistaliterariaelgatonegro.com\/wp-content\/uploads\/2023\/10\/concurso-zendra.jpg\" \/>\n\t<meta property=\"og:image:width\" content=\"900\" \/>\n\t<meta property=\"og:image:height\" content=\"485\" \/>\n\t<meta property=\"og:image:type\" content=\"image\/jpeg\" \/>\n<meta name=\"author\" content=\"administrador\" \/>\n<meta name=\"twitter:card\" content=\"summary_large_image\" \/>\n<meta name=\"twitter:label1\" content=\"Escrito por\" \/>\n\t<meta name=\"twitter:data1\" content=\"\" \/>\n\t<meta name=\"twitter:label2\" content=\"Tiempo de lectura\" \/>\n\t<meta name=\"twitter:data2\" content=\"2 minutos\" \/>\n<script type=\"application\/ld+json\" class=\"yoast-schema-graph\">{\"@context\":\"https:\\\/\\\/schema.org\",\"@graph\":[{\"@type\":\"Article\",\"@id\":\"https:\\\/\\\/revistaliterariaelgatonegro.com\\\/?p=11406#article\",\"isPartOf\":{\"@id\":\"https:\\\/\\\/revistaliterariaelgatonegro.com\\\/?p=11406\"},\"author\":{\"name\":\"administrador\",\"@id\":\"https:\\\/\\\/revistaliterariaelgatonegro.com\\\/#\\\/schema\\\/person\\\/6a37dd51e0f101e394e91c123fd12e8a\"},\"headline\":\"Zenda, con los j\u00f3venes talentos de la escritura: el IV Concurso juvenil de historias repartir\u00e1 3.000 euros en premios\",\"datePublished\":\"2023-10-18T15:40:08+00:00\",\"dateModified\":\"2023-10-18T15:40:10+00:00\",\"mainEntityOfPage\":{\"@id\":\"https:\\\/\\\/revistaliterariaelgatonegro.com\\\/?p=11406\"},\"wordCount\":535,\"commentCount\":0,\"publisher\":{\"@id\":\"https:\\\/\\\/revistaliterariaelgatonegro.com\\\/#\\\/schema\\\/person\\\/6a37dd51e0f101e394e91c123fd12e8a\"},\"image\":{\"@id\":\"https:\\\/\\\/revistaliterariaelgatonegro.com\\\/?p=11406#primaryimage\"},\"thumbnailUrl\":\"https:\\\/\\\/revistaliterariaelgatonegro.com\\\/wp-content\\\/uploads\\\/2023\\\/10\\\/concurso-zendra.jpg\",\"articleSection\":[\"Concursos\"],\"inLanguage\":\"es\",\"potentialAction\":[{\"@type\":\"CommentAction\",\"name\":\"Comment\",\"target\":[\"https:\\\/\\\/revistaliterariaelgatonegro.com\\\/?p=11406#respond\"]}]},{\"@type\":\"WebPage\",\"@id\":\"https:\\\/\\\/revistaliterariaelgatonegro.com\\\/?p=11406\",\"url\":\"https:\\\/\\\/revistaliterariaelgatonegro.com\\\/?p=11406\",\"name\":\"Zenda, con los j\u00f3venes talentos de la escritura: el IV Concurso juvenil de historias repartir\u00e1 3.000 euros en premios - REVISTA CULTURAL\",\"isPartOf\":{\"@id\":\"https:\\\/\\\/revistaliterariaelgatonegro.com\\\/#website\"},\"primaryImageOfPage\":{\"@id\":\"https:\\\/\\\/revistaliterariaelgatonegro.com\\\/?p=11406#primaryimage\"},\"image\":{\"@id\":\"https:\\\/\\\/revistaliterariaelgatonegro.com\\\/?p=11406#primaryimage\"},\"thumbnailUrl\":\"https:\\\/\\\/revistaliterariaelgatonegro.com\\\/wp-content\\\/uploads\\\/2023\\\/10\\\/concurso-zendra.jpg\",\"datePublished\":\"2023-10-18T15:40:08+00:00\",\"dateModified\":\"2023-10-18T15:40:10+00:00\",\"breadcrumb\":{\"@id\":\"https:\\\/\\\/revistaliterariaelgatonegro.com\\\/?p=11406#breadcrumb\"},\"inLanguage\":\"es\",\"potentialAction\":[{\"@type\":\"ReadAction\",\"target\":[\"https:\\\/\\\/revistaliterariaelgatonegro.com\\\/?p=11406\"]}]},{\"@type\":\"ImageObject\",\"inLanguage\":\"es\",\"@id\":\"https:\\\/\\\/revistaliterariaelgatonegro.com\\\/?p=11406#primaryimage\",\"url\":\"https:\\\/\\\/revistaliterariaelgatonegro.com\\\/wp-content\\\/uploads\\\/2023\\\/10\\\/concurso-zendra.jpg\",\"contentUrl\":\"https:\\\/\\\/revistaliterariaelgatonegro.com\\\/wp-content\\\/uploads\\\/2023\\\/10\\\/concurso-zendra.jpg\",\"width\":900,\"height\":485},{\"@type\":\"BreadcrumbList\",\"@id\":\"https:\\\/\\\/revistaliterariaelgatonegro.com\\\/?p=11406#breadcrumb\",\"itemListElement\":[{\"@type\":\"ListItem\",\"position\":1,\"name\":\"Portada\",\"item\":\"https:\\\/\\\/revistaliterariaelgatonegro.com\\\/\"},{\"@type\":\"ListItem\",\"position\":2,\"name\":\"Zenda, con los j\u00f3venes talentos de la escritura: el IV Concurso juvenil de historias repartir\u00e1 3.000 euros en premios\"}]},{\"@type\":\"WebSite\",\"@id\":\"https:\\\/\\\/revistaliterariaelgatonegro.com\\\/#website\",\"url\":\"https:\\\/\\\/revistaliterariaelgatonegro.com\\\/\",\"name\":\"REVISTA CULTURAL\",\"description\":\" Un nuevo espacio para la divulgaci\u00f3n literaria, as\u00ed como dem\u00e1s artes \",\"publisher\":{\"@id\":\"https:\\\/\\\/revistaliterariaelgatonegro.com\\\/#\\\/schema\\\/person\\\/6a37dd51e0f101e394e91c123fd12e8a\"},\"potentialAction\":[{\"@type\":\"SearchAction\",\"target\":{\"@type\":\"EntryPoint\",\"urlTemplate\":\"https:\\\/\\\/revistaliterariaelgatonegro.com\\\/?s={search_term_string}\"},\"query-input\":{\"@type\":\"PropertyValueSpecification\",\"valueRequired\":true,\"valueName\":\"search_term_string\"}}],\"inLanguage\":\"es\"},{\"@type\":[\"Person\",\"Organization\"],\"@id\":\"https:\\\/\\\/revistaliterariaelgatonegro.com\\\/#\\\/schema\\\/person\\\/6a37dd51e0f101e394e91c123fd12e8a\",\"name\":\"administrador\",\"image\":{\"@type\":\"ImageObject\",\"inLanguage\":\"es\",\"@id\":\"https:\\\/\\\/revistaliterariaelgatonegro.com\\\/wp-content\\\/uploads\\\/2025\\\/12\\\/cropped-Logotipo-Logo-Marca-personal-Pastel-Amarillo-12-Photoroom.png\",\"url\":\"https:\\\/\\\/revistaliterariaelgatonegro.com\\\/wp-content\\\/uploads\\\/2025\\\/12\\\/cropped-Logotipo-Logo-Marca-personal-Pastel-Amarillo-12-Photoroom.png\",\"contentUrl\":\"https:\\\/\\\/revistaliterariaelgatonegro.com\\\/wp-content\\\/uploads\\\/2025\\\/12\\\/cropped-Logotipo-Logo-Marca-personal-Pastel-Amarillo-12-Photoroom.png\",\"width\":364,\"height\":212,\"caption\":\"administrador\"},\"logo\":{\"@id\":\"https:\\\/\\\/revistaliterariaelgatonegro.com\\\/wp-content\\\/uploads\\\/2025\\\/12\\\/cropped-Logotipo-Logo-Marca-personal-Pastel-Amarillo-12-Photoroom.png\"},\"sameAs\":[\"http:\\\/\\\/s864831950.mialojamiento.es\"]}]}<\/script>\n<!-- \/ Yoast SEO plugin. -->","yoast_head_json":{"title":"Zenda, con los j\u00f3venes talentos de la escritura: el IV Concurso juvenil de historias repartir\u00e1 3.000 euros en premios - REVISTA CULTURAL","robots":{"index":"index","follow":"follow","max-snippet":"max-snippet:-1","max-image-preview":"max-image-preview:large","max-video-preview":"max-video-preview:-1"},"canonical":"https:\/\/revistaliterariaelgatonegro.com\/?p=11406","og_locale":"es_ES","og_type":"article","og_title":"Zenda, con los j\u00f3venes talentos de la escritura: el IV Concurso juvenil de historias repartir\u00e1 3.000 euros en premios - REVISTA CULTURAL","og_description":"La web literaria\u00a0Zenda convoca su\u00a0cuarto concurso juvenil de relatos, dotado con\u00a03.000 euros en premios, organizado junto a\u00a0Cultura inquieta\u00a0y","og_url":"https:\/\/revistaliterariaelgatonegro.com\/?p=11406","og_site_name":"REVISTA CULTURAL","article_published_time":"2023-10-18T15:40:08+00:00","article_modified_time":"2023-10-18T15:40:10+00:00","og_image":[{"width":900,"height":485,"url":"https:\/\/revistaliterariaelgatonegro.com\/wp-content\/uploads\/2023\/10\/concurso-zendra.jpg","type":"image\/jpeg"}],"author":"administrador","twitter_card":"summary_large_image","twitter_misc":{"Escrito por":false,"Tiempo de lectura":"2 minutos"},"schema":{"@context":"https:\/\/schema.org","@graph":[{"@type":"Article","@id":"https:\/\/revistaliterariaelgatonegro.com\/?p=11406#article","isPartOf":{"@id":"https:\/\/revistaliterariaelgatonegro.com\/?p=11406"},"author":{"name":"administrador","@id":"https:\/\/revistaliterariaelgatonegro.com\/#\/schema\/person\/6a37dd51e0f101e394e91c123fd12e8a"},"headline":"Zenda, con los j\u00f3venes talentos de la escritura: el IV Concurso juvenil de historias repartir\u00e1 3.000 euros en premios","datePublished":"2023-10-18T15:40:08+00:00","dateModified":"2023-10-18T15:40:10+00:00","mainEntityOfPage":{"@id":"https:\/\/revistaliterariaelgatonegro.com\/?p=11406"},"wordCount":535,"commentCount":0,"publisher":{"@id":"https:\/\/revistaliterariaelgatonegro.com\/#\/schema\/person\/6a37dd51e0f101e394e91c123fd12e8a"},"image":{"@id":"https:\/\/revistaliterariaelgatonegro.com\/?p=11406#primaryimage"},"thumbnailUrl":"https:\/\/revistaliterariaelgatonegro.com\/wp-content\/uploads\/2023\/10\/concurso-zendra.jpg","articleSection":["Concursos"],"inLanguage":"es","potentialAction":[{"@type":"CommentAction","name":"Comment","target":["https:\/\/revistaliterariaelgatonegro.com\/?p=11406#respond"]}]},{"@type":"WebPage","@id":"https:\/\/revistaliterariaelgatonegro.com\/?p=11406","url":"https:\/\/revistaliterariaelgatonegro.com\/?p=11406","name":"Zenda, con los j\u00f3venes talentos de la escritura: el IV Concurso juvenil de historias repartir\u00e1 3.000 euros en premios - REVISTA CULTURAL","isPartOf":{"@id":"https:\/\/revistaliterariaelgatonegro.com\/#website"},"primaryImageOfPage":{"@id":"https:\/\/revistaliterariaelgatonegro.com\/?p=11406#primaryimage"},"image":{"@id":"https:\/\/revistaliterariaelgatonegro.com\/?p=11406#primaryimage"},"thumbnailUrl":"https:\/\/revistaliterariaelgatonegro.com\/wp-content\/uploads\/2023\/10\/concurso-zendra.jpg","datePublished":"2023-10-18T15:40:08+00:00","dateModified":"2023-10-18T15:40:10+00:00","breadcrumb":{"@id":"https:\/\/revistaliterariaelgatonegro.com\/?p=11406#breadcrumb"},"inLanguage":"es","potentialAction":[{"@type":"ReadAction","target":["https:\/\/revistaliterariaelgatonegro.com\/?p=11406"]}]},{"@type":"ImageObject","inLanguage":"es","@id":"https:\/\/revistaliterariaelgatonegro.com\/?p=11406#primaryimage","url":"https:\/\/revistaliterariaelgatonegro.com\/wp-content\/uploads\/2023\/10\/concurso-zendra.jpg","contentUrl":"https:\/\/revistaliterariaelgatonegro.com\/wp-content\/uploads\/2023\/10\/concurso-zendra.jpg","width":900,"height":485},{"@type":"BreadcrumbList","@id":"https:\/\/revistaliterariaelgatonegro.com\/?p=11406#breadcrumb","itemListElement":[{"@type":"ListItem","position":1,"name":"Portada","item":"https:\/\/revistaliterariaelgatonegro.com\/"},{"@type":"ListItem","position":2,"name":"Zenda, con los j\u00f3venes talentos de la escritura: el IV Concurso juvenil de historias repartir\u00e1 3.000 euros en premios"}]},{"@type":"WebSite","@id":"https:\/\/revistaliterariaelgatonegro.com\/#website","url":"https:\/\/revistaliterariaelgatonegro.com\/","name":"REVISTA CULTURAL","description":" Un nuevo espacio para la divulgaci\u00f3n literaria, as\u00ed como dem\u00e1s artes ","publisher":{"@id":"https:\/\/revistaliterariaelgatonegro.com\/#\/schema\/person\/6a37dd51e0f101e394e91c123fd12e8a"},"potentialAction":[{"@type":"SearchAction","target":{"@type":"EntryPoint","urlTemplate":"https:\/\/revistaliterariaelgatonegro.com\/?s={search_term_string}"},"query-input":{"@type":"PropertyValueSpecification","valueRequired":true,"valueName":"search_term_string"}}],"inLanguage":"es"},{"@type":["Person","Organization"],"@id":"https:\/\/revistaliterariaelgatonegro.com\/#\/schema\/person\/6a37dd51e0f101e394e91c123fd12e8a","name":"administrador","image":{"@type":"ImageObject","inLanguage":"es","@id":"https:\/\/revistaliterariaelgatonegro.com\/wp-content\/uploads\/2025\/12\/cropped-Logotipo-Logo-Marca-personal-Pastel-Amarillo-12-Photoroom.png","url":"https:\/\/revistaliterariaelgatonegro.com\/wp-content\/uploads\/2025\/12\/cropped-Logotipo-Logo-Marca-personal-Pastel-Amarillo-12-Photoroom.png","contentUrl":"https:\/\/revistaliterariaelgatonegro.com\/wp-content\/uploads\/2025\/12\/cropped-Logotipo-Logo-Marca-personal-Pastel-Amarillo-12-Photoroom.png","width":364,"height":212,"caption":"administrador"},"logo":{"@id":"https:\/\/revistaliterariaelgatonegro.com\/wp-content\/uploads\/2025\/12\/cropped-Logotipo-Logo-Marca-personal-Pastel-Amarillo-12-Photoroom.png"},"sameAs":["http:\/\/s864831950.mialojamiento.es"]}]}},"featured_image_urls":{"full":["https:\/\/revistaliterariaelgatonegro.com\/wp-content\/uploads\/2023\/10\/concurso-zendra.jpg",900,485,false],"thumbnail":["https:\/\/revistaliterariaelgatonegro.com\/wp-content\/uploads\/2023\/10\/concurso-zendra-150x150.jpg",150,150,true],"medium":["https:\/\/revistaliterariaelgatonegro.com\/wp-content\/uploads\/2023\/10\/concurso-zendra-300x162.jpg",300,162,true],"medium_large":["https:\/\/revistaliterariaelgatonegro.com\/wp-content\/uploads\/2023\/10\/concurso-zendra-768x414.jpg",640,345,true],"large":["https:\/\/revistaliterariaelgatonegro.com\/wp-content\/uploads\/2023\/10\/concurso-zendra-700x377.jpg",640,345,true],"1536x1536":["https:\/\/revistaliterariaelgatonegro.com\/wp-content\/uploads\/2023\/10\/concurso-zendra.jpg",900,485,false],"2048x2048":["https:\/\/revistaliterariaelgatonegro.com\/wp-content\/uploads\/2023\/10\/concurso-zendra.jpg",900,485,false],"morenews-large":["https:\/\/revistaliterariaelgatonegro.com\/wp-content\/uploads\/2023\/10\/concurso-zendra.jpg",825,445,false],"morenews-medium":["https:\/\/revistaliterariaelgatonegro.com\/wp-content\/uploads\/2023\/10\/concurso-zendra.jpg",590,318,false],"woocommerce_thumbnail":["https:\/\/revistaliterariaelgatonegro.com\/wp-content\/uploads\/2023\/10\/concurso-zendra-300x162.jpg",300,162,true],"woocommerce_single":["https:\/\/revistaliterariaelgatonegro.com\/wp-content\/uploads\/2023\/10\/concurso-zendra-300x162.jpg",300,162,true],"woocommerce_gallery_thumbnail":["https:\/\/revistaliterariaelgatonegro.com\/wp-content\/uploads\/2023\/10\/concurso-zendra-100x100.jpg",100,100,true],"dgwt-wcas-product-suggestion":["https:\/\/revistaliterariaelgatonegro.com\/wp-content\/uploads\/2023\/10\/concurso-zendra-64x34.jpg",64,34,true]},"author_info":{"display_name":false,"author_link":"https:\/\/revistaliterariaelgatonegro.com\/?author=1"},"category_info":"<a href=\"https:\/\/revistaliterariaelgatonegro.com\/?cat=81\" rel=\"category\">Concursos<\/a>","tag_info":"Concursos","comment_count":"0","_links":{"self":[{"href":"https:\/\/revistaliterariaelgatonegro.com\/index.php?rest_route=\/wp\/v2\/posts\/11406","targetHints":{"allow":["GET"]}}],"collection":[{"href":"https:\/\/revistaliterariaelgatonegro.com\/index.php?rest_route=\/wp\/v2\/posts"}],"about":[{"href":"https:\/\/revistaliterariaelgatonegro.com\/index.php?rest_route=\/wp\/v2\/types\/post"}],"author":[{"embeddable":true,"href":"https:\/\/revistaliterariaelgatonegro.com\/index.php?rest_route=\/wp\/v2\/users\/1"}],"replies":[{"embeddable":true,"href":"https:\/\/revistaliterariaelgatonegro.com\/index.php?rest_route=%2Fwp%2Fv2%2Fcomments&post=11406"}],"version-history":[{"count":3,"href":"https:\/\/revistaliterariaelgatonegro.com\/index.php?rest_route=\/wp\/v2\/posts\/11406\/revisions"}],"predecessor-version":[{"id":11410,"href":"https:\/\/revistaliterariaelgatonegro.com\/index.php?rest_route=\/wp\/v2\/posts\/11406\/revisions\/11410"}],"wp:featuredmedia":[{"embeddable":true,"href":"https:\/\/revistaliterariaelgatonegro.com\/index.php?rest_route=\/wp\/v2\/media\/11409"}],"wp:attachment":[{"href":"https:\/\/revistaliterariaelgatonegro.com\/index.php?rest_route=%2Fwp%2Fv2%2Fmedia&parent=11406"}],"wp:term":[{"taxonomy":"category","embeddable":true,"href":"https:\/\/revistaliterariaelgatonegro.com\/index.php?rest_route=%2Fwp%2Fv2%2Fcategories&post=11406"},{"taxonomy":"post_tag","embeddable":true,"href":"https:\/\/revistaliterariaelgatonegro.com\/index.php?rest_route=%2Fwp%2Fv2%2Ftags&post=11406"}],"curies":[{"name":"wp","href":"https:\/\/api.w.org\/{rel}","templated":true}]}}