{"id":11160,"date":"2023-10-03T04:06:00","date_gmt":"2023-10-03T04:06:00","guid":{"rendered":"https:\/\/revistaliterariaelgatonegro.com\/?p=11160"},"modified":"2023-10-02T16:09:34","modified_gmt":"2023-10-02T16:09:34","slug":"el-chofer-corto-vencedor-de-la-iii-edicion-del-certamen-de-audi-future-stories-en-el-marco-del-festival-de-cine-de-san-sebastian","status":"publish","type":"post","link":"https:\/\/revistaliterariaelgatonegro.com\/?p=11160","title":{"rendered":"El Ch\u00f3fer, corto vencedor de la III edici\u00f3n del certamen de Audi Future Stories en el marco del Festival de Cine de San Sebasti\u00e1n"},"content":{"rendered":"\n<p><em>El ch\u00f3fer<\/em> es obra de la joven estudiante de cinematograf\u00eda Candela Buttigliero, ganadora de la III edici\u00f3n del certamen de cortos cinematogr\u00e1ficos Audi Future Stories y<strong>&nbsp;<\/strong>ya est\u00e1 disponible online en la p\u00e1gina web&nbsp;<a href=\"https:\/\/services.hosting.augure.com\/Response\/cHO9x\/%7B0b21154e-2c96-411a-9928-23d46758f3ef%7D\" target=\"_blank\" rel=\"noreferrer noopener\">http:\/\/audifuturestories.es\/<\/a>, en Movistar+ y en Filmin.&nbsp;<\/p>\n\n\n\n<p><em> El Ch\u00f3fer<\/em>, corto vencedor de la III edici\u00f3n del certamen de Audi Future Stories en el marco del Festival de Cine de San Sebasti\u00e1n, en el que hubo varios rostros conocidos del cine espa\u00f1ol&nbsp;como Yon Gonz\u00e1lez o Miguel \u00c1ngel Mu\u00f1oz.<\/p>\n\n\n\n<figure class=\"wp-block-video\"><video height=\"1080\" style=\"aspect-ratio: 1920 \/ 1080;\" width=\"1920\" controls src=\"https:\/\/revistaliterariaelgatonegro.com\/wp-content\/uploads\/2023\/10\/robertoalamo.mov\"><\/video><\/figure>\n\n\n\n<figure class=\"wp-block-gallery has-nested-images columns-default is-cropped wp-block-gallery-1 is-layout-flex wp-block-gallery-is-layout-flex\">\n<figure class=\"wp-block-image size-large\"><img decoding=\"async\" width=\"700\" height=\"467\" data-id=\"11163\" src=\"https:\/\/revistaliterariaelgatonegro.com\/wp-content\/uploads\/2023\/10\/Audi-Innovative-Thinking-_-Audi-Future-Stories-1-700x467.jpg\" alt=\"\" class=\"wp-image-11163\" srcset=\"https:\/\/revistaliterariaelgatonegro.com\/wp-content\/uploads\/2023\/10\/Audi-Innovative-Thinking-_-Audi-Future-Stories-1-700x467.jpg 700w, https:\/\/revistaliterariaelgatonegro.com\/wp-content\/uploads\/2023\/10\/Audi-Innovative-Thinking-_-Audi-Future-Stories-1-300x200.jpg 300w, https:\/\/revistaliterariaelgatonegro.com\/wp-content\/uploads\/2023\/10\/Audi-Innovative-Thinking-_-Audi-Future-Stories-1-scaled-64x43.jpg 64w, https:\/\/revistaliterariaelgatonegro.com\/wp-content\/uploads\/2023\/10\/Audi-Innovative-Thinking-_-Audi-Future-Stories-1-768x512.jpg 768w, https:\/\/revistaliterariaelgatonegro.com\/wp-content\/uploads\/2023\/10\/Audi-Innovative-Thinking-_-Audi-Future-Stories-1-1536x1024.jpg 1536w, https:\/\/revistaliterariaelgatonegro.com\/wp-content\/uploads\/2023\/10\/Audi-Innovative-Thinking-_-Audi-Future-Stories-1-2048x1365.jpg 2048w, https:\/\/revistaliterariaelgatonegro.com\/wp-content\/uploads\/2023\/10\/Audi-Innovative-Thinking-_-Audi-Future-Stories-1-1800x1200.jpg 1800w\" sizes=\"(max-width: 700px) 100vw, 700px\" \/><\/figure>\n\n\n\n<figure class=\"wp-block-image size-large\"><img decoding=\"async\" width=\"700\" height=\"477\" data-id=\"11164\" src=\"https:\/\/revistaliterariaelgatonegro.com\/wp-content\/uploads\/2023\/10\/Audi-Future-Stories-700x477.jpg\" alt=\"\" class=\"wp-image-11164\" srcset=\"https:\/\/revistaliterariaelgatonegro.com\/wp-content\/uploads\/2023\/10\/Audi-Future-Stories-700x477.jpg 700w, https:\/\/revistaliterariaelgatonegro.com\/wp-content\/uploads\/2023\/10\/Audi-Future-Stories-300x204.jpg 300w, https:\/\/revistaliterariaelgatonegro.com\/wp-content\/uploads\/2023\/10\/Audi-Future-Stories-scaled-64x44.jpg 64w, https:\/\/revistaliterariaelgatonegro.com\/wp-content\/uploads\/2023\/10\/Audi-Future-Stories-768x523.jpg 768w, https:\/\/revistaliterariaelgatonegro.com\/wp-content\/uploads\/2023\/10\/Audi-Future-Stories-1536x1046.jpg 1536w, https:\/\/revistaliterariaelgatonegro.com\/wp-content\/uploads\/2023\/10\/Audi-Future-Stories-2048x1395.jpg 2048w, https:\/\/revistaliterariaelgatonegro.com\/wp-content\/uploads\/2023\/10\/Audi-Future-Stories-1800x1226.jpg 1800w\" sizes=\"(max-width: 700px) 100vw, 700px\" \/><\/figure>\n\n\n\n<figure class=\"wp-block-image size-large\"><img decoding=\"async\" width=\"700\" height=\"477\" data-id=\"11165\" src=\"https:\/\/revistaliterariaelgatonegro.com\/wp-content\/uploads\/2023\/10\/Roberto-Alamo_Audi-Future-Stories-1-700x477.jpg\" alt=\"\" class=\"wp-image-11165\" srcset=\"https:\/\/revistaliterariaelgatonegro.com\/wp-content\/uploads\/2023\/10\/Roberto-Alamo_Audi-Future-Stories-1-700x477.jpg 700w, https:\/\/revistaliterariaelgatonegro.com\/wp-content\/uploads\/2023\/10\/Roberto-Alamo_Audi-Future-Stories-1-300x205.jpg 300w, https:\/\/revistaliterariaelgatonegro.com\/wp-content\/uploads\/2023\/10\/Roberto-Alamo_Audi-Future-Stories-1-scaled-64x44.jpg 64w, https:\/\/revistaliterariaelgatonegro.com\/wp-content\/uploads\/2023\/10\/Roberto-Alamo_Audi-Future-Stories-1-768x524.jpg 768w, https:\/\/revistaliterariaelgatonegro.com\/wp-content\/uploads\/2023\/10\/Roberto-Alamo_Audi-Future-Stories-1-1536x1047.jpg 1536w, https:\/\/revistaliterariaelgatonegro.com\/wp-content\/uploads\/2023\/10\/Roberto-Alamo_Audi-Future-Stories-1-2048x1396.jpg 2048w, https:\/\/revistaliterariaelgatonegro.com\/wp-content\/uploads\/2023\/10\/Roberto-Alamo_Audi-Future-Stories-1-1800x1227.jpg 1800w\" sizes=\"(max-width: 700px) 100vw, 700px\" \/><\/figure>\n\n\n\n<figure class=\"wp-block-image size-large\"><img decoding=\"async\" width=\"700\" height=\"624\" data-id=\"11166\" src=\"https:\/\/revistaliterariaelgatonegro.com\/wp-content\/uploads\/2023\/10\/Miguel-Angel-Munoz-photocall-700x624.jpg\" alt=\"\" class=\"wp-image-11166\" srcset=\"https:\/\/revistaliterariaelgatonegro.com\/wp-content\/uploads\/2023\/10\/Miguel-Angel-Munoz-photocall-700x624.jpg 700w, https:\/\/revistaliterariaelgatonegro.com\/wp-content\/uploads\/2023\/10\/Miguel-Angel-Munoz-photocall-300x267.jpg 300w, https:\/\/revistaliterariaelgatonegro.com\/wp-content\/uploads\/2023\/10\/Miguel-Angel-Munoz-photocall-scaled-64x57.jpg 64w, https:\/\/revistaliterariaelgatonegro.com\/wp-content\/uploads\/2023\/10\/Miguel-Angel-Munoz-photocall-768x684.jpg 768w, https:\/\/revistaliterariaelgatonegro.com\/wp-content\/uploads\/2023\/10\/Miguel-Angel-Munoz-photocall-1536x1368.jpg 1536w, https:\/\/revistaliterariaelgatonegro.com\/wp-content\/uploads\/2023\/10\/Miguel-Angel-Munoz-photocall-2048x1824.jpg 2048w, https:\/\/revistaliterariaelgatonegro.com\/wp-content\/uploads\/2023\/10\/Miguel-Angel-Munoz-photocall-1800x1603.jpg 1800w\" sizes=\"(max-width: 700px) 100vw, 700px\" \/><\/figure>\n\n\n\n<figure class=\"wp-block-image size-large\"><img decoding=\"async\" width=\"700\" height=\"636\" data-id=\"11167\" src=\"https:\/\/revistaliterariaelgatonegro.com\/wp-content\/uploads\/2023\/10\/Maria-de-Nati-premiere-photocall-700x636.jpg\" alt=\"\" class=\"wp-image-11167\" srcset=\"https:\/\/revistaliterariaelgatonegro.com\/wp-content\/uploads\/2023\/10\/Maria-de-Nati-premiere-photocall-700x636.jpg 700w, https:\/\/revistaliterariaelgatonegro.com\/wp-content\/uploads\/2023\/10\/Maria-de-Nati-premiere-photocall-300x273.jpg 300w, https:\/\/revistaliterariaelgatonegro.com\/wp-content\/uploads\/2023\/10\/Maria-de-Nati-premiere-photocall-scaled-64x58.jpg 64w, https:\/\/revistaliterariaelgatonegro.com\/wp-content\/uploads\/2023\/10\/Maria-de-Nati-premiere-photocall-768x698.jpg 768w, https:\/\/revistaliterariaelgatonegro.com\/wp-content\/uploads\/2023\/10\/Maria-de-Nati-premiere-photocall-1536x1396.jpg 1536w, https:\/\/revistaliterariaelgatonegro.com\/wp-content\/uploads\/2023\/10\/Maria-de-Nati-premiere-photocall-2048x1862.jpg 2048w, https:\/\/revistaliterariaelgatonegro.com\/wp-content\/uploads\/2023\/10\/Maria-de-Nati-premiere-photocall-1800x1637.jpg 1800w\" sizes=\"(max-width: 700px) 100vw, 700px\" \/><\/figure>\n\n\n\n<figure class=\"wp-block-image size-large\"><img decoding=\"async\" width=\"700\" height=\"514\" data-id=\"11168\" src=\"https:\/\/revistaliterariaelgatonegro.com\/wp-content\/uploads\/2023\/10\/Roberto-Alamo-Kike-Maillo-y-Candela-Buttigliero_Audi-Future-Stories-1-700x514.jpg\" alt=\"\" class=\"wp-image-11168\" srcset=\"https:\/\/revistaliterariaelgatonegro.com\/wp-content\/uploads\/2023\/10\/Roberto-Alamo-Kike-Maillo-y-Candela-Buttigliero_Audi-Future-Stories-1-700x514.jpg 700w, https:\/\/revistaliterariaelgatonegro.com\/wp-content\/uploads\/2023\/10\/Roberto-Alamo-Kike-Maillo-y-Candela-Buttigliero_Audi-Future-Stories-1-300x220.jpg 300w, https:\/\/revistaliterariaelgatonegro.com\/wp-content\/uploads\/2023\/10\/Roberto-Alamo-Kike-Maillo-y-Candela-Buttigliero_Audi-Future-Stories-1-scaled-64x47.jpg 64w, https:\/\/revistaliterariaelgatonegro.com\/wp-content\/uploads\/2023\/10\/Roberto-Alamo-Kike-Maillo-y-Candela-Buttigliero_Audi-Future-Stories-1-768x564.jpg 768w, https:\/\/revistaliterariaelgatonegro.com\/wp-content\/uploads\/2023\/10\/Roberto-Alamo-Kike-Maillo-y-Candela-Buttigliero_Audi-Future-Stories-1-1536x1128.jpg 1536w, https:\/\/revistaliterariaelgatonegro.com\/wp-content\/uploads\/2023\/10\/Roberto-Alamo-Kike-Maillo-y-Candela-Buttigliero_Audi-Future-Stories-1-2048x1504.jpg 2048w, https:\/\/revistaliterariaelgatonegro.com\/wp-content\/uploads\/2023\/10\/Roberto-Alamo-Kike-Maillo-y-Candela-Buttigliero_Audi-Future-Stories-1-1800x1322.jpg 1800w\" sizes=\"(max-width: 700px) 100vw, 700px\" \/><\/figure>\n<\/figure>\n","protected":false},"excerpt":{"rendered":"<p>El ch\u00f3fer es obra de la joven estudiante de cinematograf\u00eda Candela Buttigliero, ganadora de la III edici\u00f3n del<\/p>\n","protected":false},"author":1,"featured_media":11169,"comment_status":"open","ping_status":"open","sticky":false,"template":"","format":"standard","meta":{"footnotes":""},"categories":[75],"tags":[],"class_list":["post-11160","post","type-post","status-publish","format-standard","has-post-thumbnail","hentry","category-cine"],"yoast_head":"<!-- This site is optimized with the Yoast SEO plugin v27.4 - https:\/\/yoast.com\/product\/yoast-seo-wordpress\/ -->\n<title>El Ch\u00f3fer, corto vencedor de la III edici\u00f3n del certamen de Audi Future Stories en el marco del Festival de Cine de San Sebasti\u00e1n - REVISTA CULTURAL<\/title>\n<meta name=\"robots\" content=\"index, follow, max-snippet:-1, max-image-preview:large, max-video-preview:-1\" \/>\n<link rel=\"canonical\" href=\"https:\/\/revistaliterariaelgatonegro.com\/?p=11160\" \/>\n<meta property=\"og:locale\" content=\"es_ES\" \/>\n<meta property=\"og:type\" content=\"article\" \/>\n<meta property=\"og:title\" content=\"El Ch\u00f3fer, corto vencedor de la III edici\u00f3n del certamen de Audi Future Stories en el marco del Festival de Cine de San Sebasti\u00e1n - REVISTA CULTURAL\" \/>\n<meta property=\"og:description\" content=\"El ch\u00f3fer es obra de la joven estudiante de cinematograf\u00eda Candela Buttigliero, ganadora de la III edici\u00f3n del\" \/>\n<meta property=\"og:url\" content=\"https:\/\/revistaliterariaelgatonegro.com\/?p=11160\" \/>\n<meta property=\"og:site_name\" content=\"REVISTA CULTURAL\" \/>\n<meta property=\"article:published_time\" content=\"2023-10-03T04:06:00+00:00\" \/>\n<meta property=\"og:image\" content=\"https:\/\/revistaliterariaelgatonegro.com\/wp-content\/uploads\/2023\/10\/Roberto-Alamo-Kike-Maillo-Candela-Buttigliero-y-Jose-Miguel-Aparicio_Audi-Future-Stories.jpg\" \/>\n\t<meta property=\"og:image:width\" content=\"900\" \/>\n\t<meta property=\"og:image:height\" content=\"696\" \/>\n\t<meta property=\"og:image:type\" content=\"image\/jpeg\" \/>\n<meta name=\"author\" content=\"administrador\" \/>\n<meta name=\"twitter:card\" content=\"summary_large_image\" \/>\n<meta name=\"twitter:label1\" content=\"Escrito por\" \/>\n\t<meta name=\"twitter:data1\" content=\"\" \/>\n\t<meta name=\"twitter:label2\" content=\"Tiempo de lectura\" \/>\n\t<meta name=\"twitter:data2\" content=\"2 minutos\" \/>\n<script type=\"application\/ld+json\" class=\"yoast-schema-graph\">{\"@context\":\"https:\\\/\\\/schema.org\",\"@graph\":[{\"@type\":\"Article\",\"@id\":\"https:\\\/\\\/revistaliterariaelgatonegro.com\\\/?p=11160#article\",\"isPartOf\":{\"@id\":\"https:\\\/\\\/revistaliterariaelgatonegro.com\\\/?p=11160\"},\"author\":{\"name\":\"administrador\",\"@id\":\"https:\\\/\\\/revistaliterariaelgatonegro.com\\\/#\\\/schema\\\/person\\\/6a37dd51e0f101e394e91c123fd12e8a\"},\"headline\":\"El Ch\u00f3fer, corto vencedor de la III edici\u00f3n del certamen de Audi Future Stories en el marco del Festival de Cine de San Sebasti\u00e1n\",\"datePublished\":\"2023-10-03T04:06:00+00:00\",\"mainEntityOfPage\":{\"@id\":\"https:\\\/\\\/revistaliterariaelgatonegro.com\\\/?p=11160\"},\"wordCount\":125,\"commentCount\":0,\"publisher\":{\"@id\":\"https:\\\/\\\/revistaliterariaelgatonegro.com\\\/#\\\/schema\\\/person\\\/6a37dd51e0f101e394e91c123fd12e8a\"},\"image\":{\"@id\":\"https:\\\/\\\/revistaliterariaelgatonegro.com\\\/?p=11160#primaryimage\"},\"thumbnailUrl\":\"https:\\\/\\\/revistaliterariaelgatonegro.com\\\/wp-content\\\/uploads\\\/2023\\\/10\\\/Roberto-Alamo-Kike-Maillo-Candela-Buttigliero-y-Jose-Miguel-Aparicio_Audi-Future-Stories.jpg\",\"articleSection\":[\"Cine\"],\"inLanguage\":\"es\",\"potentialAction\":[{\"@type\":\"CommentAction\",\"name\":\"Comment\",\"target\":[\"https:\\\/\\\/revistaliterariaelgatonegro.com\\\/?p=11160#respond\"]}]},{\"@type\":\"WebPage\",\"@id\":\"https:\\\/\\\/revistaliterariaelgatonegro.com\\\/?p=11160\",\"url\":\"https:\\\/\\\/revistaliterariaelgatonegro.com\\\/?p=11160\",\"name\":\"El Ch\u00f3fer, corto vencedor de la III edici\u00f3n del certamen de Audi Future Stories en el marco del Festival de Cine de San Sebasti\u00e1n - REVISTA CULTURAL\",\"isPartOf\":{\"@id\":\"https:\\\/\\\/revistaliterariaelgatonegro.com\\\/#website\"},\"primaryImageOfPage\":{\"@id\":\"https:\\\/\\\/revistaliterariaelgatonegro.com\\\/?p=11160#primaryimage\"},\"image\":{\"@id\":\"https:\\\/\\\/revistaliterariaelgatonegro.com\\\/?p=11160#primaryimage\"},\"thumbnailUrl\":\"https:\\\/\\\/revistaliterariaelgatonegro.com\\\/wp-content\\\/uploads\\\/2023\\\/10\\\/Roberto-Alamo-Kike-Maillo-Candela-Buttigliero-y-Jose-Miguel-Aparicio_Audi-Future-Stories.jpg\",\"datePublished\":\"2023-10-03T04:06:00+00:00\",\"breadcrumb\":{\"@id\":\"https:\\\/\\\/revistaliterariaelgatonegro.com\\\/?p=11160#breadcrumb\"},\"inLanguage\":\"es\",\"potentialAction\":[{\"@type\":\"ReadAction\",\"target\":[\"https:\\\/\\\/revistaliterariaelgatonegro.com\\\/?p=11160\"]}]},{\"@type\":\"ImageObject\",\"inLanguage\":\"es\",\"@id\":\"https:\\\/\\\/revistaliterariaelgatonegro.com\\\/?p=11160#primaryimage\",\"url\":\"https:\\\/\\\/revistaliterariaelgatonegro.com\\\/wp-content\\\/uploads\\\/2023\\\/10\\\/Roberto-Alamo-Kike-Maillo-Candela-Buttigliero-y-Jose-Miguel-Aparicio_Audi-Future-Stories.jpg\",\"contentUrl\":\"https:\\\/\\\/revistaliterariaelgatonegro.com\\\/wp-content\\\/uploads\\\/2023\\\/10\\\/Roberto-Alamo-Kike-Maillo-Candela-Buttigliero-y-Jose-Miguel-Aparicio_Audi-Future-Stories.jpg\",\"width\":900,\"height\":696},{\"@type\":\"BreadcrumbList\",\"@id\":\"https:\\\/\\\/revistaliterariaelgatonegro.com\\\/?p=11160#breadcrumb\",\"itemListElement\":[{\"@type\":\"ListItem\",\"position\":1,\"name\":\"Portada\",\"item\":\"https:\\\/\\\/revistaliterariaelgatonegro.com\\\/\"},{\"@type\":\"ListItem\",\"position\":2,\"name\":\"El Ch\u00f3fer, corto vencedor de la III edici\u00f3n del certamen de Audi Future Stories en el marco del Festival de Cine de San Sebasti\u00e1n\"}]},{\"@type\":\"WebSite\",\"@id\":\"https:\\\/\\\/revistaliterariaelgatonegro.com\\\/#website\",\"url\":\"https:\\\/\\\/revistaliterariaelgatonegro.com\\\/\",\"name\":\"REVISTA CULTURAL\",\"description\":\" Un nuevo espacio para la divulgaci\u00f3n literaria, as\u00ed como dem\u00e1s artes \",\"publisher\":{\"@id\":\"https:\\\/\\\/revistaliterariaelgatonegro.com\\\/#\\\/schema\\\/person\\\/6a37dd51e0f101e394e91c123fd12e8a\"},\"potentialAction\":[{\"@type\":\"SearchAction\",\"target\":{\"@type\":\"EntryPoint\",\"urlTemplate\":\"https:\\\/\\\/revistaliterariaelgatonegro.com\\\/?s={search_term_string}\"},\"query-input\":{\"@type\":\"PropertyValueSpecification\",\"valueRequired\":true,\"valueName\":\"search_term_string\"}}],\"inLanguage\":\"es\"},{\"@type\":[\"Person\",\"Organization\"],\"@id\":\"https:\\\/\\\/revistaliterariaelgatonegro.com\\\/#\\\/schema\\\/person\\\/6a37dd51e0f101e394e91c123fd12e8a\",\"name\":\"administrador\",\"image\":{\"@type\":\"ImageObject\",\"inLanguage\":\"es\",\"@id\":\"https:\\\/\\\/revistaliterariaelgatonegro.com\\\/wp-content\\\/uploads\\\/2025\\\/12\\\/cropped-Logotipo-Logo-Marca-personal-Pastel-Amarillo-12-Photoroom.png\",\"url\":\"https:\\\/\\\/revistaliterariaelgatonegro.com\\\/wp-content\\\/uploads\\\/2025\\\/12\\\/cropped-Logotipo-Logo-Marca-personal-Pastel-Amarillo-12-Photoroom.png\",\"contentUrl\":\"https:\\\/\\\/revistaliterariaelgatonegro.com\\\/wp-content\\\/uploads\\\/2025\\\/12\\\/cropped-Logotipo-Logo-Marca-personal-Pastel-Amarillo-12-Photoroom.png\",\"width\":364,\"height\":212,\"caption\":\"administrador\"},\"logo\":{\"@id\":\"https:\\\/\\\/revistaliterariaelgatonegro.com\\\/wp-content\\\/uploads\\\/2025\\\/12\\\/cropped-Logotipo-Logo-Marca-personal-Pastel-Amarillo-12-Photoroom.png\"},\"sameAs\":[\"http:\\\/\\\/s864831950.mialojamiento.es\"]}]}<\/script>\n<!-- \/ Yoast SEO plugin. -->","yoast_head_json":{"title":"El Ch\u00f3fer, corto vencedor de la III edici\u00f3n del certamen de Audi Future Stories en el marco del Festival de Cine de San Sebasti\u00e1n - REVISTA CULTURAL","robots":{"index":"index","follow":"follow","max-snippet":"max-snippet:-1","max-image-preview":"max-image-preview:large","max-video-preview":"max-video-preview:-1"},"canonical":"https:\/\/revistaliterariaelgatonegro.com\/?p=11160","og_locale":"es_ES","og_type":"article","og_title":"El Ch\u00f3fer, corto vencedor de la III edici\u00f3n del certamen de Audi Future Stories en el marco del Festival de Cine de San Sebasti\u00e1n - REVISTA CULTURAL","og_description":"El ch\u00f3fer es obra de la joven estudiante de cinematograf\u00eda Candela Buttigliero, ganadora de la III edici\u00f3n del","og_url":"https:\/\/revistaliterariaelgatonegro.com\/?p=11160","og_site_name":"REVISTA CULTURAL","article_published_time":"2023-10-03T04:06:00+00:00","og_image":[{"width":900,"height":696,"url":"https:\/\/revistaliterariaelgatonegro.com\/wp-content\/uploads\/2023\/10\/Roberto-Alamo-Kike-Maillo-Candela-Buttigliero-y-Jose-Miguel-Aparicio_Audi-Future-Stories.jpg","type":"image\/jpeg"}],"author":"administrador","twitter_card":"summary_large_image","twitter_misc":{"Escrito por":false,"Tiempo de lectura":"2 minutos"},"schema":{"@context":"https:\/\/schema.org","@graph":[{"@type":"Article","@id":"https:\/\/revistaliterariaelgatonegro.com\/?p=11160#article","isPartOf":{"@id":"https:\/\/revistaliterariaelgatonegro.com\/?p=11160"},"author":{"name":"administrador","@id":"https:\/\/revistaliterariaelgatonegro.com\/#\/schema\/person\/6a37dd51e0f101e394e91c123fd12e8a"},"headline":"El Ch\u00f3fer, corto vencedor de la III edici\u00f3n del certamen de Audi Future Stories en el marco del Festival de Cine de San Sebasti\u00e1n","datePublished":"2023-10-03T04:06:00+00:00","mainEntityOfPage":{"@id":"https:\/\/revistaliterariaelgatonegro.com\/?p=11160"},"wordCount":125,"commentCount":0,"publisher":{"@id":"https:\/\/revistaliterariaelgatonegro.com\/#\/schema\/person\/6a37dd51e0f101e394e91c123fd12e8a"},"image":{"@id":"https:\/\/revistaliterariaelgatonegro.com\/?p=11160#primaryimage"},"thumbnailUrl":"https:\/\/revistaliterariaelgatonegro.com\/wp-content\/uploads\/2023\/10\/Roberto-Alamo-Kike-Maillo-Candela-Buttigliero-y-Jose-Miguel-Aparicio_Audi-Future-Stories.jpg","articleSection":["Cine"],"inLanguage":"es","potentialAction":[{"@type":"CommentAction","name":"Comment","target":["https:\/\/revistaliterariaelgatonegro.com\/?p=11160#respond"]}]},{"@type":"WebPage","@id":"https:\/\/revistaliterariaelgatonegro.com\/?p=11160","url":"https:\/\/revistaliterariaelgatonegro.com\/?p=11160","name":"El Ch\u00f3fer, corto vencedor de la III edici\u00f3n del certamen de Audi Future Stories en el marco del Festival de Cine de San Sebasti\u00e1n - REVISTA CULTURAL","isPartOf":{"@id":"https:\/\/revistaliterariaelgatonegro.com\/#website"},"primaryImageOfPage":{"@id":"https:\/\/revistaliterariaelgatonegro.com\/?p=11160#primaryimage"},"image":{"@id":"https:\/\/revistaliterariaelgatonegro.com\/?p=11160#primaryimage"},"thumbnailUrl":"https:\/\/revistaliterariaelgatonegro.com\/wp-content\/uploads\/2023\/10\/Roberto-Alamo-Kike-Maillo-Candela-Buttigliero-y-Jose-Miguel-Aparicio_Audi-Future-Stories.jpg","datePublished":"2023-10-03T04:06:00+00:00","breadcrumb":{"@id":"https:\/\/revistaliterariaelgatonegro.com\/?p=11160#breadcrumb"},"inLanguage":"es","potentialAction":[{"@type":"ReadAction","target":["https:\/\/revistaliterariaelgatonegro.com\/?p=11160"]}]},{"@type":"ImageObject","inLanguage":"es","@id":"https:\/\/revistaliterariaelgatonegro.com\/?p=11160#primaryimage","url":"https:\/\/revistaliterariaelgatonegro.com\/wp-content\/uploads\/2023\/10\/Roberto-Alamo-Kike-Maillo-Candela-Buttigliero-y-Jose-Miguel-Aparicio_Audi-Future-Stories.jpg","contentUrl":"https:\/\/revistaliterariaelgatonegro.com\/wp-content\/uploads\/2023\/10\/Roberto-Alamo-Kike-Maillo-Candela-Buttigliero-y-Jose-Miguel-Aparicio_Audi-Future-Stories.jpg","width":900,"height":696},{"@type":"BreadcrumbList","@id":"https:\/\/revistaliterariaelgatonegro.com\/?p=11160#breadcrumb","itemListElement":[{"@type":"ListItem","position":1,"name":"Portada","item":"https:\/\/revistaliterariaelgatonegro.com\/"},{"@type":"ListItem","position":2,"name":"El Ch\u00f3fer, corto vencedor de la III edici\u00f3n del certamen de Audi Future Stories en el marco del Festival de Cine de San Sebasti\u00e1n"}]},{"@type":"WebSite","@id":"https:\/\/revistaliterariaelgatonegro.com\/#website","url":"https:\/\/revistaliterariaelgatonegro.com\/","name":"REVISTA CULTURAL","description":" Un nuevo espacio para la divulgaci\u00f3n literaria, as\u00ed como dem\u00e1s artes ","publisher":{"@id":"https:\/\/revistaliterariaelgatonegro.com\/#\/schema\/person\/6a37dd51e0f101e394e91c123fd12e8a"},"potentialAction":[{"@type":"SearchAction","target":{"@type":"EntryPoint","urlTemplate":"https:\/\/revistaliterariaelgatonegro.com\/?s={search_term_string}"},"query-input":{"@type":"PropertyValueSpecification","valueRequired":true,"valueName":"search_term_string"}}],"inLanguage":"es"},{"@type":["Person","Organization"],"@id":"https:\/\/revistaliterariaelgatonegro.com\/#\/schema\/person\/6a37dd51e0f101e394e91c123fd12e8a","name":"administrador","image":{"@type":"ImageObject","inLanguage":"es","@id":"https:\/\/revistaliterariaelgatonegro.com\/wp-content\/uploads\/2025\/12\/cropped-Logotipo-Logo-Marca-personal-Pastel-Amarillo-12-Photoroom.png","url":"https:\/\/revistaliterariaelgatonegro.com\/wp-content\/uploads\/2025\/12\/cropped-Logotipo-Logo-Marca-personal-Pastel-Amarillo-12-Photoroom.png","contentUrl":"https:\/\/revistaliterariaelgatonegro.com\/wp-content\/uploads\/2025\/12\/cropped-Logotipo-Logo-Marca-personal-Pastel-Amarillo-12-Photoroom.png","width":364,"height":212,"caption":"administrador"},"logo":{"@id":"https:\/\/revistaliterariaelgatonegro.com\/wp-content\/uploads\/2025\/12\/cropped-Logotipo-Logo-Marca-personal-Pastel-Amarillo-12-Photoroom.png"},"sameAs":["http:\/\/s864831950.mialojamiento.es"]}]}},"featured_image_urls":{"full":["https:\/\/revistaliterariaelgatonegro.com\/wp-content\/uploads\/2023\/10\/Roberto-Alamo-Kike-Maillo-Candela-Buttigliero-y-Jose-Miguel-Aparicio_Audi-Future-Stories.jpg",900,696,false],"thumbnail":["https:\/\/revistaliterariaelgatonegro.com\/wp-content\/uploads\/2023\/10\/Roberto-Alamo-Kike-Maillo-Candela-Buttigliero-y-Jose-Miguel-Aparicio_Audi-Future-Stories-150x150.jpg",150,150,true],"medium":["https:\/\/revistaliterariaelgatonegro.com\/wp-content\/uploads\/2023\/10\/Roberto-Alamo-Kike-Maillo-Candela-Buttigliero-y-Jose-Miguel-Aparicio_Audi-Future-Stories-300x232.jpg",300,232,true],"medium_large":["https:\/\/revistaliterariaelgatonegro.com\/wp-content\/uploads\/2023\/10\/Roberto-Alamo-Kike-Maillo-Candela-Buttigliero-y-Jose-Miguel-Aparicio_Audi-Future-Stories-768x594.jpg",640,495,true],"large":["https:\/\/revistaliterariaelgatonegro.com\/wp-content\/uploads\/2023\/10\/Roberto-Alamo-Kike-Maillo-Candela-Buttigliero-y-Jose-Miguel-Aparicio_Audi-Future-Stories-700x541.jpg",640,495,true],"1536x1536":["https:\/\/revistaliterariaelgatonegro.com\/wp-content\/uploads\/2023\/10\/Roberto-Alamo-Kike-Maillo-Candela-Buttigliero-y-Jose-Miguel-Aparicio_Audi-Future-Stories.jpg",900,696,false],"2048x2048":["https:\/\/revistaliterariaelgatonegro.com\/wp-content\/uploads\/2023\/10\/Roberto-Alamo-Kike-Maillo-Candela-Buttigliero-y-Jose-Miguel-Aparicio_Audi-Future-Stories.jpg",900,696,false],"morenews-large":["https:\/\/revistaliterariaelgatonegro.com\/wp-content\/uploads\/2023\/10\/Roberto-Alamo-Kike-Maillo-Candela-Buttigliero-y-Jose-Miguel-Aparicio_Audi-Future-Stories.jpg",744,575,false],"morenews-medium":["https:\/\/revistaliterariaelgatonegro.com\/wp-content\/uploads\/2023\/10\/Roberto-Alamo-Kike-Maillo-Candela-Buttigliero-y-Jose-Miguel-Aparicio_Audi-Future-Stories.jpg",530,410,false],"woocommerce_thumbnail":["https:\/\/revistaliterariaelgatonegro.com\/wp-content\/uploads\/2023\/10\/Roberto-Alamo-Kike-Maillo-Candela-Buttigliero-y-Jose-Miguel-Aparicio_Audi-Future-Stories-300x232.jpg",300,232,true],"woocommerce_single":["https:\/\/revistaliterariaelgatonegro.com\/wp-content\/uploads\/2023\/10\/Roberto-Alamo-Kike-Maillo-Candela-Buttigliero-y-Jose-Miguel-Aparicio_Audi-Future-Stories-300x232.jpg",300,232,true],"woocommerce_gallery_thumbnail":["https:\/\/revistaliterariaelgatonegro.com\/wp-content\/uploads\/2023\/10\/Roberto-Alamo-Kike-Maillo-Candela-Buttigliero-y-Jose-Miguel-Aparicio_Audi-Future-Stories-100x100.jpg",100,100,true],"dgwt-wcas-product-suggestion":["https:\/\/revistaliterariaelgatonegro.com\/wp-content\/uploads\/2023\/10\/Roberto-Alamo-Kike-Maillo-Candela-Buttigliero-y-Jose-Miguel-Aparicio_Audi-Future-Stories-64x49.jpg",64,49,true]},"author_info":{"display_name":false,"author_link":"https:\/\/revistaliterariaelgatonegro.com\/?author=1"},"category_info":"<a href=\"https:\/\/revistaliterariaelgatonegro.com\/?cat=75\" rel=\"category\">Cine<\/a>","tag_info":"Cine","comment_count":"0","_links":{"self":[{"href":"https:\/\/revistaliterariaelgatonegro.com\/index.php?rest_route=\/wp\/v2\/posts\/11160","targetHints":{"allow":["GET"]}}],"collection":[{"href":"https:\/\/revistaliterariaelgatonegro.com\/index.php?rest_route=\/wp\/v2\/posts"}],"about":[{"href":"https:\/\/revistaliterariaelgatonegro.com\/index.php?rest_route=\/wp\/v2\/types\/post"}],"author":[{"embeddable":true,"href":"https:\/\/revistaliterariaelgatonegro.com\/index.php?rest_route=\/wp\/v2\/users\/1"}],"replies":[{"embeddable":true,"href":"https:\/\/revistaliterariaelgatonegro.com\/index.php?rest_route=%2Fwp%2Fv2%2Fcomments&post=11160"}],"version-history":[{"count":3,"href":"https:\/\/revistaliterariaelgatonegro.com\/index.php?rest_route=\/wp\/v2\/posts\/11160\/revisions"}],"predecessor-version":[{"id":11171,"href":"https:\/\/revistaliterariaelgatonegro.com\/index.php?rest_route=\/wp\/v2\/posts\/11160\/revisions\/11171"}],"wp:featuredmedia":[{"embeddable":true,"href":"https:\/\/revistaliterariaelgatonegro.com\/index.php?rest_route=\/wp\/v2\/media\/11169"}],"wp:attachment":[{"href":"https:\/\/revistaliterariaelgatonegro.com\/index.php?rest_route=%2Fwp%2Fv2%2Fmedia&parent=11160"}],"wp:term":[{"taxonomy":"category","embeddable":true,"href":"https:\/\/revistaliterariaelgatonegro.com\/index.php?rest_route=%2Fwp%2Fv2%2Fcategories&post=11160"},{"taxonomy":"post_tag","embeddable":true,"href":"https:\/\/revistaliterariaelgatonegro.com\/index.php?rest_route=%2Fwp%2Fv2%2Ftags&post=11160"}],"curies":[{"name":"wp","href":"https:\/\/api.w.org\/{rel}","templated":true}]}}